{"id":57177,"date":"2024-03-22T02:37:47","date_gmt":"2024-03-22T02:37:47","guid":{"rendered":"https:\/\/www.africa-press.net\/senegal\/politique\/la-conference-des-presidents-des-partis-et-organisations-politiques-panafricanistes-saluent-le-succes-du-parti-pastef"},"modified":"2024-03-22T03:42:45","modified_gmt":"2024-03-22T03:42:45","slug":"la-conference-des-presidents-des-partis-et-organisations-politiques-panafricanistes-saluent-le-succes-du-parti-pastef","status":"publish","type":"post","link":"https:\/\/www.africa-press.net\/senegal\/parties\/la-conference-des-presidents-des-partis-et-organisations-politiques-panafricanistes-saluent-le-succes-du-parti-pastef","title":{"rendered":"La conf\u00e9rence des pr\u00e9sidents des partis et organisations politiques panafricanistes saluent le succ\u00e8s du parti PASTEF"},"content":{"rendered":"<p><span style=\"color: #ff6600\"><strong>Africa-Press &#8211; Senegal. <\/strong><\/span>Ce jeudi 21 mars, a\u0300 la maison de la presse, l&rsquo;homme politique comorien et avocat au barreau de Moroni (Comores), Me Sai\u0308d Larifou, a tenu a\u0300 exprimer au nom de La Confe\u0301rence des pre\u0301sidents des partis et des organisations politiques panafricanistes (C.P.P), des congratulations, mais aussi une since\u0300re admiration, vis a\u0300 vis des re\u0301cents succe\u0300s accomplis par le parti politique des Patriotes africains du Se\u0301ne\u0301gal pour le travail, l&rsquo;e\u0301thique et la fraternite\u0301 (PASTEF).<\/p>\n<p>Il faut le dire, l&rsquo;e\u0301lection pre\u0301sidentielle de l&rsquo;anne\u0301e 2024 au Se\u0301ne\u0301gal a une atmosphe\u0300re unique, un engouement que me\u0302me l&rsquo;ancien candidat a\u0300 la pre\u0301sidentielle de son pays, les Comores en 2019, monsieur Me Sai\u0308d Larifou, admet le sourire aux le\u0300vres, n&rsquo;avoir \u00ab\u00a0jamais vu.\u00a0\u00bb<\/p>\n<p>En effet, avec la libe\u0301ration du fameux opposant et leader du parti Pastef, Ousmane Sonko, le jeudi 14 mars, et la re\u0301habilitation de son parti, seulement un jour plus tard, le vendredi 15 mars ; le CPP a tenu, en la personne de Me Sai\u0308d Larifou, fe\u0301liciter les membres de cette organisation politique pour un de\u0301nouement qu&rsquo;ils pensaient peu plausible a\u0300 achever sur le continent africain. \u00a0\u00bb Aujourd&rsquo;hui, j&rsquo;ai e\u0301te\u0301 mandate\u0301 par la CPP a\u0300 venir au Se\u0301ne\u0301gal pour exprimer notre satisfaction, notre joie pour le travail accompli.\u00a0\u00bb<\/p>\n<p>Rappelons que l&rsquo;anne\u0301e passe\u0301e, le combat pour la libe\u0301ration du principal opposant du pays, Ousmane Sonko, avait pris une tournure internationale, poussant des partis et des organisations politiques et panafricaines d&rsquo;un nombre total de 9 pays, a\u0300 lancer la campagne me\u0301diatique et politique pour la cre\u0301ation de Pastef Afrika.<\/p>\n<p>Pour l&rsquo;avocat de 59 ans, les e\u0301ve\u0300nements socio-politiques s&rsquo;e\u0301tant produit sur le sol se\u0301ne\u0301galais, bien que malheureux en raison \u00ab\u00a0des pertes\u00a0\u00bb, a une touche de positivite\u0301. \u00ab\u00a0Il y a des lec\u0327ons a\u0300 tirer par rapport a\u0300 c\u0327a. La lec\u0327on c&rsquo;est quoi ? C&rsquo;est que lorsque vous de\u0301cidez d&rsquo;un projet, il est bien su\u0302r incarne\u0301 par un leader, mais ce qui est extraordinaire dans cette expe\u0301rience de Pastef c&rsquo;est que n&rsquo;importe quel membre convaincu par Pastef peut de\u0301fendre ce projet\u00a0\u00bb, explique-t-il avant d&rsquo;ajouter: \u00ab\u00a0Tous les jeunes africains, je peux vous dire qu&rsquo;ils se sentent Se\u0301ne\u0301galais\u00a0\u00bb.<\/p>\n<p>Monsieur Larifou se ravit de songer que le cas du Se\u0301ne\u0301gal servira d&rsquo;exemple a\u0300 tous les pays africains dirige\u0301s sous un re\u0301gime dictatorial, plus particulie\u0300rement sa propre nation, les Comores.<\/p>\n<p><strong>Pour plus d&rsquo;informations et d&rsquo;analyses sur la <a href=\"https:\/\/www.africa-press.net\/senegal\">Senegal<\/a>, suivez <a href=\"https:\/\/www.africa-press.net\/\">Africa-Press<\/a><\/strong><\/p>\n","protected":false},"excerpt":{"rendered":"<p>Africa-Press &#8211; Senegal. Ce jeudi 21 mars, a\u0300 la maison de la presse, l&rsquo;homme politique comorien et avocat au barreau de Moroni (Comores), Me Sai\u0308d Larifou, a tenu a\u0300 exprimer au nom de La Confe\u0301rence des pre\u0301sidents des partis et des organisations politiques panafricanistes (C.P.P), des congratulations, mais aussi une since\u0300re admiration, vis a\u0300 vis [&hellip;]<\/p>\n","protected":false},"author":82,"featured_media":57176,"comment_status":"open","ping_status":"closed","sticky":false,"template":"","format":"standard","meta":{"footnotes":""},"categories":[4,10],"tags":[43,47,44],"class_list":["post-57177","post","type-post","status-publish","format-standard","has-post-thumbnail","hentry","category-parties","category-toutes-les-actualites","tag-africa-press-2","tag-africa-press-senegal","tag-senegal-2"],"yoast_head":"<!-- This site is optimized with the Yoast SEO Premium plugin v26.1 (Yoast SEO v27.0) - https:\/\/yoast.com\/product\/yoast-seo-premium-wordpress\/ -->\n<title>La conf\u00e9rence des pr\u00e9sidents des partis et organisations politiques panafricanistes saluent le succ\u00e8s du parti PASTEF - Senegal<\/title>\n<meta name=\"description\" content=\"Ce jeudi 21 mars, a\u0300 la maison de la presse, l&#039;homme politique comorien et avocat au barreau de Moroni (Comores), Me Sai ...\" \/>\n<meta name=\"robots\" content=\"index, follow, max-snippet:-1, max-image-preview:large, max-video-preview:-1\" \/>\n<link rel=\"canonical\" href=\"https:\/\/www.africa-press.net\/senegal\/parties\/la-conference-des-presidents-des-partis-et-organisations-politiques-panafricanistes-saluent-le-succes-du-parti-pastef\" \/>\n<meta property=\"og:locale\" content=\"fr_FR\" \/>\n<meta property=\"og:type\" content=\"article\" \/>\n<meta property=\"og:title\" content=\"La conf\u00e9rence des pr\u00e9sidents des partis et organisations politiques panafricanistes saluent le succ\u00e8s du parti PASTEF\" \/>\n<meta property=\"og:description\" content=\"Ce jeudi 21 mars, a\u0300 la maison de la presse, l&#039;homme politique comorien et avocat au barreau de Moroni (Comores), Me Sai ...\" \/>\n<meta property=\"og:url\" content=\"https:\/\/www.africa-press.net\/senegal\/parties\/la-conference-des-presidents-des-partis-et-organisations-politiques-panafricanistes-saluent-le-succes-du-parti-pastef\" \/>\n<meta property=\"og:site_name\" content=\"Senegal\" \/>\n<meta property=\"article:published_time\" content=\"2024-03-22T02:37:47+00:00\" \/>\n<meta property=\"article:modified_time\" content=\"2024-03-22T03:42:45+00:00\" \/>\n<meta property=\"og:image\" content=\"https:\/\/static.africa-press.net\/senegal\/sites\/13\/2024\/03\/sm_1711062708.857494.jpg\" \/>\n\t<meta property=\"og:image:width\" content=\"934\" \/>\n\t<meta property=\"og:image:height\" content=\"632\" \/>\n\t<meta property=\"og:image:type\" content=\"image\/jpeg\" \/>\n<meta name=\"author\" content=\"cfeditorfr\" \/>\n<meta name=\"twitter:card\" content=\"summary_large_image\" \/>\n<meta name=\"twitter:label1\" content=\"\u00c9crit par\" \/>\n\t<meta name=\"twitter:data1\" content=\"cfeditorfr\" \/>\n\t<meta name=\"twitter:label2\" content=\"Dur\u00e9e de lecture estim\u00e9e\" \/>\n\t<meta name=\"twitter:data2\" content=\"2 minutes\" \/>\n<script type=\"application\/ld+json\" class=\"yoast-schema-graph\">{\"@context\":\"https:\/\/schema.org\",\"@graph\":[{\"@type\":\"Article\",\"@id\":\"https:\/\/www.africa-press.net\/senegal\/parties\/la-conference-des-presidents-des-partis-et-organisations-politiques-panafricanistes-saluent-le-succes-du-parti-pastef#article\",\"isPartOf\":{\"@id\":\"https:\/\/www.africa-press.net\/senegal\/parties\/la-conference-des-presidents-des-partis-et-organisations-politiques-panafricanistes-saluent-le-succes-du-parti-pastef\"},\"author\":{\"name\":\"cfeditorfr\",\"@id\":\"https:\/\/www.africa-press.net\/senegal\/#\/schema\/person\/2b1cf3cd81a31e3cd26889ca66d677f1\"},\"headline\":\"La conf\u00e9rence des pr\u00e9sidents des partis et organisations politiques panafricanistes saluent le succ\u00e8s du parti PASTEF\",\"datePublished\":\"2024-03-22T02:37:47+00:00\",\"dateModified\":\"2024-03-22T03:42:45+00:00\",\"mainEntityOfPage\":{\"@id\":\"https:\/\/www.africa-press.net\/senegal\/parties\/la-conference-des-presidents-des-partis-et-organisations-politiques-panafricanistes-saluent-le-succes-du-parti-pastef\"},\"wordCount\":475,\"commentCount\":0,\"image\":{\"@id\":\"https:\/\/www.africa-press.net\/senegal\/parties\/la-conference-des-presidents-des-partis-et-organisations-politiques-panafricanistes-saluent-le-succes-du-parti-pastef#primaryimage\"},\"thumbnailUrl\":\"https:\/\/static.africa-press.net\/senegal\/sites\/13\/2024\/03\/sm_1711062708.857494.jpg\",\"keywords\":[\"Africa Press\",\"Africa Press-Senegal\",\"Senegal\"],\"articleSection\":[\"Parties\",\"Toutes les actualit\u00e9s\"],\"inLanguage\":\"fr-FR\",\"potentialAction\":[{\"@type\":\"CommentAction\",\"name\":\"Comment\",\"target\":[\"https:\/\/www.africa-press.net\/senegal\/parties\/la-conference-des-presidents-des-partis-et-organisations-politiques-panafricanistes-saluent-le-succes-du-parti-pastef#respond\"]}]},{\"@type\":\"WebPage\",\"@id\":\"https:\/\/www.africa-press.net\/senegal\/parties\/la-conference-des-presidents-des-partis-et-organisations-politiques-panafricanistes-saluent-le-succes-du-parti-pastef\",\"url\":\"https:\/\/www.africa-press.net\/senegal\/parties\/la-conference-des-presidents-des-partis-et-organisations-politiques-panafricanistes-saluent-le-succes-du-parti-pastef\",\"name\":\"La conf\u00e9rence des pr\u00e9sidents des partis et organisations politiques panafricanistes saluent le succ\u00e8s du parti PASTEF - Senegal\",\"isPartOf\":{\"@id\":\"https:\/\/www.africa-press.net\/senegal\/#website\"},\"primaryImageOfPage\":{\"@id\":\"https:\/\/www.africa-press.net\/senegal\/parties\/la-conference-des-presidents-des-partis-et-organisations-politiques-panafricanistes-saluent-le-succes-du-parti-pastef#primaryimage\"},\"image\":{\"@id\":\"https:\/\/www.africa-press.net\/senegal\/parties\/la-conference-des-presidents-des-partis-et-organisations-politiques-panafricanistes-saluent-le-succes-du-parti-pastef#primaryimage\"},\"thumbnailUrl\":\"https:\/\/static.africa-press.net\/senegal\/sites\/13\/2024\/03\/sm_1711062708.857494.jpg\",\"datePublished\":\"2024-03-22T02:37:47+00:00\",\"dateModified\":\"2024-03-22T03:42:45+00:00\",\"author\":{\"@id\":\"https:\/\/www.africa-press.net\/senegal\/#\/schema\/person\/2b1cf3cd81a31e3cd26889ca66d677f1\"},\"description\":\"Ce jeudi 21 mars, a\u0300 la maison de la presse, l'homme politique comorien et avocat au barreau de Moroni (Comores), Me Sai ...\",\"breadcrumb\":{\"@id\":\"https:\/\/www.africa-press.net\/senegal\/parties\/la-conference-des-presidents-des-partis-et-organisations-politiques-panafricanistes-saluent-le-succes-du-parti-pastef#breadcrumb\"},\"inLanguage\":\"fr-FR\",\"potentialAction\":[{\"@type\":\"ReadAction\",\"target\":[\"https:\/\/www.africa-press.net\/senegal\/parties\/la-conference-des-presidents-des-partis-et-organisations-politiques-panafricanistes-saluent-le-succes-du-parti-pastef\"]}]},{\"@type\":\"ImageObject\",\"inLanguage\":\"fr-FR\",\"@id\":\"https:\/\/www.africa-press.net\/senegal\/parties\/la-conference-des-presidents-des-partis-et-organisations-politiques-panafricanistes-saluent-le-succes-du-parti-pastef#primaryimage\",\"url\":\"https:\/\/static.africa-press.net\/senegal\/sites\/13\/2024\/03\/sm_1711062708.857494.jpg\",\"contentUrl\":\"https:\/\/static.africa-press.net\/senegal\/sites\/13\/2024\/03\/sm_1711062708.857494.jpg\",\"width\":934,\"height\":632,\"caption\":\"La conf\u00e9rence des pr\u00e9sidents des partis et organisations politiques panafricanistes saluent le succ\u00e8s du parti PASTEF\"},{\"@type\":\"BreadcrumbList\",\"@id\":\"https:\/\/www.africa-press.net\/senegal\/parties\/la-conference-des-presidents-des-partis-et-organisations-politiques-panafricanistes-saluent-le-succes-du-parti-pastef#breadcrumb\",\"itemListElement\":[{\"@type\":\"ListItem\",\"position\":1,\"name\":\"Accueil\",\"item\":\"https:\/\/www.africa-press.net\/senegal\/\"},{\"@type\":\"ListItem\",\"position\":2,\"name\":\"La conf\u00e9rence des pr\u00e9sidents des partis et organisations politiques panafricanistes saluent le succ\u00e8s du parti PASTEF\"}]},{\"@type\":\"WebSite\",\"@id\":\"https:\/\/www.africa-press.net\/senegal\/#website\",\"url\":\"https:\/\/www.africa-press.net\/senegal\/\",\"name\":\"Africa Press | Senegal | Homepage\",\"description\":\"Just another Africa News Agency Sites site\",\"potentialAction\":[{\"@type\":\"SearchAction\",\"target\":{\"@type\":\"EntryPoint\",\"urlTemplate\":\"https:\/\/www.africa-press.net\/senegal\/?s={search_term_string}\"},\"query-input\":{\"@type\":\"PropertyValueSpecification\",\"valueRequired\":true,\"valueName\":\"search_term_string\"}}],\"inLanguage\":\"fr-FR\"},{\"@type\":\"Person\",\"@id\":\"https:\/\/www.africa-press.net\/senegal\/#\/schema\/person\/2b1cf3cd81a31e3cd26889ca66d677f1\",\"name\":\"cfeditorfr\",\"url\":\"https:\/\/www.africa-press.net\/senegal\/author\/cfeditorfr\"}]}<\/script>\n<!-- \/ Yoast SEO Premium plugin. -->","yoast_head_json":{"title":"La conf\u00e9rence des pr\u00e9sidents des partis et organisations politiques panafricanistes saluent le succ\u00e8s du parti PASTEF - Senegal","description":"Ce jeudi 21 mars, a\u0300 la maison de la presse, l'homme politique comorien et avocat au barreau de Moroni (Comores), Me Sai ...","robots":{"index":"index","follow":"follow","max-snippet":"max-snippet:-1","max-image-preview":"max-image-preview:large","max-video-preview":"max-video-preview:-1"},"canonical":"https:\/\/www.africa-press.net\/senegal\/parties\/la-conference-des-presidents-des-partis-et-organisations-politiques-panafricanistes-saluent-le-succes-du-parti-pastef","og_locale":"fr_FR","og_type":"article","og_title":"La conf\u00e9rence des pr\u00e9sidents des partis et organisations politiques panafricanistes saluent le succ\u00e8s du parti PASTEF","og_description":"Ce jeudi 21 mars, a\u0300 la maison de la presse, l'homme politique comorien et avocat au barreau de Moroni (Comores), Me Sai ...","og_url":"https:\/\/www.africa-press.net\/senegal\/parties\/la-conference-des-presidents-des-partis-et-organisations-politiques-panafricanistes-saluent-le-succes-du-parti-pastef","og_site_name":"Senegal","article_published_time":"2024-03-22T02:37:47+00:00","article_modified_time":"2024-03-22T03:42:45+00:00","og_image":[{"width":934,"height":632,"url":"https:\/\/static.africa-press.net\/senegal\/sites\/13\/2024\/03\/sm_1711062708.857494.jpg","type":"image\/jpeg"}],"author":"cfeditorfr","twitter_card":"summary_large_image","twitter_misc":{"\u00c9crit par":"cfeditorfr","Dur\u00e9e de lecture estim\u00e9e":"2 minutes"},"schema":{"@context":"https:\/\/schema.org","@graph":[{"@type":"Article","@id":"https:\/\/www.africa-press.net\/senegal\/parties\/la-conference-des-presidents-des-partis-et-organisations-politiques-panafricanistes-saluent-le-succes-du-parti-pastef#article","isPartOf":{"@id":"https:\/\/www.africa-press.net\/senegal\/parties\/la-conference-des-presidents-des-partis-et-organisations-politiques-panafricanistes-saluent-le-succes-du-parti-pastef"},"author":{"name":"cfeditorfr","@id":"https:\/\/www.africa-press.net\/senegal\/#\/schema\/person\/2b1cf3cd81a31e3cd26889ca66d677f1"},"headline":"La conf\u00e9rence des pr\u00e9sidents des partis et organisations politiques panafricanistes saluent le succ\u00e8s du parti PASTEF","datePublished":"2024-03-22T02:37:47+00:00","dateModified":"2024-03-22T03:42:45+00:00","mainEntityOfPage":{"@id":"https:\/\/www.africa-press.net\/senegal\/parties\/la-conference-des-presidents-des-partis-et-organisations-politiques-panafricanistes-saluent-le-succes-du-parti-pastef"},"wordCount":475,"commentCount":0,"image":{"@id":"https:\/\/www.africa-press.net\/senegal\/parties\/la-conference-des-presidents-des-partis-et-organisations-politiques-panafricanistes-saluent-le-succes-du-parti-pastef#primaryimage"},"thumbnailUrl":"https:\/\/static.africa-press.net\/senegal\/sites\/13\/2024\/03\/sm_1711062708.857494.jpg","keywords":["Africa Press","Africa Press-Senegal","Senegal"],"articleSection":["Parties","Toutes les actualit\u00e9s"],"inLanguage":"fr-FR","potentialAction":[{"@type":"CommentAction","name":"Comment","target":["https:\/\/www.africa-press.net\/senegal\/parties\/la-conference-des-presidents-des-partis-et-organisations-politiques-panafricanistes-saluent-le-succes-du-parti-pastef#respond"]}]},{"@type":"WebPage","@id":"https:\/\/www.africa-press.net\/senegal\/parties\/la-conference-des-presidents-des-partis-et-organisations-politiques-panafricanistes-saluent-le-succes-du-parti-pastef","url":"https:\/\/www.africa-press.net\/senegal\/parties\/la-conference-des-presidents-des-partis-et-organisations-politiques-panafricanistes-saluent-le-succes-du-parti-pastef","name":"La conf\u00e9rence des pr\u00e9sidents des partis et organisations politiques panafricanistes saluent le succ\u00e8s du parti PASTEF - Senegal","isPartOf":{"@id":"https:\/\/www.africa-press.net\/senegal\/#website"},"primaryImageOfPage":{"@id":"https:\/\/www.africa-press.net\/senegal\/parties\/la-conference-des-presidents-des-partis-et-organisations-politiques-panafricanistes-saluent-le-succes-du-parti-pastef#primaryimage"},"image":{"@id":"https:\/\/www.africa-press.net\/senegal\/parties\/la-conference-des-presidents-des-partis-et-organisations-politiques-panafricanistes-saluent-le-succes-du-parti-pastef#primaryimage"},"thumbnailUrl":"https:\/\/static.africa-press.net\/senegal\/sites\/13\/2024\/03\/sm_1711062708.857494.jpg","datePublished":"2024-03-22T02:37:47+00:00","dateModified":"2024-03-22T03:42:45+00:00","author":{"@id":"https:\/\/www.africa-press.net\/senegal\/#\/schema\/person\/2b1cf3cd81a31e3cd26889ca66d677f1"},"description":"Ce jeudi 21 mars, a\u0300 la maison de la presse, l'homme politique comorien et avocat au barreau de Moroni (Comores), Me Sai ...","breadcrumb":{"@id":"https:\/\/www.africa-press.net\/senegal\/parties\/la-conference-des-presidents-des-partis-et-organisations-politiques-panafricanistes-saluent-le-succes-du-parti-pastef#breadcrumb"},"inLanguage":"fr-FR","potentialAction":[{"@type":"ReadAction","target":["https:\/\/www.africa-press.net\/senegal\/parties\/la-conference-des-presidents-des-partis-et-organisations-politiques-panafricanistes-saluent-le-succes-du-parti-pastef"]}]},{"@type":"ImageObject","inLanguage":"fr-FR","@id":"https:\/\/www.africa-press.net\/senegal\/parties\/la-conference-des-presidents-des-partis-et-organisations-politiques-panafricanistes-saluent-le-succes-du-parti-pastef#primaryimage","url":"https:\/\/static.africa-press.net\/senegal\/sites\/13\/2024\/03\/sm_1711062708.857494.jpg","contentUrl":"https:\/\/static.africa-press.net\/senegal\/sites\/13\/2024\/03\/sm_1711062708.857494.jpg","width":934,"height":632,"caption":"La conf\u00e9rence des pr\u00e9sidents des partis et organisations politiques panafricanistes saluent le succ\u00e8s du parti PASTEF"},{"@type":"BreadcrumbList","@id":"https:\/\/www.africa-press.net\/senegal\/parties\/la-conference-des-presidents-des-partis-et-organisations-politiques-panafricanistes-saluent-le-succes-du-parti-pastef#breadcrumb","itemListElement":[{"@type":"ListItem","position":1,"name":"Accueil","item":"https:\/\/www.africa-press.net\/senegal\/"},{"@type":"ListItem","position":2,"name":"La conf\u00e9rence des pr\u00e9sidents des partis et organisations politiques panafricanistes saluent le succ\u00e8s du parti PASTEF"}]},{"@type":"WebSite","@id":"https:\/\/www.africa-press.net\/senegal\/#website","url":"https:\/\/www.africa-press.net\/senegal\/","name":"Africa Press | Senegal | Homepage","description":"Just another Africa News Agency Sites site","potentialAction":[{"@type":"SearchAction","target":{"@type":"EntryPoint","urlTemplate":"https:\/\/www.africa-press.net\/senegal\/?s={search_term_string}"},"query-input":{"@type":"PropertyValueSpecification","valueRequired":true,"valueName":"search_term_string"}}],"inLanguage":"fr-FR"},{"@type":"Person","@id":"https:\/\/www.africa-press.net\/senegal\/#\/schema\/person\/2b1cf3cd81a31e3cd26889ca66d677f1","name":"cfeditorfr","url":"https:\/\/www.africa-press.net\/senegal\/author\/cfeditorfr"}]}},"_links":{"self":[{"href":"https:\/\/www.africa-press.net\/senegal\/wp-json\/wp\/v2\/posts\/57177","targetHints":{"allow":["GET"]}}],"collection":[{"href":"https:\/\/www.africa-press.net\/senegal\/wp-json\/wp\/v2\/posts"}],"about":[{"href":"https:\/\/www.africa-press.net\/senegal\/wp-json\/wp\/v2\/types\/post"}],"author":[{"embeddable":true,"href":"https:\/\/www.africa-press.net\/senegal\/wp-json\/wp\/v2\/users\/82"}],"replies":[{"embeddable":true,"href":"https:\/\/www.africa-press.net\/senegal\/wp-json\/wp\/v2\/comments?post=57177"}],"version-history":[{"count":0,"href":"https:\/\/www.africa-press.net\/senegal\/wp-json\/wp\/v2\/posts\/57177\/revisions"}],"wp:featuredmedia":[{"embeddable":true,"href":"https:\/\/www.africa-press.net\/senegal\/wp-json\/wp\/v2\/media\/57176"}],"wp:attachment":[{"href":"https:\/\/www.africa-press.net\/senegal\/wp-json\/wp\/v2\/media?parent=57177"}],"wp:term":[{"taxonomy":"category","embeddable":true,"href":"https:\/\/www.africa-press.net\/senegal\/wp-json\/wp\/v2\/categories?post=57177"},{"taxonomy":"post_tag","embeddable":true,"href":"https:\/\/www.africa-press.net\/senegal\/wp-json\/wp\/v2\/tags?post=57177"}],"curies":[{"name":"wp","href":"https:\/\/api.w.org\/{rel}","templated":true}]}}