{"id":57198,"date":"2024-03-22T16:50:04","date_gmt":"2024-03-22T16:50:04","guid":{"rendered":"https:\/\/www.africa-press.net\/senegal\/politique\/le-senegal-restreint-les-deplacements-le-jour-des-elections"},"modified":"2024-03-22T18:15:34","modified_gmt":"2024-03-22T18:15:34","slug":"le-senegal-restreint-les-deplacements-le-jour-des-elections","status":"publish","type":"post","link":"https:\/\/www.africa-press.net\/senegal\/politique\/le-senegal-restreint-les-deplacements-le-jour-des-elections","title":{"rendered":"Le S\u00e9n\u00e9gal restreint les d\u00e9placements le jour des \u00e9lections"},"content":{"rendered":"<p><span style=\"color: #ff6600\"><strong>Africa-Press &#8211; Senegal. <\/strong><\/span>Face a\u0300 un scrutin sous haute tension, le Se\u0301ne\u0301gal a interdit la circulation entre les re\u0301gions ce 24 mars, selon un communique\u0301 du ministe\u0300re de l&rsquo;Inte\u0301rieur.<\/p>\n<p>Le ministe\u0300re se\u0301ne\u0301galais de l&rsquo;Inte\u0301rieur a interdit la circulation inter-re\u0301gions pour le 24 mars, jour du scrutin pre\u0301sidentiel, rapporte un communique\u0301.<\/p>\n<p>Des autorisations pourront e\u0302tre de\u0301livre\u0301es a\u0300 titre exceptionnel.<\/p>\n<p>De\u0301but fe\u0301vrier, le Pre\u0301sident en exercice Macky Sall avait cre\u0301e\u0301 la stupeur en demandant un retrait des e\u0301lections, du 25 fe\u0301vrier au 15 de\u0301cembre. Une loi du parlement avait ente\u0301rine\u0301 le report, mais le Conseil constitutionnel en avait de\u0301cide\u0301 autrement, annulant ce de\u0301cret.<\/p>\n<p>Macky Sall s&rsquo;e\u0301tait finalement plie\u0301 au verdict de l&rsquo;institution, fixant les nouvelles e\u0301lections au 24 mars.<\/p>\n<p><strong>Pour plus d&rsquo;informations et d&rsquo;analyses sur la <a href=\"https:\/\/www.africa-press.net\/senegal\">Senegal<\/a>, suivez <a href=\"https:\/\/www.africa-press.net\/\">Africa-Press<\/a><\/strong><\/p>\n","protected":false},"excerpt":{"rendered":"<p>Africa-Press &#8211; Senegal. Face a\u0300 un scrutin sous haute tension, le Se\u0301ne\u0301gal a interdit la circulation entre les re\u0301gions ce 24 mars, selon un communique\u0301 du ministe\u0300re de l&rsquo;Inte\u0301rieur. Le ministe\u0300re se\u0301ne\u0301galais de l&rsquo;Inte\u0301rieur a interdit la circulation inter-re\u0301gions pour le 24 mars, jour du scrutin pre\u0301sidentiel, rapporte un communique\u0301. Des autorisations pourront e\u0302tre de\u0301livre\u0301es [&hellip;]<\/p>\n","protected":false},"author":82,"featured_media":57197,"comment_status":"open","ping_status":"closed","sticky":false,"template":"","format":"standard","meta":{"footnotes":""},"categories":[2,20,10],"tags":[43,47,44],"class_list":["post-57198","post","type-post","status-publish","format-standard","has-post-thumbnail","hentry","category-politique","category-top-nouvelles","category-toutes-les-actualites","tag-africa-press-2","tag-africa-press-senegal","tag-senegal-2"],"yoast_head":"<!-- This site is optimized with the Yoast SEO Premium plugin v26.1 (Yoast SEO v27.0) - https:\/\/yoast.com\/product\/yoast-seo-premium-wordpress\/ -->\n<title>Le S\u00e9n\u00e9gal restreint les d\u00e9placements le jour des \u00e9lections - Senegal<\/title>\n<meta name=\"description\" content=\"Face a\u0300 un scrutin sous haute tension, le Se\u0301ne\u0301gal a interdit la circulation entre les re\u0301gions ce 24 mars, selon un co ...\" \/>\n<meta name=\"robots\" content=\"index, follow, max-snippet:-1, max-image-preview:large, max-video-preview:-1\" \/>\n<link rel=\"canonical\" href=\"https:\/\/www.africa-press.net\/senegal\/politique\/le-senegal-restreint-les-deplacements-le-jour-des-elections\" \/>\n<meta property=\"og:locale\" content=\"fr_FR\" \/>\n<meta property=\"og:type\" content=\"article\" \/>\n<meta property=\"og:title\" content=\"Le S\u00e9n\u00e9gal restreint les d\u00e9placements le jour des \u00e9lections\" \/>\n<meta property=\"og:description\" content=\"Face a\u0300 un scrutin sous haute tension, le Se\u0301ne\u0301gal a interdit la circulation entre les re\u0301gions ce 24 mars, selon un co ...\" \/>\n<meta property=\"og:url\" content=\"https:\/\/www.africa-press.net\/senegal\/politique\/le-senegal-restreint-les-deplacements-le-jour-des-elections\" \/>\n<meta property=\"og:site_name\" content=\"Senegal\" \/>\n<meta property=\"article:published_time\" content=\"2024-03-22T16:50:04+00:00\" \/>\n<meta property=\"article:modified_time\" content=\"2024-03-22T18:15:34+00:00\" \/>\n<meta property=\"og:image\" content=\"https:\/\/static.africa-press.net\/senegal\/sites\/13\/2024\/03\/sm_1711115039.430549.jpg\" \/>\n\t<meta property=\"og:image:width\" content=\"1280\" \/>\n\t<meta property=\"og:image:height\" content=\"720\" \/>\n\t<meta property=\"og:image:type\" content=\"image\/jpeg\" \/>\n<meta name=\"author\" content=\"cfeditorfr\" \/>\n<meta name=\"twitter:card\" content=\"summary_large_image\" \/>\n<meta name=\"twitter:label1\" content=\"\u00c9crit par\" \/>\n\t<meta name=\"twitter:data1\" content=\"cfeditorfr\" \/>\n\t<meta name=\"twitter:label2\" content=\"Dur\u00e9e de lecture estim\u00e9e\" \/>\n\t<meta name=\"twitter:data2\" content=\"1 minute\" \/>\n<script type=\"application\/ld+json\" class=\"yoast-schema-graph\">{\"@context\":\"https:\/\/schema.org\",\"@graph\":[{\"@type\":\"Article\",\"@id\":\"https:\/\/www.africa-press.net\/senegal\/politique\/le-senegal-restreint-les-deplacements-le-jour-des-elections#article\",\"isPartOf\":{\"@id\":\"https:\/\/www.africa-press.net\/senegal\/politique\/le-senegal-restreint-les-deplacements-le-jour-des-elections\"},\"author\":{\"name\":\"cfeditorfr\",\"@id\":\"https:\/\/www.africa-press.net\/senegal\/#\/schema\/person\/2b1cf3cd81a31e3cd26889ca66d677f1\"},\"headline\":\"Le S\u00e9n\u00e9gal restreint les d\u00e9placements le jour des \u00e9lections\",\"datePublished\":\"2024-03-22T16:50:04+00:00\",\"dateModified\":\"2024-03-22T18:15:34+00:00\",\"mainEntityOfPage\":{\"@id\":\"https:\/\/www.africa-press.net\/senegal\/politique\/le-senegal-restreint-les-deplacements-le-jour-des-elections\"},\"wordCount\":166,\"commentCount\":0,\"image\":{\"@id\":\"https:\/\/www.africa-press.net\/senegal\/politique\/le-senegal-restreint-les-deplacements-le-jour-des-elections#primaryimage\"},\"thumbnailUrl\":\"https:\/\/static.africa-press.net\/senegal\/sites\/13\/2024\/03\/sm_1711115039.430549.jpg\",\"keywords\":[\"Africa Press\",\"Africa Press-Senegal\",\"Senegal\"],\"articleSection\":[\"Politique\",\"Top Nouvelles\",\"Toutes les actualit\u00e9s\"],\"inLanguage\":\"fr-FR\",\"potentialAction\":[{\"@type\":\"CommentAction\",\"name\":\"Comment\",\"target\":[\"https:\/\/www.africa-press.net\/senegal\/politique\/le-senegal-restreint-les-deplacements-le-jour-des-elections#respond\"]}]},{\"@type\":\"WebPage\",\"@id\":\"https:\/\/www.africa-press.net\/senegal\/politique\/le-senegal-restreint-les-deplacements-le-jour-des-elections\",\"url\":\"https:\/\/www.africa-press.net\/senegal\/politique\/le-senegal-restreint-les-deplacements-le-jour-des-elections\",\"name\":\"Le S\u00e9n\u00e9gal restreint les d\u00e9placements le jour des \u00e9lections - Senegal\",\"isPartOf\":{\"@id\":\"https:\/\/www.africa-press.net\/senegal\/#website\"},\"primaryImageOfPage\":{\"@id\":\"https:\/\/www.africa-press.net\/senegal\/politique\/le-senegal-restreint-les-deplacements-le-jour-des-elections#primaryimage\"},\"image\":{\"@id\":\"https:\/\/www.africa-press.net\/senegal\/politique\/le-senegal-restreint-les-deplacements-le-jour-des-elections#primaryimage\"},\"thumbnailUrl\":\"https:\/\/static.africa-press.net\/senegal\/sites\/13\/2024\/03\/sm_1711115039.430549.jpg\",\"datePublished\":\"2024-03-22T16:50:04+00:00\",\"dateModified\":\"2024-03-22T18:15:34+00:00\",\"author\":{\"@id\":\"https:\/\/www.africa-press.net\/senegal\/#\/schema\/person\/2b1cf3cd81a31e3cd26889ca66d677f1\"},\"description\":\"Face a\u0300 un scrutin sous haute tension, le Se\u0301ne\u0301gal a interdit la circulation entre les re\u0301gions ce 24 mars, selon un co ...\",\"breadcrumb\":{\"@id\":\"https:\/\/www.africa-press.net\/senegal\/politique\/le-senegal-restreint-les-deplacements-le-jour-des-elections#breadcrumb\"},\"inLanguage\":\"fr-FR\",\"potentialAction\":[{\"@type\":\"ReadAction\",\"target\":[\"https:\/\/www.africa-press.net\/senegal\/politique\/le-senegal-restreint-les-deplacements-le-jour-des-elections\"]}]},{\"@type\":\"ImageObject\",\"inLanguage\":\"fr-FR\",\"@id\":\"https:\/\/www.africa-press.net\/senegal\/politique\/le-senegal-restreint-les-deplacements-le-jour-des-elections#primaryimage\",\"url\":\"https:\/\/static.africa-press.net\/senegal\/sites\/13\/2024\/03\/sm_1711115039.430549.jpg\",\"contentUrl\":\"https:\/\/static.africa-press.net\/senegal\/sites\/13\/2024\/03\/sm_1711115039.430549.jpg\",\"width\":1280,\"height\":720,\"caption\":\"Le S\u00e9n\u00e9gal restreint les d\u00e9placements le jour des \u00e9lections\"},{\"@type\":\"BreadcrumbList\",\"@id\":\"https:\/\/www.africa-press.net\/senegal\/politique\/le-senegal-restreint-les-deplacements-le-jour-des-elections#breadcrumb\",\"itemListElement\":[{\"@type\":\"ListItem\",\"position\":1,\"name\":\"Accueil\",\"item\":\"https:\/\/www.africa-press.net\/senegal\/\"},{\"@type\":\"ListItem\",\"position\":2,\"name\":\"Le S\u00e9n\u00e9gal restreint les d\u00e9placements le jour des \u00e9lections\"}]},{\"@type\":\"WebSite\",\"@id\":\"https:\/\/www.africa-press.net\/senegal\/#website\",\"url\":\"https:\/\/www.africa-press.net\/senegal\/\",\"name\":\"Africa Press | Senegal | Homepage\",\"description\":\"Just another Africa News Agency Sites site\",\"potentialAction\":[{\"@type\":\"SearchAction\",\"target\":{\"@type\":\"EntryPoint\",\"urlTemplate\":\"https:\/\/www.africa-press.net\/senegal\/?s={search_term_string}\"},\"query-input\":{\"@type\":\"PropertyValueSpecification\",\"valueRequired\":true,\"valueName\":\"search_term_string\"}}],\"inLanguage\":\"fr-FR\"},{\"@type\":\"Person\",\"@id\":\"https:\/\/www.africa-press.net\/senegal\/#\/schema\/person\/2b1cf3cd81a31e3cd26889ca66d677f1\",\"name\":\"cfeditorfr\",\"url\":\"https:\/\/www.africa-press.net\/senegal\/author\/cfeditorfr\"}]}<\/script>\n<!-- \/ Yoast SEO Premium plugin. -->","yoast_head_json":{"title":"Le S\u00e9n\u00e9gal restreint les d\u00e9placements le jour des \u00e9lections - Senegal","description":"Face a\u0300 un scrutin sous haute tension, le Se\u0301ne\u0301gal a interdit la circulation entre les re\u0301gions ce 24 mars, selon un co ...","robots":{"index":"index","follow":"follow","max-snippet":"max-snippet:-1","max-image-preview":"max-image-preview:large","max-video-preview":"max-video-preview:-1"},"canonical":"https:\/\/www.africa-press.net\/senegal\/politique\/le-senegal-restreint-les-deplacements-le-jour-des-elections","og_locale":"fr_FR","og_type":"article","og_title":"Le S\u00e9n\u00e9gal restreint les d\u00e9placements le jour des \u00e9lections","og_description":"Face a\u0300 un scrutin sous haute tension, le Se\u0301ne\u0301gal a interdit la circulation entre les re\u0301gions ce 24 mars, selon un co ...","og_url":"https:\/\/www.africa-press.net\/senegal\/politique\/le-senegal-restreint-les-deplacements-le-jour-des-elections","og_site_name":"Senegal","article_published_time":"2024-03-22T16:50:04+00:00","article_modified_time":"2024-03-22T18:15:34+00:00","og_image":[{"width":1280,"height":720,"url":"https:\/\/static.africa-press.net\/senegal\/sites\/13\/2024\/03\/sm_1711115039.430549.jpg","type":"image\/jpeg"}],"author":"cfeditorfr","twitter_card":"summary_large_image","twitter_misc":{"\u00c9crit par":"cfeditorfr","Dur\u00e9e de lecture estim\u00e9e":"1 minute"},"schema":{"@context":"https:\/\/schema.org","@graph":[{"@type":"Article","@id":"https:\/\/www.africa-press.net\/senegal\/politique\/le-senegal-restreint-les-deplacements-le-jour-des-elections#article","isPartOf":{"@id":"https:\/\/www.africa-press.net\/senegal\/politique\/le-senegal-restreint-les-deplacements-le-jour-des-elections"},"author":{"name":"cfeditorfr","@id":"https:\/\/www.africa-press.net\/senegal\/#\/schema\/person\/2b1cf3cd81a31e3cd26889ca66d677f1"},"headline":"Le S\u00e9n\u00e9gal restreint les d\u00e9placements le jour des \u00e9lections","datePublished":"2024-03-22T16:50:04+00:00","dateModified":"2024-03-22T18:15:34+00:00","mainEntityOfPage":{"@id":"https:\/\/www.africa-press.net\/senegal\/politique\/le-senegal-restreint-les-deplacements-le-jour-des-elections"},"wordCount":166,"commentCount":0,"image":{"@id":"https:\/\/www.africa-press.net\/senegal\/politique\/le-senegal-restreint-les-deplacements-le-jour-des-elections#primaryimage"},"thumbnailUrl":"https:\/\/static.africa-press.net\/senegal\/sites\/13\/2024\/03\/sm_1711115039.430549.jpg","keywords":["Africa Press","Africa Press-Senegal","Senegal"],"articleSection":["Politique","Top Nouvelles","Toutes les actualit\u00e9s"],"inLanguage":"fr-FR","potentialAction":[{"@type":"CommentAction","name":"Comment","target":["https:\/\/www.africa-press.net\/senegal\/politique\/le-senegal-restreint-les-deplacements-le-jour-des-elections#respond"]}]},{"@type":"WebPage","@id":"https:\/\/www.africa-press.net\/senegal\/politique\/le-senegal-restreint-les-deplacements-le-jour-des-elections","url":"https:\/\/www.africa-press.net\/senegal\/politique\/le-senegal-restreint-les-deplacements-le-jour-des-elections","name":"Le S\u00e9n\u00e9gal restreint les d\u00e9placements le jour des \u00e9lections - Senegal","isPartOf":{"@id":"https:\/\/www.africa-press.net\/senegal\/#website"},"primaryImageOfPage":{"@id":"https:\/\/www.africa-press.net\/senegal\/politique\/le-senegal-restreint-les-deplacements-le-jour-des-elections#primaryimage"},"image":{"@id":"https:\/\/www.africa-press.net\/senegal\/politique\/le-senegal-restreint-les-deplacements-le-jour-des-elections#primaryimage"},"thumbnailUrl":"https:\/\/static.africa-press.net\/senegal\/sites\/13\/2024\/03\/sm_1711115039.430549.jpg","datePublished":"2024-03-22T16:50:04+00:00","dateModified":"2024-03-22T18:15:34+00:00","author":{"@id":"https:\/\/www.africa-press.net\/senegal\/#\/schema\/person\/2b1cf3cd81a31e3cd26889ca66d677f1"},"description":"Face a\u0300 un scrutin sous haute tension, le Se\u0301ne\u0301gal a interdit la circulation entre les re\u0301gions ce 24 mars, selon un co ...","breadcrumb":{"@id":"https:\/\/www.africa-press.net\/senegal\/politique\/le-senegal-restreint-les-deplacements-le-jour-des-elections#breadcrumb"},"inLanguage":"fr-FR","potentialAction":[{"@type":"ReadAction","target":["https:\/\/www.africa-press.net\/senegal\/politique\/le-senegal-restreint-les-deplacements-le-jour-des-elections"]}]},{"@type":"ImageObject","inLanguage":"fr-FR","@id":"https:\/\/www.africa-press.net\/senegal\/politique\/le-senegal-restreint-les-deplacements-le-jour-des-elections#primaryimage","url":"https:\/\/static.africa-press.net\/senegal\/sites\/13\/2024\/03\/sm_1711115039.430549.jpg","contentUrl":"https:\/\/static.africa-press.net\/senegal\/sites\/13\/2024\/03\/sm_1711115039.430549.jpg","width":1280,"height":720,"caption":"Le S\u00e9n\u00e9gal restreint les d\u00e9placements le jour des \u00e9lections"},{"@type":"BreadcrumbList","@id":"https:\/\/www.africa-press.net\/senegal\/politique\/le-senegal-restreint-les-deplacements-le-jour-des-elections#breadcrumb","itemListElement":[{"@type":"ListItem","position":1,"name":"Accueil","item":"https:\/\/www.africa-press.net\/senegal\/"},{"@type":"ListItem","position":2,"name":"Le S\u00e9n\u00e9gal restreint les d\u00e9placements le jour des \u00e9lections"}]},{"@type":"WebSite","@id":"https:\/\/www.africa-press.net\/senegal\/#website","url":"https:\/\/www.africa-press.net\/senegal\/","name":"Africa Press | Senegal | Homepage","description":"Just another Africa News Agency Sites site","potentialAction":[{"@type":"SearchAction","target":{"@type":"EntryPoint","urlTemplate":"https:\/\/www.africa-press.net\/senegal\/?s={search_term_string}"},"query-input":{"@type":"PropertyValueSpecification","valueRequired":true,"valueName":"search_term_string"}}],"inLanguage":"fr-FR"},{"@type":"Person","@id":"https:\/\/www.africa-press.net\/senegal\/#\/schema\/person\/2b1cf3cd81a31e3cd26889ca66d677f1","name":"cfeditorfr","url":"https:\/\/www.africa-press.net\/senegal\/author\/cfeditorfr"}]}},"_links":{"self":[{"href":"https:\/\/www.africa-press.net\/senegal\/wp-json\/wp\/v2\/posts\/57198","targetHints":{"allow":["GET"]}}],"collection":[{"href":"https:\/\/www.africa-press.net\/senegal\/wp-json\/wp\/v2\/posts"}],"about":[{"href":"https:\/\/www.africa-press.net\/senegal\/wp-json\/wp\/v2\/types\/post"}],"author":[{"embeddable":true,"href":"https:\/\/www.africa-press.net\/senegal\/wp-json\/wp\/v2\/users\/82"}],"replies":[{"embeddable":true,"href":"https:\/\/www.africa-press.net\/senegal\/wp-json\/wp\/v2\/comments?post=57198"}],"version-history":[{"count":0,"href":"https:\/\/www.africa-press.net\/senegal\/wp-json\/wp\/v2\/posts\/57198\/revisions"}],"wp:featuredmedia":[{"embeddable":true,"href":"https:\/\/www.africa-press.net\/senegal\/wp-json\/wp\/v2\/media\/57197"}],"wp:attachment":[{"href":"https:\/\/www.africa-press.net\/senegal\/wp-json\/wp\/v2\/media?parent=57198"}],"wp:term":[{"taxonomy":"category","embeddable":true,"href":"https:\/\/www.africa-press.net\/senegal\/wp-json\/wp\/v2\/categories?post=57198"},{"taxonomy":"post_tag","embeddable":true,"href":"https:\/\/www.africa-press.net\/senegal\/wp-json\/wp\/v2\/tags?post=57198"}],"curies":[{"name":"wp","href":"https:\/\/api.w.org\/{rel}","templated":true}]}}