{"id":57201,"date":"2024-03-22T20:54:35","date_gmt":"2024-03-22T20:54:35","guid":{"rendered":"https:\/\/www.africa-press.net\/senegal\/politique\/mactar-cisse-le-senegal-nous-transcende-et-aucun-acteur-ne-doit-loublier"},"modified":"2024-03-22T22:45:32","modified_gmt":"2024-03-22T22:45:32","slug":"mactar-cisse-le-senegal-nous-transcende-et-aucun-acteur-ne-doit-loublier","status":"publish","type":"post","link":"https:\/\/www.africa-press.net\/senegal\/politique\/mactar-cisse-le-senegal-nous-transcende-et-aucun-acteur-ne-doit-loublier","title":{"rendered":"Mactar Ciss\u00e9 : \u00ab Le S\u00e9n\u00e9gal nous transcende et aucun acteur ne doit l\u2019oublier \u00bb"},"content":{"rendered":"<p><span style=\"color: #ff6600\"><strong>Africa-Press &#8211; Senegal. <\/strong><\/span>Plus de 7,864 millions d\u2019e\u0301lecteurs de l\u2019inte\u0301rieur du Se\u0301ne\u0301gal et de la diaspora (plus de 300 000 re\u0301partis dans cinquante pays) pourront voter ce dimanche pour e\u0301lire le cinquie\u0300me pre\u0301sident de la Re\u0301publique. \u00ab Le Se\u0301ne\u0301gal nous transcende et aucun acteur ne doit l\u2019oublier. Dans un pays comme le Se\u0301ne\u0301gal, nous arriverons un jour a\u0300 de\u0301passionner l\u2019organisation des e\u0301lections. La politique est passionnante, mais la meilleure bataille est celle des ide\u0301es. C\u2019est le seul argument qui tient. Il y a une vie apre\u0300s les e\u0301lections. Les Se\u0301ne\u0301galais devront se retrouver pour ame\u0301liorer le processus. Quand on veut construire, on ne commence pas par de\u0301truire \u00bb.<\/p>\n<p>Ainsi, s\u2019est exprime\u0301 Mouhamadou Mactar Cisse\u0301 face a\u0300 la presse. Le ministre de l\u2019Inte\u0301rieur a, par ailleurs, donne\u0301 les assurances d\u2019une organisation dans le calme et la se\u0301re\u0301nite\u0301, mais aussi une tre\u0300s grande transparence de l&rsquo;e\u0301lection pre\u0301sidentielle de dimanche 24 mars.<\/p>\n<p>Le \u00abdimanche, les Se\u0301ne\u0301galais pourront voter dans la liberte\u0301 et la plus grande transparence. Toutes les ope\u0301rations ont e\u0301te\u0301 pose\u0301es. Tous les actes se de\u0301roulent sous l\u2019encadrement de la loi. Il y a des normes, des re\u0300gles, des re\u0301fe\u0301rentiels qui font que nous avons une expertise qui permet de dire que les e\u0301lections se tiendront \u00bb, dit-il.<\/p>\n<p>Mactar Cisse\u0301 a rappele\u0301 que le processus a e\u0301te\u0301 lance\u0301 depuis la fixation de la date, le 16 fe\u0301vrier 2023. Depuis, dit-il, la Direction ge\u0301ne\u0301rale des Elections travaille sur l\u2019organisation. \u00ab Les Se\u0301ne\u0301galais ont l\u2019habitude de voter et de bien la faire. Cela veut dire qu\u2019il y a aussi une belle tradition d\u2019une bonne organisation des e\u0301lections. Nous le devons a\u0300 ces hommes politiques qui se sont succe\u0301de\u0301 a\u0300 la te\u0302te de ce pays et a\u0300 leurs collaborateurs dans le sens large du terme. Cela pour toujours garantir aux Se\u0301ne\u0301galais l\u2019inte\u0301grite\u0301 et la liberte\u0301 de choisir dans la transparence \u00bb.<\/p>\n<p><strong>Pour plus d&rsquo;informations et d&rsquo;analyses sur la <a href=\"https:\/\/www.africa-press.net\/senegal\">Senegal<\/a>, suivez <a href=\"https:\/\/www.africa-press.net\/\">Africa-Press<\/a><\/strong><\/p>\n","protected":false},"excerpt":{"rendered":"<p>Africa-Press &#8211; Senegal. Plus de 7,864 millions d\u2019e\u0301lecteurs de l\u2019inte\u0301rieur du Se\u0301ne\u0301gal et de la diaspora (plus de 300 000 re\u0301partis dans cinquante pays) pourront voter ce dimanche pour e\u0301lire le cinquie\u0300me pre\u0301sident de la Re\u0301publique. \u00ab Le Se\u0301ne\u0301gal nous transcende et aucun acteur ne doit l\u2019oublier. Dans un pays comme le Se\u0301ne\u0301gal, nous arriverons [&hellip;]<\/p>\n","protected":false},"author":82,"featured_media":57200,"comment_status":"open","ping_status":"closed","sticky":false,"template":"","format":"standard","meta":{"footnotes":""},"categories":[2,10],"tags":[43,47,44],"class_list":["post-57201","post","type-post","status-publish","format-standard","has-post-thumbnail","hentry","category-politique","category-toutes-les-actualites","tag-africa-press-2","tag-africa-press-senegal","tag-senegal-2"],"yoast_head":"<!-- This site is optimized with the Yoast SEO Premium plugin v26.1 (Yoast SEO v27.0) - https:\/\/yoast.com\/product\/yoast-seo-premium-wordpress\/ -->\n<title>Mactar Ciss\u00e9 : \u00ab Le S\u00e9n\u00e9gal nous transcende et aucun acteur ne doit l\u2019oublier \u00bb - Senegal<\/title>\n<meta name=\"description\" content=\"Plus de 7,864 millions d\u2019e\u0301lecteurs de l\u2019inte\u0301rieur du Se\u0301ne\u0301gal et de la diaspora (plus de 300 000 re\u0301partis dans cinqu ...\" \/>\n<meta name=\"robots\" content=\"index, follow, max-snippet:-1, max-image-preview:large, max-video-preview:-1\" \/>\n<link rel=\"canonical\" href=\"https:\/\/www.africa-press.net\/senegal\/politique\/mactar-cisse-le-senegal-nous-transcende-et-aucun-acteur-ne-doit-loublier\" \/>\n<meta property=\"og:locale\" content=\"fr_FR\" \/>\n<meta property=\"og:type\" content=\"article\" \/>\n<meta property=\"og:title\" content=\"Mactar Ciss\u00e9 : \u00ab Le S\u00e9n\u00e9gal nous transcende et aucun acteur ne doit l\u2019oublier \u00bb\" \/>\n<meta property=\"og:description\" content=\"Plus de 7,864 millions d\u2019e\u0301lecteurs de l\u2019inte\u0301rieur du Se\u0301ne\u0301gal et de la diaspora (plus de 300 000 re\u0301partis dans cinqu ...\" \/>\n<meta property=\"og:url\" content=\"https:\/\/www.africa-press.net\/senegal\/politique\/mactar-cisse-le-senegal-nous-transcende-et-aucun-acteur-ne-doit-loublier\" \/>\n<meta property=\"og:site_name\" content=\"Senegal\" \/>\n<meta property=\"article:published_time\" content=\"2024-03-22T20:54:35+00:00\" \/>\n<meta property=\"article:modified_time\" content=\"2024-03-22T22:45:32+00:00\" \/>\n<meta property=\"og:image\" content=\"https:\/\/static.africa-press.net\/senegal\/sites\/13\/2024\/03\/sm_1711131208.357101.jpg\" \/>\n\t<meta property=\"og:image:width\" content=\"1302\" \/>\n\t<meta property=\"og:image:height\" content=\"629\" \/>\n\t<meta property=\"og:image:type\" content=\"image\/jpeg\" \/>\n<meta name=\"author\" content=\"cfeditorfr\" \/>\n<meta name=\"twitter:card\" content=\"summary_large_image\" \/>\n<meta name=\"twitter:label1\" content=\"\u00c9crit par\" \/>\n\t<meta name=\"twitter:data1\" content=\"cfeditorfr\" \/>\n\t<meta name=\"twitter:label2\" content=\"Dur\u00e9e de lecture estim\u00e9e\" \/>\n\t<meta name=\"twitter:data2\" content=\"2 minutes\" \/>\n<script type=\"application\/ld+json\" class=\"yoast-schema-graph\">{\"@context\":\"https:\/\/schema.org\",\"@graph\":[{\"@type\":\"Article\",\"@id\":\"https:\/\/www.africa-press.net\/senegal\/politique\/mactar-cisse-le-senegal-nous-transcende-et-aucun-acteur-ne-doit-loublier#article\",\"isPartOf\":{\"@id\":\"https:\/\/www.africa-press.net\/senegal\/politique\/mactar-cisse-le-senegal-nous-transcende-et-aucun-acteur-ne-doit-loublier\"},\"author\":{\"name\":\"cfeditorfr\",\"@id\":\"https:\/\/www.africa-press.net\/senegal\/#\/schema\/person\/2b1cf3cd81a31e3cd26889ca66d677f1\"},\"headline\":\"Mactar Ciss\u00e9 : \u00ab Le S\u00e9n\u00e9gal nous transcende et aucun acteur ne doit l\u2019oublier \u00bb\",\"datePublished\":\"2024-03-22T20:54:35+00:00\",\"dateModified\":\"2024-03-22T22:45:32+00:00\",\"mainEntityOfPage\":{\"@id\":\"https:\/\/www.africa-press.net\/senegal\/politique\/mactar-cisse-le-senegal-nous-transcende-et-aucun-acteur-ne-doit-loublier\"},\"wordCount\":387,\"commentCount\":0,\"image\":{\"@id\":\"https:\/\/www.africa-press.net\/senegal\/politique\/mactar-cisse-le-senegal-nous-transcende-et-aucun-acteur-ne-doit-loublier#primaryimage\"},\"thumbnailUrl\":\"https:\/\/static.africa-press.net\/senegal\/sites\/13\/2024\/03\/sm_1711131208.357101.jpg\",\"keywords\":[\"Africa Press\",\"Africa Press-Senegal\",\"Senegal\"],\"articleSection\":[\"Politique\",\"Toutes les actualit\u00e9s\"],\"inLanguage\":\"fr-FR\",\"potentialAction\":[{\"@type\":\"CommentAction\",\"name\":\"Comment\",\"target\":[\"https:\/\/www.africa-press.net\/senegal\/politique\/mactar-cisse-le-senegal-nous-transcende-et-aucun-acteur-ne-doit-loublier#respond\"]}]},{\"@type\":\"WebPage\",\"@id\":\"https:\/\/www.africa-press.net\/senegal\/politique\/mactar-cisse-le-senegal-nous-transcende-et-aucun-acteur-ne-doit-loublier\",\"url\":\"https:\/\/www.africa-press.net\/senegal\/politique\/mactar-cisse-le-senegal-nous-transcende-et-aucun-acteur-ne-doit-loublier\",\"name\":\"Mactar Ciss\u00e9 : \u00ab Le S\u00e9n\u00e9gal nous transcende et aucun acteur ne doit l\u2019oublier \u00bb - Senegal\",\"isPartOf\":{\"@id\":\"https:\/\/www.africa-press.net\/senegal\/#website\"},\"primaryImageOfPage\":{\"@id\":\"https:\/\/www.africa-press.net\/senegal\/politique\/mactar-cisse-le-senegal-nous-transcende-et-aucun-acteur-ne-doit-loublier#primaryimage\"},\"image\":{\"@id\":\"https:\/\/www.africa-press.net\/senegal\/politique\/mactar-cisse-le-senegal-nous-transcende-et-aucun-acteur-ne-doit-loublier#primaryimage\"},\"thumbnailUrl\":\"https:\/\/static.africa-press.net\/senegal\/sites\/13\/2024\/03\/sm_1711131208.357101.jpg\",\"datePublished\":\"2024-03-22T20:54:35+00:00\",\"dateModified\":\"2024-03-22T22:45:32+00:00\",\"author\":{\"@id\":\"https:\/\/www.africa-press.net\/senegal\/#\/schema\/person\/2b1cf3cd81a31e3cd26889ca66d677f1\"},\"description\":\"Plus de 7,864 millions d\u2019e\u0301lecteurs de l\u2019inte\u0301rieur du Se\u0301ne\u0301gal et de la diaspora (plus de 300 000 re\u0301partis dans cinqu ...\",\"breadcrumb\":{\"@id\":\"https:\/\/www.africa-press.net\/senegal\/politique\/mactar-cisse-le-senegal-nous-transcende-et-aucun-acteur-ne-doit-loublier#breadcrumb\"},\"inLanguage\":\"fr-FR\",\"potentialAction\":[{\"@type\":\"ReadAction\",\"target\":[\"https:\/\/www.africa-press.net\/senegal\/politique\/mactar-cisse-le-senegal-nous-transcende-et-aucun-acteur-ne-doit-loublier\"]}]},{\"@type\":\"ImageObject\",\"inLanguage\":\"fr-FR\",\"@id\":\"https:\/\/www.africa-press.net\/senegal\/politique\/mactar-cisse-le-senegal-nous-transcende-et-aucun-acteur-ne-doit-loublier#primaryimage\",\"url\":\"https:\/\/static.africa-press.net\/senegal\/sites\/13\/2024\/03\/sm_1711131208.357101.jpg\",\"contentUrl\":\"https:\/\/static.africa-press.net\/senegal\/sites\/13\/2024\/03\/sm_1711131208.357101.jpg\",\"width\":1302,\"height\":629,\"caption\":\"Mactar Ciss\u00e9 : \u00ab Le S\u00e9n\u00e9gal nous transcende et aucun acteur ne doit l\u2019oublier \u00bb\"},{\"@type\":\"BreadcrumbList\",\"@id\":\"https:\/\/www.africa-press.net\/senegal\/politique\/mactar-cisse-le-senegal-nous-transcende-et-aucun-acteur-ne-doit-loublier#breadcrumb\",\"itemListElement\":[{\"@type\":\"ListItem\",\"position\":1,\"name\":\"Accueil\",\"item\":\"https:\/\/www.africa-press.net\/senegal\/\"},{\"@type\":\"ListItem\",\"position\":2,\"name\":\"Mactar Ciss\u00e9 : \u00ab Le S\u00e9n\u00e9gal nous transcende et aucun acteur ne doit l\u2019oublier \u00bb\"}]},{\"@type\":\"WebSite\",\"@id\":\"https:\/\/www.africa-press.net\/senegal\/#website\",\"url\":\"https:\/\/www.africa-press.net\/senegal\/\",\"name\":\"Africa Press | Senegal | Homepage\",\"description\":\"Just another Africa News Agency Sites site\",\"potentialAction\":[{\"@type\":\"SearchAction\",\"target\":{\"@type\":\"EntryPoint\",\"urlTemplate\":\"https:\/\/www.africa-press.net\/senegal\/?s={search_term_string}\"},\"query-input\":{\"@type\":\"PropertyValueSpecification\",\"valueRequired\":true,\"valueName\":\"search_term_string\"}}],\"inLanguage\":\"fr-FR\"},{\"@type\":\"Person\",\"@id\":\"https:\/\/www.africa-press.net\/senegal\/#\/schema\/person\/2b1cf3cd81a31e3cd26889ca66d677f1\",\"name\":\"cfeditorfr\",\"url\":\"https:\/\/www.africa-press.net\/senegal\/author\/cfeditorfr\"}]}<\/script>\n<!-- \/ Yoast SEO Premium plugin. -->","yoast_head_json":{"title":"Mactar Ciss\u00e9 : \u00ab Le S\u00e9n\u00e9gal nous transcende et aucun acteur ne doit l\u2019oublier \u00bb - Senegal","description":"Plus de 7,864 millions d\u2019e\u0301lecteurs de l\u2019inte\u0301rieur du Se\u0301ne\u0301gal et de la diaspora (plus de 300 000 re\u0301partis dans cinqu ...","robots":{"index":"index","follow":"follow","max-snippet":"max-snippet:-1","max-image-preview":"max-image-preview:large","max-video-preview":"max-video-preview:-1"},"canonical":"https:\/\/www.africa-press.net\/senegal\/politique\/mactar-cisse-le-senegal-nous-transcende-et-aucun-acteur-ne-doit-loublier","og_locale":"fr_FR","og_type":"article","og_title":"Mactar Ciss\u00e9 : \u00ab Le S\u00e9n\u00e9gal nous transcende et aucun acteur ne doit l\u2019oublier \u00bb","og_description":"Plus de 7,864 millions d\u2019e\u0301lecteurs de l\u2019inte\u0301rieur du Se\u0301ne\u0301gal et de la diaspora (plus de 300 000 re\u0301partis dans cinqu ...","og_url":"https:\/\/www.africa-press.net\/senegal\/politique\/mactar-cisse-le-senegal-nous-transcende-et-aucun-acteur-ne-doit-loublier","og_site_name":"Senegal","article_published_time":"2024-03-22T20:54:35+00:00","article_modified_time":"2024-03-22T22:45:32+00:00","og_image":[{"width":1302,"height":629,"url":"https:\/\/static.africa-press.net\/senegal\/sites\/13\/2024\/03\/sm_1711131208.357101.jpg","type":"image\/jpeg"}],"author":"cfeditorfr","twitter_card":"summary_large_image","twitter_misc":{"\u00c9crit par":"cfeditorfr","Dur\u00e9e de lecture estim\u00e9e":"2 minutes"},"schema":{"@context":"https:\/\/schema.org","@graph":[{"@type":"Article","@id":"https:\/\/www.africa-press.net\/senegal\/politique\/mactar-cisse-le-senegal-nous-transcende-et-aucun-acteur-ne-doit-loublier#article","isPartOf":{"@id":"https:\/\/www.africa-press.net\/senegal\/politique\/mactar-cisse-le-senegal-nous-transcende-et-aucun-acteur-ne-doit-loublier"},"author":{"name":"cfeditorfr","@id":"https:\/\/www.africa-press.net\/senegal\/#\/schema\/person\/2b1cf3cd81a31e3cd26889ca66d677f1"},"headline":"Mactar Ciss\u00e9 : \u00ab Le S\u00e9n\u00e9gal nous transcende et aucun acteur ne doit l\u2019oublier \u00bb","datePublished":"2024-03-22T20:54:35+00:00","dateModified":"2024-03-22T22:45:32+00:00","mainEntityOfPage":{"@id":"https:\/\/www.africa-press.net\/senegal\/politique\/mactar-cisse-le-senegal-nous-transcende-et-aucun-acteur-ne-doit-loublier"},"wordCount":387,"commentCount":0,"image":{"@id":"https:\/\/www.africa-press.net\/senegal\/politique\/mactar-cisse-le-senegal-nous-transcende-et-aucun-acteur-ne-doit-loublier#primaryimage"},"thumbnailUrl":"https:\/\/static.africa-press.net\/senegal\/sites\/13\/2024\/03\/sm_1711131208.357101.jpg","keywords":["Africa Press","Africa Press-Senegal","Senegal"],"articleSection":["Politique","Toutes les actualit\u00e9s"],"inLanguage":"fr-FR","potentialAction":[{"@type":"CommentAction","name":"Comment","target":["https:\/\/www.africa-press.net\/senegal\/politique\/mactar-cisse-le-senegal-nous-transcende-et-aucun-acteur-ne-doit-loublier#respond"]}]},{"@type":"WebPage","@id":"https:\/\/www.africa-press.net\/senegal\/politique\/mactar-cisse-le-senegal-nous-transcende-et-aucun-acteur-ne-doit-loublier","url":"https:\/\/www.africa-press.net\/senegal\/politique\/mactar-cisse-le-senegal-nous-transcende-et-aucun-acteur-ne-doit-loublier","name":"Mactar Ciss\u00e9 : \u00ab Le S\u00e9n\u00e9gal nous transcende et aucun acteur ne doit l\u2019oublier \u00bb - Senegal","isPartOf":{"@id":"https:\/\/www.africa-press.net\/senegal\/#website"},"primaryImageOfPage":{"@id":"https:\/\/www.africa-press.net\/senegal\/politique\/mactar-cisse-le-senegal-nous-transcende-et-aucun-acteur-ne-doit-loublier#primaryimage"},"image":{"@id":"https:\/\/www.africa-press.net\/senegal\/politique\/mactar-cisse-le-senegal-nous-transcende-et-aucun-acteur-ne-doit-loublier#primaryimage"},"thumbnailUrl":"https:\/\/static.africa-press.net\/senegal\/sites\/13\/2024\/03\/sm_1711131208.357101.jpg","datePublished":"2024-03-22T20:54:35+00:00","dateModified":"2024-03-22T22:45:32+00:00","author":{"@id":"https:\/\/www.africa-press.net\/senegal\/#\/schema\/person\/2b1cf3cd81a31e3cd26889ca66d677f1"},"description":"Plus de 7,864 millions d\u2019e\u0301lecteurs de l\u2019inte\u0301rieur du Se\u0301ne\u0301gal et de la diaspora (plus de 300 000 re\u0301partis dans cinqu ...","breadcrumb":{"@id":"https:\/\/www.africa-press.net\/senegal\/politique\/mactar-cisse-le-senegal-nous-transcende-et-aucun-acteur-ne-doit-loublier#breadcrumb"},"inLanguage":"fr-FR","potentialAction":[{"@type":"ReadAction","target":["https:\/\/www.africa-press.net\/senegal\/politique\/mactar-cisse-le-senegal-nous-transcende-et-aucun-acteur-ne-doit-loublier"]}]},{"@type":"ImageObject","inLanguage":"fr-FR","@id":"https:\/\/www.africa-press.net\/senegal\/politique\/mactar-cisse-le-senegal-nous-transcende-et-aucun-acteur-ne-doit-loublier#primaryimage","url":"https:\/\/static.africa-press.net\/senegal\/sites\/13\/2024\/03\/sm_1711131208.357101.jpg","contentUrl":"https:\/\/static.africa-press.net\/senegal\/sites\/13\/2024\/03\/sm_1711131208.357101.jpg","width":1302,"height":629,"caption":"Mactar Ciss\u00e9 : \u00ab Le S\u00e9n\u00e9gal nous transcende et aucun acteur ne doit l\u2019oublier \u00bb"},{"@type":"BreadcrumbList","@id":"https:\/\/www.africa-press.net\/senegal\/politique\/mactar-cisse-le-senegal-nous-transcende-et-aucun-acteur-ne-doit-loublier#breadcrumb","itemListElement":[{"@type":"ListItem","position":1,"name":"Accueil","item":"https:\/\/www.africa-press.net\/senegal\/"},{"@type":"ListItem","position":2,"name":"Mactar Ciss\u00e9 : \u00ab Le S\u00e9n\u00e9gal nous transcende et aucun acteur ne doit l\u2019oublier \u00bb"}]},{"@type":"WebSite","@id":"https:\/\/www.africa-press.net\/senegal\/#website","url":"https:\/\/www.africa-press.net\/senegal\/","name":"Africa Press | Senegal | Homepage","description":"Just another Africa News Agency Sites site","potentialAction":[{"@type":"SearchAction","target":{"@type":"EntryPoint","urlTemplate":"https:\/\/www.africa-press.net\/senegal\/?s={search_term_string}"},"query-input":{"@type":"PropertyValueSpecification","valueRequired":true,"valueName":"search_term_string"}}],"inLanguage":"fr-FR"},{"@type":"Person","@id":"https:\/\/www.africa-press.net\/senegal\/#\/schema\/person\/2b1cf3cd81a31e3cd26889ca66d677f1","name":"cfeditorfr","url":"https:\/\/www.africa-press.net\/senegal\/author\/cfeditorfr"}]}},"_links":{"self":[{"href":"https:\/\/www.africa-press.net\/senegal\/wp-json\/wp\/v2\/posts\/57201","targetHints":{"allow":["GET"]}}],"collection":[{"href":"https:\/\/www.africa-press.net\/senegal\/wp-json\/wp\/v2\/posts"}],"about":[{"href":"https:\/\/www.africa-press.net\/senegal\/wp-json\/wp\/v2\/types\/post"}],"author":[{"embeddable":true,"href":"https:\/\/www.africa-press.net\/senegal\/wp-json\/wp\/v2\/users\/82"}],"replies":[{"embeddable":true,"href":"https:\/\/www.africa-press.net\/senegal\/wp-json\/wp\/v2\/comments?post=57201"}],"version-history":[{"count":0,"href":"https:\/\/www.africa-press.net\/senegal\/wp-json\/wp\/v2\/posts\/57201\/revisions"}],"wp:featuredmedia":[{"embeddable":true,"href":"https:\/\/www.africa-press.net\/senegal\/wp-json\/wp\/v2\/media\/57200"}],"wp:attachment":[{"href":"https:\/\/www.africa-press.net\/senegal\/wp-json\/wp\/v2\/media?parent=57201"}],"wp:term":[{"taxonomy":"category","embeddable":true,"href":"https:\/\/www.africa-press.net\/senegal\/wp-json\/wp\/v2\/categories?post=57201"},{"taxonomy":"post_tag","embeddable":true,"href":"https:\/\/www.africa-press.net\/senegal\/wp-json\/wp\/v2\/tags?post=57201"}],"curies":[{"name":"wp","href":"https:\/\/api.w.org\/{rel}","templated":true}]}}