{"id":57209,"date":"2024-03-22T21:06:16","date_gmt":"2024-03-22T21:06:16","guid":{"rendered":"https:\/\/www.africa-press.net\/senegal\/politique\/amadou-ba-au-stade-alassane-djigo-je-veux-avoir-un-pacte-avec-pikine-et-tout-dakar-pour-que-dakar-devienne-une-agglomeration-de-reve"},"modified":"2024-03-22T22:49:35","modified_gmt":"2024-03-22T22:49:35","slug":"amadou-ba-au-stade-alassane-djigo-je-veux-avoir-un-pacte-avec-pikine-et-tout-dakar-pour-que-dakar-devienne-une-agglomeration-de-reve","status":"publish","type":"post","link":"https:\/\/www.africa-press.net\/senegal\/politique\/amadou-ba-au-stade-alassane-djigo-je-veux-avoir-un-pacte-avec-pikine-et-tout-dakar-pour-que-dakar-devienne-une-agglomeration-de-reve","title":{"rendered":"Amadou Ba au stade Alassane Djigo : \u00ab Je veux avoir un pacte avec Pikine et tout Dakar pour que Dakar devienne une agglom\u00e9ration de r\u00eave \u00bb"},"content":{"rendered":"<p><span style=\"color: #ff6600\"><strong>Africa-Press &#8211; Senegal. <\/strong><\/span>Ce jeudi, le stade Alassane Djigo de Pikine a vibre\u0301. Il a accueilli le grand meeting de la coalition Benno Bokk Yaakaar (BBY), apre\u0300s le de\u0301partement de Rufisque. Ici comme ailleurs, tous les responsables politiques de BBY du de\u0301partement ont re\u0301serve\u0301 un accueil chaleureux et grandiose a\u0300 leur candidat Amadou Ba\u0302. Avant de lui assurer une victoire sans bavure de\u0300s le premier tour au soir du 24 mars.<\/p>\n<p>Attendu depuis 15h, le candidat de BBY, qui e\u0301tait a\u0300 Ziguinchor, n\u2019est arrive\u0301 sur les lieux que vers minuit. Sur place, Amadou Ba, tre\u0300s touche\u0301 par la forte mobilisation des populations et l\u2019unite\u0301 des responsables politiques du de\u0301partement de Pikine, a soutenu que cela montre encore une fois de plus, la de\u0301termination et l&rsquo;engagement pour la paix et la continuite\u0301. Pour lui, cette marque d\u2019estime est le \u00ab meilleur hommage \u00bb que les responsables de BBY de Pikine pourraient rendre au Pre\u0301sident Macky Sall \u00bb.<\/p>\n<p>Le candidat de la majorite\u0301 pre\u0301sidentielle, de\u0301voilant son programme a\u0300 l\u2019assistance, s\u2019est engage\u0301, en tant que candidat natif de Dakar, a\u0300 faire de la capitale du Se\u0301ne\u0301gal l&rsquo;une des capitales les plus modernes d&rsquo;Afrique de l&rsquo;Ouest. \u00ab Je veux avoir un pacte avec Pikine et tout Dakar pour que Dakar devienne une agglome\u0301ration de re\u0302ve. Et cela est possible si vous me faites confiance. Au-dela\u0300 de Pikine et Dakar, c&rsquo;est le moment d&rsquo;avoir un pacte pour tout le Se\u0301ne\u0301gal \u00bb, a-t-il de\u0301clare\u0301.<\/p>\n<p>Il ajoute: \u00ab Assainissement, voiries, e\u0301clairage public, entre autres, nous allons beaucoup faire \u00bb.<\/p>\n<p>Amadou Ba a e\u0301galement promis que d&rsquo;ici 2 ans, chaque Se\u0301ne\u0301galais, quelle que soit sa localite\u0301, aura de l&rsquo;eau et de l&rsquo;e\u0301lectricite\u0301 chez lui. Une promesse a\u0300 travers laquelle, il veut faire de l\u2019e\u0301quite\u0301 sociale, pro\u0302ne\u0301e par le Pre\u0301sident Macky Sall, plus qu\u2019une re\u0301alite\u0301.<\/p>\n<p>Pour finir, le candidat de BBY a lance\u0301 un appel au Parti de\u0301mocratique se\u0301ne\u0301galais (PDS) et a\u0300 son fre\u0300re Karim Wade de venir rejoindre la grande coalition pour l&rsquo;inte\u0301re\u0302t du Se\u0301ne\u0301gal. Selon lui, il y a une ne\u0301cessite\u0301 de perpe\u0301tuer l&rsquo;\u0153uvre du Pre\u0301sident Macky Sall par la retrouvaille de la grande famille libe\u0301rale.<\/p>\n<p><strong>Pour plus d&rsquo;informations et d&rsquo;analyses sur la <a href=\"https:\/\/www.africa-press.net\/senegal\">Senegal<\/a>, suivez <a href=\"https:\/\/www.africa-press.net\/\">Africa-Press<\/a><\/strong><\/p>\n","protected":false},"excerpt":{"rendered":"<p>Africa-Press &#8211; Senegal. Ce jeudi, le stade Alassane Djigo de Pikine a vibre\u0301. Il a accueilli le grand meeting de la coalition Benno Bokk Yaakaar (BBY), apre\u0300s le de\u0301partement de Rufisque. Ici comme ailleurs, tous les responsables politiques de BBY du de\u0301partement ont re\u0301serve\u0301 un accueil chaleureux et grandiose a\u0300 leur candidat Amadou Ba\u0302. Avant [&hellip;]<\/p>\n","protected":false},"author":82,"featured_media":57208,"comment_status":"open","ping_status":"closed","sticky":false,"template":"","format":"standard","meta":{"footnotes":""},"categories":[2,10],"tags":[43,47,44],"class_list":["post-57209","post","type-post","status-publish","format-standard","has-post-thumbnail","hentry","category-politique","category-toutes-les-actualites","tag-africa-press-2","tag-africa-press-senegal","tag-senegal-2"],"yoast_head":"<!-- This site is optimized with the Yoast SEO Premium plugin v26.1 (Yoast SEO v27.0) - https:\/\/yoast.com\/product\/yoast-seo-premium-wordpress\/ -->\n<title>Amadou Ba au stade Alassane Djigo : \u00ab Je veux avoir un pacte avec Pikine et tout Dakar pour que Dakar devienne une agglom\u00e9ration de r\u00eave \u00bb - Senegal<\/title>\n<meta name=\"description\" content=\"Ce jeudi, le stade Alassane Djigo de Pikine a vibre\u0301. Il a accueilli le grand meeting de la coalition Benno Bokk Yaakaar ...\" \/>\n<meta name=\"robots\" content=\"index, follow, max-snippet:-1, max-image-preview:large, max-video-preview:-1\" \/>\n<link rel=\"canonical\" href=\"https:\/\/www.africa-press.net\/senegal\/politique\/amadou-ba-au-stade-alassane-djigo-je-veux-avoir-un-pacte-avec-pikine-et-tout-dakar-pour-que-dakar-devienne-une-agglomeration-de-reve\" \/>\n<meta property=\"og:locale\" content=\"fr_FR\" \/>\n<meta property=\"og:type\" content=\"article\" \/>\n<meta property=\"og:title\" content=\"Amadou Ba au stade Alassane Djigo : \u00ab Je veux avoir un pacte avec Pikine et tout Dakar pour que Dakar devienne une agglom\u00e9ration de r\u00eave \u00bb\" \/>\n<meta property=\"og:description\" content=\"Ce jeudi, le stade Alassane Djigo de Pikine a vibre\u0301. Il a accueilli le grand meeting de la coalition Benno Bokk Yaakaar ...\" \/>\n<meta property=\"og:url\" content=\"https:\/\/www.africa-press.net\/senegal\/politique\/amadou-ba-au-stade-alassane-djigo-je-veux-avoir-un-pacte-avec-pikine-et-tout-dakar-pour-que-dakar-devienne-une-agglomeration-de-reve\" \/>\n<meta property=\"og:site_name\" content=\"Senegal\" \/>\n<meta property=\"article:published_time\" content=\"2024-03-22T21:06:16+00:00\" \/>\n<meta property=\"article:modified_time\" content=\"2024-03-22T22:49:35+00:00\" \/>\n<meta property=\"og:image\" content=\"https:\/\/static.africa-press.net\/senegal\/sites\/13\/2024\/03\/sm_1711131437.237144.jpg\" \/>\n\t<meta property=\"og:image:width\" content=\"880\" \/>\n\t<meta property=\"og:image:height\" content=\"542\" \/>\n\t<meta property=\"og:image:type\" content=\"image\/jpeg\" \/>\n<meta name=\"author\" content=\"cfeditorfr\" \/>\n<meta name=\"twitter:card\" content=\"summary_large_image\" \/>\n<meta name=\"twitter:label1\" content=\"\u00c9crit par\" \/>\n\t<meta name=\"twitter:data1\" content=\"cfeditorfr\" \/>\n\t<meta name=\"twitter:label2\" content=\"Dur\u00e9e de lecture estim\u00e9e\" \/>\n\t<meta name=\"twitter:data2\" content=\"2 minutes\" \/>\n<script type=\"application\/ld+json\" class=\"yoast-schema-graph\">{\"@context\":\"https:\/\/schema.org\",\"@graph\":[{\"@type\":\"Article\",\"@id\":\"https:\/\/www.africa-press.net\/senegal\/politique\/amadou-ba-au-stade-alassane-djigo-je-veux-avoir-un-pacte-avec-pikine-et-tout-dakar-pour-que-dakar-devienne-une-agglomeration-de-reve#article\",\"isPartOf\":{\"@id\":\"https:\/\/www.africa-press.net\/senegal\/politique\/amadou-ba-au-stade-alassane-djigo-je-veux-avoir-un-pacte-avec-pikine-et-tout-dakar-pour-que-dakar-devienne-une-agglomeration-de-reve\"},\"author\":{\"name\":\"cfeditorfr\",\"@id\":\"https:\/\/www.africa-press.net\/senegal\/#\/schema\/person\/2b1cf3cd81a31e3cd26889ca66d677f1\"},\"headline\":\"Amadou Ba au stade Alassane Djigo : \u00ab Je veux avoir un pacte avec Pikine et tout Dakar pour que Dakar devienne une agglom\u00e9ration de r\u00eave \u00bb\",\"datePublished\":\"2024-03-22T21:06:16+00:00\",\"dateModified\":\"2024-03-22T22:49:35+00:00\",\"mainEntityOfPage\":{\"@id\":\"https:\/\/www.africa-press.net\/senegal\/politique\/amadou-ba-au-stade-alassane-djigo-je-veux-avoir-un-pacte-avec-pikine-et-tout-dakar-pour-que-dakar-devienne-une-agglomeration-de-reve\"},\"wordCount\":437,\"commentCount\":0,\"image\":{\"@id\":\"https:\/\/www.africa-press.net\/senegal\/politique\/amadou-ba-au-stade-alassane-djigo-je-veux-avoir-un-pacte-avec-pikine-et-tout-dakar-pour-que-dakar-devienne-une-agglomeration-de-reve#primaryimage\"},\"thumbnailUrl\":\"https:\/\/static.africa-press.net\/senegal\/sites\/13\/2024\/03\/sm_1711131437.237144.jpg\",\"keywords\":[\"Africa Press\",\"Africa Press-Senegal\",\"Senegal\"],\"articleSection\":[\"Politique\",\"Toutes les actualit\u00e9s\"],\"inLanguage\":\"fr-FR\",\"potentialAction\":[{\"@type\":\"CommentAction\",\"name\":\"Comment\",\"target\":[\"https:\/\/www.africa-press.net\/senegal\/politique\/amadou-ba-au-stade-alassane-djigo-je-veux-avoir-un-pacte-avec-pikine-et-tout-dakar-pour-que-dakar-devienne-une-agglomeration-de-reve#respond\"]}]},{\"@type\":\"WebPage\",\"@id\":\"https:\/\/www.africa-press.net\/senegal\/politique\/amadou-ba-au-stade-alassane-djigo-je-veux-avoir-un-pacte-avec-pikine-et-tout-dakar-pour-que-dakar-devienne-une-agglomeration-de-reve\",\"url\":\"https:\/\/www.africa-press.net\/senegal\/politique\/amadou-ba-au-stade-alassane-djigo-je-veux-avoir-un-pacte-avec-pikine-et-tout-dakar-pour-que-dakar-devienne-une-agglomeration-de-reve\",\"name\":\"Amadou Ba au stade Alassane Djigo : \u00ab Je veux avoir un pacte avec Pikine et tout Dakar pour que Dakar devienne une agglom\u00e9ration de r\u00eave \u00bb - Senegal\",\"isPartOf\":{\"@id\":\"https:\/\/www.africa-press.net\/senegal\/#website\"},\"primaryImageOfPage\":{\"@id\":\"https:\/\/www.africa-press.net\/senegal\/politique\/amadou-ba-au-stade-alassane-djigo-je-veux-avoir-un-pacte-avec-pikine-et-tout-dakar-pour-que-dakar-devienne-une-agglomeration-de-reve#primaryimage\"},\"image\":{\"@id\":\"https:\/\/www.africa-press.net\/senegal\/politique\/amadou-ba-au-stade-alassane-djigo-je-veux-avoir-un-pacte-avec-pikine-et-tout-dakar-pour-que-dakar-devienne-une-agglomeration-de-reve#primaryimage\"},\"thumbnailUrl\":\"https:\/\/static.africa-press.net\/senegal\/sites\/13\/2024\/03\/sm_1711131437.237144.jpg\",\"datePublished\":\"2024-03-22T21:06:16+00:00\",\"dateModified\":\"2024-03-22T22:49:35+00:00\",\"author\":{\"@id\":\"https:\/\/www.africa-press.net\/senegal\/#\/schema\/person\/2b1cf3cd81a31e3cd26889ca66d677f1\"},\"description\":\"Ce jeudi, le stade Alassane Djigo de Pikine a vibre\u0301. Il a accueilli le grand meeting de la coalition Benno Bokk Yaakaar ...\",\"breadcrumb\":{\"@id\":\"https:\/\/www.africa-press.net\/senegal\/politique\/amadou-ba-au-stade-alassane-djigo-je-veux-avoir-un-pacte-avec-pikine-et-tout-dakar-pour-que-dakar-devienne-une-agglomeration-de-reve#breadcrumb\"},\"inLanguage\":\"fr-FR\",\"potentialAction\":[{\"@type\":\"ReadAction\",\"target\":[\"https:\/\/www.africa-press.net\/senegal\/politique\/amadou-ba-au-stade-alassane-djigo-je-veux-avoir-un-pacte-avec-pikine-et-tout-dakar-pour-que-dakar-devienne-une-agglomeration-de-reve\"]}]},{\"@type\":\"ImageObject\",\"inLanguage\":\"fr-FR\",\"@id\":\"https:\/\/www.africa-press.net\/senegal\/politique\/amadou-ba-au-stade-alassane-djigo-je-veux-avoir-un-pacte-avec-pikine-et-tout-dakar-pour-que-dakar-devienne-une-agglomeration-de-reve#primaryimage\",\"url\":\"https:\/\/static.africa-press.net\/senegal\/sites\/13\/2024\/03\/sm_1711131437.237144.jpg\",\"contentUrl\":\"https:\/\/static.africa-press.net\/senegal\/sites\/13\/2024\/03\/sm_1711131437.237144.jpg\",\"width\":880,\"height\":542,\"caption\":\"Amadou Ba au stade Alassane Djigo : \u00ab Je veux avoir un pacte avec Pikine et tout Dakar pour que Dakar devienne une agglom\u00e9ration de r\u00eave \u00bb\"},{\"@type\":\"BreadcrumbList\",\"@id\":\"https:\/\/www.africa-press.net\/senegal\/politique\/amadou-ba-au-stade-alassane-djigo-je-veux-avoir-un-pacte-avec-pikine-et-tout-dakar-pour-que-dakar-devienne-une-agglomeration-de-reve#breadcrumb\",\"itemListElement\":[{\"@type\":\"ListItem\",\"position\":1,\"name\":\"Accueil\",\"item\":\"https:\/\/www.africa-press.net\/senegal\/\"},{\"@type\":\"ListItem\",\"position\":2,\"name\":\"Amadou Ba au stade Alassane Djigo : \u00ab Je veux avoir un pacte avec Pikine et tout Dakar pour que Dakar devienne une agglom\u00e9ration de r\u00eave \u00bb\"}]},{\"@type\":\"WebSite\",\"@id\":\"https:\/\/www.africa-press.net\/senegal\/#website\",\"url\":\"https:\/\/www.africa-press.net\/senegal\/\",\"name\":\"Africa Press | Senegal | Homepage\",\"description\":\"Just another Africa News Agency Sites site\",\"potentialAction\":[{\"@type\":\"SearchAction\",\"target\":{\"@type\":\"EntryPoint\",\"urlTemplate\":\"https:\/\/www.africa-press.net\/senegal\/?s={search_term_string}\"},\"query-input\":{\"@type\":\"PropertyValueSpecification\",\"valueRequired\":true,\"valueName\":\"search_term_string\"}}],\"inLanguage\":\"fr-FR\"},{\"@type\":\"Person\",\"@id\":\"https:\/\/www.africa-press.net\/senegal\/#\/schema\/person\/2b1cf3cd81a31e3cd26889ca66d677f1\",\"name\":\"cfeditorfr\",\"url\":\"https:\/\/www.africa-press.net\/senegal\/author\/cfeditorfr\"}]}<\/script>\n<!-- \/ Yoast SEO Premium plugin. -->","yoast_head_json":{"title":"Amadou Ba au stade Alassane Djigo : \u00ab Je veux avoir un pacte avec Pikine et tout Dakar pour que Dakar devienne une agglom\u00e9ration de r\u00eave \u00bb - Senegal","description":"Ce jeudi, le stade Alassane Djigo de Pikine a vibre\u0301. Il a accueilli le grand meeting de la coalition Benno Bokk Yaakaar ...","robots":{"index":"index","follow":"follow","max-snippet":"max-snippet:-1","max-image-preview":"max-image-preview:large","max-video-preview":"max-video-preview:-1"},"canonical":"https:\/\/www.africa-press.net\/senegal\/politique\/amadou-ba-au-stade-alassane-djigo-je-veux-avoir-un-pacte-avec-pikine-et-tout-dakar-pour-que-dakar-devienne-une-agglomeration-de-reve","og_locale":"fr_FR","og_type":"article","og_title":"Amadou Ba au stade Alassane Djigo : \u00ab Je veux avoir un pacte avec Pikine et tout Dakar pour que Dakar devienne une agglom\u00e9ration de r\u00eave \u00bb","og_description":"Ce jeudi, le stade Alassane Djigo de Pikine a vibre\u0301. Il a accueilli le grand meeting de la coalition Benno Bokk Yaakaar ...","og_url":"https:\/\/www.africa-press.net\/senegal\/politique\/amadou-ba-au-stade-alassane-djigo-je-veux-avoir-un-pacte-avec-pikine-et-tout-dakar-pour-que-dakar-devienne-une-agglomeration-de-reve","og_site_name":"Senegal","article_published_time":"2024-03-22T21:06:16+00:00","article_modified_time":"2024-03-22T22:49:35+00:00","og_image":[{"width":880,"height":542,"url":"https:\/\/static.africa-press.net\/senegal\/sites\/13\/2024\/03\/sm_1711131437.237144.jpg","type":"image\/jpeg"}],"author":"cfeditorfr","twitter_card":"summary_large_image","twitter_misc":{"\u00c9crit par":"cfeditorfr","Dur\u00e9e de lecture estim\u00e9e":"2 minutes"},"schema":{"@context":"https:\/\/schema.org","@graph":[{"@type":"Article","@id":"https:\/\/www.africa-press.net\/senegal\/politique\/amadou-ba-au-stade-alassane-djigo-je-veux-avoir-un-pacte-avec-pikine-et-tout-dakar-pour-que-dakar-devienne-une-agglomeration-de-reve#article","isPartOf":{"@id":"https:\/\/www.africa-press.net\/senegal\/politique\/amadou-ba-au-stade-alassane-djigo-je-veux-avoir-un-pacte-avec-pikine-et-tout-dakar-pour-que-dakar-devienne-une-agglomeration-de-reve"},"author":{"name":"cfeditorfr","@id":"https:\/\/www.africa-press.net\/senegal\/#\/schema\/person\/2b1cf3cd81a31e3cd26889ca66d677f1"},"headline":"Amadou Ba au stade Alassane Djigo : \u00ab Je veux avoir un pacte avec Pikine et tout Dakar pour que Dakar devienne une agglom\u00e9ration de r\u00eave \u00bb","datePublished":"2024-03-22T21:06:16+00:00","dateModified":"2024-03-22T22:49:35+00:00","mainEntityOfPage":{"@id":"https:\/\/www.africa-press.net\/senegal\/politique\/amadou-ba-au-stade-alassane-djigo-je-veux-avoir-un-pacte-avec-pikine-et-tout-dakar-pour-que-dakar-devienne-une-agglomeration-de-reve"},"wordCount":437,"commentCount":0,"image":{"@id":"https:\/\/www.africa-press.net\/senegal\/politique\/amadou-ba-au-stade-alassane-djigo-je-veux-avoir-un-pacte-avec-pikine-et-tout-dakar-pour-que-dakar-devienne-une-agglomeration-de-reve#primaryimage"},"thumbnailUrl":"https:\/\/static.africa-press.net\/senegal\/sites\/13\/2024\/03\/sm_1711131437.237144.jpg","keywords":["Africa Press","Africa Press-Senegal","Senegal"],"articleSection":["Politique","Toutes les actualit\u00e9s"],"inLanguage":"fr-FR","potentialAction":[{"@type":"CommentAction","name":"Comment","target":["https:\/\/www.africa-press.net\/senegal\/politique\/amadou-ba-au-stade-alassane-djigo-je-veux-avoir-un-pacte-avec-pikine-et-tout-dakar-pour-que-dakar-devienne-une-agglomeration-de-reve#respond"]}]},{"@type":"WebPage","@id":"https:\/\/www.africa-press.net\/senegal\/politique\/amadou-ba-au-stade-alassane-djigo-je-veux-avoir-un-pacte-avec-pikine-et-tout-dakar-pour-que-dakar-devienne-une-agglomeration-de-reve","url":"https:\/\/www.africa-press.net\/senegal\/politique\/amadou-ba-au-stade-alassane-djigo-je-veux-avoir-un-pacte-avec-pikine-et-tout-dakar-pour-que-dakar-devienne-une-agglomeration-de-reve","name":"Amadou Ba au stade Alassane Djigo : \u00ab Je veux avoir un pacte avec Pikine et tout Dakar pour que Dakar devienne une agglom\u00e9ration de r\u00eave \u00bb - Senegal","isPartOf":{"@id":"https:\/\/www.africa-press.net\/senegal\/#website"},"primaryImageOfPage":{"@id":"https:\/\/www.africa-press.net\/senegal\/politique\/amadou-ba-au-stade-alassane-djigo-je-veux-avoir-un-pacte-avec-pikine-et-tout-dakar-pour-que-dakar-devienne-une-agglomeration-de-reve#primaryimage"},"image":{"@id":"https:\/\/www.africa-press.net\/senegal\/politique\/amadou-ba-au-stade-alassane-djigo-je-veux-avoir-un-pacte-avec-pikine-et-tout-dakar-pour-que-dakar-devienne-une-agglomeration-de-reve#primaryimage"},"thumbnailUrl":"https:\/\/static.africa-press.net\/senegal\/sites\/13\/2024\/03\/sm_1711131437.237144.jpg","datePublished":"2024-03-22T21:06:16+00:00","dateModified":"2024-03-22T22:49:35+00:00","author":{"@id":"https:\/\/www.africa-press.net\/senegal\/#\/schema\/person\/2b1cf3cd81a31e3cd26889ca66d677f1"},"description":"Ce jeudi, le stade Alassane Djigo de Pikine a vibre\u0301. Il a accueilli le grand meeting de la coalition Benno Bokk Yaakaar ...","breadcrumb":{"@id":"https:\/\/www.africa-press.net\/senegal\/politique\/amadou-ba-au-stade-alassane-djigo-je-veux-avoir-un-pacte-avec-pikine-et-tout-dakar-pour-que-dakar-devienne-une-agglomeration-de-reve#breadcrumb"},"inLanguage":"fr-FR","potentialAction":[{"@type":"ReadAction","target":["https:\/\/www.africa-press.net\/senegal\/politique\/amadou-ba-au-stade-alassane-djigo-je-veux-avoir-un-pacte-avec-pikine-et-tout-dakar-pour-que-dakar-devienne-une-agglomeration-de-reve"]}]},{"@type":"ImageObject","inLanguage":"fr-FR","@id":"https:\/\/www.africa-press.net\/senegal\/politique\/amadou-ba-au-stade-alassane-djigo-je-veux-avoir-un-pacte-avec-pikine-et-tout-dakar-pour-que-dakar-devienne-une-agglomeration-de-reve#primaryimage","url":"https:\/\/static.africa-press.net\/senegal\/sites\/13\/2024\/03\/sm_1711131437.237144.jpg","contentUrl":"https:\/\/static.africa-press.net\/senegal\/sites\/13\/2024\/03\/sm_1711131437.237144.jpg","width":880,"height":542,"caption":"Amadou Ba au stade Alassane Djigo : \u00ab Je veux avoir un pacte avec Pikine et tout Dakar pour que Dakar devienne une agglom\u00e9ration de r\u00eave \u00bb"},{"@type":"BreadcrumbList","@id":"https:\/\/www.africa-press.net\/senegal\/politique\/amadou-ba-au-stade-alassane-djigo-je-veux-avoir-un-pacte-avec-pikine-et-tout-dakar-pour-que-dakar-devienne-une-agglomeration-de-reve#breadcrumb","itemListElement":[{"@type":"ListItem","position":1,"name":"Accueil","item":"https:\/\/www.africa-press.net\/senegal\/"},{"@type":"ListItem","position":2,"name":"Amadou Ba au stade Alassane Djigo : \u00ab Je veux avoir un pacte avec Pikine et tout Dakar pour que Dakar devienne une agglom\u00e9ration de r\u00eave \u00bb"}]},{"@type":"WebSite","@id":"https:\/\/www.africa-press.net\/senegal\/#website","url":"https:\/\/www.africa-press.net\/senegal\/","name":"Africa Press | Senegal | Homepage","description":"Just another Africa News Agency Sites site","potentialAction":[{"@type":"SearchAction","target":{"@type":"EntryPoint","urlTemplate":"https:\/\/www.africa-press.net\/senegal\/?s={search_term_string}"},"query-input":{"@type":"PropertyValueSpecification","valueRequired":true,"valueName":"search_term_string"}}],"inLanguage":"fr-FR"},{"@type":"Person","@id":"https:\/\/www.africa-press.net\/senegal\/#\/schema\/person\/2b1cf3cd81a31e3cd26889ca66d677f1","name":"cfeditorfr","url":"https:\/\/www.africa-press.net\/senegal\/author\/cfeditorfr"}]}},"_links":{"self":[{"href":"https:\/\/www.africa-press.net\/senegal\/wp-json\/wp\/v2\/posts\/57209","targetHints":{"allow":["GET"]}}],"collection":[{"href":"https:\/\/www.africa-press.net\/senegal\/wp-json\/wp\/v2\/posts"}],"about":[{"href":"https:\/\/www.africa-press.net\/senegal\/wp-json\/wp\/v2\/types\/post"}],"author":[{"embeddable":true,"href":"https:\/\/www.africa-press.net\/senegal\/wp-json\/wp\/v2\/users\/82"}],"replies":[{"embeddable":true,"href":"https:\/\/www.africa-press.net\/senegal\/wp-json\/wp\/v2\/comments?post=57209"}],"version-history":[{"count":0,"href":"https:\/\/www.africa-press.net\/senegal\/wp-json\/wp\/v2\/posts\/57209\/revisions"}],"wp:featuredmedia":[{"embeddable":true,"href":"https:\/\/www.africa-press.net\/senegal\/wp-json\/wp\/v2\/media\/57208"}],"wp:attachment":[{"href":"https:\/\/www.africa-press.net\/senegal\/wp-json\/wp\/v2\/media?parent=57209"}],"wp:term":[{"taxonomy":"category","embeddable":true,"href":"https:\/\/www.africa-press.net\/senegal\/wp-json\/wp\/v2\/categories?post=57209"},{"taxonomy":"post_tag","embeddable":true,"href":"https:\/\/www.africa-press.net\/senegal\/wp-json\/wp\/v2\/tags?post=57209"}],"curies":[{"name":"wp","href":"https:\/\/api.w.org\/{rel}","templated":true}]}}