{"id":57212,"date":"2024-03-22T21:09:50","date_gmt":"2024-03-22T21:09:50","guid":{"rendered":"https:\/\/www.africa-press.net\/senegal\/politique\/fatick-therese-faye-diouf-a-amadou-ba-on-va-vous-elire-pour-la-continuite"},"modified":"2024-03-22T22:51:05","modified_gmt":"2024-03-22T22:51:05","slug":"fatick-therese-faye-diouf-a-amadou-ba-on-va-vous-elire-pour-la-continuite","status":"publish","type":"post","link":"https:\/\/www.africa-press.net\/senegal\/politique\/fatick-therese-faye-diouf-a-amadou-ba-on-va-vous-elire-pour-la-continuite","title":{"rendered":"Fatick-Th\u00e9r\u00e8se Faye Diouf \u00e0 Amadou Ba : \u00abOn va vous \u00e9lire pour la continuit\u00e9 \u00bb"},"content":{"rendered":"<p><span style=\"color: #ff6600\"><strong>Africa-Press &#8211; Senegal. <\/strong><\/span>La campagne e\u0301lectorale du candidat de la coalition Benno Bokk Yaakaar (BBY) bat son plein au centre du pays. Apre\u0300s Guinguine\u0301o, Gossas, Diourbel, Bambey et Niakhar, c\u2019est au tour de Fatick de recevoir l\u2019ancien Premier ministre.<\/p>\n<p>Ici,dans le royaume d\u2019enfance de son mentor, Amadou Ba a e\u0301te\u0301 accueilli en grande pompe et avec tous les honneurs par les responsables politiques de BBY. Une forte mobilisation des populations qui de\u0301montre l\u2019engagement, la de\u0301termination mais surtout la ferme volonte\u0301 de tous de faire de leur candidat le 5e\u0300me Pre\u0301sident de la Re\u0301publique du Se\u0301ne\u0301gal.<\/p>\n<p>La cite\u0301 de Mame Mindis est fie\u0300re de son fils, Macky Sall. Elle l\u2019est tout autant pour celui qu\u2019il a choisi parmi tous les postulants a\u0300 la candidature du Benno, Amadou Ba.<\/p>\n<p><b>\u00abUne opposition qui manipule \u00bb<\/b><\/p>\n<p>Ainsi, apre\u0300s cet accueil chaleureux, un me\u0301ga meeting s\u2019est tenu a\u0300 l\u2019esplanade de Fatick, en face de la mairie. Cette rencontre politique a\u0300 l\u2019allure d\u2019une fe\u0302te, a note\u0301 la pre\u0301sence de tous les responsables, a\u0300 savoir le maire Matar Ba\u0302, le ministre Cheikh Kante\u0301, la ministre The\u0301re\u0300se Faye Diouf, l\u2019ancien ministre Moi\u0308se Sarr, entre autres.<\/p>\n<p>Sur place, The\u0301re\u0300se Faye Diouf a indique\u0301 pourquoi Fatick a de\u0301cide\u0301 de soutenir Amadou Ba ? \u00abLe dimanche, on va vous e\u0301lire Incha&rsquo;Allah. Nous allons voter pour la continuite\u0301 \u00bb, a promis l\u2019e\u0301dile de Ndiare\u0300re, qui signale qu\u2019ils ont en face d\u2019eux \u00ab une opposition qui manipule \u00bb.<\/p>\n<p>Le candidat coalition pre\u0301sidentielle, apre\u0300s avoir rendu un hommage me\u0301rite\u0301 au Pre\u0301sident Macky Sall et a\u0300 la Premie\u0300re dame, s\u2019est re\u0301joui de l\u2019accueil qui lui a e\u0301te\u0301 re\u0301serve\u0301 par ses camarades. Il a e\u0301galement profite\u0301 de l\u2019occasion pour de\u0301voiler son programme au profit des jeunes et pour la fertilite\u0301 du sol, qui a atteint un degre\u0301 de salinisation.<\/p>\n<p><strong>Pour plus d&rsquo;informations et d&rsquo;analyses sur la <a href=\"https:\/\/www.africa-press.net\/senegal\">Senegal<\/a>, suivez <a href=\"https:\/\/www.africa-press.net\/\">Africa-Press<\/a><\/strong><\/p>\n","protected":false},"excerpt":{"rendered":"<p>Africa-Press &#8211; Senegal. La campagne e\u0301lectorale du candidat de la coalition Benno Bokk Yaakaar (BBY) bat son plein au centre du pays. Apre\u0300s Guinguine\u0301o, Gossas, Diourbel, Bambey et Niakhar, c\u2019est au tour de Fatick de recevoir l\u2019ancien Premier ministre. Ici,dans le royaume d\u2019enfance de son mentor, Amadou Ba a e\u0301te\u0301 accueilli en grande pompe et [&hellip;]<\/p>\n","protected":false},"author":82,"featured_media":57210,"comment_status":"open","ping_status":"closed","sticky":false,"template":"","format":"standard","meta":{"footnotes":""},"categories":[2,10],"tags":[43,47,44],"class_list":["post-57212","post","type-post","status-publish","format-standard","has-post-thumbnail","hentry","category-politique","category-toutes-les-actualites","tag-africa-press-2","tag-africa-press-senegal","tag-senegal-2"],"yoast_head":"<!-- This site is optimized with the Yoast SEO Premium plugin v26.1 (Yoast SEO v27.0) - https:\/\/yoast.com\/product\/yoast-seo-premium-wordpress\/ -->\n<title>Fatick-Th\u00e9r\u00e8se Faye Diouf \u00e0 Amadou Ba : \u00abOn va vous \u00e9lire pour la continuit\u00e9 \u00bb - Senegal<\/title>\n<meta name=\"description\" content=\"La campagne e\u0301lectorale du candidat de la coalition Benno Bokk Yaakaar (BBY) bat son plein au centre du pays. Apre\u0300s Gui ...\" \/>\n<meta name=\"robots\" content=\"index, follow, max-snippet:-1, max-image-preview:large, max-video-preview:-1\" \/>\n<link rel=\"canonical\" href=\"https:\/\/www.africa-press.net\/senegal\/politique\/fatick-therese-faye-diouf-a-amadou-ba-on-va-vous-elire-pour-la-continuite\" \/>\n<meta property=\"og:locale\" content=\"fr_FR\" \/>\n<meta property=\"og:type\" content=\"article\" \/>\n<meta property=\"og:title\" content=\"Fatick-Th\u00e9r\u00e8se Faye Diouf \u00e0 Amadou Ba : \u00abOn va vous \u00e9lire pour la continuit\u00e9 \u00bb\" \/>\n<meta property=\"og:description\" content=\"La campagne e\u0301lectorale du candidat de la coalition Benno Bokk Yaakaar (BBY) bat son plein au centre du pays. Apre\u0300s Gui ...\" \/>\n<meta property=\"og:url\" content=\"https:\/\/www.africa-press.net\/senegal\/politique\/fatick-therese-faye-diouf-a-amadou-ba-on-va-vous-elire-pour-la-continuite\" \/>\n<meta property=\"og:site_name\" content=\"Senegal\" \/>\n<meta property=\"article:published_time\" content=\"2024-03-22T21:09:50+00:00\" \/>\n<meta property=\"article:modified_time\" content=\"2024-03-22T22:51:05+00:00\" \/>\n<meta property=\"og:image\" content=\"https:\/\/static.africa-press.net\/senegal\/sites\/13\/2024\/03\/sm_1711131497.299903.jpg\" \/>\n\t<meta property=\"og:image:width\" content=\"1060\" \/>\n\t<meta property=\"og:image:height\" content=\"574\" \/>\n\t<meta property=\"og:image:type\" content=\"image\/jpeg\" \/>\n<meta name=\"author\" content=\"cfeditorfr\" \/>\n<meta name=\"twitter:card\" content=\"summary_large_image\" \/>\n<meta name=\"twitter:label1\" content=\"\u00c9crit par\" \/>\n\t<meta name=\"twitter:data1\" content=\"cfeditorfr\" \/>\n\t<meta name=\"twitter:label2\" content=\"Dur\u00e9e de lecture estim\u00e9e\" \/>\n\t<meta name=\"twitter:data2\" content=\"2 minutes\" \/>\n<script type=\"application\/ld+json\" class=\"yoast-schema-graph\">{\"@context\":\"https:\/\/schema.org\",\"@graph\":[{\"@type\":\"Article\",\"@id\":\"https:\/\/www.africa-press.net\/senegal\/politique\/fatick-therese-faye-diouf-a-amadou-ba-on-va-vous-elire-pour-la-continuite#article\",\"isPartOf\":{\"@id\":\"https:\/\/www.africa-press.net\/senegal\/politique\/fatick-therese-faye-diouf-a-amadou-ba-on-va-vous-elire-pour-la-continuite\"},\"author\":{\"name\":\"cfeditorfr\",\"@id\":\"https:\/\/www.africa-press.net\/senegal\/#\/schema\/person\/2b1cf3cd81a31e3cd26889ca66d677f1\"},\"headline\":\"Fatick-Th\u00e9r\u00e8se Faye Diouf \u00e0 Amadou Ba : \u00abOn va vous \u00e9lire pour la continuit\u00e9 \u00bb\",\"datePublished\":\"2024-03-22T21:09:50+00:00\",\"dateModified\":\"2024-03-22T22:51:05+00:00\",\"mainEntityOfPage\":{\"@id\":\"https:\/\/www.africa-press.net\/senegal\/politique\/fatick-therese-faye-diouf-a-amadou-ba-on-va-vous-elire-pour-la-continuite\"},\"wordCount\":368,\"commentCount\":0,\"image\":{\"@id\":\"https:\/\/www.africa-press.net\/senegal\/politique\/fatick-therese-faye-diouf-a-amadou-ba-on-va-vous-elire-pour-la-continuite#primaryimage\"},\"thumbnailUrl\":\"https:\/\/static.africa-press.net\/senegal\/sites\/13\/2024\/03\/sm_1711131497.299903.jpg\",\"keywords\":[\"Africa Press\",\"Africa Press-Senegal\",\"Senegal\"],\"articleSection\":[\"Politique\",\"Toutes les actualit\u00e9s\"],\"inLanguage\":\"fr-FR\",\"potentialAction\":[{\"@type\":\"CommentAction\",\"name\":\"Comment\",\"target\":[\"https:\/\/www.africa-press.net\/senegal\/politique\/fatick-therese-faye-diouf-a-amadou-ba-on-va-vous-elire-pour-la-continuite#respond\"]}]},{\"@type\":\"WebPage\",\"@id\":\"https:\/\/www.africa-press.net\/senegal\/politique\/fatick-therese-faye-diouf-a-amadou-ba-on-va-vous-elire-pour-la-continuite\",\"url\":\"https:\/\/www.africa-press.net\/senegal\/politique\/fatick-therese-faye-diouf-a-amadou-ba-on-va-vous-elire-pour-la-continuite\",\"name\":\"Fatick-Th\u00e9r\u00e8se Faye Diouf \u00e0 Amadou Ba : \u00abOn va vous \u00e9lire pour la continuit\u00e9 \u00bb - Senegal\",\"isPartOf\":{\"@id\":\"https:\/\/www.africa-press.net\/senegal\/#website\"},\"primaryImageOfPage\":{\"@id\":\"https:\/\/www.africa-press.net\/senegal\/politique\/fatick-therese-faye-diouf-a-amadou-ba-on-va-vous-elire-pour-la-continuite#primaryimage\"},\"image\":{\"@id\":\"https:\/\/www.africa-press.net\/senegal\/politique\/fatick-therese-faye-diouf-a-amadou-ba-on-va-vous-elire-pour-la-continuite#primaryimage\"},\"thumbnailUrl\":\"https:\/\/static.africa-press.net\/senegal\/sites\/13\/2024\/03\/sm_1711131497.299903.jpg\",\"datePublished\":\"2024-03-22T21:09:50+00:00\",\"dateModified\":\"2024-03-22T22:51:05+00:00\",\"author\":{\"@id\":\"https:\/\/www.africa-press.net\/senegal\/#\/schema\/person\/2b1cf3cd81a31e3cd26889ca66d677f1\"},\"description\":\"La campagne e\u0301lectorale du candidat de la coalition Benno Bokk Yaakaar (BBY) bat son plein au centre du pays. Apre\u0300s Gui ...\",\"breadcrumb\":{\"@id\":\"https:\/\/www.africa-press.net\/senegal\/politique\/fatick-therese-faye-diouf-a-amadou-ba-on-va-vous-elire-pour-la-continuite#breadcrumb\"},\"inLanguage\":\"fr-FR\",\"potentialAction\":[{\"@type\":\"ReadAction\",\"target\":[\"https:\/\/www.africa-press.net\/senegal\/politique\/fatick-therese-faye-diouf-a-amadou-ba-on-va-vous-elire-pour-la-continuite\"]}]},{\"@type\":\"ImageObject\",\"inLanguage\":\"fr-FR\",\"@id\":\"https:\/\/www.africa-press.net\/senegal\/politique\/fatick-therese-faye-diouf-a-amadou-ba-on-va-vous-elire-pour-la-continuite#primaryimage\",\"url\":\"https:\/\/static.africa-press.net\/senegal\/sites\/13\/2024\/03\/sm_1711131497.299903.jpg\",\"contentUrl\":\"https:\/\/static.africa-press.net\/senegal\/sites\/13\/2024\/03\/sm_1711131497.299903.jpg\",\"width\":1060,\"height\":574,\"caption\":\"Fatick-Th\u00e9r\u00e8se Faye Diouf \u00e0 Amadou Ba : \u00abOn va vous \u00e9lire pour la continuit\u00e9 \u00bb\"},{\"@type\":\"BreadcrumbList\",\"@id\":\"https:\/\/www.africa-press.net\/senegal\/politique\/fatick-therese-faye-diouf-a-amadou-ba-on-va-vous-elire-pour-la-continuite#breadcrumb\",\"itemListElement\":[{\"@type\":\"ListItem\",\"position\":1,\"name\":\"Accueil\",\"item\":\"https:\/\/www.africa-press.net\/senegal\/\"},{\"@type\":\"ListItem\",\"position\":2,\"name\":\"Fatick-Th\u00e9r\u00e8se Faye Diouf \u00e0 Amadou Ba : \u00abOn va vous \u00e9lire pour la continuit\u00e9 \u00bb\"}]},{\"@type\":\"WebSite\",\"@id\":\"https:\/\/www.africa-press.net\/senegal\/#website\",\"url\":\"https:\/\/www.africa-press.net\/senegal\/\",\"name\":\"Africa Press | Senegal | Homepage\",\"description\":\"Just another Africa News Agency Sites site\",\"potentialAction\":[{\"@type\":\"SearchAction\",\"target\":{\"@type\":\"EntryPoint\",\"urlTemplate\":\"https:\/\/www.africa-press.net\/senegal\/?s={search_term_string}\"},\"query-input\":{\"@type\":\"PropertyValueSpecification\",\"valueRequired\":true,\"valueName\":\"search_term_string\"}}],\"inLanguage\":\"fr-FR\"},{\"@type\":\"Person\",\"@id\":\"https:\/\/www.africa-press.net\/senegal\/#\/schema\/person\/2b1cf3cd81a31e3cd26889ca66d677f1\",\"name\":\"cfeditorfr\",\"url\":\"https:\/\/www.africa-press.net\/senegal\/author\/cfeditorfr\"}]}<\/script>\n<!-- \/ Yoast SEO Premium plugin. -->","yoast_head_json":{"title":"Fatick-Th\u00e9r\u00e8se Faye Diouf \u00e0 Amadou Ba : \u00abOn va vous \u00e9lire pour la continuit\u00e9 \u00bb - Senegal","description":"La campagne e\u0301lectorale du candidat de la coalition Benno Bokk Yaakaar (BBY) bat son plein au centre du pays. Apre\u0300s Gui ...","robots":{"index":"index","follow":"follow","max-snippet":"max-snippet:-1","max-image-preview":"max-image-preview:large","max-video-preview":"max-video-preview:-1"},"canonical":"https:\/\/www.africa-press.net\/senegal\/politique\/fatick-therese-faye-diouf-a-amadou-ba-on-va-vous-elire-pour-la-continuite","og_locale":"fr_FR","og_type":"article","og_title":"Fatick-Th\u00e9r\u00e8se Faye Diouf \u00e0 Amadou Ba : \u00abOn va vous \u00e9lire pour la continuit\u00e9 \u00bb","og_description":"La campagne e\u0301lectorale du candidat de la coalition Benno Bokk Yaakaar (BBY) bat son plein au centre du pays. Apre\u0300s Gui ...","og_url":"https:\/\/www.africa-press.net\/senegal\/politique\/fatick-therese-faye-diouf-a-amadou-ba-on-va-vous-elire-pour-la-continuite","og_site_name":"Senegal","article_published_time":"2024-03-22T21:09:50+00:00","article_modified_time":"2024-03-22T22:51:05+00:00","og_image":[{"width":1060,"height":574,"url":"https:\/\/static.africa-press.net\/senegal\/sites\/13\/2024\/03\/sm_1711131497.299903.jpg","type":"image\/jpeg"}],"author":"cfeditorfr","twitter_card":"summary_large_image","twitter_misc":{"\u00c9crit par":"cfeditorfr","Dur\u00e9e de lecture estim\u00e9e":"2 minutes"},"schema":{"@context":"https:\/\/schema.org","@graph":[{"@type":"Article","@id":"https:\/\/www.africa-press.net\/senegal\/politique\/fatick-therese-faye-diouf-a-amadou-ba-on-va-vous-elire-pour-la-continuite#article","isPartOf":{"@id":"https:\/\/www.africa-press.net\/senegal\/politique\/fatick-therese-faye-diouf-a-amadou-ba-on-va-vous-elire-pour-la-continuite"},"author":{"name":"cfeditorfr","@id":"https:\/\/www.africa-press.net\/senegal\/#\/schema\/person\/2b1cf3cd81a31e3cd26889ca66d677f1"},"headline":"Fatick-Th\u00e9r\u00e8se Faye Diouf \u00e0 Amadou Ba : \u00abOn va vous \u00e9lire pour la continuit\u00e9 \u00bb","datePublished":"2024-03-22T21:09:50+00:00","dateModified":"2024-03-22T22:51:05+00:00","mainEntityOfPage":{"@id":"https:\/\/www.africa-press.net\/senegal\/politique\/fatick-therese-faye-diouf-a-amadou-ba-on-va-vous-elire-pour-la-continuite"},"wordCount":368,"commentCount":0,"image":{"@id":"https:\/\/www.africa-press.net\/senegal\/politique\/fatick-therese-faye-diouf-a-amadou-ba-on-va-vous-elire-pour-la-continuite#primaryimage"},"thumbnailUrl":"https:\/\/static.africa-press.net\/senegal\/sites\/13\/2024\/03\/sm_1711131497.299903.jpg","keywords":["Africa Press","Africa Press-Senegal","Senegal"],"articleSection":["Politique","Toutes les actualit\u00e9s"],"inLanguage":"fr-FR","potentialAction":[{"@type":"CommentAction","name":"Comment","target":["https:\/\/www.africa-press.net\/senegal\/politique\/fatick-therese-faye-diouf-a-amadou-ba-on-va-vous-elire-pour-la-continuite#respond"]}]},{"@type":"WebPage","@id":"https:\/\/www.africa-press.net\/senegal\/politique\/fatick-therese-faye-diouf-a-amadou-ba-on-va-vous-elire-pour-la-continuite","url":"https:\/\/www.africa-press.net\/senegal\/politique\/fatick-therese-faye-diouf-a-amadou-ba-on-va-vous-elire-pour-la-continuite","name":"Fatick-Th\u00e9r\u00e8se Faye Diouf \u00e0 Amadou Ba : \u00abOn va vous \u00e9lire pour la continuit\u00e9 \u00bb - Senegal","isPartOf":{"@id":"https:\/\/www.africa-press.net\/senegal\/#website"},"primaryImageOfPage":{"@id":"https:\/\/www.africa-press.net\/senegal\/politique\/fatick-therese-faye-diouf-a-amadou-ba-on-va-vous-elire-pour-la-continuite#primaryimage"},"image":{"@id":"https:\/\/www.africa-press.net\/senegal\/politique\/fatick-therese-faye-diouf-a-amadou-ba-on-va-vous-elire-pour-la-continuite#primaryimage"},"thumbnailUrl":"https:\/\/static.africa-press.net\/senegal\/sites\/13\/2024\/03\/sm_1711131497.299903.jpg","datePublished":"2024-03-22T21:09:50+00:00","dateModified":"2024-03-22T22:51:05+00:00","author":{"@id":"https:\/\/www.africa-press.net\/senegal\/#\/schema\/person\/2b1cf3cd81a31e3cd26889ca66d677f1"},"description":"La campagne e\u0301lectorale du candidat de la coalition Benno Bokk Yaakaar (BBY) bat son plein au centre du pays. Apre\u0300s Gui ...","breadcrumb":{"@id":"https:\/\/www.africa-press.net\/senegal\/politique\/fatick-therese-faye-diouf-a-amadou-ba-on-va-vous-elire-pour-la-continuite#breadcrumb"},"inLanguage":"fr-FR","potentialAction":[{"@type":"ReadAction","target":["https:\/\/www.africa-press.net\/senegal\/politique\/fatick-therese-faye-diouf-a-amadou-ba-on-va-vous-elire-pour-la-continuite"]}]},{"@type":"ImageObject","inLanguage":"fr-FR","@id":"https:\/\/www.africa-press.net\/senegal\/politique\/fatick-therese-faye-diouf-a-amadou-ba-on-va-vous-elire-pour-la-continuite#primaryimage","url":"https:\/\/static.africa-press.net\/senegal\/sites\/13\/2024\/03\/sm_1711131497.299903.jpg","contentUrl":"https:\/\/static.africa-press.net\/senegal\/sites\/13\/2024\/03\/sm_1711131497.299903.jpg","width":1060,"height":574,"caption":"Fatick-Th\u00e9r\u00e8se Faye Diouf \u00e0 Amadou Ba : \u00abOn va vous \u00e9lire pour la continuit\u00e9 \u00bb"},{"@type":"BreadcrumbList","@id":"https:\/\/www.africa-press.net\/senegal\/politique\/fatick-therese-faye-diouf-a-amadou-ba-on-va-vous-elire-pour-la-continuite#breadcrumb","itemListElement":[{"@type":"ListItem","position":1,"name":"Accueil","item":"https:\/\/www.africa-press.net\/senegal\/"},{"@type":"ListItem","position":2,"name":"Fatick-Th\u00e9r\u00e8se Faye Diouf \u00e0 Amadou Ba : \u00abOn va vous \u00e9lire pour la continuit\u00e9 \u00bb"}]},{"@type":"WebSite","@id":"https:\/\/www.africa-press.net\/senegal\/#website","url":"https:\/\/www.africa-press.net\/senegal\/","name":"Africa Press | Senegal | Homepage","description":"Just another Africa News Agency Sites site","potentialAction":[{"@type":"SearchAction","target":{"@type":"EntryPoint","urlTemplate":"https:\/\/www.africa-press.net\/senegal\/?s={search_term_string}"},"query-input":{"@type":"PropertyValueSpecification","valueRequired":true,"valueName":"search_term_string"}}],"inLanguage":"fr-FR"},{"@type":"Person","@id":"https:\/\/www.africa-press.net\/senegal\/#\/schema\/person\/2b1cf3cd81a31e3cd26889ca66d677f1","name":"cfeditorfr","url":"https:\/\/www.africa-press.net\/senegal\/author\/cfeditorfr"}]}},"_links":{"self":[{"href":"https:\/\/www.africa-press.net\/senegal\/wp-json\/wp\/v2\/posts\/57212","targetHints":{"allow":["GET"]}}],"collection":[{"href":"https:\/\/www.africa-press.net\/senegal\/wp-json\/wp\/v2\/posts"}],"about":[{"href":"https:\/\/www.africa-press.net\/senegal\/wp-json\/wp\/v2\/types\/post"}],"author":[{"embeddable":true,"href":"https:\/\/www.africa-press.net\/senegal\/wp-json\/wp\/v2\/users\/82"}],"replies":[{"embeddable":true,"href":"https:\/\/www.africa-press.net\/senegal\/wp-json\/wp\/v2\/comments?post=57212"}],"version-history":[{"count":0,"href":"https:\/\/www.africa-press.net\/senegal\/wp-json\/wp\/v2\/posts\/57212\/revisions"}],"wp:featuredmedia":[{"embeddable":true,"href":"https:\/\/www.africa-press.net\/senegal\/wp-json\/wp\/v2\/media\/57210"}],"wp:attachment":[{"href":"https:\/\/www.africa-press.net\/senegal\/wp-json\/wp\/v2\/media?parent=57212"}],"wp:term":[{"taxonomy":"category","embeddable":true,"href":"https:\/\/www.africa-press.net\/senegal\/wp-json\/wp\/v2\/categories?post=57212"},{"taxonomy":"post_tag","embeddable":true,"href":"https:\/\/www.africa-press.net\/senegal\/wp-json\/wp\/v2\/tags?post=57212"}],"curies":[{"name":"wp","href":"https:\/\/api.w.org\/{rel}","templated":true}]}}