{"id":57221,"date":"2024-03-22T21:17:04","date_gmt":"2024-03-22T21:17:04","guid":{"rendered":"https:\/\/www.africa-press.net\/senegal\/politique\/karim-wade-aux-senegalais-je-vous-invite-tous-a-vous-mobiliser-pour-faire-gagner-le-candidat-diomaye-faye"},"modified":"2024-03-22T22:55:09","modified_gmt":"2024-03-22T22:55:09","slug":"karim-wade-aux-senegalais-je-vous-invite-tous-a-vous-mobiliser-pour-faire-gagner-le-candidat-diomaye-faye","status":"publish","type":"post","link":"https:\/\/www.africa-press.net\/senegal\/politique\/karim-wade-aux-senegalais-je-vous-invite-tous-a-vous-mobiliser-pour-faire-gagner-le-candidat-diomaye-faye","title":{"rendered":"Karim Wade aux S\u00e9n\u00e9galais: \u00ab Je vous invite tous \u00e0 vous mobiliser pour faire gagner le candidat Diomaye Faye \u00bb"},"content":{"rendered":"<p><span style=\"color: #ff6600\"><strong>Africa-Press &#8211; Senegal. <\/strong><\/span>Apre\u0300s son pe\u0300re, le secre\u0301taire ge\u0301ne\u0301ral national, Mai\u0302tre Abdoulaye Wade qui a de\u0301clare\u0301 le soutien officiel du Parti de\u0301mocratique se\u0301ne\u0301galais (PDS) a\u0300 la Coalition DiomayePre\u0301sident pour l\u2019e\u0301lection pre\u0301sidentielle du 24 mars. Karim Wade a re\u0301agi sur X. Il s\u2019explique: \u00ab Notre objectif commun est de se\u0301curiser le vote de chaque Se\u0301ne\u0301galais et de mettre en e\u0301chec le plan de fraude massive orchestre\u0301 par le candidat Amadou Ba qui est de\u0301termine\u0301 a\u0300 voler l\u2019e\u0301lection au premier tour a\u0300 tout prix. Cette action collective est essentielle pour assurer la transparence du scrutin et la fiabilite\u0301 des re\u0301sultats, garantissant ainsi que la volonte\u0301 du peuple se\u0301ne\u0301galais sera respecte\u0301e \u00bb. Ainsi, dira-t-il: \u00abJe vous invite tous, militants et responsables du PDS, allie\u0301s de la Coalition Karim 2024, et citoyens engage\u0301s, a\u0300 vous mobiliser pour faire gagner le candidat Diomaye Faye. \u00bb<\/p>\n<p>Le candidat recale\u0301 par le Conseil constitutionnel de laisser entendre: \u00abNous devons e\u0302tre de\u0301termine\u0301s et solidaires pour barrer la route au coup d\u2019E\u0301tat e\u0301lectoral orchestre\u0301 par Amadou Ba et pour contribuer a\u0300 l&rsquo;ave\u0300nement d&rsquo;un Se\u0301ne\u0301gal plus juste, ou\u0300 re\u0300gnent la loi, la justice et l&rsquo;e\u0301galite\u0301 pour tous \u00bb.<\/p>\n<p>Auparavant, Karim Wade a exprime\u0301 sa profonde satisfaction pour \u00abcette de\u0301cision e\u0301claire\u0301e \u00bb. \u00ab Comme notre secre\u0301taire ge\u0301ne\u0301ral l\u2019a tre\u0300s justement rappele\u0301, notre pays est a\u0300 un tournant de son histoire, ou\u0300 la ne\u0301cessite\u0301 de restaurer l&rsquo;E\u0301tat de droit et de garantir l&rsquo;inde\u0301pendance de la justice doit primer sur toutes les autres conside\u0301rations. Soyons conscients que ces principes fondamentaux, piliers de toute de\u0301mocratie vivante, sont aujourd&rsquo;hui gravement menace\u0301s. Sans eux, chaque citoyen se trouve en pe\u0301ril, expose\u0301 a\u0300 l&rsquo;arbitraire et a\u0300 l&rsquo;injustice \u00bb, fait-il savoir.<\/p>\n<p>Puis, il soutient que la de\u0301cision du secre\u0301taire ge\u0301ne\u0301ral national du PDS de soutenir la Coalition DiomayePre\u0301sident va au-dela\u0300 d\u2019un choix politique. \u00ab Elle est un engagement pour la protection de nos liberte\u0301s, de nos droits, de notre dignite\u0301 en tant que se\u0301ne\u0301galais. C&rsquo;est un appel a\u0300 l&rsquo;unite\u0301 pour la de\u0301fense de nos valeurs les plus che\u0300res et pour l&rsquo;avenir de notre pays. Dans cet esprit, je lance un appel vibrant a\u0300 tous les comite\u0301s e\u0301lectoraux, de la Coalition Karim 2024 sur l\u2019ensemble du territoire national et dans la diaspora, a\u0300 travailler e\u0301troitement avec les comite\u0301s e\u0301lectoraux de la Coalition DiomayePre\u0301sident \u00bb, a-t-il pre\u0301cise\u0301.<\/p>\n<p><strong>Pour plus d&rsquo;informations et d&rsquo;analyses sur la <a href=\"https:\/\/www.africa-press.net\/senegal\">Senegal<\/a>, suivez <a href=\"https:\/\/www.africa-press.net\/\">Africa-Press<\/a><\/strong><\/p>\n","protected":false},"excerpt":{"rendered":"<p>Africa-Press &#8211; Senegal. Apre\u0300s son pe\u0300re, le secre\u0301taire ge\u0301ne\u0301ral national, Mai\u0302tre Abdoulaye Wade qui a de\u0301clare\u0301 le soutien officiel du Parti de\u0301mocratique se\u0301ne\u0301galais (PDS) a\u0300 la Coalition DiomayePre\u0301sident pour l\u2019e\u0301lection pre\u0301sidentielle du 24 mars. Karim Wade a re\u0301agi sur X. Il s\u2019explique: \u00ab Notre objectif commun est de se\u0301curiser le vote de chaque Se\u0301ne\u0301galais et [&hellip;]<\/p>\n","protected":false},"author":82,"featured_media":57219,"comment_status":"open","ping_status":"closed","sticky":false,"template":"","format":"standard","meta":{"footnotes":""},"categories":[2,10],"tags":[43,47,44],"class_list":["post-57221","post","type-post","status-publish","format-standard","has-post-thumbnail","hentry","category-politique","category-toutes-les-actualites","tag-africa-press-2","tag-africa-press-senegal","tag-senegal-2"],"yoast_head":"<!-- This site is optimized with the Yoast SEO Premium plugin v26.1 (Yoast SEO v27.0) - https:\/\/yoast.com\/product\/yoast-seo-premium-wordpress\/ -->\n<title>Karim Wade aux S\u00e9n\u00e9galais: \u00ab Je vous invite tous \u00e0 vous mobiliser pour faire gagner le candidat Diomaye Faye \u00bb - Senegal<\/title>\n<meta name=\"description\" content=\"Apre\u0300s son pe\u0300re, le secre\u0301taire ge\u0301ne\u0301ral national, Mai\u0302tre Abdoulaye Wade qui a de\u0301clare\u0301 le soutien officiel du Parti ...\" \/>\n<meta name=\"robots\" content=\"index, follow, max-snippet:-1, max-image-preview:large, max-video-preview:-1\" \/>\n<link rel=\"canonical\" href=\"https:\/\/www.africa-press.net\/senegal\/politique\/karim-wade-aux-senegalais-je-vous-invite-tous-a-vous-mobiliser-pour-faire-gagner-le-candidat-diomaye-faye\" \/>\n<meta property=\"og:locale\" content=\"fr_FR\" \/>\n<meta property=\"og:type\" content=\"article\" \/>\n<meta property=\"og:title\" content=\"Karim Wade aux S\u00e9n\u00e9galais: \u00ab Je vous invite tous \u00e0 vous mobiliser pour faire gagner le candidat Diomaye Faye \u00bb\" \/>\n<meta property=\"og:description\" content=\"Apre\u0300s son pe\u0300re, le secre\u0301taire ge\u0301ne\u0301ral national, Mai\u0302tre Abdoulaye Wade qui a de\u0301clare\u0301 le soutien officiel du Parti ...\" \/>\n<meta property=\"og:url\" content=\"https:\/\/www.africa-press.net\/senegal\/politique\/karim-wade-aux-senegalais-je-vous-invite-tous-a-vous-mobiliser-pour-faire-gagner-le-candidat-diomaye-faye\" \/>\n<meta property=\"og:site_name\" content=\"Senegal\" \/>\n<meta property=\"article:published_time\" content=\"2024-03-22T21:17:04+00:00\" \/>\n<meta property=\"article:modified_time\" content=\"2024-03-22T22:55:09+00:00\" \/>\n<meta property=\"og:image\" content=\"https:\/\/static.africa-press.net\/senegal\/sites\/13\/2024\/03\/sm_1711131723.416753.jpg\" \/>\n\t<meta property=\"og:image:width\" content=\"1306\" \/>\n\t<meta property=\"og:image:height\" content=\"632\" \/>\n\t<meta property=\"og:image:type\" content=\"image\/jpeg\" \/>\n<meta name=\"author\" content=\"cfeditorfr\" \/>\n<meta name=\"twitter:card\" content=\"summary_large_image\" \/>\n<meta name=\"twitter:label1\" content=\"\u00c9crit par\" \/>\n\t<meta name=\"twitter:data1\" content=\"cfeditorfr\" \/>\n\t<meta name=\"twitter:label2\" content=\"Dur\u00e9e de lecture estim\u00e9e\" \/>\n\t<meta name=\"twitter:data2\" content=\"2 minutes\" \/>\n<script type=\"application\/ld+json\" class=\"yoast-schema-graph\">{\"@context\":\"https:\/\/schema.org\",\"@graph\":[{\"@type\":\"Article\",\"@id\":\"https:\/\/www.africa-press.net\/senegal\/politique\/karim-wade-aux-senegalais-je-vous-invite-tous-a-vous-mobiliser-pour-faire-gagner-le-candidat-diomaye-faye#article\",\"isPartOf\":{\"@id\":\"https:\/\/www.africa-press.net\/senegal\/politique\/karim-wade-aux-senegalais-je-vous-invite-tous-a-vous-mobiliser-pour-faire-gagner-le-candidat-diomaye-faye\"},\"author\":{\"name\":\"cfeditorfr\",\"@id\":\"https:\/\/www.africa-press.net\/senegal\/#\/schema\/person\/2b1cf3cd81a31e3cd26889ca66d677f1\"},\"headline\":\"Karim Wade aux S\u00e9n\u00e9galais: \u00ab Je vous invite tous \u00e0 vous mobiliser pour faire gagner le candidat Diomaye Faye \u00bb\",\"datePublished\":\"2024-03-22T21:17:04+00:00\",\"dateModified\":\"2024-03-22T22:55:09+00:00\",\"mainEntityOfPage\":{\"@id\":\"https:\/\/www.africa-press.net\/senegal\/politique\/karim-wade-aux-senegalais-je-vous-invite-tous-a-vous-mobiliser-pour-faire-gagner-le-candidat-diomaye-faye\"},\"wordCount\":481,\"commentCount\":0,\"image\":{\"@id\":\"https:\/\/www.africa-press.net\/senegal\/politique\/karim-wade-aux-senegalais-je-vous-invite-tous-a-vous-mobiliser-pour-faire-gagner-le-candidat-diomaye-faye#primaryimage\"},\"thumbnailUrl\":\"https:\/\/static.africa-press.net\/senegal\/sites\/13\/2024\/03\/sm_1711131723.416753.jpg\",\"keywords\":[\"Africa Press\",\"Africa Press-Senegal\",\"Senegal\"],\"articleSection\":[\"Politique\",\"Toutes les actualit\u00e9s\"],\"inLanguage\":\"fr-FR\",\"potentialAction\":[{\"@type\":\"CommentAction\",\"name\":\"Comment\",\"target\":[\"https:\/\/www.africa-press.net\/senegal\/politique\/karim-wade-aux-senegalais-je-vous-invite-tous-a-vous-mobiliser-pour-faire-gagner-le-candidat-diomaye-faye#respond\"]}]},{\"@type\":\"WebPage\",\"@id\":\"https:\/\/www.africa-press.net\/senegal\/politique\/karim-wade-aux-senegalais-je-vous-invite-tous-a-vous-mobiliser-pour-faire-gagner-le-candidat-diomaye-faye\",\"url\":\"https:\/\/www.africa-press.net\/senegal\/politique\/karim-wade-aux-senegalais-je-vous-invite-tous-a-vous-mobiliser-pour-faire-gagner-le-candidat-diomaye-faye\",\"name\":\"Karim Wade aux S\u00e9n\u00e9galais: \u00ab Je vous invite tous \u00e0 vous mobiliser pour faire gagner le candidat Diomaye Faye \u00bb - Senegal\",\"isPartOf\":{\"@id\":\"https:\/\/www.africa-press.net\/senegal\/#website\"},\"primaryImageOfPage\":{\"@id\":\"https:\/\/www.africa-press.net\/senegal\/politique\/karim-wade-aux-senegalais-je-vous-invite-tous-a-vous-mobiliser-pour-faire-gagner-le-candidat-diomaye-faye#primaryimage\"},\"image\":{\"@id\":\"https:\/\/www.africa-press.net\/senegal\/politique\/karim-wade-aux-senegalais-je-vous-invite-tous-a-vous-mobiliser-pour-faire-gagner-le-candidat-diomaye-faye#primaryimage\"},\"thumbnailUrl\":\"https:\/\/static.africa-press.net\/senegal\/sites\/13\/2024\/03\/sm_1711131723.416753.jpg\",\"datePublished\":\"2024-03-22T21:17:04+00:00\",\"dateModified\":\"2024-03-22T22:55:09+00:00\",\"author\":{\"@id\":\"https:\/\/www.africa-press.net\/senegal\/#\/schema\/person\/2b1cf3cd81a31e3cd26889ca66d677f1\"},\"description\":\"Apre\u0300s son pe\u0300re, le secre\u0301taire ge\u0301ne\u0301ral national, Mai\u0302tre Abdoulaye Wade qui a de\u0301clare\u0301 le soutien officiel du Parti ...\",\"breadcrumb\":{\"@id\":\"https:\/\/www.africa-press.net\/senegal\/politique\/karim-wade-aux-senegalais-je-vous-invite-tous-a-vous-mobiliser-pour-faire-gagner-le-candidat-diomaye-faye#breadcrumb\"},\"inLanguage\":\"fr-FR\",\"potentialAction\":[{\"@type\":\"ReadAction\",\"target\":[\"https:\/\/www.africa-press.net\/senegal\/politique\/karim-wade-aux-senegalais-je-vous-invite-tous-a-vous-mobiliser-pour-faire-gagner-le-candidat-diomaye-faye\"]}]},{\"@type\":\"ImageObject\",\"inLanguage\":\"fr-FR\",\"@id\":\"https:\/\/www.africa-press.net\/senegal\/politique\/karim-wade-aux-senegalais-je-vous-invite-tous-a-vous-mobiliser-pour-faire-gagner-le-candidat-diomaye-faye#primaryimage\",\"url\":\"https:\/\/static.africa-press.net\/senegal\/sites\/13\/2024\/03\/sm_1711131723.416753.jpg\",\"contentUrl\":\"https:\/\/static.africa-press.net\/senegal\/sites\/13\/2024\/03\/sm_1711131723.416753.jpg\",\"width\":1306,\"height\":632,\"caption\":\"Karim Wade aux S\u00e9n\u00e9galais: \u00ab Je vous invite tous \u00e0 vous mobiliser pour faire gagner le candidat Diomaye Faye \u00bb\"},{\"@type\":\"BreadcrumbList\",\"@id\":\"https:\/\/www.africa-press.net\/senegal\/politique\/karim-wade-aux-senegalais-je-vous-invite-tous-a-vous-mobiliser-pour-faire-gagner-le-candidat-diomaye-faye#breadcrumb\",\"itemListElement\":[{\"@type\":\"ListItem\",\"position\":1,\"name\":\"Accueil\",\"item\":\"https:\/\/www.africa-press.net\/senegal\/\"},{\"@type\":\"ListItem\",\"position\":2,\"name\":\"Karim Wade aux S\u00e9n\u00e9galais: \u00ab Je vous invite tous \u00e0 vous mobiliser pour faire gagner le candidat Diomaye Faye \u00bb\"}]},{\"@type\":\"WebSite\",\"@id\":\"https:\/\/www.africa-press.net\/senegal\/#website\",\"url\":\"https:\/\/www.africa-press.net\/senegal\/\",\"name\":\"Africa Press | Senegal | Homepage\",\"description\":\"Just another Africa News Agency Sites site\",\"potentialAction\":[{\"@type\":\"SearchAction\",\"target\":{\"@type\":\"EntryPoint\",\"urlTemplate\":\"https:\/\/www.africa-press.net\/senegal\/?s={search_term_string}\"},\"query-input\":{\"@type\":\"PropertyValueSpecification\",\"valueRequired\":true,\"valueName\":\"search_term_string\"}}],\"inLanguage\":\"fr-FR\"},{\"@type\":\"Person\",\"@id\":\"https:\/\/www.africa-press.net\/senegal\/#\/schema\/person\/2b1cf3cd81a31e3cd26889ca66d677f1\",\"name\":\"cfeditorfr\",\"url\":\"https:\/\/www.africa-press.net\/senegal\/author\/cfeditorfr\"}]}<\/script>\n<!-- \/ Yoast SEO Premium plugin. -->","yoast_head_json":{"title":"Karim Wade aux S\u00e9n\u00e9galais: \u00ab Je vous invite tous \u00e0 vous mobiliser pour faire gagner le candidat Diomaye Faye \u00bb - Senegal","description":"Apre\u0300s son pe\u0300re, le secre\u0301taire ge\u0301ne\u0301ral national, Mai\u0302tre Abdoulaye Wade qui a de\u0301clare\u0301 le soutien officiel du Parti ...","robots":{"index":"index","follow":"follow","max-snippet":"max-snippet:-1","max-image-preview":"max-image-preview:large","max-video-preview":"max-video-preview:-1"},"canonical":"https:\/\/www.africa-press.net\/senegal\/politique\/karim-wade-aux-senegalais-je-vous-invite-tous-a-vous-mobiliser-pour-faire-gagner-le-candidat-diomaye-faye","og_locale":"fr_FR","og_type":"article","og_title":"Karim Wade aux S\u00e9n\u00e9galais: \u00ab Je vous invite tous \u00e0 vous mobiliser pour faire gagner le candidat Diomaye Faye \u00bb","og_description":"Apre\u0300s son pe\u0300re, le secre\u0301taire ge\u0301ne\u0301ral national, Mai\u0302tre Abdoulaye Wade qui a de\u0301clare\u0301 le soutien officiel du Parti ...","og_url":"https:\/\/www.africa-press.net\/senegal\/politique\/karim-wade-aux-senegalais-je-vous-invite-tous-a-vous-mobiliser-pour-faire-gagner-le-candidat-diomaye-faye","og_site_name":"Senegal","article_published_time":"2024-03-22T21:17:04+00:00","article_modified_time":"2024-03-22T22:55:09+00:00","og_image":[{"width":1306,"height":632,"url":"https:\/\/static.africa-press.net\/senegal\/sites\/13\/2024\/03\/sm_1711131723.416753.jpg","type":"image\/jpeg"}],"author":"cfeditorfr","twitter_card":"summary_large_image","twitter_misc":{"\u00c9crit par":"cfeditorfr","Dur\u00e9e de lecture estim\u00e9e":"2 minutes"},"schema":{"@context":"https:\/\/schema.org","@graph":[{"@type":"Article","@id":"https:\/\/www.africa-press.net\/senegal\/politique\/karim-wade-aux-senegalais-je-vous-invite-tous-a-vous-mobiliser-pour-faire-gagner-le-candidat-diomaye-faye#article","isPartOf":{"@id":"https:\/\/www.africa-press.net\/senegal\/politique\/karim-wade-aux-senegalais-je-vous-invite-tous-a-vous-mobiliser-pour-faire-gagner-le-candidat-diomaye-faye"},"author":{"name":"cfeditorfr","@id":"https:\/\/www.africa-press.net\/senegal\/#\/schema\/person\/2b1cf3cd81a31e3cd26889ca66d677f1"},"headline":"Karim Wade aux S\u00e9n\u00e9galais: \u00ab Je vous invite tous \u00e0 vous mobiliser pour faire gagner le candidat Diomaye Faye \u00bb","datePublished":"2024-03-22T21:17:04+00:00","dateModified":"2024-03-22T22:55:09+00:00","mainEntityOfPage":{"@id":"https:\/\/www.africa-press.net\/senegal\/politique\/karim-wade-aux-senegalais-je-vous-invite-tous-a-vous-mobiliser-pour-faire-gagner-le-candidat-diomaye-faye"},"wordCount":481,"commentCount":0,"image":{"@id":"https:\/\/www.africa-press.net\/senegal\/politique\/karim-wade-aux-senegalais-je-vous-invite-tous-a-vous-mobiliser-pour-faire-gagner-le-candidat-diomaye-faye#primaryimage"},"thumbnailUrl":"https:\/\/static.africa-press.net\/senegal\/sites\/13\/2024\/03\/sm_1711131723.416753.jpg","keywords":["Africa Press","Africa Press-Senegal","Senegal"],"articleSection":["Politique","Toutes les actualit\u00e9s"],"inLanguage":"fr-FR","potentialAction":[{"@type":"CommentAction","name":"Comment","target":["https:\/\/www.africa-press.net\/senegal\/politique\/karim-wade-aux-senegalais-je-vous-invite-tous-a-vous-mobiliser-pour-faire-gagner-le-candidat-diomaye-faye#respond"]}]},{"@type":"WebPage","@id":"https:\/\/www.africa-press.net\/senegal\/politique\/karim-wade-aux-senegalais-je-vous-invite-tous-a-vous-mobiliser-pour-faire-gagner-le-candidat-diomaye-faye","url":"https:\/\/www.africa-press.net\/senegal\/politique\/karim-wade-aux-senegalais-je-vous-invite-tous-a-vous-mobiliser-pour-faire-gagner-le-candidat-diomaye-faye","name":"Karim Wade aux S\u00e9n\u00e9galais: \u00ab Je vous invite tous \u00e0 vous mobiliser pour faire gagner le candidat Diomaye Faye \u00bb - Senegal","isPartOf":{"@id":"https:\/\/www.africa-press.net\/senegal\/#website"},"primaryImageOfPage":{"@id":"https:\/\/www.africa-press.net\/senegal\/politique\/karim-wade-aux-senegalais-je-vous-invite-tous-a-vous-mobiliser-pour-faire-gagner-le-candidat-diomaye-faye#primaryimage"},"image":{"@id":"https:\/\/www.africa-press.net\/senegal\/politique\/karim-wade-aux-senegalais-je-vous-invite-tous-a-vous-mobiliser-pour-faire-gagner-le-candidat-diomaye-faye#primaryimage"},"thumbnailUrl":"https:\/\/static.africa-press.net\/senegal\/sites\/13\/2024\/03\/sm_1711131723.416753.jpg","datePublished":"2024-03-22T21:17:04+00:00","dateModified":"2024-03-22T22:55:09+00:00","author":{"@id":"https:\/\/www.africa-press.net\/senegal\/#\/schema\/person\/2b1cf3cd81a31e3cd26889ca66d677f1"},"description":"Apre\u0300s son pe\u0300re, le secre\u0301taire ge\u0301ne\u0301ral national, Mai\u0302tre Abdoulaye Wade qui a de\u0301clare\u0301 le soutien officiel du Parti ...","breadcrumb":{"@id":"https:\/\/www.africa-press.net\/senegal\/politique\/karim-wade-aux-senegalais-je-vous-invite-tous-a-vous-mobiliser-pour-faire-gagner-le-candidat-diomaye-faye#breadcrumb"},"inLanguage":"fr-FR","potentialAction":[{"@type":"ReadAction","target":["https:\/\/www.africa-press.net\/senegal\/politique\/karim-wade-aux-senegalais-je-vous-invite-tous-a-vous-mobiliser-pour-faire-gagner-le-candidat-diomaye-faye"]}]},{"@type":"ImageObject","inLanguage":"fr-FR","@id":"https:\/\/www.africa-press.net\/senegal\/politique\/karim-wade-aux-senegalais-je-vous-invite-tous-a-vous-mobiliser-pour-faire-gagner-le-candidat-diomaye-faye#primaryimage","url":"https:\/\/static.africa-press.net\/senegal\/sites\/13\/2024\/03\/sm_1711131723.416753.jpg","contentUrl":"https:\/\/static.africa-press.net\/senegal\/sites\/13\/2024\/03\/sm_1711131723.416753.jpg","width":1306,"height":632,"caption":"Karim Wade aux S\u00e9n\u00e9galais: \u00ab Je vous invite tous \u00e0 vous mobiliser pour faire gagner le candidat Diomaye Faye \u00bb"},{"@type":"BreadcrumbList","@id":"https:\/\/www.africa-press.net\/senegal\/politique\/karim-wade-aux-senegalais-je-vous-invite-tous-a-vous-mobiliser-pour-faire-gagner-le-candidat-diomaye-faye#breadcrumb","itemListElement":[{"@type":"ListItem","position":1,"name":"Accueil","item":"https:\/\/www.africa-press.net\/senegal\/"},{"@type":"ListItem","position":2,"name":"Karim Wade aux S\u00e9n\u00e9galais: \u00ab Je vous invite tous \u00e0 vous mobiliser pour faire gagner le candidat Diomaye Faye \u00bb"}]},{"@type":"WebSite","@id":"https:\/\/www.africa-press.net\/senegal\/#website","url":"https:\/\/www.africa-press.net\/senegal\/","name":"Africa Press | Senegal | Homepage","description":"Just another Africa News Agency Sites site","potentialAction":[{"@type":"SearchAction","target":{"@type":"EntryPoint","urlTemplate":"https:\/\/www.africa-press.net\/senegal\/?s={search_term_string}"},"query-input":{"@type":"PropertyValueSpecification","valueRequired":true,"valueName":"search_term_string"}}],"inLanguage":"fr-FR"},{"@type":"Person","@id":"https:\/\/www.africa-press.net\/senegal\/#\/schema\/person\/2b1cf3cd81a31e3cd26889ca66d677f1","name":"cfeditorfr","url":"https:\/\/www.africa-press.net\/senegal\/author\/cfeditorfr"}]}},"_links":{"self":[{"href":"https:\/\/www.africa-press.net\/senegal\/wp-json\/wp\/v2\/posts\/57221","targetHints":{"allow":["GET"]}}],"collection":[{"href":"https:\/\/www.africa-press.net\/senegal\/wp-json\/wp\/v2\/posts"}],"about":[{"href":"https:\/\/www.africa-press.net\/senegal\/wp-json\/wp\/v2\/types\/post"}],"author":[{"embeddable":true,"href":"https:\/\/www.africa-press.net\/senegal\/wp-json\/wp\/v2\/users\/82"}],"replies":[{"embeddable":true,"href":"https:\/\/www.africa-press.net\/senegal\/wp-json\/wp\/v2\/comments?post=57221"}],"version-history":[{"count":0,"href":"https:\/\/www.africa-press.net\/senegal\/wp-json\/wp\/v2\/posts\/57221\/revisions"}],"wp:featuredmedia":[{"embeddable":true,"href":"https:\/\/www.africa-press.net\/senegal\/wp-json\/wp\/v2\/media\/57219"}],"wp:attachment":[{"href":"https:\/\/www.africa-press.net\/senegal\/wp-json\/wp\/v2\/media?parent=57221"}],"wp:term":[{"taxonomy":"category","embeddable":true,"href":"https:\/\/www.africa-press.net\/senegal\/wp-json\/wp\/v2\/categories?post=57221"},{"taxonomy":"post_tag","embeddable":true,"href":"https:\/\/www.africa-press.net\/senegal\/wp-json\/wp\/v2\/tags?post=57221"}],"curies":[{"name":"wp","href":"https:\/\/api.w.org\/{rel}","templated":true}]}}