{"id":57224,"date":"2024-03-22T21:19:07","date_gmt":"2024-03-22T21:19:07","guid":{"rendered":"https:\/\/www.africa-press.net\/senegal\/politique\/presidentielle-2024-lappel-solennel-du-cudis-aux-candidats"},"modified":"2024-03-22T22:56:17","modified_gmt":"2024-03-22T22:56:17","slug":"presidentielle-2024-lappel-solennel-du-cudis-aux-candidats","status":"publish","type":"post","link":"https:\/\/www.africa-press.net\/senegal\/politique\/presidentielle-2024-lappel-solennel-du-cudis-aux-candidats","title":{"rendered":"Pr\u00e9sidentielle 2024 : L\u2019appel solennel du CUDIS aux candidats"},"content":{"rendered":"<p><span style=\"color: #ff6600\"><strong>Africa-Press &#8211; Senegal. <\/strong><\/span>Le Cadre unitaire de l&rsquo;islam au Se\u0301ne\u0301gal appelle les candidats a\u0300 faire preuve de sens e\u0301leve\u0301 de la responsabilite\u0301, dans la pre\u0301servation et la transmission des fondements de la paix et du vivre-ensemble au Se\u0301ne\u0301gal.<\/p>\n<p>Le Cudis met l&rsquo;accent sur les acquis de notre pays fonde\u0301s en conjuguant la parente\u0301, le me\u0301tissage, la tole\u0301rance religieuse et dont les pe\u0300res fondateurs ont toujours fait de la non-violence leur principe et leur posture. En ce sens, Dr Cheikh Gue\u0300ye, membre de cette association, invite les pre\u0301tendants au fauteuil pre\u0301sidentiel a\u0300 pre\u0301server ce legs au nom du respect des principes re\u0301publicains.<\/p>\n<p>\u00ab L&rsquo;e\u0301lection pre\u0301sidentielle de 2024 sera un moment fort de l&rsquo;expression de la volonte\u0301 populaire des Se\u0301ne\u0301galais, malgre\u0301 tout ce qui s&rsquo;est passe\u0301 depuis un certain nombre de mois. Les candidats doivent faire preuve a\u0300 pre\u0301sent de sens e\u0301leve\u0301 de la responsabilite\u0301 dans la pre\u0301servation et la transmission des fondements de la paix et du vivre-ensemble au Se\u0301ne\u0301gal \u00bb, exhorte-t-il sur iRadio.<\/p>\n<p>Avant d\u2019ajouter: \u00ab Notre pays a e\u0301te\u0301 fonde\u0301 en conjuguant la parente\u0301, le me\u0301tissage, la tole\u0301rance religieuse et ces fondateurs ont toujours fait de la non-violence leur principe. La convivialite\u0301 entre les composantes du peuple se\u0301ne\u0301galais constitue le tre\u0301sor a\u0300 fructifier. Plus que l&rsquo;or, le pe\u0301trole ou le gaz, les candidats ont la responsabilite\u0301 historique de pre\u0301server ce legs au nom du respect des principes re\u0301publicains \u00bb, selon Dr Cheikh Gue\u0300ye.<\/p>\n<p>Il appelle e\u0301galement les citoyens a\u0300 se rappeler qu&rsquo;aimer son pays est un devoir religieux et qu&rsquo;en conse\u0301quence, ils doivent participer a\u0300 choisir le meilleur dirigeant pour aujourd&rsquo;hui et pour demain. Il les invite par ailleurs a\u0300 aller retirer leurs cartes d&rsquo;e\u0301lecteur pour voter massivement.<\/p>\n<p><strong>Pour plus d&rsquo;informations et d&rsquo;analyses sur la <a href=\"https:\/\/www.africa-press.net\/senegal\">Senegal<\/a>, suivez <a href=\"https:\/\/www.africa-press.net\/\">Africa-Press<\/a><\/strong><\/p>\n","protected":false},"excerpt":{"rendered":"<p>Africa-Press &#8211; Senegal. Le Cadre unitaire de l&rsquo;islam au Se\u0301ne\u0301gal appelle les candidats a\u0300 faire preuve de sens e\u0301leve\u0301 de la responsabilite\u0301, dans la pre\u0301servation et la transmission des fondements de la paix et du vivre-ensemble au Se\u0301ne\u0301gal. Le Cudis met l&rsquo;accent sur les acquis de notre pays fonde\u0301s en conjuguant la parente\u0301, le me\u0301tissage, [&hellip;]<\/p>\n","protected":false},"author":82,"featured_media":57223,"comment_status":"open","ping_status":"closed","sticky":false,"template":"","format":"standard","meta":{"footnotes":""},"categories":[2,10],"tags":[43,47,44],"class_list":["post-57224","post","type-post","status-publish","format-standard","has-post-thumbnail","hentry","category-politique","category-toutes-les-actualites","tag-africa-press-2","tag-africa-press-senegal","tag-senegal-2"],"yoast_head":"<!-- This site is optimized with the Yoast SEO Premium plugin v26.1 (Yoast SEO v27.0) - https:\/\/yoast.com\/product\/yoast-seo-premium-wordpress\/ -->\n<title>Pr\u00e9sidentielle 2024 : L\u2019appel solennel du CUDIS aux candidats - Senegal<\/title>\n<meta name=\"description\" content=\"Le Cadre unitaire de l&#039;islam au Se\u0301ne\u0301gal appelle les candidats a\u0300 faire preuve de sens e\u0301leve\u0301 de la responsabilite\u0301, d ...\" \/>\n<meta name=\"robots\" content=\"index, follow, max-snippet:-1, max-image-preview:large, max-video-preview:-1\" \/>\n<link rel=\"canonical\" href=\"https:\/\/www.africa-press.net\/senegal\/politique\/presidentielle-2024-lappel-solennel-du-cudis-aux-candidats\" \/>\n<meta property=\"og:locale\" content=\"fr_FR\" \/>\n<meta property=\"og:type\" content=\"article\" \/>\n<meta property=\"og:title\" content=\"Pr\u00e9sidentielle 2024 : L\u2019appel solennel du CUDIS aux candidats\" \/>\n<meta property=\"og:description\" content=\"Le Cadre unitaire de l&#039;islam au Se\u0301ne\u0301gal appelle les candidats a\u0300 faire preuve de sens e\u0301leve\u0301 de la responsabilite\u0301, d ...\" \/>\n<meta property=\"og:url\" content=\"https:\/\/www.africa-press.net\/senegal\/politique\/presidentielle-2024-lappel-solennel-du-cudis-aux-candidats\" \/>\n<meta property=\"og:site_name\" content=\"Senegal\" \/>\n<meta property=\"article:published_time\" content=\"2024-03-22T21:19:07+00:00\" \/>\n<meta property=\"article:modified_time\" content=\"2024-03-22T22:56:17+00:00\" \/>\n<meta property=\"og:image\" content=\"https:\/\/static.africa-press.net\/senegal\/sites\/13\/2024\/03\/sm_1711131813.073501.jpg\" \/>\n\t<meta property=\"og:image:width\" content=\"1306\" \/>\n\t<meta property=\"og:image:height\" content=\"633\" \/>\n\t<meta property=\"og:image:type\" content=\"image\/jpeg\" \/>\n<meta name=\"author\" content=\"cfeditorfr\" \/>\n<meta name=\"twitter:card\" content=\"summary_large_image\" \/>\n<meta name=\"twitter:label1\" content=\"\u00c9crit par\" \/>\n\t<meta name=\"twitter:data1\" content=\"cfeditorfr\" \/>\n\t<meta name=\"twitter:label2\" content=\"Dur\u00e9e de lecture estim\u00e9e\" \/>\n\t<meta name=\"twitter:data2\" content=\"2 minutes\" \/>\n<script type=\"application\/ld+json\" class=\"yoast-schema-graph\">{\"@context\":\"https:\/\/schema.org\",\"@graph\":[{\"@type\":\"Article\",\"@id\":\"https:\/\/www.africa-press.net\/senegal\/politique\/presidentielle-2024-lappel-solennel-du-cudis-aux-candidats#article\",\"isPartOf\":{\"@id\":\"https:\/\/www.africa-press.net\/senegal\/politique\/presidentielle-2024-lappel-solennel-du-cudis-aux-candidats\"},\"author\":{\"name\":\"cfeditorfr\",\"@id\":\"https:\/\/www.africa-press.net\/senegal\/#\/schema\/person\/2b1cf3cd81a31e3cd26889ca66d677f1\"},\"headline\":\"Pr\u00e9sidentielle 2024 : L\u2019appel solennel du CUDIS aux candidats\",\"datePublished\":\"2024-03-22T21:19:07+00:00\",\"dateModified\":\"2024-03-22T22:56:17+00:00\",\"mainEntityOfPage\":{\"@id\":\"https:\/\/www.africa-press.net\/senegal\/politique\/presidentielle-2024-lappel-solennel-du-cudis-aux-candidats\"},\"wordCount\":343,\"commentCount\":0,\"image\":{\"@id\":\"https:\/\/www.africa-press.net\/senegal\/politique\/presidentielle-2024-lappel-solennel-du-cudis-aux-candidats#primaryimage\"},\"thumbnailUrl\":\"https:\/\/static.africa-press.net\/senegal\/sites\/13\/2024\/03\/sm_1711131813.073501.jpg\",\"keywords\":[\"Africa Press\",\"Africa Press-Senegal\",\"Senegal\"],\"articleSection\":[\"Politique\",\"Toutes les actualit\u00e9s\"],\"inLanguage\":\"fr-FR\",\"potentialAction\":[{\"@type\":\"CommentAction\",\"name\":\"Comment\",\"target\":[\"https:\/\/www.africa-press.net\/senegal\/politique\/presidentielle-2024-lappel-solennel-du-cudis-aux-candidats#respond\"]}]},{\"@type\":\"WebPage\",\"@id\":\"https:\/\/www.africa-press.net\/senegal\/politique\/presidentielle-2024-lappel-solennel-du-cudis-aux-candidats\",\"url\":\"https:\/\/www.africa-press.net\/senegal\/politique\/presidentielle-2024-lappel-solennel-du-cudis-aux-candidats\",\"name\":\"Pr\u00e9sidentielle 2024 : L\u2019appel solennel du CUDIS aux candidats - Senegal\",\"isPartOf\":{\"@id\":\"https:\/\/www.africa-press.net\/senegal\/#website\"},\"primaryImageOfPage\":{\"@id\":\"https:\/\/www.africa-press.net\/senegal\/politique\/presidentielle-2024-lappel-solennel-du-cudis-aux-candidats#primaryimage\"},\"image\":{\"@id\":\"https:\/\/www.africa-press.net\/senegal\/politique\/presidentielle-2024-lappel-solennel-du-cudis-aux-candidats#primaryimage\"},\"thumbnailUrl\":\"https:\/\/static.africa-press.net\/senegal\/sites\/13\/2024\/03\/sm_1711131813.073501.jpg\",\"datePublished\":\"2024-03-22T21:19:07+00:00\",\"dateModified\":\"2024-03-22T22:56:17+00:00\",\"author\":{\"@id\":\"https:\/\/www.africa-press.net\/senegal\/#\/schema\/person\/2b1cf3cd81a31e3cd26889ca66d677f1\"},\"description\":\"Le Cadre unitaire de l'islam au Se\u0301ne\u0301gal appelle les candidats a\u0300 faire preuve de sens e\u0301leve\u0301 de la responsabilite\u0301, d ...\",\"breadcrumb\":{\"@id\":\"https:\/\/www.africa-press.net\/senegal\/politique\/presidentielle-2024-lappel-solennel-du-cudis-aux-candidats#breadcrumb\"},\"inLanguage\":\"fr-FR\",\"potentialAction\":[{\"@type\":\"ReadAction\",\"target\":[\"https:\/\/www.africa-press.net\/senegal\/politique\/presidentielle-2024-lappel-solennel-du-cudis-aux-candidats\"]}]},{\"@type\":\"ImageObject\",\"inLanguage\":\"fr-FR\",\"@id\":\"https:\/\/www.africa-press.net\/senegal\/politique\/presidentielle-2024-lappel-solennel-du-cudis-aux-candidats#primaryimage\",\"url\":\"https:\/\/static.africa-press.net\/senegal\/sites\/13\/2024\/03\/sm_1711131813.073501.jpg\",\"contentUrl\":\"https:\/\/static.africa-press.net\/senegal\/sites\/13\/2024\/03\/sm_1711131813.073501.jpg\",\"width\":1306,\"height\":633,\"caption\":\"Pr\u00e9sidentielle 2024 : L\u2019appel solennel du CUDIS aux candidats\"},{\"@type\":\"BreadcrumbList\",\"@id\":\"https:\/\/www.africa-press.net\/senegal\/politique\/presidentielle-2024-lappel-solennel-du-cudis-aux-candidats#breadcrumb\",\"itemListElement\":[{\"@type\":\"ListItem\",\"position\":1,\"name\":\"Accueil\",\"item\":\"https:\/\/www.africa-press.net\/senegal\/\"},{\"@type\":\"ListItem\",\"position\":2,\"name\":\"Pr\u00e9sidentielle 2024 : L\u2019appel solennel du CUDIS aux candidats\"}]},{\"@type\":\"WebSite\",\"@id\":\"https:\/\/www.africa-press.net\/senegal\/#website\",\"url\":\"https:\/\/www.africa-press.net\/senegal\/\",\"name\":\"Africa Press | Senegal | Homepage\",\"description\":\"Just another Africa News Agency Sites site\",\"potentialAction\":[{\"@type\":\"SearchAction\",\"target\":{\"@type\":\"EntryPoint\",\"urlTemplate\":\"https:\/\/www.africa-press.net\/senegal\/?s={search_term_string}\"},\"query-input\":{\"@type\":\"PropertyValueSpecification\",\"valueRequired\":true,\"valueName\":\"search_term_string\"}}],\"inLanguage\":\"fr-FR\"},{\"@type\":\"Person\",\"@id\":\"https:\/\/www.africa-press.net\/senegal\/#\/schema\/person\/2b1cf3cd81a31e3cd26889ca66d677f1\",\"name\":\"cfeditorfr\",\"url\":\"https:\/\/www.africa-press.net\/senegal\/author\/cfeditorfr\"}]}<\/script>\n<!-- \/ Yoast SEO Premium plugin. -->","yoast_head_json":{"title":"Pr\u00e9sidentielle 2024 : L\u2019appel solennel du CUDIS aux candidats - Senegal","description":"Le Cadre unitaire de l'islam au Se\u0301ne\u0301gal appelle les candidats a\u0300 faire preuve de sens e\u0301leve\u0301 de la responsabilite\u0301, d ...","robots":{"index":"index","follow":"follow","max-snippet":"max-snippet:-1","max-image-preview":"max-image-preview:large","max-video-preview":"max-video-preview:-1"},"canonical":"https:\/\/www.africa-press.net\/senegal\/politique\/presidentielle-2024-lappel-solennel-du-cudis-aux-candidats","og_locale":"fr_FR","og_type":"article","og_title":"Pr\u00e9sidentielle 2024 : L\u2019appel solennel du CUDIS aux candidats","og_description":"Le Cadre unitaire de l'islam au Se\u0301ne\u0301gal appelle les candidats a\u0300 faire preuve de sens e\u0301leve\u0301 de la responsabilite\u0301, d ...","og_url":"https:\/\/www.africa-press.net\/senegal\/politique\/presidentielle-2024-lappel-solennel-du-cudis-aux-candidats","og_site_name":"Senegal","article_published_time":"2024-03-22T21:19:07+00:00","article_modified_time":"2024-03-22T22:56:17+00:00","og_image":[{"width":1306,"height":633,"url":"https:\/\/static.africa-press.net\/senegal\/sites\/13\/2024\/03\/sm_1711131813.073501.jpg","type":"image\/jpeg"}],"author":"cfeditorfr","twitter_card":"summary_large_image","twitter_misc":{"\u00c9crit par":"cfeditorfr","Dur\u00e9e de lecture estim\u00e9e":"2 minutes"},"schema":{"@context":"https:\/\/schema.org","@graph":[{"@type":"Article","@id":"https:\/\/www.africa-press.net\/senegal\/politique\/presidentielle-2024-lappel-solennel-du-cudis-aux-candidats#article","isPartOf":{"@id":"https:\/\/www.africa-press.net\/senegal\/politique\/presidentielle-2024-lappel-solennel-du-cudis-aux-candidats"},"author":{"name":"cfeditorfr","@id":"https:\/\/www.africa-press.net\/senegal\/#\/schema\/person\/2b1cf3cd81a31e3cd26889ca66d677f1"},"headline":"Pr\u00e9sidentielle 2024 : L\u2019appel solennel du CUDIS aux candidats","datePublished":"2024-03-22T21:19:07+00:00","dateModified":"2024-03-22T22:56:17+00:00","mainEntityOfPage":{"@id":"https:\/\/www.africa-press.net\/senegal\/politique\/presidentielle-2024-lappel-solennel-du-cudis-aux-candidats"},"wordCount":343,"commentCount":0,"image":{"@id":"https:\/\/www.africa-press.net\/senegal\/politique\/presidentielle-2024-lappel-solennel-du-cudis-aux-candidats#primaryimage"},"thumbnailUrl":"https:\/\/static.africa-press.net\/senegal\/sites\/13\/2024\/03\/sm_1711131813.073501.jpg","keywords":["Africa Press","Africa Press-Senegal","Senegal"],"articleSection":["Politique","Toutes les actualit\u00e9s"],"inLanguage":"fr-FR","potentialAction":[{"@type":"CommentAction","name":"Comment","target":["https:\/\/www.africa-press.net\/senegal\/politique\/presidentielle-2024-lappel-solennel-du-cudis-aux-candidats#respond"]}]},{"@type":"WebPage","@id":"https:\/\/www.africa-press.net\/senegal\/politique\/presidentielle-2024-lappel-solennel-du-cudis-aux-candidats","url":"https:\/\/www.africa-press.net\/senegal\/politique\/presidentielle-2024-lappel-solennel-du-cudis-aux-candidats","name":"Pr\u00e9sidentielle 2024 : L\u2019appel solennel du CUDIS aux candidats - Senegal","isPartOf":{"@id":"https:\/\/www.africa-press.net\/senegal\/#website"},"primaryImageOfPage":{"@id":"https:\/\/www.africa-press.net\/senegal\/politique\/presidentielle-2024-lappel-solennel-du-cudis-aux-candidats#primaryimage"},"image":{"@id":"https:\/\/www.africa-press.net\/senegal\/politique\/presidentielle-2024-lappel-solennel-du-cudis-aux-candidats#primaryimage"},"thumbnailUrl":"https:\/\/static.africa-press.net\/senegal\/sites\/13\/2024\/03\/sm_1711131813.073501.jpg","datePublished":"2024-03-22T21:19:07+00:00","dateModified":"2024-03-22T22:56:17+00:00","author":{"@id":"https:\/\/www.africa-press.net\/senegal\/#\/schema\/person\/2b1cf3cd81a31e3cd26889ca66d677f1"},"description":"Le Cadre unitaire de l'islam au Se\u0301ne\u0301gal appelle les candidats a\u0300 faire preuve de sens e\u0301leve\u0301 de la responsabilite\u0301, d ...","breadcrumb":{"@id":"https:\/\/www.africa-press.net\/senegal\/politique\/presidentielle-2024-lappel-solennel-du-cudis-aux-candidats#breadcrumb"},"inLanguage":"fr-FR","potentialAction":[{"@type":"ReadAction","target":["https:\/\/www.africa-press.net\/senegal\/politique\/presidentielle-2024-lappel-solennel-du-cudis-aux-candidats"]}]},{"@type":"ImageObject","inLanguage":"fr-FR","@id":"https:\/\/www.africa-press.net\/senegal\/politique\/presidentielle-2024-lappel-solennel-du-cudis-aux-candidats#primaryimage","url":"https:\/\/static.africa-press.net\/senegal\/sites\/13\/2024\/03\/sm_1711131813.073501.jpg","contentUrl":"https:\/\/static.africa-press.net\/senegal\/sites\/13\/2024\/03\/sm_1711131813.073501.jpg","width":1306,"height":633,"caption":"Pr\u00e9sidentielle 2024 : L\u2019appel solennel du CUDIS aux candidats"},{"@type":"BreadcrumbList","@id":"https:\/\/www.africa-press.net\/senegal\/politique\/presidentielle-2024-lappel-solennel-du-cudis-aux-candidats#breadcrumb","itemListElement":[{"@type":"ListItem","position":1,"name":"Accueil","item":"https:\/\/www.africa-press.net\/senegal\/"},{"@type":"ListItem","position":2,"name":"Pr\u00e9sidentielle 2024 : L\u2019appel solennel du CUDIS aux candidats"}]},{"@type":"WebSite","@id":"https:\/\/www.africa-press.net\/senegal\/#website","url":"https:\/\/www.africa-press.net\/senegal\/","name":"Africa Press | Senegal | Homepage","description":"Just another Africa News Agency Sites site","potentialAction":[{"@type":"SearchAction","target":{"@type":"EntryPoint","urlTemplate":"https:\/\/www.africa-press.net\/senegal\/?s={search_term_string}"},"query-input":{"@type":"PropertyValueSpecification","valueRequired":true,"valueName":"search_term_string"}}],"inLanguage":"fr-FR"},{"@type":"Person","@id":"https:\/\/www.africa-press.net\/senegal\/#\/schema\/person\/2b1cf3cd81a31e3cd26889ca66d677f1","name":"cfeditorfr","url":"https:\/\/www.africa-press.net\/senegal\/author\/cfeditorfr"}]}},"_links":{"self":[{"href":"https:\/\/www.africa-press.net\/senegal\/wp-json\/wp\/v2\/posts\/57224","targetHints":{"allow":["GET"]}}],"collection":[{"href":"https:\/\/www.africa-press.net\/senegal\/wp-json\/wp\/v2\/posts"}],"about":[{"href":"https:\/\/www.africa-press.net\/senegal\/wp-json\/wp\/v2\/types\/post"}],"author":[{"embeddable":true,"href":"https:\/\/www.africa-press.net\/senegal\/wp-json\/wp\/v2\/users\/82"}],"replies":[{"embeddable":true,"href":"https:\/\/www.africa-press.net\/senegal\/wp-json\/wp\/v2\/comments?post=57224"}],"version-history":[{"count":0,"href":"https:\/\/www.africa-press.net\/senegal\/wp-json\/wp\/v2\/posts\/57224\/revisions"}],"wp:featuredmedia":[{"embeddable":true,"href":"https:\/\/www.africa-press.net\/senegal\/wp-json\/wp\/v2\/media\/57223"}],"wp:attachment":[{"href":"https:\/\/www.africa-press.net\/senegal\/wp-json\/wp\/v2\/media?parent=57224"}],"wp:term":[{"taxonomy":"category","embeddable":true,"href":"https:\/\/www.africa-press.net\/senegal\/wp-json\/wp\/v2\/categories?post=57224"},{"taxonomy":"post_tag","embeddable":true,"href":"https:\/\/www.africa-press.net\/senegal\/wp-json\/wp\/v2\/tags?post=57224"}],"curies":[{"name":"wp","href":"https:\/\/api.w.org\/{rel}","templated":true}]}}