{"id":57234,"date":"2024-03-22T12:00:45","date_gmt":"2024-03-22T12:00:45","guid":{"rendered":"https:\/\/www.africa-press.net\/senegal\/politique\/election-presidentielle-au-senegal-qui-sont-les-40-observateurs-de-lunion-africaine-qui-debarquent-a-dakar"},"modified":"2024-03-23T03:29:42","modified_gmt":"2024-03-23T03:29:42","slug":"election-presidentielle-au-senegal-qui-sont-les-40-observateurs-de-lunion-africaine-qui-debarquent-a-dakar","status":"publish","type":"post","link":"https:\/\/www.africa-press.net\/senegal\/politique\/election-presidentielle-au-senegal-qui-sont-les-40-observateurs-de-lunion-africaine-qui-debarquent-a-dakar","title":{"rendered":"\u00c9lection Pr\u00e9sidentielle au S\u00e9n\u00e9gal : Qui sont les 40 Observateurs de l\u2019Union Africaine qui d\u00e9barquent \u00e0 Dakar"},"content":{"rendered":"<p><span style=\"color: #ff6600\"><strong>Africa-Press &#8211; Senegal. <\/strong><\/span>Dans le cadre de l\u2019e\u0301lection pre\u0301sidentielle qui se tient ce dimanche 24 mars 2024, au Se\u0301ne\u0301gal, l\u2019Union Africaine a de\u0301cide\u0301 d\u2019envoyer sur place, une mission d\u2019observation e\u0301lectorale de ladite e\u0301lection.<\/p>\n<p>Cette Mission d\u2019Observation E\u0301lectorale en abre\u0301ge\u0301 MOEUA, a e\u0301te\u0301 de\u0301pe\u0302che\u0301e par le Pre\u0301sident de la Commission de l\u2019Union Africaine, Moussa Faki Mahamat. Elle compte au total 40 observateurs e\u0301lectoraux de diffe\u0301rentes nationalite\u0301s.<\/p>\n<p>Elle est compose\u0301e d\u2019Ambassadeurs accre\u0301dite\u0301s aupre\u0300s de l\u2019UA, de membres des Organes de Gestion des Elections (OGE), d\u2019 Organisations de la Socie\u0301te\u0301 Civile (OSC) africaine et d\u2019experts e\u0301lectoraux africains.<\/p>\n<p>La MOEUA est conduite par Bernard Makuza, ancien Premier Ministre de la Re\u0301publique du Rwanda, et elle est appuye\u0301e par Domitien NDAYIZEYE, ancien Pre\u0301sident de la Re\u0301publique du Burundi et e\u0301galement Membre du Panel des Sages de l\u2019UA.<\/p>\n<p><b>40 observateurs issus de 22 pays africains<\/b><\/p>\n<p>Ces 40 observateurs e\u0301lectoraux sont donc issus de 22 pays, membres de l\u2019Organisation panafricaine. A\u0300 savoir, l\u2019Alge\u0301rie, l\u2019Angola, le Be\u0301nin, le Burundi, le Cameroun, les Comores, la Co\u0302te d\u2019Ivoire, l\u2019Ethiopie, la Guine\u0301e, la Guine\u0301e Bissau, la Guine\u0301e Equatoriale, le Lesotho, le Liberia, le Maroc, la Mauritanie, le Nigeria, la Re\u0301publique Centrafricaine (RCA), la Re\u0301publique De\u0301mocratique du Congo (RDC), le Rwanda, la Sierra Leone, le Togo et enfin le Zimbabwe.<\/p>\n<p>\u00ab La Mission s\u2019inscrit re\u0301solument dans le strict respect des re\u0300gles juridiques, diplomatiques et techniques re\u0301gissant l\u2019observation E\u0301lectorale internationale des e\u0301lections conforme\u0301ment aux prescriptions internes et externes relatives. Elle se veut impartiale et objective. Dans le cadre de l\u2019exe\u0301cution de son mandat, la Mission rencontrera les parties prenantes du processus e\u0301lectoral (candidats, partis et coalitions en lice, OGE, OSC), les partenaires techniques et financiers et les autres MOE de\u0301ploye\u0301es lors de ce scrutin. A l\u2019issue du vote, la Mission fera sa Confe\u0301rence portant De\u0301claration pre\u0301liminaire le 26 mars 2024, a\u0300 l\u2019Hotel Radisson Blu de Dakar. La confe\u0301rence sera ensuite suivie ulte\u0301rieurement d\u2019un Rapport Final de Mission plus de\u0301taille\u0301. Ce Rapport Final sera assorti de recommandations pertinentes relatifs a\u0300 ses constats empiriques sur le de\u0301roulement du processus e\u0301lectoral au regard des standards de\u0301mocratiques en vue d\u2019une meilleure consolidation de\u0301mocratique \u00bb, a tente\u0301 de rassurer de son co\u0302te\u0301, la Pre\u0301sidence de la Commission de l\u2019Union Africaine.<\/p>\n<p><strong>Pour plus d&rsquo;informations et d&rsquo;analyses sur la <a href=\"https:\/\/www.africa-press.net\/senegal\">Senegal<\/a>, suivez <a href=\"https:\/\/www.africa-press.net\/\">Africa-Press<\/a><\/strong><\/p>\n","protected":false},"excerpt":{"rendered":"<p>Africa-Press &#8211; Senegal. Dans le cadre de l\u2019e\u0301lection pre\u0301sidentielle qui se tient ce dimanche 24 mars 2024, au Se\u0301ne\u0301gal, l\u2019Union Africaine a de\u0301cide\u0301 d\u2019envoyer sur place, une mission d\u2019observation e\u0301lectorale de ladite e\u0301lection. Cette Mission d\u2019Observation E\u0301lectorale en abre\u0301ge\u0301 MOEUA, a e\u0301te\u0301 de\u0301pe\u0302che\u0301e par le Pre\u0301sident de la Commission de l\u2019Union Africaine, Moussa Faki Mahamat. [&hellip;]<\/p>\n","protected":false},"author":82,"featured_media":57233,"comment_status":"open","ping_status":"closed","sticky":false,"template":"","format":"standard","meta":{"footnotes":""},"categories":[2,10],"tags":[43,47,44],"class_list":["post-57234","post","type-post","status-publish","format-standard","has-post-thumbnail","hentry","category-politique","category-toutes-les-actualites","tag-africa-press-2","tag-africa-press-senegal","tag-senegal-2"],"yoast_head":"<!-- This site is optimized with the Yoast SEO Premium plugin v26.1 (Yoast SEO v27.0) - https:\/\/yoast.com\/product\/yoast-seo-premium-wordpress\/ -->\n<title>\u00c9lection Pr\u00e9sidentielle au S\u00e9n\u00e9gal : Qui sont les 40 Observateurs de l\u2019Union Africaine qui d\u00e9barquent \u00e0 Dakar - Senegal<\/title>\n<meta name=\"description\" content=\"Dans le cadre de l\u2019e\u0301lection pre\u0301sidentielle qui se tient ce dimanche 24 mars 2024, au Se\u0301ne\u0301gal, l\u2019Union Africaine a de ...\" \/>\n<meta name=\"robots\" content=\"index, follow, max-snippet:-1, max-image-preview:large, max-video-preview:-1\" \/>\n<link rel=\"canonical\" href=\"https:\/\/www.africa-press.net\/senegal\/politique\/election-presidentielle-au-senegal-qui-sont-les-40-observateurs-de-lunion-africaine-qui-debarquent-a-dakar\" \/>\n<meta property=\"og:locale\" content=\"fr_FR\" \/>\n<meta property=\"og:type\" content=\"article\" \/>\n<meta property=\"og:title\" content=\"\u00c9lection Pr\u00e9sidentielle au S\u00e9n\u00e9gal : Qui sont les 40 Observateurs de l\u2019Union Africaine qui d\u00e9barquent \u00e0 Dakar\" \/>\n<meta property=\"og:description\" content=\"Dans le cadre de l\u2019e\u0301lection pre\u0301sidentielle qui se tient ce dimanche 24 mars 2024, au Se\u0301ne\u0301gal, l\u2019Union Africaine a de ...\" \/>\n<meta property=\"og:url\" content=\"https:\/\/www.africa-press.net\/senegal\/politique\/election-presidentielle-au-senegal-qui-sont-les-40-observateurs-de-lunion-africaine-qui-debarquent-a-dakar\" \/>\n<meta property=\"og:site_name\" content=\"Senegal\" \/>\n<meta property=\"article:published_time\" content=\"2024-03-22T12:00:45+00:00\" \/>\n<meta property=\"article:modified_time\" content=\"2024-03-23T03:29:42+00:00\" \/>\n<meta property=\"og:image\" content=\"https:\/\/static.africa-press.net\/senegal\/sites\/13\/2024\/03\/sm_1711148307.099443.jpg\" \/>\n\t<meta property=\"og:image:width\" content=\"1016\" \/>\n\t<meta property=\"og:image:height\" content=\"677\" \/>\n\t<meta property=\"og:image:type\" content=\"image\/jpeg\" \/>\n<meta name=\"author\" content=\"cfeditorfr\" \/>\n<meta name=\"twitter:card\" content=\"summary_large_image\" \/>\n<meta name=\"twitter:label1\" content=\"\u00c9crit par\" \/>\n\t<meta name=\"twitter:data1\" content=\"cfeditorfr\" \/>\n\t<meta name=\"twitter:label2\" content=\"Dur\u00e9e de lecture estim\u00e9e\" \/>\n\t<meta name=\"twitter:data2\" content=\"2 minutes\" \/>\n<script type=\"application\/ld+json\" class=\"yoast-schema-graph\">{\"@context\":\"https:\/\/schema.org\",\"@graph\":[{\"@type\":\"Article\",\"@id\":\"https:\/\/www.africa-press.net\/senegal\/politique\/election-presidentielle-au-senegal-qui-sont-les-40-observateurs-de-lunion-africaine-qui-debarquent-a-dakar#article\",\"isPartOf\":{\"@id\":\"https:\/\/www.africa-press.net\/senegal\/politique\/election-presidentielle-au-senegal-qui-sont-les-40-observateurs-de-lunion-africaine-qui-debarquent-a-dakar\"},\"author\":{\"name\":\"cfeditorfr\",\"@id\":\"https:\/\/www.africa-press.net\/senegal\/#\/schema\/person\/2b1cf3cd81a31e3cd26889ca66d677f1\"},\"headline\":\"\u00c9lection Pr\u00e9sidentielle au S\u00e9n\u00e9gal : Qui sont les 40 Observateurs de l\u2019Union Africaine qui d\u00e9barquent \u00e0 Dakar\",\"datePublished\":\"2024-03-22T12:00:45+00:00\",\"dateModified\":\"2024-03-23T03:29:42+00:00\",\"mainEntityOfPage\":{\"@id\":\"https:\/\/www.africa-press.net\/senegal\/politique\/election-presidentielle-au-senegal-qui-sont-les-40-observateurs-de-lunion-africaine-qui-debarquent-a-dakar\"},\"wordCount\":465,\"commentCount\":0,\"image\":{\"@id\":\"https:\/\/www.africa-press.net\/senegal\/politique\/election-presidentielle-au-senegal-qui-sont-les-40-observateurs-de-lunion-africaine-qui-debarquent-a-dakar#primaryimage\"},\"thumbnailUrl\":\"https:\/\/static.africa-press.net\/senegal\/sites\/13\/2024\/03\/sm_1711148307.099443.jpg\",\"keywords\":[\"Africa Press\",\"Africa Press-Senegal\",\"Senegal\"],\"articleSection\":[\"Politique\",\"Toutes les actualit\u00e9s\"],\"inLanguage\":\"fr-FR\",\"potentialAction\":[{\"@type\":\"CommentAction\",\"name\":\"Comment\",\"target\":[\"https:\/\/www.africa-press.net\/senegal\/politique\/election-presidentielle-au-senegal-qui-sont-les-40-observateurs-de-lunion-africaine-qui-debarquent-a-dakar#respond\"]}]},{\"@type\":\"WebPage\",\"@id\":\"https:\/\/www.africa-press.net\/senegal\/politique\/election-presidentielle-au-senegal-qui-sont-les-40-observateurs-de-lunion-africaine-qui-debarquent-a-dakar\",\"url\":\"https:\/\/www.africa-press.net\/senegal\/politique\/election-presidentielle-au-senegal-qui-sont-les-40-observateurs-de-lunion-africaine-qui-debarquent-a-dakar\",\"name\":\"\u00c9lection Pr\u00e9sidentielle au S\u00e9n\u00e9gal : Qui sont les 40 Observateurs de l\u2019Union Africaine qui d\u00e9barquent \u00e0 Dakar - Senegal\",\"isPartOf\":{\"@id\":\"https:\/\/www.africa-press.net\/senegal\/#website\"},\"primaryImageOfPage\":{\"@id\":\"https:\/\/www.africa-press.net\/senegal\/politique\/election-presidentielle-au-senegal-qui-sont-les-40-observateurs-de-lunion-africaine-qui-debarquent-a-dakar#primaryimage\"},\"image\":{\"@id\":\"https:\/\/www.africa-press.net\/senegal\/politique\/election-presidentielle-au-senegal-qui-sont-les-40-observateurs-de-lunion-africaine-qui-debarquent-a-dakar#primaryimage\"},\"thumbnailUrl\":\"https:\/\/static.africa-press.net\/senegal\/sites\/13\/2024\/03\/sm_1711148307.099443.jpg\",\"datePublished\":\"2024-03-22T12:00:45+00:00\",\"dateModified\":\"2024-03-23T03:29:42+00:00\",\"author\":{\"@id\":\"https:\/\/www.africa-press.net\/senegal\/#\/schema\/person\/2b1cf3cd81a31e3cd26889ca66d677f1\"},\"description\":\"Dans le cadre de l\u2019e\u0301lection pre\u0301sidentielle qui se tient ce dimanche 24 mars 2024, au Se\u0301ne\u0301gal, l\u2019Union Africaine a de ...\",\"breadcrumb\":{\"@id\":\"https:\/\/www.africa-press.net\/senegal\/politique\/election-presidentielle-au-senegal-qui-sont-les-40-observateurs-de-lunion-africaine-qui-debarquent-a-dakar#breadcrumb\"},\"inLanguage\":\"fr-FR\",\"potentialAction\":[{\"@type\":\"ReadAction\",\"target\":[\"https:\/\/www.africa-press.net\/senegal\/politique\/election-presidentielle-au-senegal-qui-sont-les-40-observateurs-de-lunion-africaine-qui-debarquent-a-dakar\"]}]},{\"@type\":\"ImageObject\",\"inLanguage\":\"fr-FR\",\"@id\":\"https:\/\/www.africa-press.net\/senegal\/politique\/election-presidentielle-au-senegal-qui-sont-les-40-observateurs-de-lunion-africaine-qui-debarquent-a-dakar#primaryimage\",\"url\":\"https:\/\/static.africa-press.net\/senegal\/sites\/13\/2024\/03\/sm_1711148307.099443.jpg\",\"contentUrl\":\"https:\/\/static.africa-press.net\/senegal\/sites\/13\/2024\/03\/sm_1711148307.099443.jpg\",\"width\":1016,\"height\":677,\"caption\":\"\u00c9lection Pr\u00e9sidentielle au S\u00e9n\u00e9gal : Qui sont les 40 Observateurs de l\u2019Union Africaine qui d\u00e9barquent \u00e0 Dakar\"},{\"@type\":\"BreadcrumbList\",\"@id\":\"https:\/\/www.africa-press.net\/senegal\/politique\/election-presidentielle-au-senegal-qui-sont-les-40-observateurs-de-lunion-africaine-qui-debarquent-a-dakar#breadcrumb\",\"itemListElement\":[{\"@type\":\"ListItem\",\"position\":1,\"name\":\"Accueil\",\"item\":\"https:\/\/www.africa-press.net\/senegal\/\"},{\"@type\":\"ListItem\",\"position\":2,\"name\":\"\u00c9lection Pr\u00e9sidentielle au S\u00e9n\u00e9gal : Qui sont les 40 Observateurs de l\u2019Union Africaine qui d\u00e9barquent \u00e0 Dakar\"}]},{\"@type\":\"WebSite\",\"@id\":\"https:\/\/www.africa-press.net\/senegal\/#website\",\"url\":\"https:\/\/www.africa-press.net\/senegal\/\",\"name\":\"Africa Press | Senegal | Homepage\",\"description\":\"Just another Africa News Agency Sites site\",\"potentialAction\":[{\"@type\":\"SearchAction\",\"target\":{\"@type\":\"EntryPoint\",\"urlTemplate\":\"https:\/\/www.africa-press.net\/senegal\/?s={search_term_string}\"},\"query-input\":{\"@type\":\"PropertyValueSpecification\",\"valueRequired\":true,\"valueName\":\"search_term_string\"}}],\"inLanguage\":\"fr-FR\"},{\"@type\":\"Person\",\"@id\":\"https:\/\/www.africa-press.net\/senegal\/#\/schema\/person\/2b1cf3cd81a31e3cd26889ca66d677f1\",\"name\":\"cfeditorfr\",\"url\":\"https:\/\/www.africa-press.net\/senegal\/author\/cfeditorfr\"}]}<\/script>\n<!-- \/ Yoast SEO Premium plugin. -->","yoast_head_json":{"title":"\u00c9lection Pr\u00e9sidentielle au S\u00e9n\u00e9gal : Qui sont les 40 Observateurs de l\u2019Union Africaine qui d\u00e9barquent \u00e0 Dakar - Senegal","description":"Dans le cadre de l\u2019e\u0301lection pre\u0301sidentielle qui se tient ce dimanche 24 mars 2024, au Se\u0301ne\u0301gal, l\u2019Union Africaine a de ...","robots":{"index":"index","follow":"follow","max-snippet":"max-snippet:-1","max-image-preview":"max-image-preview:large","max-video-preview":"max-video-preview:-1"},"canonical":"https:\/\/www.africa-press.net\/senegal\/politique\/election-presidentielle-au-senegal-qui-sont-les-40-observateurs-de-lunion-africaine-qui-debarquent-a-dakar","og_locale":"fr_FR","og_type":"article","og_title":"\u00c9lection Pr\u00e9sidentielle au S\u00e9n\u00e9gal : Qui sont les 40 Observateurs de l\u2019Union Africaine qui d\u00e9barquent \u00e0 Dakar","og_description":"Dans le cadre de l\u2019e\u0301lection pre\u0301sidentielle qui se tient ce dimanche 24 mars 2024, au Se\u0301ne\u0301gal, l\u2019Union Africaine a de ...","og_url":"https:\/\/www.africa-press.net\/senegal\/politique\/election-presidentielle-au-senegal-qui-sont-les-40-observateurs-de-lunion-africaine-qui-debarquent-a-dakar","og_site_name":"Senegal","article_published_time":"2024-03-22T12:00:45+00:00","article_modified_time":"2024-03-23T03:29:42+00:00","og_image":[{"width":1016,"height":677,"url":"https:\/\/static.africa-press.net\/senegal\/sites\/13\/2024\/03\/sm_1711148307.099443.jpg","type":"image\/jpeg"}],"author":"cfeditorfr","twitter_card":"summary_large_image","twitter_misc":{"\u00c9crit par":"cfeditorfr","Dur\u00e9e de lecture estim\u00e9e":"2 minutes"},"schema":{"@context":"https:\/\/schema.org","@graph":[{"@type":"Article","@id":"https:\/\/www.africa-press.net\/senegal\/politique\/election-presidentielle-au-senegal-qui-sont-les-40-observateurs-de-lunion-africaine-qui-debarquent-a-dakar#article","isPartOf":{"@id":"https:\/\/www.africa-press.net\/senegal\/politique\/election-presidentielle-au-senegal-qui-sont-les-40-observateurs-de-lunion-africaine-qui-debarquent-a-dakar"},"author":{"name":"cfeditorfr","@id":"https:\/\/www.africa-press.net\/senegal\/#\/schema\/person\/2b1cf3cd81a31e3cd26889ca66d677f1"},"headline":"\u00c9lection Pr\u00e9sidentielle au S\u00e9n\u00e9gal : Qui sont les 40 Observateurs de l\u2019Union Africaine qui d\u00e9barquent \u00e0 Dakar","datePublished":"2024-03-22T12:00:45+00:00","dateModified":"2024-03-23T03:29:42+00:00","mainEntityOfPage":{"@id":"https:\/\/www.africa-press.net\/senegal\/politique\/election-presidentielle-au-senegal-qui-sont-les-40-observateurs-de-lunion-africaine-qui-debarquent-a-dakar"},"wordCount":465,"commentCount":0,"image":{"@id":"https:\/\/www.africa-press.net\/senegal\/politique\/election-presidentielle-au-senegal-qui-sont-les-40-observateurs-de-lunion-africaine-qui-debarquent-a-dakar#primaryimage"},"thumbnailUrl":"https:\/\/static.africa-press.net\/senegal\/sites\/13\/2024\/03\/sm_1711148307.099443.jpg","keywords":["Africa Press","Africa Press-Senegal","Senegal"],"articleSection":["Politique","Toutes les actualit\u00e9s"],"inLanguage":"fr-FR","potentialAction":[{"@type":"CommentAction","name":"Comment","target":["https:\/\/www.africa-press.net\/senegal\/politique\/election-presidentielle-au-senegal-qui-sont-les-40-observateurs-de-lunion-africaine-qui-debarquent-a-dakar#respond"]}]},{"@type":"WebPage","@id":"https:\/\/www.africa-press.net\/senegal\/politique\/election-presidentielle-au-senegal-qui-sont-les-40-observateurs-de-lunion-africaine-qui-debarquent-a-dakar","url":"https:\/\/www.africa-press.net\/senegal\/politique\/election-presidentielle-au-senegal-qui-sont-les-40-observateurs-de-lunion-africaine-qui-debarquent-a-dakar","name":"\u00c9lection Pr\u00e9sidentielle au S\u00e9n\u00e9gal : Qui sont les 40 Observateurs de l\u2019Union Africaine qui d\u00e9barquent \u00e0 Dakar - Senegal","isPartOf":{"@id":"https:\/\/www.africa-press.net\/senegal\/#website"},"primaryImageOfPage":{"@id":"https:\/\/www.africa-press.net\/senegal\/politique\/election-presidentielle-au-senegal-qui-sont-les-40-observateurs-de-lunion-africaine-qui-debarquent-a-dakar#primaryimage"},"image":{"@id":"https:\/\/www.africa-press.net\/senegal\/politique\/election-presidentielle-au-senegal-qui-sont-les-40-observateurs-de-lunion-africaine-qui-debarquent-a-dakar#primaryimage"},"thumbnailUrl":"https:\/\/static.africa-press.net\/senegal\/sites\/13\/2024\/03\/sm_1711148307.099443.jpg","datePublished":"2024-03-22T12:00:45+00:00","dateModified":"2024-03-23T03:29:42+00:00","author":{"@id":"https:\/\/www.africa-press.net\/senegal\/#\/schema\/person\/2b1cf3cd81a31e3cd26889ca66d677f1"},"description":"Dans le cadre de l\u2019e\u0301lection pre\u0301sidentielle qui se tient ce dimanche 24 mars 2024, au Se\u0301ne\u0301gal, l\u2019Union Africaine a de ...","breadcrumb":{"@id":"https:\/\/www.africa-press.net\/senegal\/politique\/election-presidentielle-au-senegal-qui-sont-les-40-observateurs-de-lunion-africaine-qui-debarquent-a-dakar#breadcrumb"},"inLanguage":"fr-FR","potentialAction":[{"@type":"ReadAction","target":["https:\/\/www.africa-press.net\/senegal\/politique\/election-presidentielle-au-senegal-qui-sont-les-40-observateurs-de-lunion-africaine-qui-debarquent-a-dakar"]}]},{"@type":"ImageObject","inLanguage":"fr-FR","@id":"https:\/\/www.africa-press.net\/senegal\/politique\/election-presidentielle-au-senegal-qui-sont-les-40-observateurs-de-lunion-africaine-qui-debarquent-a-dakar#primaryimage","url":"https:\/\/static.africa-press.net\/senegal\/sites\/13\/2024\/03\/sm_1711148307.099443.jpg","contentUrl":"https:\/\/static.africa-press.net\/senegal\/sites\/13\/2024\/03\/sm_1711148307.099443.jpg","width":1016,"height":677,"caption":"\u00c9lection Pr\u00e9sidentielle au S\u00e9n\u00e9gal : Qui sont les 40 Observateurs de l\u2019Union Africaine qui d\u00e9barquent \u00e0 Dakar"},{"@type":"BreadcrumbList","@id":"https:\/\/www.africa-press.net\/senegal\/politique\/election-presidentielle-au-senegal-qui-sont-les-40-observateurs-de-lunion-africaine-qui-debarquent-a-dakar#breadcrumb","itemListElement":[{"@type":"ListItem","position":1,"name":"Accueil","item":"https:\/\/www.africa-press.net\/senegal\/"},{"@type":"ListItem","position":2,"name":"\u00c9lection Pr\u00e9sidentielle au S\u00e9n\u00e9gal : Qui sont les 40 Observateurs de l\u2019Union Africaine qui d\u00e9barquent \u00e0 Dakar"}]},{"@type":"WebSite","@id":"https:\/\/www.africa-press.net\/senegal\/#website","url":"https:\/\/www.africa-press.net\/senegal\/","name":"Africa Press | Senegal | Homepage","description":"Just another Africa News Agency Sites site","potentialAction":[{"@type":"SearchAction","target":{"@type":"EntryPoint","urlTemplate":"https:\/\/www.africa-press.net\/senegal\/?s={search_term_string}"},"query-input":{"@type":"PropertyValueSpecification","valueRequired":true,"valueName":"search_term_string"}}],"inLanguage":"fr-FR"},{"@type":"Person","@id":"https:\/\/www.africa-press.net\/senegal\/#\/schema\/person\/2b1cf3cd81a31e3cd26889ca66d677f1","name":"cfeditorfr","url":"https:\/\/www.africa-press.net\/senegal\/author\/cfeditorfr"}]}},"_links":{"self":[{"href":"https:\/\/www.africa-press.net\/senegal\/wp-json\/wp\/v2\/posts\/57234","targetHints":{"allow":["GET"]}}],"collection":[{"href":"https:\/\/www.africa-press.net\/senegal\/wp-json\/wp\/v2\/posts"}],"about":[{"href":"https:\/\/www.africa-press.net\/senegal\/wp-json\/wp\/v2\/types\/post"}],"author":[{"embeddable":true,"href":"https:\/\/www.africa-press.net\/senegal\/wp-json\/wp\/v2\/users\/82"}],"replies":[{"embeddable":true,"href":"https:\/\/www.africa-press.net\/senegal\/wp-json\/wp\/v2\/comments?post=57234"}],"version-history":[{"count":0,"href":"https:\/\/www.africa-press.net\/senegal\/wp-json\/wp\/v2\/posts\/57234\/revisions"}],"wp:featuredmedia":[{"embeddable":true,"href":"https:\/\/www.africa-press.net\/senegal\/wp-json\/wp\/v2\/media\/57233"}],"wp:attachment":[{"href":"https:\/\/www.africa-press.net\/senegal\/wp-json\/wp\/v2\/media?parent=57234"}],"wp:term":[{"taxonomy":"category","embeddable":true,"href":"https:\/\/www.africa-press.net\/senegal\/wp-json\/wp\/v2\/categories?post=57234"},{"taxonomy":"post_tag","embeddable":true,"href":"https:\/\/www.africa-press.net\/senegal\/wp-json\/wp\/v2\/tags?post=57234"}],"curies":[{"name":"wp","href":"https:\/\/api.w.org\/{rel}","templated":true}]}}