{"id":57251,"date":"2024-03-23T08:03:43","date_gmt":"2024-03-23T08:03:43","guid":{"rendered":"https:\/\/www.africa-press.net\/senegal\/politique\/a-kedougou-amadou-ba-profitera-t-il-du-bilan-de-macky-sall"},"modified":"2024-03-23T09:26:49","modified_gmt":"2024-03-23T09:26:49","slug":"a-kedougou-amadou-ba-profitera-t-il-du-bilan-de-macky-sall","status":"publish","type":"post","link":"https:\/\/www.africa-press.net\/senegal\/dossiers\/a-kedougou-amadou-ba-profitera-t-il-du-bilan-de-macky-sall","title":{"rendered":"\u00c0 K\u00e9dougou, Amadou Ba profitera-t-il du bilan de Macky Sall ?"},"content":{"rendered":"<p><b>Mari\u00e8me Soumar\u00e9 <\/b><\/p>\n<p><span style=\"color: #ff6600\"><strong>Africa-Press &#8211; Senegal. <\/strong><\/span>La re\u0301gion la plus a\u0300 l\u2019est du Se\u0301ne\u0301gal a fait le choix de la majorite\u0301 depuis 2019. Les re\u0301alisations de Macky Sall y laissent pourtant une impression en demi-teinte, et le choix e\u0301lectoral de Ke\u0301dougou et de ses environs pourrait s\u2019en trouver mitige\u0301.<\/p>\n<p>Et soudain, le voici. Au milieu de nulle part, sur le bas-co\u0302te\u0301 d\u2019une route qui s\u2019enfonce dans la brousse. Le blanc encore immacule\u0301 du ba\u0302timent tranche avec la late\u0301rite qui l\u2019entoure. L\u2019ho\u0302pital re\u0301gional Amath Dansokho a e\u0301te\u0301 construit a\u0300 cinq kilome\u0300tres du centre de Ke\u0301dougou, sur la route qui me\u0300ne en Guine\u0301e \u2013 la frontie\u0300re est a\u0300 une vingtaine de kilome\u0300tres. On emprunte, pour y acce\u0301der, le nouveau pont Ke\u0301dougou-Fongolemi, re\u0301alisation de Macky Sall effectue\u0301e peu avant sa re\u0301e\u0301lection en 2019. Auparavant, seul un bac permettait de traverser ici le fleuve Gambie.<\/p>\n<p>Inaugure\u0301 en mai 2021 par le chef de l\u2019E\u0301tat, en compagnie de son ancien ministre de la Sante\u0301, Abdoulaye Diouf Sarr, l\u2019ho\u0302pital dispose d\u2019un mate\u0301riel de pointe, d\u2019un service de cardiologie, de pe\u0301diatrie, de radiologie&#8230; Dans des couloirs au carrelage rutilant, tout semble neuf, moderne. Un \u00ab petit bijou \u00bb, se fe\u0301licite un cadre de l\u2019administration re\u0301gionale. Mais le ba\u0302timent est quasi vide. Il ne disposerait pas de personnel suffisamment qualifie\u0301 pour faire fonctionner tout son e\u0301quipement.<\/p>\n<p>Devant l\u2019e\u0301difice, quelques taxis patientent paresseusement en attendant les rares patients. Ce \u00ab petit bijou \u00bb qui tourne au ralenti est a\u0300 l\u2019image de plusieurs des re\u0301alisations de Macky Sall dans la re\u0301gion: il est la preuve d\u2019inde\u0301niables efforts de de\u0301veloppement, mais de\u0301tonne dans une zone trop longtemps de\u0301laisse\u0301e.<\/p>\n<p><b>Promesses e\u0301lectorales<\/b><\/p>\n<p>Avec seulement 72 413 e\u0301lecteurs sur les 7 millions que compte le pays, Ke\u0301dougou ne repre\u0301sente que 1 % des voix au niveau national. Ce qui n\u2019en fait pas une priorite\u0301 pour les candidats a\u0300 l\u2019e\u0301lection du 24 mars. Au cours de la campagne e\u0301lectorale acce\u0301le\u0301re\u0301e qui s\u2019est acheve\u0301e ce vendredi a\u0300 minuit, seuls deux responsables politiques ont pousse\u0301 jusqu\u2019aux confins du Sud-Est: Amadou Ba, le candidat de la majorite\u0301, et Ousmane Sonko, qui a battu campagne pour son prote\u0301ge\u0301, Bassirou Diomaye Faye. En arrivant a\u0300 Ke\u0301dougou, il savait bien qu\u2019il n\u2019e\u0301tait pas en terrain conquis: la re\u0301gion a ple\u0301biscite\u0301 la majorite\u0301 lors des derniers scrutins.<\/p>\n<p>En novembre 2023, Macky Sall a lance\u0301 une \u00ab tourne\u0301e e\u0301conomique \u00bb a\u0300 Ke\u0301dougou, chef-lieu de la re\u0301gion la plus a\u0300 l\u2019est du Se\u0301ne\u0301gal. A\u0300 l\u2019occasion d\u2019un \u00ab conseil pre\u0301sidentiel de de\u0301veloppement \u00bb, il a annonce\u0301 un programme en quinze axes a\u0300 hauteur de 600 milliards de francs CFA (915 millions d\u2019euros).<\/p>\n<p>Avant le scrutin de 2019, il avait assure\u0301 qu\u2019il comptait \u00ab ga\u0302ter \u00bb la re\u0301gion. Les habitant ont pris la promesse au mot: Ke\u0301dougou a vote\u0301 a\u0300 plus de 71 % pour le sortant. En 2016 de\u0301ja\u0300, il avait mis sur pied le Programme d\u2019urgence de modernisation des axes et territoires frontaliers (Puma), destine\u0301 a\u0300 cre\u0301er des emplois et a\u0300 moderniser les infrastructures dans la zone, avec plusieurs dizaines de milliards d\u2019investissements.<\/p>\n<p>\u00ab Dans la recherche \u2018d\u2019e\u0301quite\u0301 territoriale\u2019 de Macky Sall, Ke\u0301dougou a toujours e\u0301te\u0301 une priorite\u0301. Il y a re\u0301alise\u0301 des investissements significatifs \u00bb, estime une source diplomatique occidentale. \u00ab Beaucoup de progre\u0300s ont e\u0301te\u0301 faits pour ame\u0301liorer les conditions de vie dans la re\u0301gion, abonde le cadre de l\u2019administration cite\u0301 pre\u0301ce\u0301demment. Tout Ke\u0301dougou est en chantier ! Les engagements formule\u0301s lors du conseil pre\u0301sidentiel devraient permettre la poursuite du pavage des routes. \u00bb<\/p>\n<p>En de\u0301pit de ces efforts, Ke\u0301dougou demeure l\u2019une des re\u0301gions les moins de\u0301veloppe\u0301es du Se\u0301ne\u0301gal: plus de 60 % de pauvrete\u0301, un habitant sur quatre au cho\u0302mage. Pour l\u2019atteindre, comptez une bonne dizaine d\u2019heures de bus depuis Dakar, sur une route re\u0301cemment refaite dont l\u2019asphalte ferait rougir les avenues dakaroises pleines d\u2019ornie\u0300res.<\/p>\n<p>La liaison est de\u0301sormais assure\u0301e deux fois par semaine par le service public Se\u0301ne\u0301gal Dem Dikk \u2013 signe de la volonte\u0301 de l\u2019E\u0301tat de de\u0301senclaver la re\u0301gion. A\u0300 l\u2019approche de Ke\u0301dougou, les collines succe\u0300dent a\u0300 la plaine. Les Ke\u0301dovins les appellent \u00ab montagnes \u00bb, et les lourds camions a\u0300 destination du Mali y restent souvent bloque\u0301s, incapables de gravir leurs pentes jusqu\u2019au sommet.<\/p>\n<p><b>\u00ab Bilan immate\u0301riel ne\u0301gatif \u00bb<\/b><\/p>\n<p>Le maire de Ke\u0301dougou, Ousmane Sylla, e\u0301lu sans difficulte\u0301s lors des locales de janvier 2022, a e\u0301te\u0301 nomme\u0301 a\u0300 la te\u0302te de l\u2019agence Dakar Dem Dikk quelques mois apre\u0300s sa victoire. C\u2019est son visage se\u0301rieux et celui de Macky Sall qui accueillent le visiteur a\u0300 l\u2019entre\u0301e de la ville, sur une large banderole aux couleurs du parti pre\u0301sidentiel installe\u0301e sur un rond-point: \u00ab Le maire de Ke\u0301dougou en marche vers la grande victoire de Benno Bokk Yakaar. Merci, Pre\u0301sident. \u00bb<\/p>\n<p>Si l\u2019annonce du report de l\u2019e\u0301lection pre\u0301vue le 25 fe\u0301vrier a entrai\u0302ne\u0301 plusieurs manifestations dans les grandes villes du pays, ce ne fut pas le cas a\u0300 Ke\u0301dougou, ou\u0300 le tumulte de Dakar semble bien loin. Comme en Casamance, sa voisine occidentale, il y est d\u2019ailleurs d\u2019usage de demander a\u0300 celui qui rentre de la capitale des nouvelles du Se\u0301ne\u0301gal. Signe que sa population s\u2019est longtemps conside\u0301re\u0301e comme de\u0301laisse\u0301e par l\u2019E\u0301tat central.<\/p>\n<p>Un paradoxe souleve\u0301 par Ousmane Sonko, le 19 mars. L\u2019opposant a rappele\u0301 que les re\u0301gions les plus pauvres du pays avaient tendance a\u0300 voter pour le pouvoir, et a insiste\u0301 sur le cho\u0302mage qui touche les jeunes, les poussant a\u0300 e\u0301migrer faute de perspectives, et la mauvaise re\u0301partition des richesses. \u00ab Vous avez laisse\u0301 le pays aux mains de Macky [Sall], et pour quel re\u0301sultat ? A\u0300 partir de dimanche, il y aura un changement dans ce pays. Ke\u0301dougou aura-t-elle participe\u0301 a\u0300 ce changement ? \u00bb a-t-il demande\u0301, appelant ses partisans a\u0300 re\u0301cupe\u0301rer leur carte d\u2019e\u0301lecteur et a\u0300 voter le 24 mars.<\/p>\n<p>La re\u0301gion, tourne\u0301e vers ses voisins maliens et guine\u0301ens, est majoritairement porte\u0301e par l\u2019exploitation de l\u2019or. Ses richesses minie\u0300res attirent des travailleurs de toute la sous-re\u0301gion et plusieurs compagnies industrielles e\u0301trange\u0300res. \u00ab Tout le monde ne peut pas travailler dans les mines pour autant, pre\u0301vient le haut fonctionnaire cite\u0301 pre\u0301ce\u0301demment. Il est ne\u0301cessaire d\u2019orienter les jeunes vers l\u2019agriculture ou l\u2019e\u0301levage. \u00bb Un de\u0301fi pour de\u0301velopper la re\u0301gion, confronte\u0301e a\u0300 la pre\u0301sence de groupes jihadistes a\u0300 sa frontie\u0300re. La menace est prise au se\u0301rieux par les autorite\u0301s, qui ont renforce\u0301 leur pre\u0301sence dans la zone ces dernie\u0300res anne\u0301es.<\/p>\n<p>Figure locale de l\u2019opposition, l\u2019ancien ministre libe\u0301ral Moustapha Guirassy critique durement les ambitions de Macky Sall pour sa re\u0301gion, qu\u2019il juge re\u0301ductrices. \u00ab Son bilan immate\u0301riel est ne\u0301gatif. Il est en train de passer a\u0300 co\u0302te\u0301 de la vocation naturelle de la re\u0301gion, qui est agricole et verte. Il est ne\u0301cessaire de proposer un autre mode\u0300le de de\u0301veloppement aux Ke\u0301dovins. \u00bb Soutien du candidat de l\u2019opposition Bassirou Diomaye Faye, dont il est le directeur de campagne, l\u2019ancien maire de Ke\u0301dougou avait rec\u0327u Jeune Afrique dans son bio-parc a\u0300 la fin du mois de janvier. Un espace qui se veut \u00ab re\u0301volutionnaire \u00bb, installe\u0301 au c\u0153ur de la fore\u0302t magique de Ke\u0301dougou.<\/p>\n<p><b>E\u0301conomie verte<\/b><\/p>\n<p>Sur une e\u0301tendue de 70 hectares, situe\u0301 en bordure du fleuve Gambie, le parc abrite un e\u0301colodge, une salle de re\u0301ception et de ce\u0301re\u0301monie, une ferme&#8230; Dans un vaste jardin arbore\u0301, un paon majestueux se laisse admirer. Ce 23 janvier, des dizaines de jeunes des environs ont afflue\u0301 vers le site pour regarder le match de la Coupe d\u2019Afrique des Nations Se\u0301ne\u0301gal-Guine\u0301e sur les e\u0301crans ge\u0301ants installe\u0301s pour l\u2019occasion. Au milieu des hourras ce\u0301le\u0301brant la victoire, Moustapha Guirassy de\u0301fend sa vision d\u2019une \u00ab e\u0301conomie verte \u00bb et tourne\u0301e vers les traditions ancestrales du Se\u0301ne\u0301gal Oriental.<\/p>\n<p>\u00ab Pour le chef de l\u2019E\u0301tat, le potentiel de cette re\u0301gion est juste minier. Il a affaibli Ke\u0301dougou en l\u2019ouvrant aux multinationales, en tournant le dos aux populations et a\u0300 ce qu\u2019elles savent faire. Certes, la pre\u0301sence des socie\u0301te\u0301s minie\u0300res encourage le travail facile, mais elle ne cre\u0301e par de valeur, ou de la valeur exporte\u0301e. \u00bb Le chef d\u2019entreprise se de\u0301sole d\u2019e\u0302tre oblige\u0301 de recruter ses ouvriers agricoles au Mali ou a\u0300 Kaolack (a\u0300 l\u2019ouest du pays), et d\u2019avoir du\u0302 faire construire sa cascade artificielle par des artisans venus de Grand Yoff, a\u0300 Dakar, alors que les Bassaris sont spe\u0301cialistes du travail de la pierre.<\/p>\n<p>Aucune des actions entreprises par le pouvoir ne trouve gra\u0302ce aux yeux de l\u2019ancien de\u0301pute\u0301. \u00ab Oui, l\u2019ho\u0302pital est beau, les routes sont belles. Biento\u0302t, nous auront un ae\u0301roport, des gratte-ciel, pourquoi pas ! Tout c\u0327a pour mieux servir les multinationales, balaie-t-il. La ville va e\u0301voluer, mais les populations sont de plus en plus pauvres. \u00bb La modernisation des infrastructures ? Des \u00ab investissements e\u0301lectoralistes \u00bb. Les programmes de de\u0301veloppement ? Un \u00ab achat des consciences \u00bb.<\/p>\n<p>\u00ab Un programme structurant aurait conduit Macky Sall a\u0300 faire un chemin de fer, il a pre\u0301fe\u0301re\u0301 le luxe, poursuit-il. Le projet d\u2019industrie de transformation du fer a d\u2019ailleurs e\u0301te\u0301 transfe\u0301re\u0301 ailleurs, alors que le fer vient de chez nous ! Et ce n\u2019est pas le seul projet qui nous a e\u0301chappe\u0301. \u00bb Pour certains responsables, l\u2019influence du ministre de l\u2019Inte\u0301rieur Sidiki Kaba (Premier ministre depuis le 6 mars), proche de Macky Sall et originaire de Tambacounda, aurait de\u0301favorise\u0301 la re\u0301gion de Ke\u0301dougou.<\/p>\n<p><b>\u00ab La terre des hommes \u00bb<\/b><\/p>\n<p>Le militant e\u0301cologiste Oudy Diallo, fondateur de l\u2019association Alerte Ke\u0301dougou environnement, dresse lui aussi un bilan ne\u0301gatif de l\u2019administration de la re\u0301gion. Lorsque nous le rencontrons, il vient tout juste de sortir de six mois de de\u0301tention pour \u00ab diffamation \u00bb et \u00ab outrage a\u0300 un agent public dans l\u2019exercice de ses fonctions \u00bb \u2013 il a de\u0301nonce\u0301 des faits de corruption dont il dit avoir e\u0301te\u0301 le te\u0301moin.<\/p>\n<p>Il n\u2019a pourtant rien perdu de sa verve et de\u0301nonce le comportement des industries e\u0301trange\u0300res \u2013 \u00ab des entreprises de de\u0301linquants et de bandits \u00bb \u2013 et le \u00ab carnage e\u0301cologique \u00bb qui re\u0301sulte de l\u2019exploitation aurife\u0300re. \u00ab Ke\u0301dougou est une re\u0301gion qui n\u2019a pas de force, pourtant elle repre\u0301sente un socle pour ce pays. Ce que Macky Sall y a fait est de\u0301risoire. Nos valeurs culturelles sont en train de disparai\u0302tre. Nous avons e\u0301te\u0301 be\u0301nis par Dieu, mais pas par nos re\u0301gimes \u00bb, se de\u0301sole l\u2019activiste.<\/p>\n<p>\u00ab Ke\u0301dougou est une re\u0301gion qui a une histoire de re\u0301sistance, qui a toujours e\u0301te\u0301 un espace de contestation, conclut Seydou Kante\u0301, chercheur en ge\u0301opolitique. Il ne faut pas oublier que le nom me\u0302me de la re\u0301gion signifie \u2018la terre des hommes\u2019 en mandingue. Ses habitants savent de\u0301fendre leurs inte\u0301re\u0302ts. \u00bb<\/p>\n<p><b>Source: jeuneafrique<\/b><\/p>\n<p><strong>Pour plus d&rsquo;informations et d&rsquo;analyses sur la <a href=\"https:\/\/www.africa-press.net\/senegal\">Senegal<\/a>, suivez <a href=\"https:\/\/www.africa-press.net\/\">Africa-Press<\/a><\/strong><\/p>\n","protected":false},"excerpt":{"rendered":"<p>Mari\u00e8me Soumar\u00e9 Africa-Press &#8211; Senegal. La re\u0301gion la plus a\u0300 l\u2019est du Se\u0301ne\u0301gal a fait le choix de la majorite\u0301 depuis 2019. Les re\u0301alisations de Macky Sall y laissent pourtant une impression en demi-teinte, et le choix e\u0301lectoral de Ke\u0301dougou et de ses environs pourrait s\u2019en trouver mitige\u0301. Et soudain, le voici. Au milieu de [&hellip;]<\/p>\n","protected":false},"author":82,"featured_media":57250,"comment_status":"open","ping_status":"closed","sticky":false,"template":"","format":"standard","meta":{"footnotes":""},"categories":[7,10],"tags":[43,47,44],"class_list":["post-57251","post","type-post","status-publish","format-standard","has-post-thumbnail","hentry","category-dossiers","category-toutes-les-actualites","tag-africa-press-2","tag-africa-press-senegal","tag-senegal-2"],"yoast_head":"<!-- This site is optimized with the Yoast SEO Premium plugin v26.1 (Yoast SEO v27.0) - https:\/\/yoast.com\/product\/yoast-seo-premium-wordpress\/ -->\n<title>\u00c0 K\u00e9dougou, Amadou Ba profitera-t-il du bilan de Macky Sall ? - Senegal<\/title>\n<meta name=\"description\" content=\"La re\u0301gion la plus a\u0300 l\u2019est du Se\u0301ne\u0301gal a fait le choix de la majorite\u0301 depuis 2019. Les re\u0301alisations de Macky Sall y ...\" \/>\n<meta name=\"robots\" content=\"index, follow, max-snippet:-1, max-image-preview:large, max-video-preview:-1\" \/>\n<link rel=\"canonical\" href=\"https:\/\/www.africa-press.net\/senegal\/dossiers\/a-kedougou-amadou-ba-profitera-t-il-du-bilan-de-macky-sall\" \/>\n<meta property=\"og:locale\" content=\"fr_FR\" \/>\n<meta property=\"og:type\" content=\"article\" \/>\n<meta property=\"og:title\" content=\"\u00c0 K\u00e9dougou, Amadou Ba profitera-t-il du bilan de Macky Sall ?\" \/>\n<meta property=\"og:description\" content=\"La re\u0301gion la plus a\u0300 l\u2019est du Se\u0301ne\u0301gal a fait le choix de la majorite\u0301 depuis 2019. Les re\u0301alisations de Macky Sall y ...\" \/>\n<meta property=\"og:url\" content=\"https:\/\/www.africa-press.net\/senegal\/dossiers\/a-kedougou-amadou-ba-profitera-t-il-du-bilan-de-macky-sall\" \/>\n<meta property=\"og:site_name\" content=\"Senegal\" \/>\n<meta property=\"article:published_time\" content=\"2024-03-23T08:03:43+00:00\" \/>\n<meta property=\"article:modified_time\" content=\"2024-03-23T09:26:49+00:00\" \/>\n<meta property=\"og:image\" content=\"https:\/\/static.africa-press.net\/senegal\/sites\/13\/2024\/03\/sm_1711169724.801142.jpg\" \/>\n\t<meta property=\"og:image:width\" content=\"1280\" \/>\n\t<meta property=\"og:image:height\" content=\"720\" \/>\n\t<meta property=\"og:image:type\" content=\"image\/jpeg\" \/>\n<meta name=\"author\" content=\"cfeditorfr\" \/>\n<meta name=\"twitter:card\" content=\"summary_large_image\" \/>\n<meta name=\"twitter:label1\" content=\"\u00c9crit par\" \/>\n\t<meta name=\"twitter:data1\" content=\"cfeditorfr\" \/>\n\t<meta name=\"twitter:label2\" content=\"Dur\u00e9e de lecture estim\u00e9e\" \/>\n\t<meta name=\"twitter:data2\" content=\"10 minutes\" \/>\n<script type=\"application\/ld+json\" class=\"yoast-schema-graph\">{\"@context\":\"https:\/\/schema.org\",\"@graph\":[{\"@type\":\"Article\",\"@id\":\"https:\/\/www.africa-press.net\/senegal\/dossiers\/a-kedougou-amadou-ba-profitera-t-il-du-bilan-de-macky-sall#article\",\"isPartOf\":{\"@id\":\"https:\/\/www.africa-press.net\/senegal\/dossiers\/a-kedougou-amadou-ba-profitera-t-il-du-bilan-de-macky-sall\"},\"author\":{\"name\":\"cfeditorfr\",\"@id\":\"https:\/\/www.africa-press.net\/senegal\/#\/schema\/person\/2b1cf3cd81a31e3cd26889ca66d677f1\"},\"headline\":\"\u00c0 K\u00e9dougou, Amadou Ba profitera-t-il du bilan de Macky Sall ?\",\"datePublished\":\"2024-03-23T08:03:43+00:00\",\"dateModified\":\"2024-03-23T09:26:49+00:00\",\"mainEntityOfPage\":{\"@id\":\"https:\/\/www.africa-press.net\/senegal\/dossiers\/a-kedougou-amadou-ba-profitera-t-il-du-bilan-de-macky-sall\"},\"wordCount\":2006,\"commentCount\":0,\"image\":{\"@id\":\"https:\/\/www.africa-press.net\/senegal\/dossiers\/a-kedougou-amadou-ba-profitera-t-il-du-bilan-de-macky-sall#primaryimage\"},\"thumbnailUrl\":\"https:\/\/static.africa-press.net\/senegal\/sites\/13\/2024\/03\/sm_1711169724.801142.jpg\",\"keywords\":[\"Africa Press\",\"Africa Press-Senegal\",\"Senegal\"],\"articleSection\":[\"Dossiers\",\"Toutes les actualit\u00e9s\"],\"inLanguage\":\"fr-FR\",\"potentialAction\":[{\"@type\":\"CommentAction\",\"name\":\"Comment\",\"target\":[\"https:\/\/www.africa-press.net\/senegal\/dossiers\/a-kedougou-amadou-ba-profitera-t-il-du-bilan-de-macky-sall#respond\"]}]},{\"@type\":\"WebPage\",\"@id\":\"https:\/\/www.africa-press.net\/senegal\/dossiers\/a-kedougou-amadou-ba-profitera-t-il-du-bilan-de-macky-sall\",\"url\":\"https:\/\/www.africa-press.net\/senegal\/dossiers\/a-kedougou-amadou-ba-profitera-t-il-du-bilan-de-macky-sall\",\"name\":\"\u00c0 K\u00e9dougou, Amadou Ba profitera-t-il du bilan de Macky Sall ? - Senegal\",\"isPartOf\":{\"@id\":\"https:\/\/www.africa-press.net\/senegal\/#website\"},\"primaryImageOfPage\":{\"@id\":\"https:\/\/www.africa-press.net\/senegal\/dossiers\/a-kedougou-amadou-ba-profitera-t-il-du-bilan-de-macky-sall#primaryimage\"},\"image\":{\"@id\":\"https:\/\/www.africa-press.net\/senegal\/dossiers\/a-kedougou-amadou-ba-profitera-t-il-du-bilan-de-macky-sall#primaryimage\"},\"thumbnailUrl\":\"https:\/\/static.africa-press.net\/senegal\/sites\/13\/2024\/03\/sm_1711169724.801142.jpg\",\"datePublished\":\"2024-03-23T08:03:43+00:00\",\"dateModified\":\"2024-03-23T09:26:49+00:00\",\"author\":{\"@id\":\"https:\/\/www.africa-press.net\/senegal\/#\/schema\/person\/2b1cf3cd81a31e3cd26889ca66d677f1\"},\"description\":\"La re\u0301gion la plus a\u0300 l\u2019est du Se\u0301ne\u0301gal a fait le choix de la majorite\u0301 depuis 2019. Les re\u0301alisations de Macky Sall y ...\",\"breadcrumb\":{\"@id\":\"https:\/\/www.africa-press.net\/senegal\/dossiers\/a-kedougou-amadou-ba-profitera-t-il-du-bilan-de-macky-sall#breadcrumb\"},\"inLanguage\":\"fr-FR\",\"potentialAction\":[{\"@type\":\"ReadAction\",\"target\":[\"https:\/\/www.africa-press.net\/senegal\/dossiers\/a-kedougou-amadou-ba-profitera-t-il-du-bilan-de-macky-sall\"]}]},{\"@type\":\"ImageObject\",\"inLanguage\":\"fr-FR\",\"@id\":\"https:\/\/www.africa-press.net\/senegal\/dossiers\/a-kedougou-amadou-ba-profitera-t-il-du-bilan-de-macky-sall#primaryimage\",\"url\":\"https:\/\/static.africa-press.net\/senegal\/sites\/13\/2024\/03\/sm_1711169724.801142.jpg\",\"contentUrl\":\"https:\/\/static.africa-press.net\/senegal\/sites\/13\/2024\/03\/sm_1711169724.801142.jpg\",\"width\":1280,\"height\":720,\"caption\":\"\u00c0 K\u00e9dougou, Amadou Ba profitera-t-il du bilan de Macky Sall ?\"},{\"@type\":\"BreadcrumbList\",\"@id\":\"https:\/\/www.africa-press.net\/senegal\/dossiers\/a-kedougou-amadou-ba-profitera-t-il-du-bilan-de-macky-sall#breadcrumb\",\"itemListElement\":[{\"@type\":\"ListItem\",\"position\":1,\"name\":\"Accueil\",\"item\":\"https:\/\/www.africa-press.net\/senegal\/\"},{\"@type\":\"ListItem\",\"position\":2,\"name\":\"\u00c0 K\u00e9dougou, Amadou Ba profitera-t-il du bilan de Macky Sall ?\"}]},{\"@type\":\"WebSite\",\"@id\":\"https:\/\/www.africa-press.net\/senegal\/#website\",\"url\":\"https:\/\/www.africa-press.net\/senegal\/\",\"name\":\"Africa Press | Senegal | Homepage\",\"description\":\"Just another Africa News Agency Sites site\",\"potentialAction\":[{\"@type\":\"SearchAction\",\"target\":{\"@type\":\"EntryPoint\",\"urlTemplate\":\"https:\/\/www.africa-press.net\/senegal\/?s={search_term_string}\"},\"query-input\":{\"@type\":\"PropertyValueSpecification\",\"valueRequired\":true,\"valueName\":\"search_term_string\"}}],\"inLanguage\":\"fr-FR\"},{\"@type\":\"Person\",\"@id\":\"https:\/\/www.africa-press.net\/senegal\/#\/schema\/person\/2b1cf3cd81a31e3cd26889ca66d677f1\",\"name\":\"cfeditorfr\",\"url\":\"https:\/\/www.africa-press.net\/senegal\/author\/cfeditorfr\"}]}<\/script>\n<!-- \/ Yoast SEO Premium plugin. -->","yoast_head_json":{"title":"\u00c0 K\u00e9dougou, Amadou Ba profitera-t-il du bilan de Macky Sall ? - Senegal","description":"La re\u0301gion la plus a\u0300 l\u2019est du Se\u0301ne\u0301gal a fait le choix de la majorite\u0301 depuis 2019. Les re\u0301alisations de Macky Sall y ...","robots":{"index":"index","follow":"follow","max-snippet":"max-snippet:-1","max-image-preview":"max-image-preview:large","max-video-preview":"max-video-preview:-1"},"canonical":"https:\/\/www.africa-press.net\/senegal\/dossiers\/a-kedougou-amadou-ba-profitera-t-il-du-bilan-de-macky-sall","og_locale":"fr_FR","og_type":"article","og_title":"\u00c0 K\u00e9dougou, Amadou Ba profitera-t-il du bilan de Macky Sall ?","og_description":"La re\u0301gion la plus a\u0300 l\u2019est du Se\u0301ne\u0301gal a fait le choix de la majorite\u0301 depuis 2019. Les re\u0301alisations de Macky Sall y ...","og_url":"https:\/\/www.africa-press.net\/senegal\/dossiers\/a-kedougou-amadou-ba-profitera-t-il-du-bilan-de-macky-sall","og_site_name":"Senegal","article_published_time":"2024-03-23T08:03:43+00:00","article_modified_time":"2024-03-23T09:26:49+00:00","og_image":[{"width":1280,"height":720,"url":"https:\/\/static.africa-press.net\/senegal\/sites\/13\/2024\/03\/sm_1711169724.801142.jpg","type":"image\/jpeg"}],"author":"cfeditorfr","twitter_card":"summary_large_image","twitter_misc":{"\u00c9crit par":"cfeditorfr","Dur\u00e9e de lecture estim\u00e9e":"10 minutes"},"schema":{"@context":"https:\/\/schema.org","@graph":[{"@type":"Article","@id":"https:\/\/www.africa-press.net\/senegal\/dossiers\/a-kedougou-amadou-ba-profitera-t-il-du-bilan-de-macky-sall#article","isPartOf":{"@id":"https:\/\/www.africa-press.net\/senegal\/dossiers\/a-kedougou-amadou-ba-profitera-t-il-du-bilan-de-macky-sall"},"author":{"name":"cfeditorfr","@id":"https:\/\/www.africa-press.net\/senegal\/#\/schema\/person\/2b1cf3cd81a31e3cd26889ca66d677f1"},"headline":"\u00c0 K\u00e9dougou, Amadou Ba profitera-t-il du bilan de Macky Sall ?","datePublished":"2024-03-23T08:03:43+00:00","dateModified":"2024-03-23T09:26:49+00:00","mainEntityOfPage":{"@id":"https:\/\/www.africa-press.net\/senegal\/dossiers\/a-kedougou-amadou-ba-profitera-t-il-du-bilan-de-macky-sall"},"wordCount":2006,"commentCount":0,"image":{"@id":"https:\/\/www.africa-press.net\/senegal\/dossiers\/a-kedougou-amadou-ba-profitera-t-il-du-bilan-de-macky-sall#primaryimage"},"thumbnailUrl":"https:\/\/static.africa-press.net\/senegal\/sites\/13\/2024\/03\/sm_1711169724.801142.jpg","keywords":["Africa Press","Africa Press-Senegal","Senegal"],"articleSection":["Dossiers","Toutes les actualit\u00e9s"],"inLanguage":"fr-FR","potentialAction":[{"@type":"CommentAction","name":"Comment","target":["https:\/\/www.africa-press.net\/senegal\/dossiers\/a-kedougou-amadou-ba-profitera-t-il-du-bilan-de-macky-sall#respond"]}]},{"@type":"WebPage","@id":"https:\/\/www.africa-press.net\/senegal\/dossiers\/a-kedougou-amadou-ba-profitera-t-il-du-bilan-de-macky-sall","url":"https:\/\/www.africa-press.net\/senegal\/dossiers\/a-kedougou-amadou-ba-profitera-t-il-du-bilan-de-macky-sall","name":"\u00c0 K\u00e9dougou, Amadou Ba profitera-t-il du bilan de Macky Sall ? - Senegal","isPartOf":{"@id":"https:\/\/www.africa-press.net\/senegal\/#website"},"primaryImageOfPage":{"@id":"https:\/\/www.africa-press.net\/senegal\/dossiers\/a-kedougou-amadou-ba-profitera-t-il-du-bilan-de-macky-sall#primaryimage"},"image":{"@id":"https:\/\/www.africa-press.net\/senegal\/dossiers\/a-kedougou-amadou-ba-profitera-t-il-du-bilan-de-macky-sall#primaryimage"},"thumbnailUrl":"https:\/\/static.africa-press.net\/senegal\/sites\/13\/2024\/03\/sm_1711169724.801142.jpg","datePublished":"2024-03-23T08:03:43+00:00","dateModified":"2024-03-23T09:26:49+00:00","author":{"@id":"https:\/\/www.africa-press.net\/senegal\/#\/schema\/person\/2b1cf3cd81a31e3cd26889ca66d677f1"},"description":"La re\u0301gion la plus a\u0300 l\u2019est du Se\u0301ne\u0301gal a fait le choix de la majorite\u0301 depuis 2019. Les re\u0301alisations de Macky Sall y ...","breadcrumb":{"@id":"https:\/\/www.africa-press.net\/senegal\/dossiers\/a-kedougou-amadou-ba-profitera-t-il-du-bilan-de-macky-sall#breadcrumb"},"inLanguage":"fr-FR","potentialAction":[{"@type":"ReadAction","target":["https:\/\/www.africa-press.net\/senegal\/dossiers\/a-kedougou-amadou-ba-profitera-t-il-du-bilan-de-macky-sall"]}]},{"@type":"ImageObject","inLanguage":"fr-FR","@id":"https:\/\/www.africa-press.net\/senegal\/dossiers\/a-kedougou-amadou-ba-profitera-t-il-du-bilan-de-macky-sall#primaryimage","url":"https:\/\/static.africa-press.net\/senegal\/sites\/13\/2024\/03\/sm_1711169724.801142.jpg","contentUrl":"https:\/\/static.africa-press.net\/senegal\/sites\/13\/2024\/03\/sm_1711169724.801142.jpg","width":1280,"height":720,"caption":"\u00c0 K\u00e9dougou, Amadou Ba profitera-t-il du bilan de Macky Sall ?"},{"@type":"BreadcrumbList","@id":"https:\/\/www.africa-press.net\/senegal\/dossiers\/a-kedougou-amadou-ba-profitera-t-il-du-bilan-de-macky-sall#breadcrumb","itemListElement":[{"@type":"ListItem","position":1,"name":"Accueil","item":"https:\/\/www.africa-press.net\/senegal\/"},{"@type":"ListItem","position":2,"name":"\u00c0 K\u00e9dougou, Amadou Ba profitera-t-il du bilan de Macky Sall ?"}]},{"@type":"WebSite","@id":"https:\/\/www.africa-press.net\/senegal\/#website","url":"https:\/\/www.africa-press.net\/senegal\/","name":"Africa Press | Senegal | Homepage","description":"Just another Africa News Agency Sites site","potentialAction":[{"@type":"SearchAction","target":{"@type":"EntryPoint","urlTemplate":"https:\/\/www.africa-press.net\/senegal\/?s={search_term_string}"},"query-input":{"@type":"PropertyValueSpecification","valueRequired":true,"valueName":"search_term_string"}}],"inLanguage":"fr-FR"},{"@type":"Person","@id":"https:\/\/www.africa-press.net\/senegal\/#\/schema\/person\/2b1cf3cd81a31e3cd26889ca66d677f1","name":"cfeditorfr","url":"https:\/\/www.africa-press.net\/senegal\/author\/cfeditorfr"}]}},"_links":{"self":[{"href":"https:\/\/www.africa-press.net\/senegal\/wp-json\/wp\/v2\/posts\/57251","targetHints":{"allow":["GET"]}}],"collection":[{"href":"https:\/\/www.africa-press.net\/senegal\/wp-json\/wp\/v2\/posts"}],"about":[{"href":"https:\/\/www.africa-press.net\/senegal\/wp-json\/wp\/v2\/types\/post"}],"author":[{"embeddable":true,"href":"https:\/\/www.africa-press.net\/senegal\/wp-json\/wp\/v2\/users\/82"}],"replies":[{"embeddable":true,"href":"https:\/\/www.africa-press.net\/senegal\/wp-json\/wp\/v2\/comments?post=57251"}],"version-history":[{"count":0,"href":"https:\/\/www.africa-press.net\/senegal\/wp-json\/wp\/v2\/posts\/57251\/revisions"}],"wp:featuredmedia":[{"embeddable":true,"href":"https:\/\/www.africa-press.net\/senegal\/wp-json\/wp\/v2\/media\/57250"}],"wp:attachment":[{"href":"https:\/\/www.africa-press.net\/senegal\/wp-json\/wp\/v2\/media?parent=57251"}],"wp:term":[{"taxonomy":"category","embeddable":true,"href":"https:\/\/www.africa-press.net\/senegal\/wp-json\/wp\/v2\/categories?post=57251"},{"taxonomy":"post_tag","embeddable":true,"href":"https:\/\/www.africa-press.net\/senegal\/wp-json\/wp\/v2\/tags?post=57251"}],"curies":[{"name":"wp","href":"https:\/\/api.w.org\/{rel}","templated":true}]}}