{"id":57256,"date":"2024-03-23T08:12:30","date_gmt":"2024-03-23T08:12:30","guid":{"rendered":"https:\/\/www.africa-press.net\/senegal\/politique\/presidentielle-au-senegal-karim-wade-et-le-pds-se-rallient-a-bassirou-diomaye-faye"},"modified":"2024-03-23T09:27:41","modified_gmt":"2024-03-23T09:27:41","slug":"presidentielle-au-senegal-karim-wade-et-le-pds-se-rallient-a-bassirou-diomaye-faye","status":"publish","type":"post","link":"https:\/\/www.africa-press.net\/senegal\/parties\/presidentielle-au-senegal-karim-wade-et-le-pds-se-rallient-a-bassirou-diomaye-faye","title":{"rendered":"Pr\u00e9sidentielle au S\u00e9n\u00e9gal : Karim Wade et le PDS se rallient \u00e0 Bassirou Diomaye Faye"},"content":{"rendered":"<p><span style=\"color: #ff6600\"><strong>Africa-Press &#8211; Senegal. <\/strong><\/span>Courtise\u0301 depuis qu\u2019il a e\u0301te\u0301 mis hors jeu de l\u2019e\u0301lection du 24 mars, Karim Wade vient d\u2019officialiser le ralliement du Parti de\u0301mocratique se\u0301ne\u0301galais (PDS) au candidat de l\u2019ex-Pastef, Bassirou Diomaye Faye.<\/p>\n<p>C\u2019est un coup dur pour le candidat de la majorite\u0301, Amadou Ba, et une bonne nouvelle pour son principal adversaire, Bassirou Diomaye Faye. Apre\u0300s plusieurs jours de tergiversations, Karim Wade a annonce\u0301, vendredi 22 mars, le ralliement du Parti de\u0301mocratique se\u0301ne\u0301galais (PDS) a\u0300 Diomaye Faye, de\u0301signe\u0301 par Ousmane Sonko comme son candidat au scrutin de ce 24 mars.<\/p>\n<p>\u00ab Notre secre\u0301taire ge\u0301ne\u0301ral national, mai\u0302tre Abdoulaye Wade, vient d\u2019apporter le soutien officiel du PDS a\u0300 la coalition Diomaye Pre\u0301sident pour l\u2019e\u0301lection pre\u0301sidentielle du 24 mars \u00bb, a fait savoir Karim Wade depuis le Qatar, ou\u0300 il re\u0301side depuis 2016. \u00ab [Sa] de\u0301cision va au-dela\u0300 d\u2019un choix politique. Elle est un engagement pour la protection de nos liberte\u0301s, de nos droits, de notre dignite\u0301 en tant que Se\u0301ne\u0301galais. C\u2019est un appel a\u0300 l\u2019unite\u0301 pour la de\u0301fense de nos valeurs les plus che\u0300res et pour l\u2019avenir de notre pays \u00bb, a-t-il ajoute\u0301 sur le re\u0301seau X (ex-Twitter).<\/p>\n<p>\u00ab L\u2019ide\u0301e qu\u2019un E\u0301tat puisse e\u0302tre confisque\u0301 au service d\u2019inte\u0301re\u0302ts prive\u0301s et e\u0301goi\u0308stes nous est profonde\u0301ment intole\u0301rable. Dans cet esprit de responsabilite\u0301, notre formation a choisi d\u2019apporter son total soutien a\u0300 la coalition Diomaye Pre\u0301sident 2024 \u00bb, peut-on e\u0301galement lire dans une de\u0301claration du PDS, date\u0301e du 22 mars et signe\u0301e de la main d\u2019Abdoulaye Wade. Y est e\u0301voque\u0301e la ne\u0301cessaire \u00ab pre\u0301servation des acquis de\u0301mocratiques \u00bb au Se\u0301ne\u0301gal.<\/p>\n<p><b>Validation d\u2019Abdoulaye Wade<\/b><\/p>\n<p>\u00ab C\u2019est une nouvelle qui nous re\u0301jouit, e\u0301videmment, re\u0301agit le mandataire de Bassirou Diomaye Faye, Amadou Ba. D\u2019autant que Karim Wade a e\u0301voque\u0301 l\u2019e\u0301thique de notre candidat, sa capacite\u0301 a\u0300 pre\u0301server le bien commun et a\u0300 re\u0301tablir l\u2019e\u0301tat de droit, qui sont des engagements forts de notre programme. \u00bb Selon Karim Wade, ce ralliement a e\u0301te\u0301 valide\u0301 par son pe\u0300re, Abdoulaye Wade. Le 21 mars, Wade fils et Bassirou Diomaye Faye se seraient entretenus par te\u0301le\u0301phone pour discuter de ce soutien.<\/p>\n<p>\u00ab Qu\u2019Abdoulaye Wade et son fils de\u0301cident de nous soutenir, apre\u0300s avoir e\u0301te\u0301 consulte\u0301s et sollicite\u0301s par l\u2019ensemble des candidats, et en de\u0301pit de nos positions divergentes, montre que la candidature de Diomaye Faye est la plus fe\u0301de\u0301ratrice. Sa capacite\u0301 a\u0300 rassembler l\u2019opposition sera essentielle pour gouverner ce pays \u00bb, poursuit Amadou Ba pour les Patriotes africains pour le travail, l\u2019e\u0301thique et la fraternite\u0301 (Pastef).<\/p>\n<p>Karim Wade avait jusqu\u2019ici souffle\u0301 le chaud et le froid quant a\u0300 un e\u0301ventuel soutien de son parti a\u0300 un candidat. Recale\u0301 de la course a\u0300 la magistrature supre\u0302me le 20 janvier pour avoir renonce\u0301 trop tardivement a\u0300 sa nationalite\u0301 franc\u0327aise, il avait re\u0301ussi a\u0300 faire reporter le scrutin pre\u0301sidentiel du 25 fe\u0301vrier en actionnant la cre\u0301ation d\u2019une commission d\u2019enque\u0302te parlementaire. Elle visait justement Amadou Ba, le candidat de la majorite\u0301, accuse\u0301 d\u2019avoir corrompu deux juges du Conseil constitutionnel pour faire invalider la candidature de Karim Wade.<\/p>\n<p><b>Au PDS, un pre\u0301cieux re\u0301servoir de voix<\/b><\/p>\n<p>Jusqu\u2019au bout, le fils de l\u2019ancien pre\u0301sident aura tente\u0301 de se faire re\u0301inte\u0301grer sur la liste des candidats a\u0300 la pre\u0301sidentielle du 24 mars. Mais le 15 mars, la Cour supre\u0302me avait douche\u0301 ses derniers espoirs et confirme\u0301 la date du scrutin, qu\u2019il tentait de faire annuler, une nouvelle fois.<\/p>\n<p>Plusieurs responsables politiques ont alors tente\u0301 de s\u2019assurer le soutien de son parti avant le premier tour de l\u2019e\u0301lection, qui s\u2019ouvre dimanche. La candidate Anta Babacar Ngom a publie\u0301 le 21 mars une lettre ouverte a\u0300 Abdoulaye Wade dans laquelle elle sollicitait son soutien.<\/p>\n<p>En perte de vitesse depuis plusieurs anne\u0301es, le PDS, qui n\u2019avait de\u0301ja\u0300 pas pre\u0301sente\u0301 de candidat lors de la pre\u0301sidentielle de 2019, dispose ne\u0301anmoins d\u2019une solide base de militants, qui demeurent fide\u0300les a\u0300 Abdoulaye Wade. Vieux de 50 ans, le parti dispose d\u2019un maillage sur l\u2019ensemble du territoire et d\u2019un re\u0301servoir de voix pre\u0301cieux, dans la perspective d\u2019une e\u0301lection plus ouverte que jamais.<\/p>\n<p>Karim Wade a lance\u0301 le 22 mars un appel \u00ab a\u0300 tous les comite\u0301s e\u0301lectoraux de la coalition Karim 2024 sur l\u2019ensemble du territoire national et a\u0300 la diaspora pour travailler e\u0301troitement avec les comite\u0301s e\u0301lectoraux de la coalition Diomaye Pre\u0301sident 2024 \u00bb et a\u0300 se \u00ab mobiliser pour faire gagner le candidat Diomaye Faye \u00bb.<\/p>\n<p><b>Accusations de fraude<\/b><\/p>\n<p>\u00ab Notre objectif commun est de se\u0301curiser le vote de chaque Se\u0301ne\u0301galais et de mettre en e\u0301chec le plan de fraude massive orchestre\u0301 par le candidat Amadou Ba qui est de\u0301termine\u0301 a\u0300 voler l\u2019e\u0301lection au premier tour a\u0300 tout prix \u00bb, a-t-il ajoute\u0301. Un peu plus to\u0302t, il accusait le candidat Amadou Ba de \u00ab manipuler \u00bb et de \u00ab de\u0301marcher intensivement \u00bb certains responsables de son parti, fustigeant certains cadres libe\u0301raux qui avaient annonce\u0301 leur ralliement a\u0300 la majorite\u0301.<\/p>\n<p>Dans la matine\u0301e du 21 mars, un cadre de la coalition pre\u0301sidentielle assurait quant a\u0300 lui que les discussions e\u0301taient \u00ab avance\u0301es \u00bb pour obtenir le soutien du PDS. Le 15 mars, plusieurs ex-responsables du parti libe\u0301ral passe\u0301s dans le camp de Macky Sall s\u2019e\u0301taient re\u0301unis pour lancer un appel du pied a\u0300 leur ancienne formation. Sans effet.<\/p>\n<p>\u00ab Le bureau du PDS a de\u0301cide\u0301 d\u2019appeler a\u0300 voter pour Diomaye Faye, mais la base ne suivra pas force\u0301ment, veut croire un ministre. Ils l\u2019ont fait pour ne pas perdre la face. Ils ne veulent pas montrer qu\u2019ils soutiennent un candidat qu\u2019ils ont accuse\u0301 de corruption. \u00bb \u00ab La majorite\u0301 des e\u0301lecteurs du PDS votent de\u0301ja\u0300 pour nous \u00bb, assure le ministre-conseiller de Macky Sall, El Hadj Kasse\u0301, membre du directoire de l\u2019e\u0301quipe de campagne d\u2019Amadou Ba.<\/p>\n<p>\u00ab Dans une e\u0301lection, il arrive un moment ou\u0300 il n\u2019est plus question d\u2019appareil politique, mais d\u2019un rapport entre un candidat et son peuple \u00bb, insiste-t-il. Le camp d\u2019Amadou Ba, comme celui de Bassirou Diomaye Faye, continue de se re\u0301clamer d\u2019une victoire de\u0300s le premier tour. La campagne e\u0301lectorale s\u2019ache\u0300ve ce 22 mars a\u0300 minuit.<\/p>\n<p><strong>Pour plus d&rsquo;informations et d&rsquo;analyses sur la <a href=\"https:\/\/www.africa-press.net\/senegal\">Senegal<\/a>, suivez <a href=\"https:\/\/www.africa-press.net\/\">Africa-Press<\/a><\/strong><\/p>\n","protected":false},"excerpt":{"rendered":"<p>Africa-Press &#8211; Senegal. Courtise\u0301 depuis qu\u2019il a e\u0301te\u0301 mis hors jeu de l\u2019e\u0301lection du 24 mars, Karim Wade vient d\u2019officialiser le ralliement du Parti de\u0301mocratique se\u0301ne\u0301galais (PDS) au candidat de l\u2019ex-Pastef, Bassirou Diomaye Faye. C\u2019est un coup dur pour le candidat de la majorite\u0301, Amadou Ba, et une bonne nouvelle pour son principal adversaire, Bassirou [&hellip;]<\/p>\n","protected":false},"author":82,"featured_media":57254,"comment_status":"open","ping_status":"closed","sticky":false,"template":"","format":"standard","meta":{"footnotes":""},"categories":[4,10],"tags":[43,47,44],"class_list":["post-57256","post","type-post","status-publish","format-standard","has-post-thumbnail","hentry","category-parties","category-toutes-les-actualites","tag-africa-press-2","tag-africa-press-senegal","tag-senegal-2"],"yoast_head":"<!-- This site is optimized with the Yoast SEO Premium plugin v26.1 (Yoast SEO v27.0) - https:\/\/yoast.com\/product\/yoast-seo-premium-wordpress\/ -->\n<title>Pr\u00e9sidentielle au S\u00e9n\u00e9gal : Karim Wade et le PDS se rallient \u00e0 Bassirou Diomaye Faye - Senegal<\/title>\n<meta name=\"description\" content=\"Courtise\u0301 depuis qu\u2019il a e\u0301te\u0301 mis hors jeu de l\u2019e\u0301lection du 24 mars, Karim Wade vient d\u2019officialiser le ralliement du ...\" \/>\n<meta name=\"robots\" content=\"index, follow, max-snippet:-1, max-image-preview:large, max-video-preview:-1\" \/>\n<link rel=\"canonical\" href=\"https:\/\/www.africa-press.net\/senegal\/parties\/presidentielle-au-senegal-karim-wade-et-le-pds-se-rallient-a-bassirou-diomaye-faye\" \/>\n<meta property=\"og:locale\" content=\"fr_FR\" \/>\n<meta property=\"og:type\" content=\"article\" \/>\n<meta property=\"og:title\" content=\"Pr\u00e9sidentielle au S\u00e9n\u00e9gal : Karim Wade et le PDS se rallient \u00e0 Bassirou Diomaye Faye\" \/>\n<meta property=\"og:description\" content=\"Courtise\u0301 depuis qu\u2019il a e\u0301te\u0301 mis hors jeu de l\u2019e\u0301lection du 24 mars, Karim Wade vient d\u2019officialiser le ralliement du ...\" \/>\n<meta property=\"og:url\" content=\"https:\/\/www.africa-press.net\/senegal\/parties\/presidentielle-au-senegal-karim-wade-et-le-pds-se-rallient-a-bassirou-diomaye-faye\" \/>\n<meta property=\"og:site_name\" content=\"Senegal\" \/>\n<meta property=\"article:published_time\" content=\"2024-03-23T08:12:30+00:00\" \/>\n<meta property=\"article:modified_time\" content=\"2024-03-23T09:27:41+00:00\" \/>\n<meta property=\"og:image\" content=\"https:\/\/static.africa-press.net\/senegal\/sites\/13\/2024\/03\/sm_1711169778.439211.jpg\" \/>\n\t<meta property=\"og:image:width\" content=\"1280\" \/>\n\t<meta property=\"og:image:height\" content=\"720\" \/>\n\t<meta property=\"og:image:type\" content=\"image\/jpeg\" \/>\n<meta name=\"author\" content=\"cfeditorfr\" \/>\n<meta name=\"twitter:card\" content=\"summary_large_image\" \/>\n<meta name=\"twitter:label1\" content=\"\u00c9crit par\" \/>\n\t<meta name=\"twitter:data1\" content=\"cfeditorfr\" \/>\n\t<meta name=\"twitter:label2\" content=\"Dur\u00e9e de lecture estim\u00e9e\" \/>\n\t<meta name=\"twitter:data2\" content=\"6 minutes\" \/>\n<script type=\"application\/ld+json\" class=\"yoast-schema-graph\">{\"@context\":\"https:\/\/schema.org\",\"@graph\":[{\"@type\":\"Article\",\"@id\":\"https:\/\/www.africa-press.net\/senegal\/parties\/presidentielle-au-senegal-karim-wade-et-le-pds-se-rallient-a-bassirou-diomaye-faye#article\",\"isPartOf\":{\"@id\":\"https:\/\/www.africa-press.net\/senegal\/parties\/presidentielle-au-senegal-karim-wade-et-le-pds-se-rallient-a-bassirou-diomaye-faye\"},\"author\":{\"name\":\"cfeditorfr\",\"@id\":\"https:\/\/www.africa-press.net\/senegal\/#\/schema\/person\/2b1cf3cd81a31e3cd26889ca66d677f1\"},\"headline\":\"Pr\u00e9sidentielle au S\u00e9n\u00e9gal : Karim Wade et le PDS se rallient \u00e0 Bassirou Diomaye Faye\",\"datePublished\":\"2024-03-23T08:12:30+00:00\",\"dateModified\":\"2024-03-23T09:27:41+00:00\",\"mainEntityOfPage\":{\"@id\":\"https:\/\/www.africa-press.net\/senegal\/parties\/presidentielle-au-senegal-karim-wade-et-le-pds-se-rallient-a-bassirou-diomaye-faye\"},\"wordCount\":1146,\"commentCount\":0,\"image\":{\"@id\":\"https:\/\/www.africa-press.net\/senegal\/parties\/presidentielle-au-senegal-karim-wade-et-le-pds-se-rallient-a-bassirou-diomaye-faye#primaryimage\"},\"thumbnailUrl\":\"https:\/\/static.africa-press.net\/senegal\/sites\/13\/2024\/03\/sm_1711169778.439211.jpg\",\"keywords\":[\"Africa Press\",\"Africa Press-Senegal\",\"Senegal\"],\"articleSection\":[\"Parties\",\"Toutes les actualit\u00e9s\"],\"inLanguage\":\"fr-FR\",\"potentialAction\":[{\"@type\":\"CommentAction\",\"name\":\"Comment\",\"target\":[\"https:\/\/www.africa-press.net\/senegal\/parties\/presidentielle-au-senegal-karim-wade-et-le-pds-se-rallient-a-bassirou-diomaye-faye#respond\"]}]},{\"@type\":\"WebPage\",\"@id\":\"https:\/\/www.africa-press.net\/senegal\/parties\/presidentielle-au-senegal-karim-wade-et-le-pds-se-rallient-a-bassirou-diomaye-faye\",\"url\":\"https:\/\/www.africa-press.net\/senegal\/parties\/presidentielle-au-senegal-karim-wade-et-le-pds-se-rallient-a-bassirou-diomaye-faye\",\"name\":\"Pr\u00e9sidentielle au S\u00e9n\u00e9gal : Karim Wade et le PDS se rallient \u00e0 Bassirou Diomaye Faye - Senegal\",\"isPartOf\":{\"@id\":\"https:\/\/www.africa-press.net\/senegal\/#website\"},\"primaryImageOfPage\":{\"@id\":\"https:\/\/www.africa-press.net\/senegal\/parties\/presidentielle-au-senegal-karim-wade-et-le-pds-se-rallient-a-bassirou-diomaye-faye#primaryimage\"},\"image\":{\"@id\":\"https:\/\/www.africa-press.net\/senegal\/parties\/presidentielle-au-senegal-karim-wade-et-le-pds-se-rallient-a-bassirou-diomaye-faye#primaryimage\"},\"thumbnailUrl\":\"https:\/\/static.africa-press.net\/senegal\/sites\/13\/2024\/03\/sm_1711169778.439211.jpg\",\"datePublished\":\"2024-03-23T08:12:30+00:00\",\"dateModified\":\"2024-03-23T09:27:41+00:00\",\"author\":{\"@id\":\"https:\/\/www.africa-press.net\/senegal\/#\/schema\/person\/2b1cf3cd81a31e3cd26889ca66d677f1\"},\"description\":\"Courtise\u0301 depuis qu\u2019il a e\u0301te\u0301 mis hors jeu de l\u2019e\u0301lection du 24 mars, Karim Wade vient d\u2019officialiser le ralliement du ...\",\"breadcrumb\":{\"@id\":\"https:\/\/www.africa-press.net\/senegal\/parties\/presidentielle-au-senegal-karim-wade-et-le-pds-se-rallient-a-bassirou-diomaye-faye#breadcrumb\"},\"inLanguage\":\"fr-FR\",\"potentialAction\":[{\"@type\":\"ReadAction\",\"target\":[\"https:\/\/www.africa-press.net\/senegal\/parties\/presidentielle-au-senegal-karim-wade-et-le-pds-se-rallient-a-bassirou-diomaye-faye\"]}]},{\"@type\":\"ImageObject\",\"inLanguage\":\"fr-FR\",\"@id\":\"https:\/\/www.africa-press.net\/senegal\/parties\/presidentielle-au-senegal-karim-wade-et-le-pds-se-rallient-a-bassirou-diomaye-faye#primaryimage\",\"url\":\"https:\/\/static.africa-press.net\/senegal\/sites\/13\/2024\/03\/sm_1711169778.439211.jpg\",\"contentUrl\":\"https:\/\/static.africa-press.net\/senegal\/sites\/13\/2024\/03\/sm_1711169778.439211.jpg\",\"width\":1280,\"height\":720,\"caption\":\"Pr\u00e9sidentielle au S\u00e9n\u00e9gal : Karim Wade et le PDS se rallient \u00e0 Bassirou Diomaye Faye\"},{\"@type\":\"BreadcrumbList\",\"@id\":\"https:\/\/www.africa-press.net\/senegal\/parties\/presidentielle-au-senegal-karim-wade-et-le-pds-se-rallient-a-bassirou-diomaye-faye#breadcrumb\",\"itemListElement\":[{\"@type\":\"ListItem\",\"position\":1,\"name\":\"Accueil\",\"item\":\"https:\/\/www.africa-press.net\/senegal\/\"},{\"@type\":\"ListItem\",\"position\":2,\"name\":\"Pr\u00e9sidentielle au S\u00e9n\u00e9gal : Karim Wade et le PDS se rallient \u00e0 Bassirou Diomaye Faye\"}]},{\"@type\":\"WebSite\",\"@id\":\"https:\/\/www.africa-press.net\/senegal\/#website\",\"url\":\"https:\/\/www.africa-press.net\/senegal\/\",\"name\":\"Africa Press | Senegal | Homepage\",\"description\":\"Just another Africa News Agency Sites site\",\"potentialAction\":[{\"@type\":\"SearchAction\",\"target\":{\"@type\":\"EntryPoint\",\"urlTemplate\":\"https:\/\/www.africa-press.net\/senegal\/?s={search_term_string}\"},\"query-input\":{\"@type\":\"PropertyValueSpecification\",\"valueRequired\":true,\"valueName\":\"search_term_string\"}}],\"inLanguage\":\"fr-FR\"},{\"@type\":\"Person\",\"@id\":\"https:\/\/www.africa-press.net\/senegal\/#\/schema\/person\/2b1cf3cd81a31e3cd26889ca66d677f1\",\"name\":\"cfeditorfr\",\"url\":\"https:\/\/www.africa-press.net\/senegal\/author\/cfeditorfr\"}]}<\/script>\n<!-- \/ Yoast SEO Premium plugin. -->","yoast_head_json":{"title":"Pr\u00e9sidentielle au S\u00e9n\u00e9gal : Karim Wade et le PDS se rallient \u00e0 Bassirou Diomaye Faye - Senegal","description":"Courtise\u0301 depuis qu\u2019il a e\u0301te\u0301 mis hors jeu de l\u2019e\u0301lection du 24 mars, Karim Wade vient d\u2019officialiser le ralliement du ...","robots":{"index":"index","follow":"follow","max-snippet":"max-snippet:-1","max-image-preview":"max-image-preview:large","max-video-preview":"max-video-preview:-1"},"canonical":"https:\/\/www.africa-press.net\/senegal\/parties\/presidentielle-au-senegal-karim-wade-et-le-pds-se-rallient-a-bassirou-diomaye-faye","og_locale":"fr_FR","og_type":"article","og_title":"Pr\u00e9sidentielle au S\u00e9n\u00e9gal : Karim Wade et le PDS se rallient \u00e0 Bassirou Diomaye Faye","og_description":"Courtise\u0301 depuis qu\u2019il a e\u0301te\u0301 mis hors jeu de l\u2019e\u0301lection du 24 mars, Karim Wade vient d\u2019officialiser le ralliement du ...","og_url":"https:\/\/www.africa-press.net\/senegal\/parties\/presidentielle-au-senegal-karim-wade-et-le-pds-se-rallient-a-bassirou-diomaye-faye","og_site_name":"Senegal","article_published_time":"2024-03-23T08:12:30+00:00","article_modified_time":"2024-03-23T09:27:41+00:00","og_image":[{"width":1280,"height":720,"url":"https:\/\/static.africa-press.net\/senegal\/sites\/13\/2024\/03\/sm_1711169778.439211.jpg","type":"image\/jpeg"}],"author":"cfeditorfr","twitter_card":"summary_large_image","twitter_misc":{"\u00c9crit par":"cfeditorfr","Dur\u00e9e de lecture estim\u00e9e":"6 minutes"},"schema":{"@context":"https:\/\/schema.org","@graph":[{"@type":"Article","@id":"https:\/\/www.africa-press.net\/senegal\/parties\/presidentielle-au-senegal-karim-wade-et-le-pds-se-rallient-a-bassirou-diomaye-faye#article","isPartOf":{"@id":"https:\/\/www.africa-press.net\/senegal\/parties\/presidentielle-au-senegal-karim-wade-et-le-pds-se-rallient-a-bassirou-diomaye-faye"},"author":{"name":"cfeditorfr","@id":"https:\/\/www.africa-press.net\/senegal\/#\/schema\/person\/2b1cf3cd81a31e3cd26889ca66d677f1"},"headline":"Pr\u00e9sidentielle au S\u00e9n\u00e9gal : Karim Wade et le PDS se rallient \u00e0 Bassirou Diomaye Faye","datePublished":"2024-03-23T08:12:30+00:00","dateModified":"2024-03-23T09:27:41+00:00","mainEntityOfPage":{"@id":"https:\/\/www.africa-press.net\/senegal\/parties\/presidentielle-au-senegal-karim-wade-et-le-pds-se-rallient-a-bassirou-diomaye-faye"},"wordCount":1146,"commentCount":0,"image":{"@id":"https:\/\/www.africa-press.net\/senegal\/parties\/presidentielle-au-senegal-karim-wade-et-le-pds-se-rallient-a-bassirou-diomaye-faye#primaryimage"},"thumbnailUrl":"https:\/\/static.africa-press.net\/senegal\/sites\/13\/2024\/03\/sm_1711169778.439211.jpg","keywords":["Africa Press","Africa Press-Senegal","Senegal"],"articleSection":["Parties","Toutes les actualit\u00e9s"],"inLanguage":"fr-FR","potentialAction":[{"@type":"CommentAction","name":"Comment","target":["https:\/\/www.africa-press.net\/senegal\/parties\/presidentielle-au-senegal-karim-wade-et-le-pds-se-rallient-a-bassirou-diomaye-faye#respond"]}]},{"@type":"WebPage","@id":"https:\/\/www.africa-press.net\/senegal\/parties\/presidentielle-au-senegal-karim-wade-et-le-pds-se-rallient-a-bassirou-diomaye-faye","url":"https:\/\/www.africa-press.net\/senegal\/parties\/presidentielle-au-senegal-karim-wade-et-le-pds-se-rallient-a-bassirou-diomaye-faye","name":"Pr\u00e9sidentielle au S\u00e9n\u00e9gal : Karim Wade et le PDS se rallient \u00e0 Bassirou Diomaye Faye - Senegal","isPartOf":{"@id":"https:\/\/www.africa-press.net\/senegal\/#website"},"primaryImageOfPage":{"@id":"https:\/\/www.africa-press.net\/senegal\/parties\/presidentielle-au-senegal-karim-wade-et-le-pds-se-rallient-a-bassirou-diomaye-faye#primaryimage"},"image":{"@id":"https:\/\/www.africa-press.net\/senegal\/parties\/presidentielle-au-senegal-karim-wade-et-le-pds-se-rallient-a-bassirou-diomaye-faye#primaryimage"},"thumbnailUrl":"https:\/\/static.africa-press.net\/senegal\/sites\/13\/2024\/03\/sm_1711169778.439211.jpg","datePublished":"2024-03-23T08:12:30+00:00","dateModified":"2024-03-23T09:27:41+00:00","author":{"@id":"https:\/\/www.africa-press.net\/senegal\/#\/schema\/person\/2b1cf3cd81a31e3cd26889ca66d677f1"},"description":"Courtise\u0301 depuis qu\u2019il a e\u0301te\u0301 mis hors jeu de l\u2019e\u0301lection du 24 mars, Karim Wade vient d\u2019officialiser le ralliement du ...","breadcrumb":{"@id":"https:\/\/www.africa-press.net\/senegal\/parties\/presidentielle-au-senegal-karim-wade-et-le-pds-se-rallient-a-bassirou-diomaye-faye#breadcrumb"},"inLanguage":"fr-FR","potentialAction":[{"@type":"ReadAction","target":["https:\/\/www.africa-press.net\/senegal\/parties\/presidentielle-au-senegal-karim-wade-et-le-pds-se-rallient-a-bassirou-diomaye-faye"]}]},{"@type":"ImageObject","inLanguage":"fr-FR","@id":"https:\/\/www.africa-press.net\/senegal\/parties\/presidentielle-au-senegal-karim-wade-et-le-pds-se-rallient-a-bassirou-diomaye-faye#primaryimage","url":"https:\/\/static.africa-press.net\/senegal\/sites\/13\/2024\/03\/sm_1711169778.439211.jpg","contentUrl":"https:\/\/static.africa-press.net\/senegal\/sites\/13\/2024\/03\/sm_1711169778.439211.jpg","width":1280,"height":720,"caption":"Pr\u00e9sidentielle au S\u00e9n\u00e9gal : Karim Wade et le PDS se rallient \u00e0 Bassirou Diomaye Faye"},{"@type":"BreadcrumbList","@id":"https:\/\/www.africa-press.net\/senegal\/parties\/presidentielle-au-senegal-karim-wade-et-le-pds-se-rallient-a-bassirou-diomaye-faye#breadcrumb","itemListElement":[{"@type":"ListItem","position":1,"name":"Accueil","item":"https:\/\/www.africa-press.net\/senegal\/"},{"@type":"ListItem","position":2,"name":"Pr\u00e9sidentielle au S\u00e9n\u00e9gal : Karim Wade et le PDS se rallient \u00e0 Bassirou Diomaye Faye"}]},{"@type":"WebSite","@id":"https:\/\/www.africa-press.net\/senegal\/#website","url":"https:\/\/www.africa-press.net\/senegal\/","name":"Africa Press | Senegal | Homepage","description":"Just another Africa News Agency Sites site","potentialAction":[{"@type":"SearchAction","target":{"@type":"EntryPoint","urlTemplate":"https:\/\/www.africa-press.net\/senegal\/?s={search_term_string}"},"query-input":{"@type":"PropertyValueSpecification","valueRequired":true,"valueName":"search_term_string"}}],"inLanguage":"fr-FR"},{"@type":"Person","@id":"https:\/\/www.africa-press.net\/senegal\/#\/schema\/person\/2b1cf3cd81a31e3cd26889ca66d677f1","name":"cfeditorfr","url":"https:\/\/www.africa-press.net\/senegal\/author\/cfeditorfr"}]}},"_links":{"self":[{"href":"https:\/\/www.africa-press.net\/senegal\/wp-json\/wp\/v2\/posts\/57256","targetHints":{"allow":["GET"]}}],"collection":[{"href":"https:\/\/www.africa-press.net\/senegal\/wp-json\/wp\/v2\/posts"}],"about":[{"href":"https:\/\/www.africa-press.net\/senegal\/wp-json\/wp\/v2\/types\/post"}],"author":[{"embeddable":true,"href":"https:\/\/www.africa-press.net\/senegal\/wp-json\/wp\/v2\/users\/82"}],"replies":[{"embeddable":true,"href":"https:\/\/www.africa-press.net\/senegal\/wp-json\/wp\/v2\/comments?post=57256"}],"version-history":[{"count":0,"href":"https:\/\/www.africa-press.net\/senegal\/wp-json\/wp\/v2\/posts\/57256\/revisions"}],"wp:featuredmedia":[{"embeddable":true,"href":"https:\/\/www.africa-press.net\/senegal\/wp-json\/wp\/v2\/media\/57254"}],"wp:attachment":[{"href":"https:\/\/www.africa-press.net\/senegal\/wp-json\/wp\/v2\/media?parent=57256"}],"wp:term":[{"taxonomy":"category","embeddable":true,"href":"https:\/\/www.africa-press.net\/senegal\/wp-json\/wp\/v2\/categories?post=57256"},{"taxonomy":"post_tag","embeddable":true,"href":"https:\/\/www.africa-press.net\/senegal\/wp-json\/wp\/v2\/tags?post=57256"}],"curies":[{"name":"wp","href":"https:\/\/api.w.org\/{rel}","templated":true}]}}