{"id":57259,"date":"2024-03-23T08:16:28","date_gmt":"2024-03-23T08:16:28","guid":{"rendered":"https:\/\/www.africa-press.net\/senegal\/politique\/au-senegal-macky-sall-acte-la-creation-de-sa-fondation"},"modified":"2024-03-23T09:28:03","modified_gmt":"2024-03-23T09:28:03","slug":"au-senegal-macky-sall-acte-la-creation-de-sa-fondation","status":"publish","type":"post","link":"https:\/\/www.africa-press.net\/senegal\/politique\/au-senegal-macky-sall-acte-la-creation-de-sa-fondation","title":{"rendered":"Au S\u00e9n\u00e9gal, Macky Sall acte la cr\u00e9ation de sa fondation"},"content":{"rendered":"<p><span style=\"color: #ff6600\"><strong>Africa-Press &#8211; Senegal. <\/strong><\/span>Le pre\u0301sident se\u0301ne\u0301galais vient de mettre en place une nouvelle structure qui portera son nom. Il en avait annonce\u0301 la naissance dans son discours a\u0300 la Nation, peu avant le Nouvel An.<\/p>\n<p>Le 2 avril, sauf e\u0301nie\u0300me retournement de situation, Macky Sall quittera le palais du Plateau, qu\u2019il occupe depuis 2012. Que fera-t-il ensuite ? Dans une interview accorde\u0301e fin novembre 2023 a\u0300 Jeune Afrique, il pre\u0301cisait ses intentions: \u00ab Je serai un ancien pre\u0301sident de la Re\u0301publique. Et un jeune retraite\u0301 ! Il faut savoir tourner la page: je ferai comme Abdou Diouf, je me retirerai comple\u0300tement de la vie politique. Je verrai ensuite comment me reconvertir, parce que j\u2019ai encore un peu d\u2019e\u0301nergie, par la gra\u0302ce de Dieu. \u00bb<\/p>\n<p><b>L\u2019Union africaine au G20, Bretton Woods&#8230;<\/b><\/p>\n<p>\u00ab Je vais d\u2019abord m\u2019occuper de parfaire mon anglais, a-t-il poursuivi. Ensuite, il y a des sujets tre\u0300s importants dans lesquels j\u2019aimerais m\u2019investir, comme le leadership, la voix et le poids de l\u2019Afrique dans le concert des nations \u2013 nous venons d\u2019obtenir un sie\u0300ge au G20 pour l\u2019Union africaine, il faut qu\u2019il soit bien occupe\u0301. Autres sujets dans lesquels je souhaite m\u2019impliquer: tous les de\u0301bats sur la gouvernance mondiale, qu\u2019il s\u2019agisse de la gouvernance financie\u0300re, avec la ne\u0301cessaire re\u0301forme des institutions de Bretton Woods, ou le climat. \u00bb<\/p>\n<p>Le chef de l\u2019E\u0301tat s\u2019est organise\u0301 en conse\u0301quence. Il vient de mettre en place la structure qui accompagnera son action: la Fondation Macky Sall pour la paix, le dialogue et le de\u0301veloppement, dont le champ d\u2019action s\u2019e\u0301tendra des proble\u0301matiques de financement pour les pays africains a\u0300 la transition e\u0301nerge\u0301tique, en passant par les infrastructures.<\/p>\n<p>L\u2019ensemble des documents et proce\u0301dures inhe\u0301rents a\u0300 la cre\u0301ation de cette fondation, qui sera base\u0301e a\u0300 Dakar, sont finalise\u0301s. Seul reste a\u0300 obtenir l\u2019accord de sie\u0300ge, sorte de traite\u0301 qu\u2019une organisation internationale conclut avec un E\u0301tat qui l\u2019accueille sur son territoire, afin de de\u0301finir son statut juridique. Il a notamment pour but de garantir l\u2019inde\u0301pendance de l\u2019institution et de ses agents, ce qui peut conduire l\u2019E\u0301tat ho\u0302te a\u0300 conce\u0301der des privile\u0300ges tels que des immunite\u0301s pour les agents de l\u2019organisation, ou un statut d\u2019extraterritorialite\u0301 pour ses locaux.<\/p>\n<p><strong>Pour plus d&rsquo;informations et d&rsquo;analyses sur la <a href=\"https:\/\/www.africa-press.net\/senegal\">Senegal<\/a>, suivez <a href=\"https:\/\/www.africa-press.net\/\">Africa-Press<\/a><\/strong><\/p>\n","protected":false},"excerpt":{"rendered":"<p>Africa-Press &#8211; Senegal. Le pre\u0301sident se\u0301ne\u0301galais vient de mettre en place une nouvelle structure qui portera son nom. Il en avait annonce\u0301 la naissance dans son discours a\u0300 la Nation, peu avant le Nouvel An. Le 2 avril, sauf e\u0301nie\u0300me retournement de situation, Macky Sall quittera le palais du Plateau, qu\u2019il occupe depuis 2012. Que [&hellip;]<\/p>\n","protected":false},"author":82,"featured_media":57257,"comment_status":"open","ping_status":"closed","sticky":false,"template":"","format":"standard","meta":{"footnotes":""},"categories":[2,10],"tags":[43,47,44],"class_list":["post-57259","post","type-post","status-publish","format-standard","has-post-thumbnail","hentry","category-politique","category-toutes-les-actualites","tag-africa-press-2","tag-africa-press-senegal","tag-senegal-2"],"yoast_head":"<!-- This site is optimized with the Yoast SEO Premium plugin v26.1 (Yoast SEO v27.0) - https:\/\/yoast.com\/product\/yoast-seo-premium-wordpress\/ -->\n<title>Au S\u00e9n\u00e9gal, Macky Sall acte la cr\u00e9ation de sa fondation - Senegal<\/title>\n<meta name=\"description\" content=\"Le pre\u0301sident se\u0301ne\u0301galais vient de mettre en place une nouvelle structure qui portera son nom. Il en avait annonce\u0301 la ...\" \/>\n<meta name=\"robots\" content=\"index, follow, max-snippet:-1, max-image-preview:large, max-video-preview:-1\" \/>\n<link rel=\"canonical\" href=\"https:\/\/www.africa-press.net\/senegal\/politique\/au-senegal-macky-sall-acte-la-creation-de-sa-fondation\" \/>\n<meta property=\"og:locale\" content=\"fr_FR\" \/>\n<meta property=\"og:type\" content=\"article\" \/>\n<meta property=\"og:title\" content=\"Au S\u00e9n\u00e9gal, Macky Sall acte la cr\u00e9ation de sa fondation\" \/>\n<meta property=\"og:description\" content=\"Le pre\u0301sident se\u0301ne\u0301galais vient de mettre en place une nouvelle structure qui portera son nom. Il en avait annonce\u0301 la ...\" \/>\n<meta property=\"og:url\" content=\"https:\/\/www.africa-press.net\/senegal\/politique\/au-senegal-macky-sall-acte-la-creation-de-sa-fondation\" \/>\n<meta property=\"og:site_name\" content=\"Senegal\" \/>\n<meta property=\"article:published_time\" content=\"2024-03-23T08:16:28+00:00\" \/>\n<meta property=\"article:modified_time\" content=\"2024-03-23T09:28:03+00:00\" \/>\n<meta property=\"og:image\" content=\"https:\/\/static.africa-press.net\/senegal\/sites\/13\/2024\/03\/sm_1711169802.996384.jpg\" \/>\n\t<meta property=\"og:image:width\" content=\"1215\" \/>\n\t<meta property=\"og:image:height\" content=\"810\" \/>\n\t<meta property=\"og:image:type\" content=\"image\/jpeg\" \/>\n<meta name=\"author\" content=\"cfeditorfr\" \/>\n<meta name=\"twitter:card\" content=\"summary_large_image\" \/>\n<meta name=\"twitter:label1\" content=\"\u00c9crit par\" \/>\n\t<meta name=\"twitter:data1\" content=\"cfeditorfr\" \/>\n\t<meta name=\"twitter:label2\" content=\"Dur\u00e9e de lecture estim\u00e9e\" \/>\n\t<meta name=\"twitter:data2\" content=\"2 minutes\" \/>\n<script type=\"application\/ld+json\" class=\"yoast-schema-graph\">{\"@context\":\"https:\/\/schema.org\",\"@graph\":[{\"@type\":\"Article\",\"@id\":\"https:\/\/www.africa-press.net\/senegal\/politique\/au-senegal-macky-sall-acte-la-creation-de-sa-fondation#article\",\"isPartOf\":{\"@id\":\"https:\/\/www.africa-press.net\/senegal\/politique\/au-senegal-macky-sall-acte-la-creation-de-sa-fondation\"},\"author\":{\"name\":\"cfeditorfr\",\"@id\":\"https:\/\/www.africa-press.net\/senegal\/#\/schema\/person\/2b1cf3cd81a31e3cd26889ca66d677f1\"},\"headline\":\"Au S\u00e9n\u00e9gal, Macky Sall acte la cr\u00e9ation de sa fondation\",\"datePublished\":\"2024-03-23T08:16:28+00:00\",\"dateModified\":\"2024-03-23T09:28:03+00:00\",\"mainEntityOfPage\":{\"@id\":\"https:\/\/www.africa-press.net\/senegal\/politique\/au-senegal-macky-sall-acte-la-creation-de-sa-fondation\"},\"wordCount\":441,\"commentCount\":0,\"image\":{\"@id\":\"https:\/\/www.africa-press.net\/senegal\/politique\/au-senegal-macky-sall-acte-la-creation-de-sa-fondation#primaryimage\"},\"thumbnailUrl\":\"https:\/\/static.africa-press.net\/senegal\/sites\/13\/2024\/03\/sm_1711169802.996384.jpg\",\"keywords\":[\"Africa Press\",\"Africa Press-Senegal\",\"Senegal\"],\"articleSection\":[\"Politique\",\"Toutes les actualit\u00e9s\"],\"inLanguage\":\"fr-FR\",\"potentialAction\":[{\"@type\":\"CommentAction\",\"name\":\"Comment\",\"target\":[\"https:\/\/www.africa-press.net\/senegal\/politique\/au-senegal-macky-sall-acte-la-creation-de-sa-fondation#respond\"]}]},{\"@type\":\"WebPage\",\"@id\":\"https:\/\/www.africa-press.net\/senegal\/politique\/au-senegal-macky-sall-acte-la-creation-de-sa-fondation\",\"url\":\"https:\/\/www.africa-press.net\/senegal\/politique\/au-senegal-macky-sall-acte-la-creation-de-sa-fondation\",\"name\":\"Au S\u00e9n\u00e9gal, Macky Sall acte la cr\u00e9ation de sa fondation - Senegal\",\"isPartOf\":{\"@id\":\"https:\/\/www.africa-press.net\/senegal\/#website\"},\"primaryImageOfPage\":{\"@id\":\"https:\/\/www.africa-press.net\/senegal\/politique\/au-senegal-macky-sall-acte-la-creation-de-sa-fondation#primaryimage\"},\"image\":{\"@id\":\"https:\/\/www.africa-press.net\/senegal\/politique\/au-senegal-macky-sall-acte-la-creation-de-sa-fondation#primaryimage\"},\"thumbnailUrl\":\"https:\/\/static.africa-press.net\/senegal\/sites\/13\/2024\/03\/sm_1711169802.996384.jpg\",\"datePublished\":\"2024-03-23T08:16:28+00:00\",\"dateModified\":\"2024-03-23T09:28:03+00:00\",\"author\":{\"@id\":\"https:\/\/www.africa-press.net\/senegal\/#\/schema\/person\/2b1cf3cd81a31e3cd26889ca66d677f1\"},\"description\":\"Le pre\u0301sident se\u0301ne\u0301galais vient de mettre en place une nouvelle structure qui portera son nom. Il en avait annonce\u0301 la ...\",\"breadcrumb\":{\"@id\":\"https:\/\/www.africa-press.net\/senegal\/politique\/au-senegal-macky-sall-acte-la-creation-de-sa-fondation#breadcrumb\"},\"inLanguage\":\"fr-FR\",\"potentialAction\":[{\"@type\":\"ReadAction\",\"target\":[\"https:\/\/www.africa-press.net\/senegal\/politique\/au-senegal-macky-sall-acte-la-creation-de-sa-fondation\"]}]},{\"@type\":\"ImageObject\",\"inLanguage\":\"fr-FR\",\"@id\":\"https:\/\/www.africa-press.net\/senegal\/politique\/au-senegal-macky-sall-acte-la-creation-de-sa-fondation#primaryimage\",\"url\":\"https:\/\/static.africa-press.net\/senegal\/sites\/13\/2024\/03\/sm_1711169802.996384.jpg\",\"contentUrl\":\"https:\/\/static.africa-press.net\/senegal\/sites\/13\/2024\/03\/sm_1711169802.996384.jpg\",\"width\":1215,\"height\":810,\"caption\":\"Au S\u00e9n\u00e9gal, Macky Sall acte la cr\u00e9ation de sa fondation\"},{\"@type\":\"BreadcrumbList\",\"@id\":\"https:\/\/www.africa-press.net\/senegal\/politique\/au-senegal-macky-sall-acte-la-creation-de-sa-fondation#breadcrumb\",\"itemListElement\":[{\"@type\":\"ListItem\",\"position\":1,\"name\":\"Accueil\",\"item\":\"https:\/\/www.africa-press.net\/senegal\/\"},{\"@type\":\"ListItem\",\"position\":2,\"name\":\"Au S\u00e9n\u00e9gal, Macky Sall acte la cr\u00e9ation de sa fondation\"}]},{\"@type\":\"WebSite\",\"@id\":\"https:\/\/www.africa-press.net\/senegal\/#website\",\"url\":\"https:\/\/www.africa-press.net\/senegal\/\",\"name\":\"Africa Press | Senegal | Homepage\",\"description\":\"Just another Africa News Agency Sites site\",\"potentialAction\":[{\"@type\":\"SearchAction\",\"target\":{\"@type\":\"EntryPoint\",\"urlTemplate\":\"https:\/\/www.africa-press.net\/senegal\/?s={search_term_string}\"},\"query-input\":{\"@type\":\"PropertyValueSpecification\",\"valueRequired\":true,\"valueName\":\"search_term_string\"}}],\"inLanguage\":\"fr-FR\"},{\"@type\":\"Person\",\"@id\":\"https:\/\/www.africa-press.net\/senegal\/#\/schema\/person\/2b1cf3cd81a31e3cd26889ca66d677f1\",\"name\":\"cfeditorfr\",\"url\":\"https:\/\/www.africa-press.net\/senegal\/author\/cfeditorfr\"}]}<\/script>\n<!-- \/ Yoast SEO Premium plugin. -->","yoast_head_json":{"title":"Au S\u00e9n\u00e9gal, Macky Sall acte la cr\u00e9ation de sa fondation - Senegal","description":"Le pre\u0301sident se\u0301ne\u0301galais vient de mettre en place une nouvelle structure qui portera son nom. Il en avait annonce\u0301 la ...","robots":{"index":"index","follow":"follow","max-snippet":"max-snippet:-1","max-image-preview":"max-image-preview:large","max-video-preview":"max-video-preview:-1"},"canonical":"https:\/\/www.africa-press.net\/senegal\/politique\/au-senegal-macky-sall-acte-la-creation-de-sa-fondation","og_locale":"fr_FR","og_type":"article","og_title":"Au S\u00e9n\u00e9gal, Macky Sall acte la cr\u00e9ation de sa fondation","og_description":"Le pre\u0301sident se\u0301ne\u0301galais vient de mettre en place une nouvelle structure qui portera son nom. Il en avait annonce\u0301 la ...","og_url":"https:\/\/www.africa-press.net\/senegal\/politique\/au-senegal-macky-sall-acte-la-creation-de-sa-fondation","og_site_name":"Senegal","article_published_time":"2024-03-23T08:16:28+00:00","article_modified_time":"2024-03-23T09:28:03+00:00","og_image":[{"width":1215,"height":810,"url":"https:\/\/static.africa-press.net\/senegal\/sites\/13\/2024\/03\/sm_1711169802.996384.jpg","type":"image\/jpeg"}],"author":"cfeditorfr","twitter_card":"summary_large_image","twitter_misc":{"\u00c9crit par":"cfeditorfr","Dur\u00e9e de lecture estim\u00e9e":"2 minutes"},"schema":{"@context":"https:\/\/schema.org","@graph":[{"@type":"Article","@id":"https:\/\/www.africa-press.net\/senegal\/politique\/au-senegal-macky-sall-acte-la-creation-de-sa-fondation#article","isPartOf":{"@id":"https:\/\/www.africa-press.net\/senegal\/politique\/au-senegal-macky-sall-acte-la-creation-de-sa-fondation"},"author":{"name":"cfeditorfr","@id":"https:\/\/www.africa-press.net\/senegal\/#\/schema\/person\/2b1cf3cd81a31e3cd26889ca66d677f1"},"headline":"Au S\u00e9n\u00e9gal, Macky Sall acte la cr\u00e9ation de sa fondation","datePublished":"2024-03-23T08:16:28+00:00","dateModified":"2024-03-23T09:28:03+00:00","mainEntityOfPage":{"@id":"https:\/\/www.africa-press.net\/senegal\/politique\/au-senegal-macky-sall-acte-la-creation-de-sa-fondation"},"wordCount":441,"commentCount":0,"image":{"@id":"https:\/\/www.africa-press.net\/senegal\/politique\/au-senegal-macky-sall-acte-la-creation-de-sa-fondation#primaryimage"},"thumbnailUrl":"https:\/\/static.africa-press.net\/senegal\/sites\/13\/2024\/03\/sm_1711169802.996384.jpg","keywords":["Africa Press","Africa Press-Senegal","Senegal"],"articleSection":["Politique","Toutes les actualit\u00e9s"],"inLanguage":"fr-FR","potentialAction":[{"@type":"CommentAction","name":"Comment","target":["https:\/\/www.africa-press.net\/senegal\/politique\/au-senegal-macky-sall-acte-la-creation-de-sa-fondation#respond"]}]},{"@type":"WebPage","@id":"https:\/\/www.africa-press.net\/senegal\/politique\/au-senegal-macky-sall-acte-la-creation-de-sa-fondation","url":"https:\/\/www.africa-press.net\/senegal\/politique\/au-senegal-macky-sall-acte-la-creation-de-sa-fondation","name":"Au S\u00e9n\u00e9gal, Macky Sall acte la cr\u00e9ation de sa fondation - Senegal","isPartOf":{"@id":"https:\/\/www.africa-press.net\/senegal\/#website"},"primaryImageOfPage":{"@id":"https:\/\/www.africa-press.net\/senegal\/politique\/au-senegal-macky-sall-acte-la-creation-de-sa-fondation#primaryimage"},"image":{"@id":"https:\/\/www.africa-press.net\/senegal\/politique\/au-senegal-macky-sall-acte-la-creation-de-sa-fondation#primaryimage"},"thumbnailUrl":"https:\/\/static.africa-press.net\/senegal\/sites\/13\/2024\/03\/sm_1711169802.996384.jpg","datePublished":"2024-03-23T08:16:28+00:00","dateModified":"2024-03-23T09:28:03+00:00","author":{"@id":"https:\/\/www.africa-press.net\/senegal\/#\/schema\/person\/2b1cf3cd81a31e3cd26889ca66d677f1"},"description":"Le pre\u0301sident se\u0301ne\u0301galais vient de mettre en place une nouvelle structure qui portera son nom. Il en avait annonce\u0301 la ...","breadcrumb":{"@id":"https:\/\/www.africa-press.net\/senegal\/politique\/au-senegal-macky-sall-acte-la-creation-de-sa-fondation#breadcrumb"},"inLanguage":"fr-FR","potentialAction":[{"@type":"ReadAction","target":["https:\/\/www.africa-press.net\/senegal\/politique\/au-senegal-macky-sall-acte-la-creation-de-sa-fondation"]}]},{"@type":"ImageObject","inLanguage":"fr-FR","@id":"https:\/\/www.africa-press.net\/senegal\/politique\/au-senegal-macky-sall-acte-la-creation-de-sa-fondation#primaryimage","url":"https:\/\/static.africa-press.net\/senegal\/sites\/13\/2024\/03\/sm_1711169802.996384.jpg","contentUrl":"https:\/\/static.africa-press.net\/senegal\/sites\/13\/2024\/03\/sm_1711169802.996384.jpg","width":1215,"height":810,"caption":"Au S\u00e9n\u00e9gal, Macky Sall acte la cr\u00e9ation de sa fondation"},{"@type":"BreadcrumbList","@id":"https:\/\/www.africa-press.net\/senegal\/politique\/au-senegal-macky-sall-acte-la-creation-de-sa-fondation#breadcrumb","itemListElement":[{"@type":"ListItem","position":1,"name":"Accueil","item":"https:\/\/www.africa-press.net\/senegal\/"},{"@type":"ListItem","position":2,"name":"Au S\u00e9n\u00e9gal, Macky Sall acte la cr\u00e9ation de sa fondation"}]},{"@type":"WebSite","@id":"https:\/\/www.africa-press.net\/senegal\/#website","url":"https:\/\/www.africa-press.net\/senegal\/","name":"Africa Press | Senegal | Homepage","description":"Just another Africa News Agency Sites site","potentialAction":[{"@type":"SearchAction","target":{"@type":"EntryPoint","urlTemplate":"https:\/\/www.africa-press.net\/senegal\/?s={search_term_string}"},"query-input":{"@type":"PropertyValueSpecification","valueRequired":true,"valueName":"search_term_string"}}],"inLanguage":"fr-FR"},{"@type":"Person","@id":"https:\/\/www.africa-press.net\/senegal\/#\/schema\/person\/2b1cf3cd81a31e3cd26889ca66d677f1","name":"cfeditorfr","url":"https:\/\/www.africa-press.net\/senegal\/author\/cfeditorfr"}]}},"_links":{"self":[{"href":"https:\/\/www.africa-press.net\/senegal\/wp-json\/wp\/v2\/posts\/57259","targetHints":{"allow":["GET"]}}],"collection":[{"href":"https:\/\/www.africa-press.net\/senegal\/wp-json\/wp\/v2\/posts"}],"about":[{"href":"https:\/\/www.africa-press.net\/senegal\/wp-json\/wp\/v2\/types\/post"}],"author":[{"embeddable":true,"href":"https:\/\/www.africa-press.net\/senegal\/wp-json\/wp\/v2\/users\/82"}],"replies":[{"embeddable":true,"href":"https:\/\/www.africa-press.net\/senegal\/wp-json\/wp\/v2\/comments?post=57259"}],"version-history":[{"count":0,"href":"https:\/\/www.africa-press.net\/senegal\/wp-json\/wp\/v2\/posts\/57259\/revisions"}],"wp:featuredmedia":[{"embeddable":true,"href":"https:\/\/www.africa-press.net\/senegal\/wp-json\/wp\/v2\/media\/57257"}],"wp:attachment":[{"href":"https:\/\/www.africa-press.net\/senegal\/wp-json\/wp\/v2\/media?parent=57259"}],"wp:term":[{"taxonomy":"category","embeddable":true,"href":"https:\/\/www.africa-press.net\/senegal\/wp-json\/wp\/v2\/categories?post=57259"},{"taxonomy":"post_tag","embeddable":true,"href":"https:\/\/www.africa-press.net\/senegal\/wp-json\/wp\/v2\/tags?post=57259"}],"curies":[{"name":"wp","href":"https:\/\/api.w.org\/{rel}","templated":true}]}}