{"id":57262,"date":"2024-03-23T08:19:59","date_gmt":"2024-03-23T08:19:59","guid":{"rendered":"https:\/\/www.africa-press.net\/senegal\/politique\/au-senegal-amadou-ba-candidat-malgre-tout"},"modified":"2024-03-23T09:28:26","modified_gmt":"2024-03-23T09:28:26","slug":"au-senegal-amadou-ba-candidat-malgre-tout","status":"publish","type":"post","link":"https:\/\/www.africa-press.net\/senegal\/dossiers\/au-senegal-amadou-ba-candidat-malgre-tout","title":{"rendered":"Au S\u00e9n\u00e9gal, Amadou Ba candidat malgr\u00e9 tout"},"content":{"rendered":"<p><b>Mari\u00e8me Soumar\u00e9<br \/>\net Mawunyo Hermann Boko <\/b><\/p>\n<p><span style=\"color: #ff6600\"><strong>Africa-Press &#8211; Senegal. <\/strong><\/span>Il e\u0301tait donne\u0301 hors-jeu de la course e\u0301lectorale. En de\u0301pit des attaques de ses de\u0301tracteurs, l\u2019ex-Premier ministre portera les couleurs de la majorite\u0301 lors de la pre\u0301sidentielle, ce 24 mars. Retour sur la campagne mouvemente\u0301e du candidat de Macky Sall.<\/p>\n<p>Le temps d\u2019une courte prie\u0300re dans une petite mosque\u0301e, et le corte\u0300ge d\u2019une vingtaine de femmes et d\u2019hommes s\u2019e\u0301lance dans les ruelles sablonneuses du quartier Unite\u0301 15 des Parcelles assainies. Casquette a\u0300 l\u2019effigie d\u2019Amadou Ba, le candidat du pouvoir, visse\u0301e sur la te\u0302te, Moussa Sy, l\u2019ancien maire de cette vaste commune de la banlieue de Dakar \u2013 c\u2019est aussi la plus peuple\u0301e (200 000 habitants, dont 100 000 e\u0301lecteurs) \u2013 prend la te\u0302te de la colonne.<\/p>\n<p>Il est presque 18 heures ce mercredi 20 mars. La campagne de proximite\u0301 des militants de la coalition au pouvoir Benno Bokk Yakaar (BBY) a commence\u0301. Le but: convaincre les habitants de voter pour \u00ab l\u2019enfant de la commune \u00bb ce dimanche 24 mars, lors du premier tour de l\u2019e\u0301lection pre\u0301sidentielle. L\u2019ancien Premier ministre a grandi ici. Il y est tre\u0300s populaire. \u00ab Depuis l\u2019inde\u0301pendance, aucun pre\u0301sident originaire de Dakar ou de sa banlieue n\u2019a e\u0301te\u0301 e\u0301lu. C\u2019est une grande opportunite\u0301. Nous avons donc inte\u0301re\u0302t a\u0300 nous mobiliser derrie\u0300re Amadou Ba \u00bb, affirme Mamoudou Wane, secre\u0301taire national adjoint charge\u0301 de la vie politique du Parti socialiste (PS).<\/p>\n<p><b>Un pour tous et tous pour un&#8230; candidat<\/b><\/p>\n<p>Biento\u0302t une heure que la cohorte de militants marche a\u0300 travers les range\u0301es de maisons. L\u2019ambiance est bon enfant, ponctue\u0301e de slogans a\u0300 la gloire d\u2019Amadou Ba. Des dizaines de sympathisants ont rejoint le corte\u0300ge. A\u0300 trois jours du scrutin, les responsables jouent la carte affective. Et les populations semblent re\u0301ceptives.<\/p>\n<p>De\u0301monstration d\u2019abord chez le de\u0301le\u0301gue\u0301 du quartier, Mbacke\u0301 Sall, dont la maison est l\u2019une des premie\u0300res visite\u0301es. \u00ab Vous e\u0302tes ici chez vous \u00bb, annonce-t-il tandis qu\u2019une habitante de son domicile scande le nom d\u2019Amadou Ba. Un peu plus tard, un vendeur de charbon lance a\u0300 la cantonade: \u00ab Cette fois-ci nous n\u2019allons pas commettre une seconde erreur. Nous allons voter pour notre fils ! \u00bb Il re\u0301pe\u0300te ainsi des mots prononce\u0301s par Cheikh Ibrahim Niass, un marabout influent de la ville chez qui la procession a e\u0301galement fait une halte.<\/p>\n<p>Le dignitaire religieux se plaint de l\u2019interruption des aides municipales, un choix du nouveau maire Djamil Sane\u0301. Le membre du parti des Patriotes africains du Se\u0301ne\u0301gal pour le travail, l\u2019e\u0301thique et la fraternite\u0301 (Pastef), la formation dissoute de l\u2019opposant Ousmane Sonko, a remporte\u0301 la mairie en janvier 2022, mettant fin aux treize ans de re\u0300gne de Moussa Sy. La te\u0302te de liste de la majorite\u0301 pre\u0301sidentielle avait e\u0301te\u0301 fragilise\u0301e par la division au sein de BBY et la multiplication des listes dissidentes. \u00ab Nous e\u0301tions divise\u0301s, chacun de nous avait ses propres ambitions. Aujourd\u2019hui, nous sommes tous ensemble pour nous battre pour un seul candidat \u00bb, de\u0301fend Moussa Sy. \u00ab Notre autre avantage, c\u2019est que l\u2019opposition n\u2019a rien fait pour les populations en deux ans, ajoute Amy Colle\u0301 Diagne, une responsable de son parti, l\u2019Appel national pour la citoyennete\u0301 (ANC). Le maire a pre\u0301fe\u0301re\u0301 manipuler les jeunes et les inciter a\u0300 la violence. \u00bb<\/p>\n<p>Les Parcelles assainies ont e\u0301te\u0301 un point chaud des tensions politiques qui ont secoue\u0301 le Se\u0301ne\u0301gal entre mars 2021 et fe\u0301vrier 2024. Arre\u0302te\u0301 en aou\u0302t 2023 pour appel a\u0300 l\u2019insurrection, Djamil Sane\u0301 n\u2019a e\u0301te\u0301 libe\u0301re\u0301 que re\u0301cemment. Lors du scrutin du 24 mars, Amadou Ba aura a\u0300 son tour a\u0300 affronter un membre du Pastef: le bras droit d\u2019Ousmane Sonko, Bassirou Diomaye Faye. Les deux hommes ont e\u0301te\u0301 libe\u0301re\u0301s de prison le 14 mars et se sont lance\u0301s imme\u0301diatement dans une tourne\u0301e a\u0300 travers le pays.<\/p>\n<p>Le candidat de la majorite\u0301 lui, a pu commencer sa campagne de\u0300s le 9 mars. Il lui avait fallu la de\u0301buter seul, ou presque. Il ne pouvait alors compter que sur une poigne\u0301e de fide\u0300les qui s\u2019e\u0301taient, sans succe\u0300s, oppose\u0301s au report de la pre\u0301sidentielle du 25 fe\u0301vrier dont tout le monde pressentait qu\u2019il servait de pre\u0301texte a\u0300 Macky Sall pour changer de candidat. Le manque de soutien est tel qu\u2019Amadou Ba prend lui-me\u0302me la de\u0301cision de convoquer un entretien avec son chef, mardi 12 mars, pour lui demander de remobiliser ses troupes. Il parviendra a\u0300 le convaincre. De\u0300s le lendemain, le mot d\u2019ordre est donne\u0301: tous les responsables re\u0301gionaux et de\u0301partementaux sont somme\u0301s de mettre la main a\u0300 la pa\u0302te pour \u0153uvrer a\u0300 sa victoire.<\/p>\n<p><b>Amadou Ba, le choix de l\u2019expe\u0301rience<\/b><\/p>\n<p>\u00ab Ces histoires sont de\u0301sormais derrie\u0300re nous \u00bb, tranche l\u2019ancienne ministre Zahra Iyane Thiam, qui a accompagne\u0301 Amadou Ba sur toute sa campagne. \u00ab Les responsables locaux nous ont accueilli partout ou\u0300 nous sommes passe\u0301s et la coalition a resserre\u0301 les rangs. \u00bb La machine grippe\u0301e de BBY s\u2019est-elle mise en marche a\u0300 temps ? Zahra Iyane Thiam n\u2019en doute pas. \u00ab La politique a ses re\u0301alite\u0301s. Pour gagner une e\u0301lection, il faut avoir une machine e\u0301lectorale. Me\u0302me dans les contre\u0301es les plus recule\u0301es du Se\u0301ne\u0301gal, nos militants se sont organise\u0301s et ils e\u0301taient de\u0301ja\u0300 sur le terrain \u00bb, poursuit la responsable. \u00ab Nous sommes un peu plus confiants, et les prises de parole sont plus affirme\u0301es \u00bb, abonde Mamoudou Wane aux Parcelles.<\/p>\n<p>L\u2019e\u0301quipe d\u2019Amadou Ba mise aussi, et surtout, sur le bilan du pre\u0301sident sortant. A\u0300 62 ans, le commis de l\u2019E\u0301tat, qui a de\u0301bute\u0301 sa carrie\u0300re aux Impo\u0302ts et Domaines avant d\u2019inte\u0301grer le gouvernement de Macky Sall, a ba\u0302ti son programme de campagne dans la continuite\u0301 de deux mandats de son mentor. Il n\u2019he\u0301site pas a\u0300 mettre son expe\u0301rience en avant face a\u0300 ses adversaires, en premier lieu le favori de l\u2019opposition Bassirou Diomaye Faye. Cela suffira-t-il pour convaincre les Se\u0301ne\u0301galais ? A\u0300 quelques semaines du vote, un membre de la majorite\u0301, qui a \u0153uvre\u0301 a\u0300 l\u2019e\u0301lection du chef de l\u2019E\u0301tat sortant en 2012, estimait qu\u2019Amadou Ba n\u2019en faisait pas assez. \u00ab Il s\u2019est trompe\u0301 de campagne, en abordant cette e\u0301lection comme Macky Sall en 2019. Il n\u2019est pas alle\u0301 assez loin dans la construction de ses mesures \u00bb, confiait ce responsable.<\/p>\n<p>\u00ab Il n\u2019a pas su s\u2019entourer des personnes qui auraient pu lui donner de la le\u0301gitimite\u0301 \u00bb, poursuivait notre interlocuteur. Une mise en retrait qui aurait donne\u0301 la liberte\u0301 a\u0300 ses de\u0301tracteurs de lui mettre des ba\u0302tons dans les roues. \u00ab Il pensait qu\u2019il fallait faire le dos rond, justifie l\u2019un de ses proches. Il n\u2019a pas donne\u0301 l\u2019impression d\u2019avoir pris son inde\u0301pendance. \u00bb Dans les rangs de la majorite\u0301, beaucoup reprochent a\u0300 l\u2019ancien Premier ministre de n\u2019avoir pas su tendre la main aux responsables de BBY \u2013 des mois plus tard, certains n\u2019avaient toujours pas dige\u0301re\u0301 de ne pas avoir e\u0301te\u0301 invite\u0301s a\u0300 sa ce\u0301re\u0301monie d\u2019investiture, en de\u0301cembre. \u00ab La de\u0301cision de Macky Sall de ne pas e\u0302tre candidat a\u0300 sa propre succession e\u0301tait ine\u0301dite. Cela en a de\u0301stabilise\u0301 certains, et il a fallu nous re\u0301adapter \u00bb, euphe\u0301mise Zahra Yane Thiam.<\/p>\n<p>Au sein de la coalition, ceux qui voyaient d\u2019un mauvais \u0153il la candidature de l\u2019ancien patron des Impo\u0302ts et Domaines sont nombreux. \u00ab Lorsqu\u2019il a e\u0301te\u0301 choisi, il estimait que puisque Macky Sall l\u2019avait de\u0301signe\u0301, il n\u2019avait plus rien a\u0300 faire. C\u2019e\u0301tait pourtant a\u0300 lui de rassurer. Il aurait pu utiliser sa position de Premier ministre et ses tourne\u0301es e\u0301conomiques pour remobiliser. Il ne l\u2019a pas fait \u00bb, regrette un cadre de BBY. La\u0300 ou\u0300 ses proches le disent serein, discret, ses adversaires le voient sournois, calculateur. \u00ab Il veut donner l\u2019impression d\u2019e\u0302tre l\u2019ami de tout le monde, tacle notre interlocuteur. Pour celui qui ne le connai\u0302t pas, il a l\u2019air calme, mais ce n\u2019est qu\u2019un jeu. \u00bb<\/p>\n<p>En pleine tempe\u0302te, le Premier ministre maintient le cap, refuse de quitter son poste, dont il est persuade\u0301 qu\u2019il repre\u0301sente un atout pour sa candidature. Jusqu\u2019au bout, il y a cru et n\u2019a pas la\u0302che\u0301. En 2020 de\u0301ja\u0300, lorsqu\u2019il avait e\u0301te\u0301 de\u0301barque\u0301 de son poste de ministre des Affaires e\u0301trange\u0300res, certains proches lui murmuraient de quitter l\u2019attelage pre\u0301sidentiel. Il e\u0301tait reste\u0301 fide\u0300le a\u0300 Macky Sall.<\/p>\n<p>Pas question de\u0301sormais de renoncer a\u0300 cette position qu\u2019il a tant convoite\u0301e. Dans la tourmente, il re\u0301pe\u0300te a\u0300 qui veut l\u2019entendre que la confiance de Macky Sall n\u2019a pas flanche\u0301. \u00ab De\u0301sormais, le pre\u0301sident est oblige\u0301 de soutenir Amadou Ba \u00bb, la\u0302chait un conseiller pre\u0301sidentiel quelques jours apre\u0300s l\u2019annonce du report. \u00ab Alors qu\u2019il y a deux semaines, il n\u2019en voulait plus. \u00bb<\/p>\n<p><b>Victoire au premier tour ?<\/b><\/p>\n<p>En fe\u0301vrier, tandis que tout le Se\u0301ne\u0301gal se demande si Macky Sall ne va pas lui pre\u0301fe\u0301rer un autre candidat, Amadou Ba continue de prophe\u0301tiser une victoire au premier tour, ce qui rend perplexe certains responsables, qui jugent son assurance \u00ab contre-productive \u00bb. \u00ab Le grand paradoxe, c\u2019est que cet e\u0301pisode l\u2019a re\u0301ve\u0301le\u0301. Lors de son entrevue avec le pre\u0301sident, il lui a fait comprendre qu\u2019il n\u2019avait pas le choix [de ne pas le soutenir], et qu\u2019il avait du monde derrie\u0300re lui, observe un conseiller ministe\u0301riel. Il a une grande intelligence des rapports de force. \u00bb Sito\u0302t l\u2019assurance de Macky Sall regagne\u0301e, Amadou Ba est reparti en campagne. Sans Macky Sall, qui avait un temps envisage\u0301 de le rejoindre a\u0300 hauteur de son fief de Fatick.<\/p>\n<p>Peu a\u0300 peu, Amadou Ba a su se de\u0301tacher de la figure de son mentor \u2013 de\u0301sormais pre\u0301sente\u0301 comme son \u00ab ex-patron \u00bb par ses proches. \u00ab Macky Sall participe a\u0300 sa manie\u0300re et c\u2019est aussi bien, glisse Zahra Yane Thiam. Il reste le premier directeur de campagne d\u2019Amadou Ba. \u00bb \u00ab Ses e\u0301quipes lui ont conseille\u0301 de ne pas se pre\u0301senter avec le pre\u0301sident \u00bb, glisse un cadre de la coalition qui a battu campagne avec lui. \u00ab Cela pourrait le desservir. \u00bb<\/p>\n<p>Bien que vexe\u0301 par \u00ab l\u2019humiliation \u00bb que le pre\u0301sident lui a fait subir, et dont il se plaint aupre\u0300s de certains proches, Amadou Ba a profite\u0301 ces derniers jours de l\u2019exaltation de la campagne e\u0301lectorale et a pris gou\u0302t aux acclamations des partisans. \u00ab Mon heure est venue \u00bb, a annonce\u0301 le candidat, le 20 mars au soir a\u0300 Thie\u0300s, deux jours avant la fin de la campagne dont il pense qu\u2019elle le me\u0300nera a\u0300 la victoire de\u0300s le premier tour. \u00ab L\u2019ide\u0301e est simple: Macky Sall, c\u2019est le passe\u0301. Ce qui compte de\u0301sormais, c\u2019est le Se\u0301ne\u0301gal \u00bb, glisse un communiquant.<\/p>\n<p>Aux Parcelles assainies, la caravane du fils du quartier n\u2019a fait face le 20 mars a\u0300 aucune re\u0301sistance de militants de l\u2019opposition. A\u0300 peine a-t-elle e\u0301te\u0301 trouble\u0301e par quelques passants isole\u0301s, qui lanc\u0327aient des \u00ab Diomaye mooy Sonko \u00bb. \u00ab Nous avons un accueil tre\u0300s favorable des populations. Voyez vous me\u0302me l\u2019engouement pour notre candidat ! Nous sommes confiants, mais nous allons intensifier la cadence jusqu\u2019a\u0300 vendredi [22 mars], pour maximiser nos chances \u00bb, se re\u0301jouit Moussa Sy.<\/p>\n<p><b>Source: jeuneafrique<\/b><\/p>\n<p><strong>Pour plus d&rsquo;informations et d&rsquo;analyses sur la <a href=\"https:\/\/www.africa-press.net\/senegal\">Senegal<\/a>, suivez <a href=\"https:\/\/www.africa-press.net\/\">Africa-Press<\/a><\/strong><\/p>\n","protected":false},"excerpt":{"rendered":"<p>Mari\u00e8me Soumar\u00e9 et Mawunyo Hermann Boko Africa-Press &#8211; Senegal. Il e\u0301tait donne\u0301 hors-jeu de la course e\u0301lectorale. En de\u0301pit des attaques de ses de\u0301tracteurs, l\u2019ex-Premier ministre portera les couleurs de la majorite\u0301 lors de la pre\u0301sidentielle, ce 24 mars. Retour sur la campagne mouvemente\u0301e du candidat de Macky Sall. Le temps d\u2019une courte prie\u0300re dans [&hellip;]<\/p>\n","protected":false},"author":82,"featured_media":57260,"comment_status":"open","ping_status":"closed","sticky":false,"template":"","format":"standard","meta":{"footnotes":""},"categories":[7,10],"tags":[43,47,44],"class_list":["post-57262","post","type-post","status-publish","format-standard","has-post-thumbnail","hentry","category-dossiers","category-toutes-les-actualites","tag-africa-press-2","tag-africa-press-senegal","tag-senegal-2"],"yoast_head":"<!-- This site is optimized with the Yoast SEO Premium plugin v26.1 (Yoast SEO v27.0) - https:\/\/yoast.com\/product\/yoast-seo-premium-wordpress\/ -->\n<title>Au S\u00e9n\u00e9gal, Amadou Ba candidat malgr\u00e9 tout - Senegal<\/title>\n<meta name=\"description\" content=\"Il e\u0301tait donne\u0301 hors-jeu de la course e\u0301lectorale. En de\u0301pit des attaques de ses de\u0301tracteurs, l\u2019ex-Premier ministre po ...\" \/>\n<meta name=\"robots\" content=\"index, follow, max-snippet:-1, max-image-preview:large, max-video-preview:-1\" \/>\n<link rel=\"canonical\" href=\"https:\/\/www.africa-press.net\/senegal\/dossiers\/au-senegal-amadou-ba-candidat-malgre-tout\" \/>\n<meta property=\"og:locale\" content=\"fr_FR\" \/>\n<meta property=\"og:type\" content=\"article\" \/>\n<meta property=\"og:title\" content=\"Au S\u00e9n\u00e9gal, Amadou Ba candidat malgr\u00e9 tout\" \/>\n<meta property=\"og:description\" content=\"Il e\u0301tait donne\u0301 hors-jeu de la course e\u0301lectorale. En de\u0301pit des attaques de ses de\u0301tracteurs, l\u2019ex-Premier ministre po ...\" \/>\n<meta property=\"og:url\" content=\"https:\/\/www.africa-press.net\/senegal\/dossiers\/au-senegal-amadou-ba-candidat-malgre-tout\" \/>\n<meta property=\"og:site_name\" content=\"Senegal\" \/>\n<meta property=\"article:published_time\" content=\"2024-03-23T08:19:59+00:00\" \/>\n<meta property=\"article:modified_time\" content=\"2024-03-23T09:28:26+00:00\" \/>\n<meta property=\"og:image\" content=\"https:\/\/static.africa-press.net\/senegal\/sites\/13\/2024\/03\/sm_1711169829.370138.jpg\" \/>\n\t<meta property=\"og:image:width\" content=\"1215\" \/>\n\t<meta property=\"og:image:height\" content=\"810\" \/>\n\t<meta property=\"og:image:type\" content=\"image\/jpeg\" \/>\n<meta name=\"author\" content=\"cfeditorfr\" \/>\n<meta name=\"twitter:card\" content=\"summary_large_image\" \/>\n<meta name=\"twitter:label1\" content=\"\u00c9crit par\" \/>\n\t<meta name=\"twitter:data1\" content=\"cfeditorfr\" \/>\n\t<meta name=\"twitter:label2\" content=\"Dur\u00e9e de lecture estim\u00e9e\" \/>\n\t<meta name=\"twitter:data2\" content=\"10 minutes\" \/>\n<script type=\"application\/ld+json\" class=\"yoast-schema-graph\">{\"@context\":\"https:\/\/schema.org\",\"@graph\":[{\"@type\":\"Article\",\"@id\":\"https:\/\/www.africa-press.net\/senegal\/dossiers\/au-senegal-amadou-ba-candidat-malgre-tout#article\",\"isPartOf\":{\"@id\":\"https:\/\/www.africa-press.net\/senegal\/dossiers\/au-senegal-amadou-ba-candidat-malgre-tout\"},\"author\":{\"name\":\"cfeditorfr\",\"@id\":\"https:\/\/www.africa-press.net\/senegal\/#\/schema\/person\/2b1cf3cd81a31e3cd26889ca66d677f1\"},\"headline\":\"Au S\u00e9n\u00e9gal, Amadou Ba candidat malgr\u00e9 tout\",\"datePublished\":\"2024-03-23T08:19:59+00:00\",\"dateModified\":\"2024-03-23T09:28:26+00:00\",\"mainEntityOfPage\":{\"@id\":\"https:\/\/www.africa-press.net\/senegal\/dossiers\/au-senegal-amadou-ba-candidat-malgre-tout\"},\"wordCount\":2043,\"commentCount\":0,\"image\":{\"@id\":\"https:\/\/www.africa-press.net\/senegal\/dossiers\/au-senegal-amadou-ba-candidat-malgre-tout#primaryimage\"},\"thumbnailUrl\":\"https:\/\/static.africa-press.net\/senegal\/sites\/13\/2024\/03\/sm_1711169829.370138.jpg\",\"keywords\":[\"Africa Press\",\"Africa Press-Senegal\",\"Senegal\"],\"articleSection\":[\"Dossiers\",\"Toutes les actualit\u00e9s\"],\"inLanguage\":\"fr-FR\",\"potentialAction\":[{\"@type\":\"CommentAction\",\"name\":\"Comment\",\"target\":[\"https:\/\/www.africa-press.net\/senegal\/dossiers\/au-senegal-amadou-ba-candidat-malgre-tout#respond\"]}]},{\"@type\":\"WebPage\",\"@id\":\"https:\/\/www.africa-press.net\/senegal\/dossiers\/au-senegal-amadou-ba-candidat-malgre-tout\",\"url\":\"https:\/\/www.africa-press.net\/senegal\/dossiers\/au-senegal-amadou-ba-candidat-malgre-tout\",\"name\":\"Au S\u00e9n\u00e9gal, Amadou Ba candidat malgr\u00e9 tout - Senegal\",\"isPartOf\":{\"@id\":\"https:\/\/www.africa-press.net\/senegal\/#website\"},\"primaryImageOfPage\":{\"@id\":\"https:\/\/www.africa-press.net\/senegal\/dossiers\/au-senegal-amadou-ba-candidat-malgre-tout#primaryimage\"},\"image\":{\"@id\":\"https:\/\/www.africa-press.net\/senegal\/dossiers\/au-senegal-amadou-ba-candidat-malgre-tout#primaryimage\"},\"thumbnailUrl\":\"https:\/\/static.africa-press.net\/senegal\/sites\/13\/2024\/03\/sm_1711169829.370138.jpg\",\"datePublished\":\"2024-03-23T08:19:59+00:00\",\"dateModified\":\"2024-03-23T09:28:26+00:00\",\"author\":{\"@id\":\"https:\/\/www.africa-press.net\/senegal\/#\/schema\/person\/2b1cf3cd81a31e3cd26889ca66d677f1\"},\"description\":\"Il e\u0301tait donne\u0301 hors-jeu de la course e\u0301lectorale. En de\u0301pit des attaques de ses de\u0301tracteurs, l\u2019ex-Premier ministre po ...\",\"breadcrumb\":{\"@id\":\"https:\/\/www.africa-press.net\/senegal\/dossiers\/au-senegal-amadou-ba-candidat-malgre-tout#breadcrumb\"},\"inLanguage\":\"fr-FR\",\"potentialAction\":[{\"@type\":\"ReadAction\",\"target\":[\"https:\/\/www.africa-press.net\/senegal\/dossiers\/au-senegal-amadou-ba-candidat-malgre-tout\"]}]},{\"@type\":\"ImageObject\",\"inLanguage\":\"fr-FR\",\"@id\":\"https:\/\/www.africa-press.net\/senegal\/dossiers\/au-senegal-amadou-ba-candidat-malgre-tout#primaryimage\",\"url\":\"https:\/\/static.africa-press.net\/senegal\/sites\/13\/2024\/03\/sm_1711169829.370138.jpg\",\"contentUrl\":\"https:\/\/static.africa-press.net\/senegal\/sites\/13\/2024\/03\/sm_1711169829.370138.jpg\",\"width\":1215,\"height\":810,\"caption\":\"Au S\u00e9n\u00e9gal, Amadou Ba candidat malgr\u00e9 tout\"},{\"@type\":\"BreadcrumbList\",\"@id\":\"https:\/\/www.africa-press.net\/senegal\/dossiers\/au-senegal-amadou-ba-candidat-malgre-tout#breadcrumb\",\"itemListElement\":[{\"@type\":\"ListItem\",\"position\":1,\"name\":\"Accueil\",\"item\":\"https:\/\/www.africa-press.net\/senegal\/\"},{\"@type\":\"ListItem\",\"position\":2,\"name\":\"Au S\u00e9n\u00e9gal, Amadou Ba candidat malgr\u00e9 tout\"}]},{\"@type\":\"WebSite\",\"@id\":\"https:\/\/www.africa-press.net\/senegal\/#website\",\"url\":\"https:\/\/www.africa-press.net\/senegal\/\",\"name\":\"Africa Press | Senegal | Homepage\",\"description\":\"Just another Africa News Agency Sites site\",\"potentialAction\":[{\"@type\":\"SearchAction\",\"target\":{\"@type\":\"EntryPoint\",\"urlTemplate\":\"https:\/\/www.africa-press.net\/senegal\/?s={search_term_string}\"},\"query-input\":{\"@type\":\"PropertyValueSpecification\",\"valueRequired\":true,\"valueName\":\"search_term_string\"}}],\"inLanguage\":\"fr-FR\"},{\"@type\":\"Person\",\"@id\":\"https:\/\/www.africa-press.net\/senegal\/#\/schema\/person\/2b1cf3cd81a31e3cd26889ca66d677f1\",\"name\":\"cfeditorfr\",\"url\":\"https:\/\/www.africa-press.net\/senegal\/author\/cfeditorfr\"}]}<\/script>\n<!-- \/ Yoast SEO Premium plugin. -->","yoast_head_json":{"title":"Au S\u00e9n\u00e9gal, Amadou Ba candidat malgr\u00e9 tout - Senegal","description":"Il e\u0301tait donne\u0301 hors-jeu de la course e\u0301lectorale. En de\u0301pit des attaques de ses de\u0301tracteurs, l\u2019ex-Premier ministre po ...","robots":{"index":"index","follow":"follow","max-snippet":"max-snippet:-1","max-image-preview":"max-image-preview:large","max-video-preview":"max-video-preview:-1"},"canonical":"https:\/\/www.africa-press.net\/senegal\/dossiers\/au-senegal-amadou-ba-candidat-malgre-tout","og_locale":"fr_FR","og_type":"article","og_title":"Au S\u00e9n\u00e9gal, Amadou Ba candidat malgr\u00e9 tout","og_description":"Il e\u0301tait donne\u0301 hors-jeu de la course e\u0301lectorale. En de\u0301pit des attaques de ses de\u0301tracteurs, l\u2019ex-Premier ministre po ...","og_url":"https:\/\/www.africa-press.net\/senegal\/dossiers\/au-senegal-amadou-ba-candidat-malgre-tout","og_site_name":"Senegal","article_published_time":"2024-03-23T08:19:59+00:00","article_modified_time":"2024-03-23T09:28:26+00:00","og_image":[{"width":1215,"height":810,"url":"https:\/\/static.africa-press.net\/senegal\/sites\/13\/2024\/03\/sm_1711169829.370138.jpg","type":"image\/jpeg"}],"author":"cfeditorfr","twitter_card":"summary_large_image","twitter_misc":{"\u00c9crit par":"cfeditorfr","Dur\u00e9e de lecture estim\u00e9e":"10 minutes"},"schema":{"@context":"https:\/\/schema.org","@graph":[{"@type":"Article","@id":"https:\/\/www.africa-press.net\/senegal\/dossiers\/au-senegal-amadou-ba-candidat-malgre-tout#article","isPartOf":{"@id":"https:\/\/www.africa-press.net\/senegal\/dossiers\/au-senegal-amadou-ba-candidat-malgre-tout"},"author":{"name":"cfeditorfr","@id":"https:\/\/www.africa-press.net\/senegal\/#\/schema\/person\/2b1cf3cd81a31e3cd26889ca66d677f1"},"headline":"Au S\u00e9n\u00e9gal, Amadou Ba candidat malgr\u00e9 tout","datePublished":"2024-03-23T08:19:59+00:00","dateModified":"2024-03-23T09:28:26+00:00","mainEntityOfPage":{"@id":"https:\/\/www.africa-press.net\/senegal\/dossiers\/au-senegal-amadou-ba-candidat-malgre-tout"},"wordCount":2043,"commentCount":0,"image":{"@id":"https:\/\/www.africa-press.net\/senegal\/dossiers\/au-senegal-amadou-ba-candidat-malgre-tout#primaryimage"},"thumbnailUrl":"https:\/\/static.africa-press.net\/senegal\/sites\/13\/2024\/03\/sm_1711169829.370138.jpg","keywords":["Africa Press","Africa Press-Senegal","Senegal"],"articleSection":["Dossiers","Toutes les actualit\u00e9s"],"inLanguage":"fr-FR","potentialAction":[{"@type":"CommentAction","name":"Comment","target":["https:\/\/www.africa-press.net\/senegal\/dossiers\/au-senegal-amadou-ba-candidat-malgre-tout#respond"]}]},{"@type":"WebPage","@id":"https:\/\/www.africa-press.net\/senegal\/dossiers\/au-senegal-amadou-ba-candidat-malgre-tout","url":"https:\/\/www.africa-press.net\/senegal\/dossiers\/au-senegal-amadou-ba-candidat-malgre-tout","name":"Au S\u00e9n\u00e9gal, Amadou Ba candidat malgr\u00e9 tout - Senegal","isPartOf":{"@id":"https:\/\/www.africa-press.net\/senegal\/#website"},"primaryImageOfPage":{"@id":"https:\/\/www.africa-press.net\/senegal\/dossiers\/au-senegal-amadou-ba-candidat-malgre-tout#primaryimage"},"image":{"@id":"https:\/\/www.africa-press.net\/senegal\/dossiers\/au-senegal-amadou-ba-candidat-malgre-tout#primaryimage"},"thumbnailUrl":"https:\/\/static.africa-press.net\/senegal\/sites\/13\/2024\/03\/sm_1711169829.370138.jpg","datePublished":"2024-03-23T08:19:59+00:00","dateModified":"2024-03-23T09:28:26+00:00","author":{"@id":"https:\/\/www.africa-press.net\/senegal\/#\/schema\/person\/2b1cf3cd81a31e3cd26889ca66d677f1"},"description":"Il e\u0301tait donne\u0301 hors-jeu de la course e\u0301lectorale. En de\u0301pit des attaques de ses de\u0301tracteurs, l\u2019ex-Premier ministre po ...","breadcrumb":{"@id":"https:\/\/www.africa-press.net\/senegal\/dossiers\/au-senegal-amadou-ba-candidat-malgre-tout#breadcrumb"},"inLanguage":"fr-FR","potentialAction":[{"@type":"ReadAction","target":["https:\/\/www.africa-press.net\/senegal\/dossiers\/au-senegal-amadou-ba-candidat-malgre-tout"]}]},{"@type":"ImageObject","inLanguage":"fr-FR","@id":"https:\/\/www.africa-press.net\/senegal\/dossiers\/au-senegal-amadou-ba-candidat-malgre-tout#primaryimage","url":"https:\/\/static.africa-press.net\/senegal\/sites\/13\/2024\/03\/sm_1711169829.370138.jpg","contentUrl":"https:\/\/static.africa-press.net\/senegal\/sites\/13\/2024\/03\/sm_1711169829.370138.jpg","width":1215,"height":810,"caption":"Au S\u00e9n\u00e9gal, Amadou Ba candidat malgr\u00e9 tout"},{"@type":"BreadcrumbList","@id":"https:\/\/www.africa-press.net\/senegal\/dossiers\/au-senegal-amadou-ba-candidat-malgre-tout#breadcrumb","itemListElement":[{"@type":"ListItem","position":1,"name":"Accueil","item":"https:\/\/www.africa-press.net\/senegal\/"},{"@type":"ListItem","position":2,"name":"Au S\u00e9n\u00e9gal, Amadou Ba candidat malgr\u00e9 tout"}]},{"@type":"WebSite","@id":"https:\/\/www.africa-press.net\/senegal\/#website","url":"https:\/\/www.africa-press.net\/senegal\/","name":"Africa Press | Senegal | Homepage","description":"Just another Africa News Agency Sites site","potentialAction":[{"@type":"SearchAction","target":{"@type":"EntryPoint","urlTemplate":"https:\/\/www.africa-press.net\/senegal\/?s={search_term_string}"},"query-input":{"@type":"PropertyValueSpecification","valueRequired":true,"valueName":"search_term_string"}}],"inLanguage":"fr-FR"},{"@type":"Person","@id":"https:\/\/www.africa-press.net\/senegal\/#\/schema\/person\/2b1cf3cd81a31e3cd26889ca66d677f1","name":"cfeditorfr","url":"https:\/\/www.africa-press.net\/senegal\/author\/cfeditorfr"}]}},"_links":{"self":[{"href":"https:\/\/www.africa-press.net\/senegal\/wp-json\/wp\/v2\/posts\/57262","targetHints":{"allow":["GET"]}}],"collection":[{"href":"https:\/\/www.africa-press.net\/senegal\/wp-json\/wp\/v2\/posts"}],"about":[{"href":"https:\/\/www.africa-press.net\/senegal\/wp-json\/wp\/v2\/types\/post"}],"author":[{"embeddable":true,"href":"https:\/\/www.africa-press.net\/senegal\/wp-json\/wp\/v2\/users\/82"}],"replies":[{"embeddable":true,"href":"https:\/\/www.africa-press.net\/senegal\/wp-json\/wp\/v2\/comments?post=57262"}],"version-history":[{"count":0,"href":"https:\/\/www.africa-press.net\/senegal\/wp-json\/wp\/v2\/posts\/57262\/revisions"}],"wp:featuredmedia":[{"embeddable":true,"href":"https:\/\/www.africa-press.net\/senegal\/wp-json\/wp\/v2\/media\/57260"}],"wp:attachment":[{"href":"https:\/\/www.africa-press.net\/senegal\/wp-json\/wp\/v2\/media?parent=57262"}],"wp:term":[{"taxonomy":"category","embeddable":true,"href":"https:\/\/www.africa-press.net\/senegal\/wp-json\/wp\/v2\/categories?post=57262"},{"taxonomy":"post_tag","embeddable":true,"href":"https:\/\/www.africa-press.net\/senegal\/wp-json\/wp\/v2\/tags?post=57262"}],"curies":[{"name":"wp","href":"https:\/\/api.w.org\/{rel}","templated":true}]}}