{"id":57267,"date":"2024-03-23T08:27:39","date_gmt":"2024-03-23T08:27:39","guid":{"rendered":"https:\/\/www.africa-press.net\/senegal\/politique\/cloture-de-la-campagne-electorale-apres-pikine-dakar-porte-en-triomphe-le-president-amadou-ba"},"modified":"2024-03-23T10:17:08","modified_gmt":"2024-03-23T10:17:08","slug":"cloture-de-la-campagne-electorale-apres-pikine-dakar-porte-en-triomphe-le-president-amadou-ba","status":"publish","type":"post","link":"https:\/\/www.africa-press.net\/senegal\/politique\/cloture-de-la-campagne-electorale-apres-pikine-dakar-porte-en-triomphe-le-president-amadou-ba","title":{"rendered":"Cl\u00f4ture de la campagne \u00e9lectorale : Apr\u00e8s Pikine, Dakar porte en triomphe le Pr\u00e9sident Amadou Ba !"},"content":{"rendered":"<p><span style=\"color: #ff6600\"><strong>Africa-Press &#8211; Senegal. <\/strong><\/span>La campagne e\u0301lectorale pour l\u2019e\u0301lection pre\u0301sidentielle du 24 mars 2024 tire son e\u0301pilogue ce vendredi, a\u0300 minuit. Ainsi, le candidat de la coalition Benno Bokk Yaakaar (BBY), apre\u0300s avoir sillonne\u0301 toutes les 14 re\u0301gions du pays, a clo\u0302ture\u0301 en apothe\u0301ose sa campagne par un me\u0301ga meeting tenu a\u0300 la place de la Nation (Dakar). Ici, dans une ambiance de show assure\u0301e par des artistes et rappeurs comme Bidew Bou Bess, Kane Diallo, Bousso, Big Mo, Aby Ndour, entre autres, tous les responsables et leaders politiques de la majorite\u0301 pre\u0301sidentielle ainsi que les populations et militants de la re\u0301gion se sont donne\u0301s rendez-vous a\u0300 cette mythique place pour dire \u00ab Oui \u00bb au candidat de la continuite\u0301, de la paix, de la stabilite\u0301 et de l\u2019e\u0301mergence. Une symphonie ine\u0301dite en guise de dernie\u0300re communion entre Amadou Ba et les populations dakaroises.<\/p>\n<p>En effet, venus des quatre coins de la capitale, hommes et femmes, jeunes et adultes, arborant tous des casquettes, des T-shirt, des pagnes et des boubous a\u0300 l\u2019effigie du candidat de BBY, se sont mobilise\u0301s massivement pour une victoire e\u0301clatante et sans bavure au soir du 24 mars.<\/p>\n<p>La ce\u0301re\u0301monie a e\u0301te\u0301 ouverte par Serigne Mansour Sy Djamil qui a formule\u0301 des prie\u0300res pour que l\u2019ancien Premier ministre soit le 5e\u0300me pre\u0301sident de la Re\u0301publique du Se\u0301ne\u0301gal.<\/p>\n<p>Avec un ton plein de confiance et debout sur le podium pour faire face au public, Amadou Ba a exprime\u0301 sa reconnaissance a\u0300 son mentor. \u00ab J\u2019exprime toute ma reconnaissance au Pre\u0301sident Macky Sall pour son inde\u0301fectible et sa vision. Je suis fier de vos performances mais le travail n\u2019est pas fini (&#8230;). Je demande de rester mobilise\u0301s \u00bb, a lance\u0301 le candidat de BBY.<\/p>\n<p>Poursuivant son propos, Amadou Ba a promis de poursuivre l\u2019\u0153uvre du Pre\u0301sident Sall, avec la poursuite du Plan Se\u0301ne\u0301gal e\u0301mergent (PSE). Avant de re\u0301ite\u0301rer son engagement pour les jeunes, les femmes et les couches les plus vulne\u0301rables.<\/p>\n<p>Pour finir, le candidat de la mouvance pre\u0301sidentielle a, une nouvelle fois, lance\u0301 un appel au parti de Me Abdoulaye Wade pour les retrouvailles de la grande famille libe\u0301rale au profit du Se\u0301ne\u0301gal.<\/p>\n<p><strong>Pour plus d&rsquo;informations et d&rsquo;analyses sur la <a href=\"https:\/\/www.africa-press.net\/senegal\">Senegal<\/a>, suivez <a href=\"https:\/\/www.africa-press.net\/\">Africa-Press<\/a><\/strong><\/p>\n","protected":false},"excerpt":{"rendered":"<p>Africa-Press &#8211; Senegal. La campagne e\u0301lectorale pour l\u2019e\u0301lection pre\u0301sidentielle du 24 mars 2024 tire son e\u0301pilogue ce vendredi, a\u0300 minuit. Ainsi, le candidat de la coalition Benno Bokk Yaakaar (BBY), apre\u0300s avoir sillonne\u0301 toutes les 14 re\u0301gions du pays, a clo\u0302ture\u0301 en apothe\u0301ose sa campagne par un me\u0301ga meeting tenu a\u0300 la place de la [&hellip;]<\/p>\n","protected":false},"author":82,"featured_media":57266,"comment_status":"open","ping_status":"closed","sticky":false,"template":"","format":"standard","meta":{"footnotes":""},"categories":[2,10],"tags":[43,47,44],"class_list":["post-57267","post","type-post","status-publish","format-standard","has-post-thumbnail","hentry","category-politique","category-toutes-les-actualites","tag-africa-press-2","tag-africa-press-senegal","tag-senegal-2"],"yoast_head":"<!-- This site is optimized with the Yoast SEO Premium plugin v26.1 (Yoast SEO v27.0) - https:\/\/yoast.com\/product\/yoast-seo-premium-wordpress\/ -->\n<title>Cl\u00f4ture de la campagne \u00e9lectorale : Apr\u00e8s Pikine, Dakar porte en triomphe le Pr\u00e9sident Amadou Ba ! - Senegal<\/title>\n<meta name=\"description\" content=\"La campagne e\u0301lectorale pour l\u2019e\u0301lection pre\u0301sidentielle du 24 mars 2024 tire son e\u0301pilogue ce vendredi, a\u0300 minuit. Ains ...\" \/>\n<meta name=\"robots\" content=\"index, follow, max-snippet:-1, max-image-preview:large, max-video-preview:-1\" \/>\n<link rel=\"canonical\" href=\"https:\/\/www.africa-press.net\/senegal\/politique\/cloture-de-la-campagne-electorale-apres-pikine-dakar-porte-en-triomphe-le-president-amadou-ba\" \/>\n<meta property=\"og:locale\" content=\"fr_FR\" \/>\n<meta property=\"og:type\" content=\"article\" \/>\n<meta property=\"og:title\" content=\"Cl\u00f4ture de la campagne \u00e9lectorale : Apr\u00e8s Pikine, Dakar porte en triomphe le Pr\u00e9sident Amadou Ba !\" \/>\n<meta property=\"og:description\" content=\"La campagne e\u0301lectorale pour l\u2019e\u0301lection pre\u0301sidentielle du 24 mars 2024 tire son e\u0301pilogue ce vendredi, a\u0300 minuit. Ains ...\" \/>\n<meta property=\"og:url\" content=\"https:\/\/www.africa-press.net\/senegal\/politique\/cloture-de-la-campagne-electorale-apres-pikine-dakar-porte-en-triomphe-le-president-amadou-ba\" \/>\n<meta property=\"og:site_name\" content=\"Senegal\" \/>\n<meta property=\"article:published_time\" content=\"2024-03-23T08:27:39+00:00\" \/>\n<meta property=\"article:modified_time\" content=\"2024-03-23T10:17:08+00:00\" \/>\n<meta property=\"og:image\" content=\"https:\/\/static.africa-press.net\/senegal\/sites\/13\/2024\/03\/sm_1711172780.523189.jpg\" \/>\n\t<meta property=\"og:image:width\" content=\"1286\" \/>\n\t<meta property=\"og:image:height\" content=\"634\" \/>\n\t<meta property=\"og:image:type\" content=\"image\/jpeg\" \/>\n<meta name=\"author\" content=\"cfeditorfr\" \/>\n<meta name=\"twitter:card\" content=\"summary_large_image\" \/>\n<meta name=\"twitter:label1\" content=\"\u00c9crit par\" \/>\n\t<meta name=\"twitter:data1\" content=\"cfeditorfr\" \/>\n\t<meta name=\"twitter:label2\" content=\"Dur\u00e9e de lecture estim\u00e9e\" \/>\n\t<meta name=\"twitter:data2\" content=\"2 minutes\" \/>\n<script type=\"application\/ld+json\" class=\"yoast-schema-graph\">{\"@context\":\"https:\/\/schema.org\",\"@graph\":[{\"@type\":\"Article\",\"@id\":\"https:\/\/www.africa-press.net\/senegal\/politique\/cloture-de-la-campagne-electorale-apres-pikine-dakar-porte-en-triomphe-le-president-amadou-ba#article\",\"isPartOf\":{\"@id\":\"https:\/\/www.africa-press.net\/senegal\/politique\/cloture-de-la-campagne-electorale-apres-pikine-dakar-porte-en-triomphe-le-president-amadou-ba\"},\"author\":{\"name\":\"cfeditorfr\",\"@id\":\"https:\/\/www.africa-press.net\/senegal\/#\/schema\/person\/2b1cf3cd81a31e3cd26889ca66d677f1\"},\"headline\":\"Cl\u00f4ture de la campagne \u00e9lectorale : Apr\u00e8s Pikine, Dakar porte en triomphe le Pr\u00e9sident Amadou Ba !\",\"datePublished\":\"2024-03-23T08:27:39+00:00\",\"dateModified\":\"2024-03-23T10:17:08+00:00\",\"mainEntityOfPage\":{\"@id\":\"https:\/\/www.africa-press.net\/senegal\/politique\/cloture-de-la-campagne-electorale-apres-pikine-dakar-porte-en-triomphe-le-president-amadou-ba\"},\"wordCount\":424,\"commentCount\":0,\"image\":{\"@id\":\"https:\/\/www.africa-press.net\/senegal\/politique\/cloture-de-la-campagne-electorale-apres-pikine-dakar-porte-en-triomphe-le-president-amadou-ba#primaryimage\"},\"thumbnailUrl\":\"https:\/\/static.africa-press.net\/senegal\/sites\/13\/2024\/03\/sm_1711172780.523189.jpg\",\"keywords\":[\"Africa Press\",\"Africa Press-Senegal\",\"Senegal\"],\"articleSection\":[\"Politique\",\"Toutes les actualit\u00e9s\"],\"inLanguage\":\"fr-FR\",\"potentialAction\":[{\"@type\":\"CommentAction\",\"name\":\"Comment\",\"target\":[\"https:\/\/www.africa-press.net\/senegal\/politique\/cloture-de-la-campagne-electorale-apres-pikine-dakar-porte-en-triomphe-le-president-amadou-ba#respond\"]}]},{\"@type\":\"WebPage\",\"@id\":\"https:\/\/www.africa-press.net\/senegal\/politique\/cloture-de-la-campagne-electorale-apres-pikine-dakar-porte-en-triomphe-le-president-amadou-ba\",\"url\":\"https:\/\/www.africa-press.net\/senegal\/politique\/cloture-de-la-campagne-electorale-apres-pikine-dakar-porte-en-triomphe-le-president-amadou-ba\",\"name\":\"Cl\u00f4ture de la campagne \u00e9lectorale : Apr\u00e8s Pikine, Dakar porte en triomphe le Pr\u00e9sident Amadou Ba ! - Senegal\",\"isPartOf\":{\"@id\":\"https:\/\/www.africa-press.net\/senegal\/#website\"},\"primaryImageOfPage\":{\"@id\":\"https:\/\/www.africa-press.net\/senegal\/politique\/cloture-de-la-campagne-electorale-apres-pikine-dakar-porte-en-triomphe-le-president-amadou-ba#primaryimage\"},\"image\":{\"@id\":\"https:\/\/www.africa-press.net\/senegal\/politique\/cloture-de-la-campagne-electorale-apres-pikine-dakar-porte-en-triomphe-le-president-amadou-ba#primaryimage\"},\"thumbnailUrl\":\"https:\/\/static.africa-press.net\/senegal\/sites\/13\/2024\/03\/sm_1711172780.523189.jpg\",\"datePublished\":\"2024-03-23T08:27:39+00:00\",\"dateModified\":\"2024-03-23T10:17:08+00:00\",\"author\":{\"@id\":\"https:\/\/www.africa-press.net\/senegal\/#\/schema\/person\/2b1cf3cd81a31e3cd26889ca66d677f1\"},\"description\":\"La campagne e\u0301lectorale pour l\u2019e\u0301lection pre\u0301sidentielle du 24 mars 2024 tire son e\u0301pilogue ce vendredi, a\u0300 minuit. Ains ...\",\"breadcrumb\":{\"@id\":\"https:\/\/www.africa-press.net\/senegal\/politique\/cloture-de-la-campagne-electorale-apres-pikine-dakar-porte-en-triomphe-le-president-amadou-ba#breadcrumb\"},\"inLanguage\":\"fr-FR\",\"potentialAction\":[{\"@type\":\"ReadAction\",\"target\":[\"https:\/\/www.africa-press.net\/senegal\/politique\/cloture-de-la-campagne-electorale-apres-pikine-dakar-porte-en-triomphe-le-president-amadou-ba\"]}]},{\"@type\":\"ImageObject\",\"inLanguage\":\"fr-FR\",\"@id\":\"https:\/\/www.africa-press.net\/senegal\/politique\/cloture-de-la-campagne-electorale-apres-pikine-dakar-porte-en-triomphe-le-president-amadou-ba#primaryimage\",\"url\":\"https:\/\/static.africa-press.net\/senegal\/sites\/13\/2024\/03\/sm_1711172780.523189.jpg\",\"contentUrl\":\"https:\/\/static.africa-press.net\/senegal\/sites\/13\/2024\/03\/sm_1711172780.523189.jpg\",\"width\":1286,\"height\":634,\"caption\":\"Cl\u00f4ture de la campagne \u00e9lectorale : Apr\u00e8s Pikine, Dakar porte en triomphe le Pr\u00e9sident Amadou Ba !\"},{\"@type\":\"BreadcrumbList\",\"@id\":\"https:\/\/www.africa-press.net\/senegal\/politique\/cloture-de-la-campagne-electorale-apres-pikine-dakar-porte-en-triomphe-le-president-amadou-ba#breadcrumb\",\"itemListElement\":[{\"@type\":\"ListItem\",\"position\":1,\"name\":\"Accueil\",\"item\":\"https:\/\/www.africa-press.net\/senegal\/\"},{\"@type\":\"ListItem\",\"position\":2,\"name\":\"Cl\u00f4ture de la campagne \u00e9lectorale : Apr\u00e8s Pikine, Dakar porte en triomphe le Pr\u00e9sident Amadou Ba !\"}]},{\"@type\":\"WebSite\",\"@id\":\"https:\/\/www.africa-press.net\/senegal\/#website\",\"url\":\"https:\/\/www.africa-press.net\/senegal\/\",\"name\":\"Africa Press | Senegal | Homepage\",\"description\":\"Just another Africa News Agency Sites site\",\"potentialAction\":[{\"@type\":\"SearchAction\",\"target\":{\"@type\":\"EntryPoint\",\"urlTemplate\":\"https:\/\/www.africa-press.net\/senegal\/?s={search_term_string}\"},\"query-input\":{\"@type\":\"PropertyValueSpecification\",\"valueRequired\":true,\"valueName\":\"search_term_string\"}}],\"inLanguage\":\"fr-FR\"},{\"@type\":\"Person\",\"@id\":\"https:\/\/www.africa-press.net\/senegal\/#\/schema\/person\/2b1cf3cd81a31e3cd26889ca66d677f1\",\"name\":\"cfeditorfr\",\"url\":\"https:\/\/www.africa-press.net\/senegal\/author\/cfeditorfr\"}]}<\/script>\n<!-- \/ Yoast SEO Premium plugin. -->","yoast_head_json":{"title":"Cl\u00f4ture de la campagne \u00e9lectorale : Apr\u00e8s Pikine, Dakar porte en triomphe le Pr\u00e9sident Amadou Ba ! - Senegal","description":"La campagne e\u0301lectorale pour l\u2019e\u0301lection pre\u0301sidentielle du 24 mars 2024 tire son e\u0301pilogue ce vendredi, a\u0300 minuit. Ains ...","robots":{"index":"index","follow":"follow","max-snippet":"max-snippet:-1","max-image-preview":"max-image-preview:large","max-video-preview":"max-video-preview:-1"},"canonical":"https:\/\/www.africa-press.net\/senegal\/politique\/cloture-de-la-campagne-electorale-apres-pikine-dakar-porte-en-triomphe-le-president-amadou-ba","og_locale":"fr_FR","og_type":"article","og_title":"Cl\u00f4ture de la campagne \u00e9lectorale : Apr\u00e8s Pikine, Dakar porte en triomphe le Pr\u00e9sident Amadou Ba !","og_description":"La campagne e\u0301lectorale pour l\u2019e\u0301lection pre\u0301sidentielle du 24 mars 2024 tire son e\u0301pilogue ce vendredi, a\u0300 minuit. Ains ...","og_url":"https:\/\/www.africa-press.net\/senegal\/politique\/cloture-de-la-campagne-electorale-apres-pikine-dakar-porte-en-triomphe-le-president-amadou-ba","og_site_name":"Senegal","article_published_time":"2024-03-23T08:27:39+00:00","article_modified_time":"2024-03-23T10:17:08+00:00","og_image":[{"width":1286,"height":634,"url":"https:\/\/static.africa-press.net\/senegal\/sites\/13\/2024\/03\/sm_1711172780.523189.jpg","type":"image\/jpeg"}],"author":"cfeditorfr","twitter_card":"summary_large_image","twitter_misc":{"\u00c9crit par":"cfeditorfr","Dur\u00e9e de lecture estim\u00e9e":"2 minutes"},"schema":{"@context":"https:\/\/schema.org","@graph":[{"@type":"Article","@id":"https:\/\/www.africa-press.net\/senegal\/politique\/cloture-de-la-campagne-electorale-apres-pikine-dakar-porte-en-triomphe-le-president-amadou-ba#article","isPartOf":{"@id":"https:\/\/www.africa-press.net\/senegal\/politique\/cloture-de-la-campagne-electorale-apres-pikine-dakar-porte-en-triomphe-le-president-amadou-ba"},"author":{"name":"cfeditorfr","@id":"https:\/\/www.africa-press.net\/senegal\/#\/schema\/person\/2b1cf3cd81a31e3cd26889ca66d677f1"},"headline":"Cl\u00f4ture de la campagne \u00e9lectorale : Apr\u00e8s Pikine, Dakar porte en triomphe le Pr\u00e9sident Amadou Ba !","datePublished":"2024-03-23T08:27:39+00:00","dateModified":"2024-03-23T10:17:08+00:00","mainEntityOfPage":{"@id":"https:\/\/www.africa-press.net\/senegal\/politique\/cloture-de-la-campagne-electorale-apres-pikine-dakar-porte-en-triomphe-le-president-amadou-ba"},"wordCount":424,"commentCount":0,"image":{"@id":"https:\/\/www.africa-press.net\/senegal\/politique\/cloture-de-la-campagne-electorale-apres-pikine-dakar-porte-en-triomphe-le-president-amadou-ba#primaryimage"},"thumbnailUrl":"https:\/\/static.africa-press.net\/senegal\/sites\/13\/2024\/03\/sm_1711172780.523189.jpg","keywords":["Africa Press","Africa Press-Senegal","Senegal"],"articleSection":["Politique","Toutes les actualit\u00e9s"],"inLanguage":"fr-FR","potentialAction":[{"@type":"CommentAction","name":"Comment","target":["https:\/\/www.africa-press.net\/senegal\/politique\/cloture-de-la-campagne-electorale-apres-pikine-dakar-porte-en-triomphe-le-president-amadou-ba#respond"]}]},{"@type":"WebPage","@id":"https:\/\/www.africa-press.net\/senegal\/politique\/cloture-de-la-campagne-electorale-apres-pikine-dakar-porte-en-triomphe-le-president-amadou-ba","url":"https:\/\/www.africa-press.net\/senegal\/politique\/cloture-de-la-campagne-electorale-apres-pikine-dakar-porte-en-triomphe-le-president-amadou-ba","name":"Cl\u00f4ture de la campagne \u00e9lectorale : Apr\u00e8s Pikine, Dakar porte en triomphe le Pr\u00e9sident Amadou Ba ! - Senegal","isPartOf":{"@id":"https:\/\/www.africa-press.net\/senegal\/#website"},"primaryImageOfPage":{"@id":"https:\/\/www.africa-press.net\/senegal\/politique\/cloture-de-la-campagne-electorale-apres-pikine-dakar-porte-en-triomphe-le-president-amadou-ba#primaryimage"},"image":{"@id":"https:\/\/www.africa-press.net\/senegal\/politique\/cloture-de-la-campagne-electorale-apres-pikine-dakar-porte-en-triomphe-le-president-amadou-ba#primaryimage"},"thumbnailUrl":"https:\/\/static.africa-press.net\/senegal\/sites\/13\/2024\/03\/sm_1711172780.523189.jpg","datePublished":"2024-03-23T08:27:39+00:00","dateModified":"2024-03-23T10:17:08+00:00","author":{"@id":"https:\/\/www.africa-press.net\/senegal\/#\/schema\/person\/2b1cf3cd81a31e3cd26889ca66d677f1"},"description":"La campagne e\u0301lectorale pour l\u2019e\u0301lection pre\u0301sidentielle du 24 mars 2024 tire son e\u0301pilogue ce vendredi, a\u0300 minuit. Ains ...","breadcrumb":{"@id":"https:\/\/www.africa-press.net\/senegal\/politique\/cloture-de-la-campagne-electorale-apres-pikine-dakar-porte-en-triomphe-le-president-amadou-ba#breadcrumb"},"inLanguage":"fr-FR","potentialAction":[{"@type":"ReadAction","target":["https:\/\/www.africa-press.net\/senegal\/politique\/cloture-de-la-campagne-electorale-apres-pikine-dakar-porte-en-triomphe-le-president-amadou-ba"]}]},{"@type":"ImageObject","inLanguage":"fr-FR","@id":"https:\/\/www.africa-press.net\/senegal\/politique\/cloture-de-la-campagne-electorale-apres-pikine-dakar-porte-en-triomphe-le-president-amadou-ba#primaryimage","url":"https:\/\/static.africa-press.net\/senegal\/sites\/13\/2024\/03\/sm_1711172780.523189.jpg","contentUrl":"https:\/\/static.africa-press.net\/senegal\/sites\/13\/2024\/03\/sm_1711172780.523189.jpg","width":1286,"height":634,"caption":"Cl\u00f4ture de la campagne \u00e9lectorale : Apr\u00e8s Pikine, Dakar porte en triomphe le Pr\u00e9sident Amadou Ba !"},{"@type":"BreadcrumbList","@id":"https:\/\/www.africa-press.net\/senegal\/politique\/cloture-de-la-campagne-electorale-apres-pikine-dakar-porte-en-triomphe-le-president-amadou-ba#breadcrumb","itemListElement":[{"@type":"ListItem","position":1,"name":"Accueil","item":"https:\/\/www.africa-press.net\/senegal\/"},{"@type":"ListItem","position":2,"name":"Cl\u00f4ture de la campagne \u00e9lectorale : Apr\u00e8s Pikine, Dakar porte en triomphe le Pr\u00e9sident Amadou Ba !"}]},{"@type":"WebSite","@id":"https:\/\/www.africa-press.net\/senegal\/#website","url":"https:\/\/www.africa-press.net\/senegal\/","name":"Africa Press | Senegal | Homepage","description":"Just another Africa News Agency Sites site","potentialAction":[{"@type":"SearchAction","target":{"@type":"EntryPoint","urlTemplate":"https:\/\/www.africa-press.net\/senegal\/?s={search_term_string}"},"query-input":{"@type":"PropertyValueSpecification","valueRequired":true,"valueName":"search_term_string"}}],"inLanguage":"fr-FR"},{"@type":"Person","@id":"https:\/\/www.africa-press.net\/senegal\/#\/schema\/person\/2b1cf3cd81a31e3cd26889ca66d677f1","name":"cfeditorfr","url":"https:\/\/www.africa-press.net\/senegal\/author\/cfeditorfr"}]}},"_links":{"self":[{"href":"https:\/\/www.africa-press.net\/senegal\/wp-json\/wp\/v2\/posts\/57267","targetHints":{"allow":["GET"]}}],"collection":[{"href":"https:\/\/www.africa-press.net\/senegal\/wp-json\/wp\/v2\/posts"}],"about":[{"href":"https:\/\/www.africa-press.net\/senegal\/wp-json\/wp\/v2\/types\/post"}],"author":[{"embeddable":true,"href":"https:\/\/www.africa-press.net\/senegal\/wp-json\/wp\/v2\/users\/82"}],"replies":[{"embeddable":true,"href":"https:\/\/www.africa-press.net\/senegal\/wp-json\/wp\/v2\/comments?post=57267"}],"version-history":[{"count":0,"href":"https:\/\/www.africa-press.net\/senegal\/wp-json\/wp\/v2\/posts\/57267\/revisions"}],"wp:featuredmedia":[{"embeddable":true,"href":"https:\/\/www.africa-press.net\/senegal\/wp-json\/wp\/v2\/media\/57266"}],"wp:attachment":[{"href":"https:\/\/www.africa-press.net\/senegal\/wp-json\/wp\/v2\/media?parent=57267"}],"wp:term":[{"taxonomy":"category","embeddable":true,"href":"https:\/\/www.africa-press.net\/senegal\/wp-json\/wp\/v2\/categories?post=57267"},{"taxonomy":"post_tag","embeddable":true,"href":"https:\/\/www.africa-press.net\/senegal\/wp-json\/wp\/v2\/tags?post=57267"}],"curies":[{"name":"wp","href":"https:\/\/api.w.org\/{rel}","templated":true}]}}