{"id":57270,"date":"2024-03-23T09:20:10","date_gmt":"2024-03-23T09:20:10","guid":{"rendered":"https:\/\/www.africa-press.net\/senegal\/politique\/presidentielle-au-senegal-derniere-ligne-droite-avant-le-scrutin-decisif"},"modified":"2024-03-23T11:46:06","modified_gmt":"2024-03-23T11:46:06","slug":"presidentielle-au-senegal-derniere-ligne-droite-avant-le-scrutin-decisif","status":"publish","type":"post","link":"https:\/\/www.africa-press.net\/senegal\/politique\/presidentielle-au-senegal-derniere-ligne-droite-avant-le-scrutin-decisif","title":{"rendered":"Pr\u00e9sidentielle au S\u00e9n\u00e9gal : derni\u00e8re ligne droite avant le scrutin d\u00e9cisif"},"content":{"rendered":"<p><span style=\"color: #ff6600\"><strong>Africa-Press &#8211; Senegal. <\/strong><\/span>Vendredi dernier marquait la fin de la campagne e\u0301lectorale au Se\u0301ne\u0301gal, a\u0300 la veille d&rsquo;un scrutin pre\u0301sidentiel hautement dispute\u0301 qui aura lieu ce dimanche.<\/p>\n<p>Dans les rues de Dakar et de Mbour, des foules impressionnantes se sont rassemble\u0301es pour soutenir deux des candidats favoris a\u0300 la pre\u0301sidence.<\/p>\n<p>Cette e\u0301lection est largement perc\u0327ue comme la plus serre\u0301e de l&rsquo;histoire du pays, alors que les e\u0301lecteurs se pre\u0301parent a\u0300 choisir parmi une liste de candidats diversifie\u0301e. Amadou Ba, un ve\u0301te\u0301ran de la politique affilie\u0301 au me\u0302me parti que le pre\u0301sident actuel Macky Sall, se retrouve en compe\u0301tition avec Bassirou Diomaye Faye, un jeune politicien charismatique soutenu par Ousmane Sonko.<\/p>\n<p>Faye et Sonko jouissent d&rsquo;une popularite\u0301 croissante parmi la jeunesse se\u0301ne\u0301galaise, qui repre\u0301sente la majorite\u0301 de la population. Cependant, Amadou Ba be\u0301ne\u0301ficie d&rsquo;un solide soutien dans sa ville natale de Dakar, ou\u0300 ses partisans se sont mobilise\u0301s avec ferveur pour sa campagne.<\/p>\n<p>Seydou Sarr, un jeune partisan de Ba implique\u0301 dans la campagne e\u0301lectorale, partage son optimisme quant a\u0300 la victoire de leur candidat. \u00ab Nous avons beaucoup travaille\u0301. Nous sommes alle\u0301s de porte en porte dans les quartiers, nous avons sensibilise\u0301, dialogue\u0301 avec les gens, nous leur avons explique\u0301 pourquoi Amadou Ba e\u0301tait le meilleur choix pour eux. Il deviendra le cinquie\u0300me pre\u0301sident, par la gra\u0302ce de Dieu, le 24 mars \u00bb, a-t-il de\u0301clare\u0301 avec conviction.<\/p>\n<p>Avant le rassemblement de Ba vendredi, celui-ci a exprime\u0301 sa confiance lors d&rsquo;une confe\u0301rence de presse a\u0300 Dakar, affirmant qu&rsquo;il se voyait e\u0301lu de\u0300s dimanche.<\/p>\n<p>A\u0300 Mbour, une autre sce\u0300ne d&rsquo;enthousiasme e\u0301lectoral a e\u0301te\u0301 observe\u0301e au stade Caroline Faye, ou\u0300 de nombreuses personnes se sont re\u0301unies pour soutenir Diomaye Faye. Kedidia Ndiaye, une habitante de Mbour, a explique\u0301 sa motivation: \u00ab Je suis ici pour soutenir Diomaye [Faye].\u00bb.<\/p>\n<p>\u00abNous croyons en son engagement pour le changement. Nous en avons assez de la situation actuelle et nous voulons voir un nouveau leadership e\u0301merger \u00bb, refle\u0301tant ainsi les frustrations de nombreux jeunes se\u0301ne\u0301galais face au cho\u0302mage e\u0301leve\u0301 qui les poussent a\u0300 chercher des opportunite\u0301s a\u0300 l&rsquo;e\u0301tranger.<\/p>\n<p>A\u0300 la veille du scrutin, alors que les campagnes e\u0301lectorales sont officiellement termine\u0301es, les e\u0301lecteurs se pre\u0301parent a\u0300 exercer leur droit de vote. Si aucun candidat ne parvient a\u0300 obtenir plus de 50 % des voix, un second tour de scrutin sera organise\u0301 dans deux semaines pour de\u0301terminer le futur pre\u0301sident du Se\u0301ne\u0301gal.<\/p>\n<p><strong>Pour plus d&rsquo;informations et d&rsquo;analyses sur la <a href=\"https:\/\/www.africa-press.net\/senegal\">Senegal<\/a>, suivez <a href=\"https:\/\/www.africa-press.net\/\">Africa-Press<\/a><\/strong><\/p>\n","protected":false},"excerpt":{"rendered":"<p>Africa-Press &#8211; Senegal. Vendredi dernier marquait la fin de la campagne e\u0301lectorale au Se\u0301ne\u0301gal, a\u0300 la veille d&rsquo;un scrutin pre\u0301sidentiel hautement dispute\u0301 qui aura lieu ce dimanche. Dans les rues de Dakar et de Mbour, des foules impressionnantes se sont rassemble\u0301es pour soutenir deux des candidats favoris a\u0300 la pre\u0301sidence. Cette e\u0301lection est largement perc\u0327ue [&hellip;]<\/p>\n","protected":false},"author":82,"featured_media":57269,"comment_status":"open","ping_status":"closed","sticky":false,"template":"","format":"standard","meta":{"footnotes":""},"categories":[2,10],"tags":[43,47,44],"class_list":["post-57270","post","type-post","status-publish","format-standard","has-post-thumbnail","hentry","category-politique","category-toutes-les-actualites","tag-africa-press-2","tag-africa-press-senegal","tag-senegal-2"],"yoast_head":"<!-- This site is optimized with the Yoast SEO Premium plugin v26.1 (Yoast SEO v27.0) - https:\/\/yoast.com\/product\/yoast-seo-premium-wordpress\/ -->\n<title>Pr\u00e9sidentielle au S\u00e9n\u00e9gal : derni\u00e8re ligne droite avant le scrutin d\u00e9cisif - Senegal<\/title>\n<meta name=\"description\" content=\"Vendredi dernier marquait la fin de la campagne e\u0301lectorale au Se\u0301ne\u0301gal, a\u0300 la veille d&#039;un scrutin pre\u0301sidentiel hautem ...\" \/>\n<meta name=\"robots\" content=\"index, follow, max-snippet:-1, max-image-preview:large, max-video-preview:-1\" \/>\n<link rel=\"canonical\" href=\"https:\/\/www.africa-press.net\/senegal\/politique\/presidentielle-au-senegal-derniere-ligne-droite-avant-le-scrutin-decisif\" \/>\n<meta property=\"og:locale\" content=\"fr_FR\" \/>\n<meta property=\"og:type\" content=\"article\" \/>\n<meta property=\"og:title\" content=\"Pr\u00e9sidentielle au S\u00e9n\u00e9gal : derni\u00e8re ligne droite avant le scrutin d\u00e9cisif\" \/>\n<meta property=\"og:description\" content=\"Vendredi dernier marquait la fin de la campagne e\u0301lectorale au Se\u0301ne\u0301gal, a\u0300 la veille d&#039;un scrutin pre\u0301sidentiel hautem ...\" \/>\n<meta property=\"og:url\" content=\"https:\/\/www.africa-press.net\/senegal\/politique\/presidentielle-au-senegal-derniere-ligne-droite-avant-le-scrutin-decisif\" \/>\n<meta property=\"og:site_name\" content=\"Senegal\" \/>\n<meta property=\"article:published_time\" content=\"2024-03-23T09:20:10+00:00\" \/>\n<meta property=\"article:modified_time\" content=\"2024-03-23T11:46:06+00:00\" \/>\n<meta property=\"og:image\" content=\"https:\/\/static.africa-press.net\/senegal\/sites\/13\/2024\/03\/sm_1711178102.401438.jpg\" \/>\n\t<meta property=\"og:image:width\" content=\"1120\" \/>\n\t<meta property=\"og:image:height\" content=\"586\" \/>\n\t<meta property=\"og:image:type\" content=\"image\/jpeg\" \/>\n<meta name=\"author\" content=\"cfeditorfr\" \/>\n<meta name=\"twitter:card\" content=\"summary_large_image\" \/>\n<meta name=\"twitter:label1\" content=\"\u00c9crit par\" \/>\n\t<meta name=\"twitter:data1\" content=\"cfeditorfr\" \/>\n\t<meta name=\"twitter:label2\" content=\"Dur\u00e9e de lecture estim\u00e9e\" \/>\n\t<meta name=\"twitter:data2\" content=\"3 minutes\" \/>\n<script type=\"application\/ld+json\" class=\"yoast-schema-graph\">{\"@context\":\"https:\/\/schema.org\",\"@graph\":[{\"@type\":\"Article\",\"@id\":\"https:\/\/www.africa-press.net\/senegal\/politique\/presidentielle-au-senegal-derniere-ligne-droite-avant-le-scrutin-decisif#article\",\"isPartOf\":{\"@id\":\"https:\/\/www.africa-press.net\/senegal\/politique\/presidentielle-au-senegal-derniere-ligne-droite-avant-le-scrutin-decisif\"},\"author\":{\"name\":\"cfeditorfr\",\"@id\":\"https:\/\/www.africa-press.net\/senegal\/#\/schema\/person\/2b1cf3cd81a31e3cd26889ca66d677f1\"},\"headline\":\"Pr\u00e9sidentielle au S\u00e9n\u00e9gal : derni\u00e8re ligne droite avant le scrutin d\u00e9cisif\",\"datePublished\":\"2024-03-23T09:20:10+00:00\",\"dateModified\":\"2024-03-23T11:46:06+00:00\",\"mainEntityOfPage\":{\"@id\":\"https:\/\/www.africa-press.net\/senegal\/politique\/presidentielle-au-senegal-derniere-ligne-droite-avant-le-scrutin-decisif\"},\"wordCount\":476,\"commentCount\":0,\"image\":{\"@id\":\"https:\/\/www.africa-press.net\/senegal\/politique\/presidentielle-au-senegal-derniere-ligne-droite-avant-le-scrutin-decisif#primaryimage\"},\"thumbnailUrl\":\"https:\/\/static.africa-press.net\/senegal\/sites\/13\/2024\/03\/sm_1711178102.401438.jpg\",\"keywords\":[\"Africa Press\",\"Africa Press-Senegal\",\"Senegal\"],\"articleSection\":[\"Politique\",\"Toutes les actualit\u00e9s\"],\"inLanguage\":\"fr-FR\",\"potentialAction\":[{\"@type\":\"CommentAction\",\"name\":\"Comment\",\"target\":[\"https:\/\/www.africa-press.net\/senegal\/politique\/presidentielle-au-senegal-derniere-ligne-droite-avant-le-scrutin-decisif#respond\"]}]},{\"@type\":\"WebPage\",\"@id\":\"https:\/\/www.africa-press.net\/senegal\/politique\/presidentielle-au-senegal-derniere-ligne-droite-avant-le-scrutin-decisif\",\"url\":\"https:\/\/www.africa-press.net\/senegal\/politique\/presidentielle-au-senegal-derniere-ligne-droite-avant-le-scrutin-decisif\",\"name\":\"Pr\u00e9sidentielle au S\u00e9n\u00e9gal : derni\u00e8re ligne droite avant le scrutin d\u00e9cisif - Senegal\",\"isPartOf\":{\"@id\":\"https:\/\/www.africa-press.net\/senegal\/#website\"},\"primaryImageOfPage\":{\"@id\":\"https:\/\/www.africa-press.net\/senegal\/politique\/presidentielle-au-senegal-derniere-ligne-droite-avant-le-scrutin-decisif#primaryimage\"},\"image\":{\"@id\":\"https:\/\/www.africa-press.net\/senegal\/politique\/presidentielle-au-senegal-derniere-ligne-droite-avant-le-scrutin-decisif#primaryimage\"},\"thumbnailUrl\":\"https:\/\/static.africa-press.net\/senegal\/sites\/13\/2024\/03\/sm_1711178102.401438.jpg\",\"datePublished\":\"2024-03-23T09:20:10+00:00\",\"dateModified\":\"2024-03-23T11:46:06+00:00\",\"author\":{\"@id\":\"https:\/\/www.africa-press.net\/senegal\/#\/schema\/person\/2b1cf3cd81a31e3cd26889ca66d677f1\"},\"description\":\"Vendredi dernier marquait la fin de la campagne e\u0301lectorale au Se\u0301ne\u0301gal, a\u0300 la veille d'un scrutin pre\u0301sidentiel hautem ...\",\"breadcrumb\":{\"@id\":\"https:\/\/www.africa-press.net\/senegal\/politique\/presidentielle-au-senegal-derniere-ligne-droite-avant-le-scrutin-decisif#breadcrumb\"},\"inLanguage\":\"fr-FR\",\"potentialAction\":[{\"@type\":\"ReadAction\",\"target\":[\"https:\/\/www.africa-press.net\/senegal\/politique\/presidentielle-au-senegal-derniere-ligne-droite-avant-le-scrutin-decisif\"]}]},{\"@type\":\"ImageObject\",\"inLanguage\":\"fr-FR\",\"@id\":\"https:\/\/www.africa-press.net\/senegal\/politique\/presidentielle-au-senegal-derniere-ligne-droite-avant-le-scrutin-decisif#primaryimage\",\"url\":\"https:\/\/static.africa-press.net\/senegal\/sites\/13\/2024\/03\/sm_1711178102.401438.jpg\",\"contentUrl\":\"https:\/\/static.africa-press.net\/senegal\/sites\/13\/2024\/03\/sm_1711178102.401438.jpg\",\"width\":1120,\"height\":586,\"caption\":\"Pr\u00e9sidentielle au S\u00e9n\u00e9gal : derni\u00e8re ligne droite avant le scrutin d\u00e9cisif\"},{\"@type\":\"BreadcrumbList\",\"@id\":\"https:\/\/www.africa-press.net\/senegal\/politique\/presidentielle-au-senegal-derniere-ligne-droite-avant-le-scrutin-decisif#breadcrumb\",\"itemListElement\":[{\"@type\":\"ListItem\",\"position\":1,\"name\":\"Accueil\",\"item\":\"https:\/\/www.africa-press.net\/senegal\/\"},{\"@type\":\"ListItem\",\"position\":2,\"name\":\"Pr\u00e9sidentielle au S\u00e9n\u00e9gal : derni\u00e8re ligne droite avant le scrutin d\u00e9cisif\"}]},{\"@type\":\"WebSite\",\"@id\":\"https:\/\/www.africa-press.net\/senegal\/#website\",\"url\":\"https:\/\/www.africa-press.net\/senegal\/\",\"name\":\"Africa Press | Senegal | Homepage\",\"description\":\"Just another Africa News Agency Sites site\",\"potentialAction\":[{\"@type\":\"SearchAction\",\"target\":{\"@type\":\"EntryPoint\",\"urlTemplate\":\"https:\/\/www.africa-press.net\/senegal\/?s={search_term_string}\"},\"query-input\":{\"@type\":\"PropertyValueSpecification\",\"valueRequired\":true,\"valueName\":\"search_term_string\"}}],\"inLanguage\":\"fr-FR\"},{\"@type\":\"Person\",\"@id\":\"https:\/\/www.africa-press.net\/senegal\/#\/schema\/person\/2b1cf3cd81a31e3cd26889ca66d677f1\",\"name\":\"cfeditorfr\",\"url\":\"https:\/\/www.africa-press.net\/senegal\/author\/cfeditorfr\"}]}<\/script>\n<!-- \/ Yoast SEO Premium plugin. -->","yoast_head_json":{"title":"Pr\u00e9sidentielle au S\u00e9n\u00e9gal : derni\u00e8re ligne droite avant le scrutin d\u00e9cisif - Senegal","description":"Vendredi dernier marquait la fin de la campagne e\u0301lectorale au Se\u0301ne\u0301gal, a\u0300 la veille d'un scrutin pre\u0301sidentiel hautem ...","robots":{"index":"index","follow":"follow","max-snippet":"max-snippet:-1","max-image-preview":"max-image-preview:large","max-video-preview":"max-video-preview:-1"},"canonical":"https:\/\/www.africa-press.net\/senegal\/politique\/presidentielle-au-senegal-derniere-ligne-droite-avant-le-scrutin-decisif","og_locale":"fr_FR","og_type":"article","og_title":"Pr\u00e9sidentielle au S\u00e9n\u00e9gal : derni\u00e8re ligne droite avant le scrutin d\u00e9cisif","og_description":"Vendredi dernier marquait la fin de la campagne e\u0301lectorale au Se\u0301ne\u0301gal, a\u0300 la veille d'un scrutin pre\u0301sidentiel hautem ...","og_url":"https:\/\/www.africa-press.net\/senegal\/politique\/presidentielle-au-senegal-derniere-ligne-droite-avant-le-scrutin-decisif","og_site_name":"Senegal","article_published_time":"2024-03-23T09:20:10+00:00","article_modified_time":"2024-03-23T11:46:06+00:00","og_image":[{"width":1120,"height":586,"url":"https:\/\/static.africa-press.net\/senegal\/sites\/13\/2024\/03\/sm_1711178102.401438.jpg","type":"image\/jpeg"}],"author":"cfeditorfr","twitter_card":"summary_large_image","twitter_misc":{"\u00c9crit par":"cfeditorfr","Dur\u00e9e de lecture estim\u00e9e":"3 minutes"},"schema":{"@context":"https:\/\/schema.org","@graph":[{"@type":"Article","@id":"https:\/\/www.africa-press.net\/senegal\/politique\/presidentielle-au-senegal-derniere-ligne-droite-avant-le-scrutin-decisif#article","isPartOf":{"@id":"https:\/\/www.africa-press.net\/senegal\/politique\/presidentielle-au-senegal-derniere-ligne-droite-avant-le-scrutin-decisif"},"author":{"name":"cfeditorfr","@id":"https:\/\/www.africa-press.net\/senegal\/#\/schema\/person\/2b1cf3cd81a31e3cd26889ca66d677f1"},"headline":"Pr\u00e9sidentielle au S\u00e9n\u00e9gal : derni\u00e8re ligne droite avant le scrutin d\u00e9cisif","datePublished":"2024-03-23T09:20:10+00:00","dateModified":"2024-03-23T11:46:06+00:00","mainEntityOfPage":{"@id":"https:\/\/www.africa-press.net\/senegal\/politique\/presidentielle-au-senegal-derniere-ligne-droite-avant-le-scrutin-decisif"},"wordCount":476,"commentCount":0,"image":{"@id":"https:\/\/www.africa-press.net\/senegal\/politique\/presidentielle-au-senegal-derniere-ligne-droite-avant-le-scrutin-decisif#primaryimage"},"thumbnailUrl":"https:\/\/static.africa-press.net\/senegal\/sites\/13\/2024\/03\/sm_1711178102.401438.jpg","keywords":["Africa Press","Africa Press-Senegal","Senegal"],"articleSection":["Politique","Toutes les actualit\u00e9s"],"inLanguage":"fr-FR","potentialAction":[{"@type":"CommentAction","name":"Comment","target":["https:\/\/www.africa-press.net\/senegal\/politique\/presidentielle-au-senegal-derniere-ligne-droite-avant-le-scrutin-decisif#respond"]}]},{"@type":"WebPage","@id":"https:\/\/www.africa-press.net\/senegal\/politique\/presidentielle-au-senegal-derniere-ligne-droite-avant-le-scrutin-decisif","url":"https:\/\/www.africa-press.net\/senegal\/politique\/presidentielle-au-senegal-derniere-ligne-droite-avant-le-scrutin-decisif","name":"Pr\u00e9sidentielle au S\u00e9n\u00e9gal : derni\u00e8re ligne droite avant le scrutin d\u00e9cisif - Senegal","isPartOf":{"@id":"https:\/\/www.africa-press.net\/senegal\/#website"},"primaryImageOfPage":{"@id":"https:\/\/www.africa-press.net\/senegal\/politique\/presidentielle-au-senegal-derniere-ligne-droite-avant-le-scrutin-decisif#primaryimage"},"image":{"@id":"https:\/\/www.africa-press.net\/senegal\/politique\/presidentielle-au-senegal-derniere-ligne-droite-avant-le-scrutin-decisif#primaryimage"},"thumbnailUrl":"https:\/\/static.africa-press.net\/senegal\/sites\/13\/2024\/03\/sm_1711178102.401438.jpg","datePublished":"2024-03-23T09:20:10+00:00","dateModified":"2024-03-23T11:46:06+00:00","author":{"@id":"https:\/\/www.africa-press.net\/senegal\/#\/schema\/person\/2b1cf3cd81a31e3cd26889ca66d677f1"},"description":"Vendredi dernier marquait la fin de la campagne e\u0301lectorale au Se\u0301ne\u0301gal, a\u0300 la veille d'un scrutin pre\u0301sidentiel hautem ...","breadcrumb":{"@id":"https:\/\/www.africa-press.net\/senegal\/politique\/presidentielle-au-senegal-derniere-ligne-droite-avant-le-scrutin-decisif#breadcrumb"},"inLanguage":"fr-FR","potentialAction":[{"@type":"ReadAction","target":["https:\/\/www.africa-press.net\/senegal\/politique\/presidentielle-au-senegal-derniere-ligne-droite-avant-le-scrutin-decisif"]}]},{"@type":"ImageObject","inLanguage":"fr-FR","@id":"https:\/\/www.africa-press.net\/senegal\/politique\/presidentielle-au-senegal-derniere-ligne-droite-avant-le-scrutin-decisif#primaryimage","url":"https:\/\/static.africa-press.net\/senegal\/sites\/13\/2024\/03\/sm_1711178102.401438.jpg","contentUrl":"https:\/\/static.africa-press.net\/senegal\/sites\/13\/2024\/03\/sm_1711178102.401438.jpg","width":1120,"height":586,"caption":"Pr\u00e9sidentielle au S\u00e9n\u00e9gal : derni\u00e8re ligne droite avant le scrutin d\u00e9cisif"},{"@type":"BreadcrumbList","@id":"https:\/\/www.africa-press.net\/senegal\/politique\/presidentielle-au-senegal-derniere-ligne-droite-avant-le-scrutin-decisif#breadcrumb","itemListElement":[{"@type":"ListItem","position":1,"name":"Accueil","item":"https:\/\/www.africa-press.net\/senegal\/"},{"@type":"ListItem","position":2,"name":"Pr\u00e9sidentielle au S\u00e9n\u00e9gal : derni\u00e8re ligne droite avant le scrutin d\u00e9cisif"}]},{"@type":"WebSite","@id":"https:\/\/www.africa-press.net\/senegal\/#website","url":"https:\/\/www.africa-press.net\/senegal\/","name":"Africa Press | Senegal | Homepage","description":"Just another Africa News Agency Sites site","potentialAction":[{"@type":"SearchAction","target":{"@type":"EntryPoint","urlTemplate":"https:\/\/www.africa-press.net\/senegal\/?s={search_term_string}"},"query-input":{"@type":"PropertyValueSpecification","valueRequired":true,"valueName":"search_term_string"}}],"inLanguage":"fr-FR"},{"@type":"Person","@id":"https:\/\/www.africa-press.net\/senegal\/#\/schema\/person\/2b1cf3cd81a31e3cd26889ca66d677f1","name":"cfeditorfr","url":"https:\/\/www.africa-press.net\/senegal\/author\/cfeditorfr"}]}},"_links":{"self":[{"href":"https:\/\/www.africa-press.net\/senegal\/wp-json\/wp\/v2\/posts\/57270","targetHints":{"allow":["GET"]}}],"collection":[{"href":"https:\/\/www.africa-press.net\/senegal\/wp-json\/wp\/v2\/posts"}],"about":[{"href":"https:\/\/www.africa-press.net\/senegal\/wp-json\/wp\/v2\/types\/post"}],"author":[{"embeddable":true,"href":"https:\/\/www.africa-press.net\/senegal\/wp-json\/wp\/v2\/users\/82"}],"replies":[{"embeddable":true,"href":"https:\/\/www.africa-press.net\/senegal\/wp-json\/wp\/v2\/comments?post=57270"}],"version-history":[{"count":0,"href":"https:\/\/www.africa-press.net\/senegal\/wp-json\/wp\/v2\/posts\/57270\/revisions"}],"wp:featuredmedia":[{"embeddable":true,"href":"https:\/\/www.africa-press.net\/senegal\/wp-json\/wp\/v2\/media\/57269"}],"wp:attachment":[{"href":"https:\/\/www.africa-press.net\/senegal\/wp-json\/wp\/v2\/media?parent=57270"}],"wp:term":[{"taxonomy":"category","embeddable":true,"href":"https:\/\/www.africa-press.net\/senegal\/wp-json\/wp\/v2\/categories?post=57270"},{"taxonomy":"post_tag","embeddable":true,"href":"https:\/\/www.africa-press.net\/senegal\/wp-json\/wp\/v2\/tags?post=57270"}],"curies":[{"name":"wp","href":"https:\/\/api.w.org\/{rel}","templated":true}]}}