{"id":57273,"date":"2024-03-23T12:41:28","date_gmt":"2024-03-23T12:41:28","guid":{"rendered":"https:\/\/www.africa-press.net\/senegal\/politique\/presidentielle-dans-le-departement-de-thies-le-prefet-mame-less-kaboul-fait-le-point"},"modified":"2024-03-24T02:02:41","modified_gmt":"2024-03-24T02:02:41","slug":"presidentielle-dans-le-departement-de-thies-le-prefet-mame-less-kaboul-fait-le-point","status":"publish","type":"post","link":"https:\/\/www.africa-press.net\/senegal\/politique\/presidentielle-dans-le-departement-de-thies-le-prefet-mame-less-kaboul-fait-le-point","title":{"rendered":"Pr\u00e9sidentielle dans le d\u00e9partement de Thi\u00e8s : Le pr\u00e9fet Mame Less Kaboul fait le point"},"content":{"rendered":"<p><span style=\"color: #ff6600\"><strong>Africa-Press &#8211; Senegal. <\/strong><\/span>Le de\u0301partement de Thie\u0300s compte 395.943 e\u0301lecteurs re\u0301partis dans 819 bureaux qui sont dans 291 centres. En plus de ces donne\u0301es, l&rsquo;autorite\u0301 administrative informe que tout le mate\u0301riel est disponible. Toutefois, elle a exprime\u0301 ses pre\u0301occupations par rapport aux cartes d&rsquo;e\u0301lecteur en souffrance dans des commissions.<\/p>\n<p>\u00ab A\u0300 ce jour, environ 11.500 cartes ne sont pas retire\u0301es \u00bb, souligne-t-il.<\/p>\n<p>Le nouveau pre\u0301fet de Thie\u0300s, Mame Less Kaboul donne des gages quant a\u0300 la bonne organisation du scrutin. \u00ab Le mate\u0301riel est mis en place dans les 819 bureaux ouverts dans 291 lieux de vote que compte le de\u0301partement de Thie\u0300s \u00bb.<\/p>\n<p>La nouvelle carte e\u0301lectorale de Thie\u0300s comporte 395.943 inscrits dont 17671 primo votants enro\u0302le\u0301s lors de la re\u0301vision exceptionnelle d&rsquo;avril 2023.<\/p>\n<p>Les membres des bureaux de vote, tous de\u0301signe\u0301s et re\u0301forme\u0301s, sont de\u0301ja\u0300 pre\u0302ts, selon le pre\u0301fet du de\u0301partement de Thie\u0300s.<\/p>\n<p><strong>Pour plus d&rsquo;informations et d&rsquo;analyses sur la <a href=\"https:\/\/www.africa-press.net\/senegal\">Senegal<\/a>, suivez <a href=\"https:\/\/www.africa-press.net\/\">Africa-Press<\/a><\/strong><\/p>\n","protected":false},"excerpt":{"rendered":"<p>Africa-Press &#8211; Senegal. Le de\u0301partement de Thie\u0300s compte 395.943 e\u0301lecteurs re\u0301partis dans 819 bureaux qui sont dans 291 centres. En plus de ces donne\u0301es, l&rsquo;autorite\u0301 administrative informe que tout le mate\u0301riel est disponible. Toutefois, elle a exprime\u0301 ses pre\u0301occupations par rapport aux cartes d&rsquo;e\u0301lecteur en souffrance dans des commissions. \u00ab A\u0300 ce jour, environ 11.500 [&hellip;]<\/p>\n","protected":false},"author":82,"featured_media":57272,"comment_status":"open","ping_status":"closed","sticky":false,"template":"","format":"standard","meta":{"footnotes":""},"categories":[2,10],"tags":[43,47,44],"class_list":["post-57273","post","type-post","status-publish","format-standard","has-post-thumbnail","hentry","category-politique","category-toutes-les-actualites","tag-africa-press-2","tag-africa-press-senegal","tag-senegal-2"],"yoast_head":"<!-- This site is optimized with the Yoast SEO Premium plugin v26.1 (Yoast SEO v27.0) - https:\/\/yoast.com\/product\/yoast-seo-premium-wordpress\/ -->\n<title>Pr\u00e9sidentielle dans le d\u00e9partement de Thi\u00e8s : Le pr\u00e9fet Mame Less Kaboul fait le point - Senegal<\/title>\n<meta name=\"description\" content=\"Le de\u0301partement de Thie\u0300s compte 395.943 e\u0301lecteurs re\u0301partis dans 819 bureaux qui sont dans 291 centres. En plus de ces ...\" \/>\n<meta name=\"robots\" content=\"index, follow, max-snippet:-1, max-image-preview:large, max-video-preview:-1\" \/>\n<link rel=\"canonical\" href=\"https:\/\/www.africa-press.net\/senegal\/politique\/presidentielle-dans-le-departement-de-thies-le-prefet-mame-less-kaboul-fait-le-point\" \/>\n<meta property=\"og:locale\" content=\"fr_FR\" \/>\n<meta property=\"og:type\" content=\"article\" \/>\n<meta property=\"og:title\" content=\"Pr\u00e9sidentielle dans le d\u00e9partement de Thi\u00e8s : Le pr\u00e9fet Mame Less Kaboul fait le point\" \/>\n<meta property=\"og:description\" content=\"Le de\u0301partement de Thie\u0300s compte 395.943 e\u0301lecteurs re\u0301partis dans 819 bureaux qui sont dans 291 centres. En plus de ces ...\" \/>\n<meta property=\"og:url\" content=\"https:\/\/www.africa-press.net\/senegal\/politique\/presidentielle-dans-le-departement-de-thies-le-prefet-mame-less-kaboul-fait-le-point\" \/>\n<meta property=\"og:site_name\" content=\"Senegal\" \/>\n<meta property=\"article:published_time\" content=\"2024-03-23T12:41:28+00:00\" \/>\n<meta property=\"article:modified_time\" content=\"2024-03-24T02:02:41+00:00\" \/>\n<meta property=\"og:image\" content=\"https:\/\/static.africa-press.net\/senegal\/sites\/13\/2024\/03\/sm_1711229484.335171.jpg\" \/>\n\t<meta property=\"og:image:width\" content=\"1264\" \/>\n\t<meta property=\"og:image:height\" content=\"630\" \/>\n\t<meta property=\"og:image:type\" content=\"image\/jpeg\" \/>\n<meta name=\"author\" content=\"cfeditorfr\" \/>\n<meta name=\"twitter:card\" content=\"summary_large_image\" \/>\n<meta name=\"twitter:label1\" content=\"\u00c9crit par\" \/>\n\t<meta name=\"twitter:data1\" content=\"cfeditorfr\" \/>\n\t<meta name=\"twitter:label2\" content=\"Dur\u00e9e de lecture estim\u00e9e\" \/>\n\t<meta name=\"twitter:data2\" content=\"1 minute\" \/>\n<script type=\"application\/ld+json\" class=\"yoast-schema-graph\">{\"@context\":\"https:\/\/schema.org\",\"@graph\":[{\"@type\":\"Article\",\"@id\":\"https:\/\/www.africa-press.net\/senegal\/politique\/presidentielle-dans-le-departement-de-thies-le-prefet-mame-less-kaboul-fait-le-point#article\",\"isPartOf\":{\"@id\":\"https:\/\/www.africa-press.net\/senegal\/politique\/presidentielle-dans-le-departement-de-thies-le-prefet-mame-less-kaboul-fait-le-point\"},\"author\":{\"name\":\"cfeditorfr\",\"@id\":\"https:\/\/www.africa-press.net\/senegal\/#\/schema\/person\/2b1cf3cd81a31e3cd26889ca66d677f1\"},\"headline\":\"Pr\u00e9sidentielle dans le d\u00e9partement de Thi\u00e8s : Le pr\u00e9fet Mame Less Kaboul fait le point\",\"datePublished\":\"2024-03-23T12:41:28+00:00\",\"dateModified\":\"2024-03-24T02:02:41+00:00\",\"mainEntityOfPage\":{\"@id\":\"https:\/\/www.africa-press.net\/senegal\/politique\/presidentielle-dans-le-departement-de-thies-le-prefet-mame-less-kaboul-fait-le-point\"},\"wordCount\":193,\"commentCount\":0,\"image\":{\"@id\":\"https:\/\/www.africa-press.net\/senegal\/politique\/presidentielle-dans-le-departement-de-thies-le-prefet-mame-less-kaboul-fait-le-point#primaryimage\"},\"thumbnailUrl\":\"https:\/\/static.africa-press.net\/senegal\/sites\/13\/2024\/03\/sm_1711229484.335171.jpg\",\"keywords\":[\"Africa Press\",\"Africa Press-Senegal\",\"Senegal\"],\"articleSection\":[\"Politique\",\"Toutes les actualit\u00e9s\"],\"inLanguage\":\"fr-FR\",\"potentialAction\":[{\"@type\":\"CommentAction\",\"name\":\"Comment\",\"target\":[\"https:\/\/www.africa-press.net\/senegal\/politique\/presidentielle-dans-le-departement-de-thies-le-prefet-mame-less-kaboul-fait-le-point#respond\"]}]},{\"@type\":\"WebPage\",\"@id\":\"https:\/\/www.africa-press.net\/senegal\/politique\/presidentielle-dans-le-departement-de-thies-le-prefet-mame-less-kaboul-fait-le-point\",\"url\":\"https:\/\/www.africa-press.net\/senegal\/politique\/presidentielle-dans-le-departement-de-thies-le-prefet-mame-less-kaboul-fait-le-point\",\"name\":\"Pr\u00e9sidentielle dans le d\u00e9partement de Thi\u00e8s : Le pr\u00e9fet Mame Less Kaboul fait le point - Senegal\",\"isPartOf\":{\"@id\":\"https:\/\/www.africa-press.net\/senegal\/#website\"},\"primaryImageOfPage\":{\"@id\":\"https:\/\/www.africa-press.net\/senegal\/politique\/presidentielle-dans-le-departement-de-thies-le-prefet-mame-less-kaboul-fait-le-point#primaryimage\"},\"image\":{\"@id\":\"https:\/\/www.africa-press.net\/senegal\/politique\/presidentielle-dans-le-departement-de-thies-le-prefet-mame-less-kaboul-fait-le-point#primaryimage\"},\"thumbnailUrl\":\"https:\/\/static.africa-press.net\/senegal\/sites\/13\/2024\/03\/sm_1711229484.335171.jpg\",\"datePublished\":\"2024-03-23T12:41:28+00:00\",\"dateModified\":\"2024-03-24T02:02:41+00:00\",\"author\":{\"@id\":\"https:\/\/www.africa-press.net\/senegal\/#\/schema\/person\/2b1cf3cd81a31e3cd26889ca66d677f1\"},\"description\":\"Le de\u0301partement de Thie\u0300s compte 395.943 e\u0301lecteurs re\u0301partis dans 819 bureaux qui sont dans 291 centres. En plus de ces ...\",\"breadcrumb\":{\"@id\":\"https:\/\/www.africa-press.net\/senegal\/politique\/presidentielle-dans-le-departement-de-thies-le-prefet-mame-less-kaboul-fait-le-point#breadcrumb\"},\"inLanguage\":\"fr-FR\",\"potentialAction\":[{\"@type\":\"ReadAction\",\"target\":[\"https:\/\/www.africa-press.net\/senegal\/politique\/presidentielle-dans-le-departement-de-thies-le-prefet-mame-less-kaboul-fait-le-point\"]}]},{\"@type\":\"ImageObject\",\"inLanguage\":\"fr-FR\",\"@id\":\"https:\/\/www.africa-press.net\/senegal\/politique\/presidentielle-dans-le-departement-de-thies-le-prefet-mame-less-kaboul-fait-le-point#primaryimage\",\"url\":\"https:\/\/static.africa-press.net\/senegal\/sites\/13\/2024\/03\/sm_1711229484.335171.jpg\",\"contentUrl\":\"https:\/\/static.africa-press.net\/senegal\/sites\/13\/2024\/03\/sm_1711229484.335171.jpg\",\"width\":1264,\"height\":630,\"caption\":\"Pr\u00e9sidentielle dans le d\u00e9partement de Thi\u00e8s : Le pr\u00e9fet Mame Less Kaboul fait le point\"},{\"@type\":\"BreadcrumbList\",\"@id\":\"https:\/\/www.africa-press.net\/senegal\/politique\/presidentielle-dans-le-departement-de-thies-le-prefet-mame-less-kaboul-fait-le-point#breadcrumb\",\"itemListElement\":[{\"@type\":\"ListItem\",\"position\":1,\"name\":\"Accueil\",\"item\":\"https:\/\/www.africa-press.net\/senegal\/\"},{\"@type\":\"ListItem\",\"position\":2,\"name\":\"Pr\u00e9sidentielle dans le d\u00e9partement de Thi\u00e8s : Le pr\u00e9fet Mame Less Kaboul fait le point\"}]},{\"@type\":\"WebSite\",\"@id\":\"https:\/\/www.africa-press.net\/senegal\/#website\",\"url\":\"https:\/\/www.africa-press.net\/senegal\/\",\"name\":\"Africa Press | Senegal | Homepage\",\"description\":\"Just another Africa News Agency Sites site\",\"potentialAction\":[{\"@type\":\"SearchAction\",\"target\":{\"@type\":\"EntryPoint\",\"urlTemplate\":\"https:\/\/www.africa-press.net\/senegal\/?s={search_term_string}\"},\"query-input\":{\"@type\":\"PropertyValueSpecification\",\"valueRequired\":true,\"valueName\":\"search_term_string\"}}],\"inLanguage\":\"fr-FR\"},{\"@type\":\"Person\",\"@id\":\"https:\/\/www.africa-press.net\/senegal\/#\/schema\/person\/2b1cf3cd81a31e3cd26889ca66d677f1\",\"name\":\"cfeditorfr\",\"url\":\"https:\/\/www.africa-press.net\/senegal\/author\/cfeditorfr\"}]}<\/script>\n<!-- \/ Yoast SEO Premium plugin. -->","yoast_head_json":{"title":"Pr\u00e9sidentielle dans le d\u00e9partement de Thi\u00e8s : Le pr\u00e9fet Mame Less Kaboul fait le point - Senegal","description":"Le de\u0301partement de Thie\u0300s compte 395.943 e\u0301lecteurs re\u0301partis dans 819 bureaux qui sont dans 291 centres. En plus de ces ...","robots":{"index":"index","follow":"follow","max-snippet":"max-snippet:-1","max-image-preview":"max-image-preview:large","max-video-preview":"max-video-preview:-1"},"canonical":"https:\/\/www.africa-press.net\/senegal\/politique\/presidentielle-dans-le-departement-de-thies-le-prefet-mame-less-kaboul-fait-le-point","og_locale":"fr_FR","og_type":"article","og_title":"Pr\u00e9sidentielle dans le d\u00e9partement de Thi\u00e8s : Le pr\u00e9fet Mame Less Kaboul fait le point","og_description":"Le de\u0301partement de Thie\u0300s compte 395.943 e\u0301lecteurs re\u0301partis dans 819 bureaux qui sont dans 291 centres. En plus de ces ...","og_url":"https:\/\/www.africa-press.net\/senegal\/politique\/presidentielle-dans-le-departement-de-thies-le-prefet-mame-less-kaboul-fait-le-point","og_site_name":"Senegal","article_published_time":"2024-03-23T12:41:28+00:00","article_modified_time":"2024-03-24T02:02:41+00:00","og_image":[{"width":1264,"height":630,"url":"https:\/\/static.africa-press.net\/senegal\/sites\/13\/2024\/03\/sm_1711229484.335171.jpg","type":"image\/jpeg"}],"author":"cfeditorfr","twitter_card":"summary_large_image","twitter_misc":{"\u00c9crit par":"cfeditorfr","Dur\u00e9e de lecture estim\u00e9e":"1 minute"},"schema":{"@context":"https:\/\/schema.org","@graph":[{"@type":"Article","@id":"https:\/\/www.africa-press.net\/senegal\/politique\/presidentielle-dans-le-departement-de-thies-le-prefet-mame-less-kaboul-fait-le-point#article","isPartOf":{"@id":"https:\/\/www.africa-press.net\/senegal\/politique\/presidentielle-dans-le-departement-de-thies-le-prefet-mame-less-kaboul-fait-le-point"},"author":{"name":"cfeditorfr","@id":"https:\/\/www.africa-press.net\/senegal\/#\/schema\/person\/2b1cf3cd81a31e3cd26889ca66d677f1"},"headline":"Pr\u00e9sidentielle dans le d\u00e9partement de Thi\u00e8s : Le pr\u00e9fet Mame Less Kaboul fait le point","datePublished":"2024-03-23T12:41:28+00:00","dateModified":"2024-03-24T02:02:41+00:00","mainEntityOfPage":{"@id":"https:\/\/www.africa-press.net\/senegal\/politique\/presidentielle-dans-le-departement-de-thies-le-prefet-mame-less-kaboul-fait-le-point"},"wordCount":193,"commentCount":0,"image":{"@id":"https:\/\/www.africa-press.net\/senegal\/politique\/presidentielle-dans-le-departement-de-thies-le-prefet-mame-less-kaboul-fait-le-point#primaryimage"},"thumbnailUrl":"https:\/\/static.africa-press.net\/senegal\/sites\/13\/2024\/03\/sm_1711229484.335171.jpg","keywords":["Africa Press","Africa Press-Senegal","Senegal"],"articleSection":["Politique","Toutes les actualit\u00e9s"],"inLanguage":"fr-FR","potentialAction":[{"@type":"CommentAction","name":"Comment","target":["https:\/\/www.africa-press.net\/senegal\/politique\/presidentielle-dans-le-departement-de-thies-le-prefet-mame-less-kaboul-fait-le-point#respond"]}]},{"@type":"WebPage","@id":"https:\/\/www.africa-press.net\/senegal\/politique\/presidentielle-dans-le-departement-de-thies-le-prefet-mame-less-kaboul-fait-le-point","url":"https:\/\/www.africa-press.net\/senegal\/politique\/presidentielle-dans-le-departement-de-thies-le-prefet-mame-less-kaboul-fait-le-point","name":"Pr\u00e9sidentielle dans le d\u00e9partement de Thi\u00e8s : Le pr\u00e9fet Mame Less Kaboul fait le point - Senegal","isPartOf":{"@id":"https:\/\/www.africa-press.net\/senegal\/#website"},"primaryImageOfPage":{"@id":"https:\/\/www.africa-press.net\/senegal\/politique\/presidentielle-dans-le-departement-de-thies-le-prefet-mame-less-kaboul-fait-le-point#primaryimage"},"image":{"@id":"https:\/\/www.africa-press.net\/senegal\/politique\/presidentielle-dans-le-departement-de-thies-le-prefet-mame-less-kaboul-fait-le-point#primaryimage"},"thumbnailUrl":"https:\/\/static.africa-press.net\/senegal\/sites\/13\/2024\/03\/sm_1711229484.335171.jpg","datePublished":"2024-03-23T12:41:28+00:00","dateModified":"2024-03-24T02:02:41+00:00","author":{"@id":"https:\/\/www.africa-press.net\/senegal\/#\/schema\/person\/2b1cf3cd81a31e3cd26889ca66d677f1"},"description":"Le de\u0301partement de Thie\u0300s compte 395.943 e\u0301lecteurs re\u0301partis dans 819 bureaux qui sont dans 291 centres. En plus de ces ...","breadcrumb":{"@id":"https:\/\/www.africa-press.net\/senegal\/politique\/presidentielle-dans-le-departement-de-thies-le-prefet-mame-less-kaboul-fait-le-point#breadcrumb"},"inLanguage":"fr-FR","potentialAction":[{"@type":"ReadAction","target":["https:\/\/www.africa-press.net\/senegal\/politique\/presidentielle-dans-le-departement-de-thies-le-prefet-mame-less-kaboul-fait-le-point"]}]},{"@type":"ImageObject","inLanguage":"fr-FR","@id":"https:\/\/www.africa-press.net\/senegal\/politique\/presidentielle-dans-le-departement-de-thies-le-prefet-mame-less-kaboul-fait-le-point#primaryimage","url":"https:\/\/static.africa-press.net\/senegal\/sites\/13\/2024\/03\/sm_1711229484.335171.jpg","contentUrl":"https:\/\/static.africa-press.net\/senegal\/sites\/13\/2024\/03\/sm_1711229484.335171.jpg","width":1264,"height":630,"caption":"Pr\u00e9sidentielle dans le d\u00e9partement de Thi\u00e8s : Le pr\u00e9fet Mame Less Kaboul fait le point"},{"@type":"BreadcrumbList","@id":"https:\/\/www.africa-press.net\/senegal\/politique\/presidentielle-dans-le-departement-de-thies-le-prefet-mame-less-kaboul-fait-le-point#breadcrumb","itemListElement":[{"@type":"ListItem","position":1,"name":"Accueil","item":"https:\/\/www.africa-press.net\/senegal\/"},{"@type":"ListItem","position":2,"name":"Pr\u00e9sidentielle dans le d\u00e9partement de Thi\u00e8s : Le pr\u00e9fet Mame Less Kaboul fait le point"}]},{"@type":"WebSite","@id":"https:\/\/www.africa-press.net\/senegal\/#website","url":"https:\/\/www.africa-press.net\/senegal\/","name":"Africa Press | Senegal | Homepage","description":"Just another Africa News Agency Sites site","potentialAction":[{"@type":"SearchAction","target":{"@type":"EntryPoint","urlTemplate":"https:\/\/www.africa-press.net\/senegal\/?s={search_term_string}"},"query-input":{"@type":"PropertyValueSpecification","valueRequired":true,"valueName":"search_term_string"}}],"inLanguage":"fr-FR"},{"@type":"Person","@id":"https:\/\/www.africa-press.net\/senegal\/#\/schema\/person\/2b1cf3cd81a31e3cd26889ca66d677f1","name":"cfeditorfr","url":"https:\/\/www.africa-press.net\/senegal\/author\/cfeditorfr"}]}},"_links":{"self":[{"href":"https:\/\/www.africa-press.net\/senegal\/wp-json\/wp\/v2\/posts\/57273","targetHints":{"allow":["GET"]}}],"collection":[{"href":"https:\/\/www.africa-press.net\/senegal\/wp-json\/wp\/v2\/posts"}],"about":[{"href":"https:\/\/www.africa-press.net\/senegal\/wp-json\/wp\/v2\/types\/post"}],"author":[{"embeddable":true,"href":"https:\/\/www.africa-press.net\/senegal\/wp-json\/wp\/v2\/users\/82"}],"replies":[{"embeddable":true,"href":"https:\/\/www.africa-press.net\/senegal\/wp-json\/wp\/v2\/comments?post=57273"}],"version-history":[{"count":0,"href":"https:\/\/www.africa-press.net\/senegal\/wp-json\/wp\/v2\/posts\/57273\/revisions"}],"wp:featuredmedia":[{"embeddable":true,"href":"https:\/\/www.africa-press.net\/senegal\/wp-json\/wp\/v2\/media\/57272"}],"wp:attachment":[{"href":"https:\/\/www.africa-press.net\/senegal\/wp-json\/wp\/v2\/media?parent=57273"}],"wp:term":[{"taxonomy":"category","embeddable":true,"href":"https:\/\/www.africa-press.net\/senegal\/wp-json\/wp\/v2\/categories?post=57273"},{"taxonomy":"post_tag","embeddable":true,"href":"https:\/\/www.africa-press.net\/senegal\/wp-json\/wp\/v2\/tags?post=57273"}],"curies":[{"name":"wp","href":"https:\/\/api.w.org\/{rel}","templated":true}]}}