{"id":57275,"date":"2024-03-23T12:39:15","date_gmt":"2024-03-23T12:39:15","guid":{"rendered":"https:\/\/www.africa-press.net\/senegal\/politique\/election-presidentielle-a-koungheul-la-ceda-va-deployer-339-controleurs-et-superviseurs-president"},"modified":"2024-03-24T02:03:29","modified_gmt":"2024-03-24T02:03:29","slug":"election-presidentielle-a-koungheul-la-ceda-va-deployer-339-controleurs-et-superviseurs-president","status":"publish","type":"post","link":"https:\/\/www.africa-press.net\/senegal\/politique\/election-presidentielle-a-koungheul-la-ceda-va-deployer-339-controleurs-et-superviseurs-president","title":{"rendered":"Election pr\u00e9sidentielle \u00e0 Koungheul : La Ceda va d\u00e9ployer 339 contr\u00f4leurs et superviseurs (pr\u00e9sident)"},"content":{"rendered":"<p><span style=\"color: #ff6600\"><strong>Africa-Press &#8211; Senegal. <\/strong><\/span>La Commission e\u0301lectorale de\u0301partementale autonome (Ceda) de Koungheul compte de\u0301ployer 200 contro\u0302leurs et 139 superviseurs pour veiller au bon de\u0301roulement du scrutin de ce dimanche 24 mars 2024, sur l\u2019e\u0301tendue du de\u0301partement, a annonce\u0301 son pre\u0301sident, Ahmed Iyane Tounkara.<\/p>\n<p>\u201cIl e\u0301tait difficile de respecter tous les crite\u0300res. L\u2019ide\u0301al aurait e\u0301te\u0301 d\u2019avoir des fonctionnaires et d\u2019autres acteurs d\u2019un certain niveau, mais le de\u0301partement Koungheul n\u2019en est pas assez pourvu. Cela fait que nous avons fait appel a\u0300 des e\u0301tudiants pour comple\u0301ter le nombre\u201d, a explique\u0301 le pre\u0301sident de la Ceda.<\/p>\n<p>Ahmed Iyane Tounkara a e\u0301galement rappele\u0301 que les contro\u0302leurs et les superviseurs ont subi une session de formation et de renforcement de capacite\u0301s a\u0300 Koungheul.<\/p>\n<p>Pour le de\u0301placement des contro\u0302leurs et superviseurs, la Ceda de Koungheul a mobilise\u0301 18 voitures pour le transport, a-t-il indique\u0301.<\/p>\n<p><strong>Pour plus d&rsquo;informations et d&rsquo;analyses sur la <a href=\"https:\/\/www.africa-press.net\/senegal\">Senegal<\/a>, suivez <a href=\"https:\/\/www.africa-press.net\/\">Africa-Press<\/a><\/strong><\/p>\n","protected":false},"excerpt":{"rendered":"<p>Africa-Press &#8211; Senegal. La Commission e\u0301lectorale de\u0301partementale autonome (Ceda) de Koungheul compte de\u0301ployer 200 contro\u0302leurs et 139 superviseurs pour veiller au bon de\u0301roulement du scrutin de ce dimanche 24 mars 2024, sur l\u2019e\u0301tendue du de\u0301partement, a annonce\u0301 son pre\u0301sident, Ahmed Iyane Tounkara. \u201cIl e\u0301tait difficile de respecter tous les crite\u0300res. L\u2019ide\u0301al aurait e\u0301te\u0301 d\u2019avoir des [&hellip;]<\/p>\n","protected":false},"author":82,"featured_media":57274,"comment_status":"open","ping_status":"closed","sticky":false,"template":"","format":"standard","meta":{"footnotes":""},"categories":[2,10],"tags":[43,47,44],"class_list":["post-57275","post","type-post","status-publish","format-standard","has-post-thumbnail","hentry","category-politique","category-toutes-les-actualites","tag-africa-press-2","tag-africa-press-senegal","tag-senegal-2"],"yoast_head":"<!-- This site is optimized with the Yoast SEO Premium plugin v26.1 (Yoast SEO v27.0) - https:\/\/yoast.com\/product\/yoast-seo-premium-wordpress\/ -->\n<title>Election pr\u00e9sidentielle \u00e0 Koungheul : La Ceda va d\u00e9ployer 339 contr\u00f4leurs et superviseurs (pr\u00e9sident) - Senegal<\/title>\n<meta name=\"description\" content=\"La Commission e\u0301lectorale de\u0301partementale autonome (Ceda) de Koungheul compte de\u0301ployer 200 contro\u0302leurs et 139 supervis ...\" \/>\n<meta name=\"robots\" content=\"index, follow, max-snippet:-1, max-image-preview:large, max-video-preview:-1\" \/>\n<link rel=\"canonical\" href=\"https:\/\/www.africa-press.net\/senegal\/politique\/election-presidentielle-a-koungheul-la-ceda-va-deployer-339-controleurs-et-superviseurs-president\" \/>\n<meta property=\"og:locale\" content=\"fr_FR\" \/>\n<meta property=\"og:type\" content=\"article\" \/>\n<meta property=\"og:title\" content=\"Election pr\u00e9sidentielle \u00e0 Koungheul : La Ceda va d\u00e9ployer 339 contr\u00f4leurs et superviseurs (pr\u00e9sident)\" \/>\n<meta property=\"og:description\" content=\"La Commission e\u0301lectorale de\u0301partementale autonome (Ceda) de Koungheul compte de\u0301ployer 200 contro\u0302leurs et 139 supervis ...\" \/>\n<meta property=\"og:url\" content=\"https:\/\/www.africa-press.net\/senegal\/politique\/election-presidentielle-a-koungheul-la-ceda-va-deployer-339-controleurs-et-superviseurs-president\" \/>\n<meta property=\"og:site_name\" content=\"Senegal\" \/>\n<meta property=\"article:published_time\" content=\"2024-03-23T12:39:15+00:00\" \/>\n<meta property=\"article:modified_time\" content=\"2024-03-24T02:03:29+00:00\" \/>\n<meta property=\"og:image\" content=\"https:\/\/static.africa-press.net\/senegal\/sites\/13\/2024\/03\/sm_1711229530.701755.jpg\" \/>\n\t<meta property=\"og:image:width\" content=\"1295\" \/>\n\t<meta property=\"og:image:height\" content=\"629\" \/>\n\t<meta property=\"og:image:type\" content=\"image\/jpeg\" \/>\n<meta name=\"author\" content=\"cfeditorfr\" \/>\n<meta name=\"twitter:card\" content=\"summary_large_image\" \/>\n<meta name=\"twitter:label1\" content=\"\u00c9crit par\" \/>\n\t<meta name=\"twitter:data1\" content=\"cfeditorfr\" \/>\n\t<meta name=\"twitter:label2\" content=\"Dur\u00e9e de lecture estim\u00e9e\" \/>\n\t<meta name=\"twitter:data2\" content=\"1 minute\" \/>\n<script type=\"application\/ld+json\" class=\"yoast-schema-graph\">{\"@context\":\"https:\/\/schema.org\",\"@graph\":[{\"@type\":\"Article\",\"@id\":\"https:\/\/www.africa-press.net\/senegal\/politique\/election-presidentielle-a-koungheul-la-ceda-va-deployer-339-controleurs-et-superviseurs-president#article\",\"isPartOf\":{\"@id\":\"https:\/\/www.africa-press.net\/senegal\/politique\/election-presidentielle-a-koungheul-la-ceda-va-deployer-339-controleurs-et-superviseurs-president\"},\"author\":{\"name\":\"cfeditorfr\",\"@id\":\"https:\/\/www.africa-press.net\/senegal\/#\/schema\/person\/2b1cf3cd81a31e3cd26889ca66d677f1\"},\"headline\":\"Election pr\u00e9sidentielle \u00e0 Koungheul : La Ceda va d\u00e9ployer 339 contr\u00f4leurs et superviseurs (pr\u00e9sident)\",\"datePublished\":\"2024-03-23T12:39:15+00:00\",\"dateModified\":\"2024-03-24T02:03:29+00:00\",\"mainEntityOfPage\":{\"@id\":\"https:\/\/www.africa-press.net\/senegal\/politique\/election-presidentielle-a-koungheul-la-ceda-va-deployer-339-controleurs-et-superviseurs-president\"},\"wordCount\":186,\"commentCount\":0,\"image\":{\"@id\":\"https:\/\/www.africa-press.net\/senegal\/politique\/election-presidentielle-a-koungheul-la-ceda-va-deployer-339-controleurs-et-superviseurs-president#primaryimage\"},\"thumbnailUrl\":\"https:\/\/static.africa-press.net\/senegal\/sites\/13\/2024\/03\/sm_1711229530.701755.jpg\",\"keywords\":[\"Africa Press\",\"Africa Press-Senegal\",\"Senegal\"],\"articleSection\":[\"Politique\",\"Toutes les actualit\u00e9s\"],\"inLanguage\":\"fr-FR\",\"potentialAction\":[{\"@type\":\"CommentAction\",\"name\":\"Comment\",\"target\":[\"https:\/\/www.africa-press.net\/senegal\/politique\/election-presidentielle-a-koungheul-la-ceda-va-deployer-339-controleurs-et-superviseurs-president#respond\"]}]},{\"@type\":\"WebPage\",\"@id\":\"https:\/\/www.africa-press.net\/senegal\/politique\/election-presidentielle-a-koungheul-la-ceda-va-deployer-339-controleurs-et-superviseurs-president\",\"url\":\"https:\/\/www.africa-press.net\/senegal\/politique\/election-presidentielle-a-koungheul-la-ceda-va-deployer-339-controleurs-et-superviseurs-president\",\"name\":\"Election pr\u00e9sidentielle \u00e0 Koungheul : La Ceda va d\u00e9ployer 339 contr\u00f4leurs et superviseurs (pr\u00e9sident) - Senegal\",\"isPartOf\":{\"@id\":\"https:\/\/www.africa-press.net\/senegal\/#website\"},\"primaryImageOfPage\":{\"@id\":\"https:\/\/www.africa-press.net\/senegal\/politique\/election-presidentielle-a-koungheul-la-ceda-va-deployer-339-controleurs-et-superviseurs-president#primaryimage\"},\"image\":{\"@id\":\"https:\/\/www.africa-press.net\/senegal\/politique\/election-presidentielle-a-koungheul-la-ceda-va-deployer-339-controleurs-et-superviseurs-president#primaryimage\"},\"thumbnailUrl\":\"https:\/\/static.africa-press.net\/senegal\/sites\/13\/2024\/03\/sm_1711229530.701755.jpg\",\"datePublished\":\"2024-03-23T12:39:15+00:00\",\"dateModified\":\"2024-03-24T02:03:29+00:00\",\"author\":{\"@id\":\"https:\/\/www.africa-press.net\/senegal\/#\/schema\/person\/2b1cf3cd81a31e3cd26889ca66d677f1\"},\"description\":\"La Commission e\u0301lectorale de\u0301partementale autonome (Ceda) de Koungheul compte de\u0301ployer 200 contro\u0302leurs et 139 supervis ...\",\"breadcrumb\":{\"@id\":\"https:\/\/www.africa-press.net\/senegal\/politique\/election-presidentielle-a-koungheul-la-ceda-va-deployer-339-controleurs-et-superviseurs-president#breadcrumb\"},\"inLanguage\":\"fr-FR\",\"potentialAction\":[{\"@type\":\"ReadAction\",\"target\":[\"https:\/\/www.africa-press.net\/senegal\/politique\/election-presidentielle-a-koungheul-la-ceda-va-deployer-339-controleurs-et-superviseurs-president\"]}]},{\"@type\":\"ImageObject\",\"inLanguage\":\"fr-FR\",\"@id\":\"https:\/\/www.africa-press.net\/senegal\/politique\/election-presidentielle-a-koungheul-la-ceda-va-deployer-339-controleurs-et-superviseurs-president#primaryimage\",\"url\":\"https:\/\/static.africa-press.net\/senegal\/sites\/13\/2024\/03\/sm_1711229530.701755.jpg\",\"contentUrl\":\"https:\/\/static.africa-press.net\/senegal\/sites\/13\/2024\/03\/sm_1711229530.701755.jpg\",\"width\":1295,\"height\":629,\"caption\":\"Election pr\u00e9sidentielle \u00e0 Koungheul : La Ceda va d\u00e9ployer 339 contr\u00f4leurs et superviseurs (pr\u00e9sident)\"},{\"@type\":\"BreadcrumbList\",\"@id\":\"https:\/\/www.africa-press.net\/senegal\/politique\/election-presidentielle-a-koungheul-la-ceda-va-deployer-339-controleurs-et-superviseurs-president#breadcrumb\",\"itemListElement\":[{\"@type\":\"ListItem\",\"position\":1,\"name\":\"Accueil\",\"item\":\"https:\/\/www.africa-press.net\/senegal\/\"},{\"@type\":\"ListItem\",\"position\":2,\"name\":\"Election pr\u00e9sidentielle \u00e0 Koungheul : La Ceda va d\u00e9ployer 339 contr\u00f4leurs et superviseurs (pr\u00e9sident)\"}]},{\"@type\":\"WebSite\",\"@id\":\"https:\/\/www.africa-press.net\/senegal\/#website\",\"url\":\"https:\/\/www.africa-press.net\/senegal\/\",\"name\":\"Africa Press | Senegal | Homepage\",\"description\":\"Just another Africa News Agency Sites site\",\"potentialAction\":[{\"@type\":\"SearchAction\",\"target\":{\"@type\":\"EntryPoint\",\"urlTemplate\":\"https:\/\/www.africa-press.net\/senegal\/?s={search_term_string}\"},\"query-input\":{\"@type\":\"PropertyValueSpecification\",\"valueRequired\":true,\"valueName\":\"search_term_string\"}}],\"inLanguage\":\"fr-FR\"},{\"@type\":\"Person\",\"@id\":\"https:\/\/www.africa-press.net\/senegal\/#\/schema\/person\/2b1cf3cd81a31e3cd26889ca66d677f1\",\"name\":\"cfeditorfr\",\"url\":\"https:\/\/www.africa-press.net\/senegal\/author\/cfeditorfr\"}]}<\/script>\n<!-- \/ Yoast SEO Premium plugin. -->","yoast_head_json":{"title":"Election pr\u00e9sidentielle \u00e0 Koungheul : La Ceda va d\u00e9ployer 339 contr\u00f4leurs et superviseurs (pr\u00e9sident) - Senegal","description":"La Commission e\u0301lectorale de\u0301partementale autonome (Ceda) de Koungheul compte de\u0301ployer 200 contro\u0302leurs et 139 supervis ...","robots":{"index":"index","follow":"follow","max-snippet":"max-snippet:-1","max-image-preview":"max-image-preview:large","max-video-preview":"max-video-preview:-1"},"canonical":"https:\/\/www.africa-press.net\/senegal\/politique\/election-presidentielle-a-koungheul-la-ceda-va-deployer-339-controleurs-et-superviseurs-president","og_locale":"fr_FR","og_type":"article","og_title":"Election pr\u00e9sidentielle \u00e0 Koungheul : La Ceda va d\u00e9ployer 339 contr\u00f4leurs et superviseurs (pr\u00e9sident)","og_description":"La Commission e\u0301lectorale de\u0301partementale autonome (Ceda) de Koungheul compte de\u0301ployer 200 contro\u0302leurs et 139 supervis ...","og_url":"https:\/\/www.africa-press.net\/senegal\/politique\/election-presidentielle-a-koungheul-la-ceda-va-deployer-339-controleurs-et-superviseurs-president","og_site_name":"Senegal","article_published_time":"2024-03-23T12:39:15+00:00","article_modified_time":"2024-03-24T02:03:29+00:00","og_image":[{"width":1295,"height":629,"url":"https:\/\/static.africa-press.net\/senegal\/sites\/13\/2024\/03\/sm_1711229530.701755.jpg","type":"image\/jpeg"}],"author":"cfeditorfr","twitter_card":"summary_large_image","twitter_misc":{"\u00c9crit par":"cfeditorfr","Dur\u00e9e de lecture estim\u00e9e":"1 minute"},"schema":{"@context":"https:\/\/schema.org","@graph":[{"@type":"Article","@id":"https:\/\/www.africa-press.net\/senegal\/politique\/election-presidentielle-a-koungheul-la-ceda-va-deployer-339-controleurs-et-superviseurs-president#article","isPartOf":{"@id":"https:\/\/www.africa-press.net\/senegal\/politique\/election-presidentielle-a-koungheul-la-ceda-va-deployer-339-controleurs-et-superviseurs-president"},"author":{"name":"cfeditorfr","@id":"https:\/\/www.africa-press.net\/senegal\/#\/schema\/person\/2b1cf3cd81a31e3cd26889ca66d677f1"},"headline":"Election pr\u00e9sidentielle \u00e0 Koungheul : La Ceda va d\u00e9ployer 339 contr\u00f4leurs et superviseurs (pr\u00e9sident)","datePublished":"2024-03-23T12:39:15+00:00","dateModified":"2024-03-24T02:03:29+00:00","mainEntityOfPage":{"@id":"https:\/\/www.africa-press.net\/senegal\/politique\/election-presidentielle-a-koungheul-la-ceda-va-deployer-339-controleurs-et-superviseurs-president"},"wordCount":186,"commentCount":0,"image":{"@id":"https:\/\/www.africa-press.net\/senegal\/politique\/election-presidentielle-a-koungheul-la-ceda-va-deployer-339-controleurs-et-superviseurs-president#primaryimage"},"thumbnailUrl":"https:\/\/static.africa-press.net\/senegal\/sites\/13\/2024\/03\/sm_1711229530.701755.jpg","keywords":["Africa Press","Africa Press-Senegal","Senegal"],"articleSection":["Politique","Toutes les actualit\u00e9s"],"inLanguage":"fr-FR","potentialAction":[{"@type":"CommentAction","name":"Comment","target":["https:\/\/www.africa-press.net\/senegal\/politique\/election-presidentielle-a-koungheul-la-ceda-va-deployer-339-controleurs-et-superviseurs-president#respond"]}]},{"@type":"WebPage","@id":"https:\/\/www.africa-press.net\/senegal\/politique\/election-presidentielle-a-koungheul-la-ceda-va-deployer-339-controleurs-et-superviseurs-president","url":"https:\/\/www.africa-press.net\/senegal\/politique\/election-presidentielle-a-koungheul-la-ceda-va-deployer-339-controleurs-et-superviseurs-president","name":"Election pr\u00e9sidentielle \u00e0 Koungheul : La Ceda va d\u00e9ployer 339 contr\u00f4leurs et superviseurs (pr\u00e9sident) - Senegal","isPartOf":{"@id":"https:\/\/www.africa-press.net\/senegal\/#website"},"primaryImageOfPage":{"@id":"https:\/\/www.africa-press.net\/senegal\/politique\/election-presidentielle-a-koungheul-la-ceda-va-deployer-339-controleurs-et-superviseurs-president#primaryimage"},"image":{"@id":"https:\/\/www.africa-press.net\/senegal\/politique\/election-presidentielle-a-koungheul-la-ceda-va-deployer-339-controleurs-et-superviseurs-president#primaryimage"},"thumbnailUrl":"https:\/\/static.africa-press.net\/senegal\/sites\/13\/2024\/03\/sm_1711229530.701755.jpg","datePublished":"2024-03-23T12:39:15+00:00","dateModified":"2024-03-24T02:03:29+00:00","author":{"@id":"https:\/\/www.africa-press.net\/senegal\/#\/schema\/person\/2b1cf3cd81a31e3cd26889ca66d677f1"},"description":"La Commission e\u0301lectorale de\u0301partementale autonome (Ceda) de Koungheul compte de\u0301ployer 200 contro\u0302leurs et 139 supervis ...","breadcrumb":{"@id":"https:\/\/www.africa-press.net\/senegal\/politique\/election-presidentielle-a-koungheul-la-ceda-va-deployer-339-controleurs-et-superviseurs-president#breadcrumb"},"inLanguage":"fr-FR","potentialAction":[{"@type":"ReadAction","target":["https:\/\/www.africa-press.net\/senegal\/politique\/election-presidentielle-a-koungheul-la-ceda-va-deployer-339-controleurs-et-superviseurs-president"]}]},{"@type":"ImageObject","inLanguage":"fr-FR","@id":"https:\/\/www.africa-press.net\/senegal\/politique\/election-presidentielle-a-koungheul-la-ceda-va-deployer-339-controleurs-et-superviseurs-president#primaryimage","url":"https:\/\/static.africa-press.net\/senegal\/sites\/13\/2024\/03\/sm_1711229530.701755.jpg","contentUrl":"https:\/\/static.africa-press.net\/senegal\/sites\/13\/2024\/03\/sm_1711229530.701755.jpg","width":1295,"height":629,"caption":"Election pr\u00e9sidentielle \u00e0 Koungheul : La Ceda va d\u00e9ployer 339 contr\u00f4leurs et superviseurs (pr\u00e9sident)"},{"@type":"BreadcrumbList","@id":"https:\/\/www.africa-press.net\/senegal\/politique\/election-presidentielle-a-koungheul-la-ceda-va-deployer-339-controleurs-et-superviseurs-president#breadcrumb","itemListElement":[{"@type":"ListItem","position":1,"name":"Accueil","item":"https:\/\/www.africa-press.net\/senegal\/"},{"@type":"ListItem","position":2,"name":"Election pr\u00e9sidentielle \u00e0 Koungheul : La Ceda va d\u00e9ployer 339 contr\u00f4leurs et superviseurs (pr\u00e9sident)"}]},{"@type":"WebSite","@id":"https:\/\/www.africa-press.net\/senegal\/#website","url":"https:\/\/www.africa-press.net\/senegal\/","name":"Africa Press | Senegal | Homepage","description":"Just another Africa News Agency Sites site","potentialAction":[{"@type":"SearchAction","target":{"@type":"EntryPoint","urlTemplate":"https:\/\/www.africa-press.net\/senegal\/?s={search_term_string}"},"query-input":{"@type":"PropertyValueSpecification","valueRequired":true,"valueName":"search_term_string"}}],"inLanguage":"fr-FR"},{"@type":"Person","@id":"https:\/\/www.africa-press.net\/senegal\/#\/schema\/person\/2b1cf3cd81a31e3cd26889ca66d677f1","name":"cfeditorfr","url":"https:\/\/www.africa-press.net\/senegal\/author\/cfeditorfr"}]}},"_links":{"self":[{"href":"https:\/\/www.africa-press.net\/senegal\/wp-json\/wp\/v2\/posts\/57275","targetHints":{"allow":["GET"]}}],"collection":[{"href":"https:\/\/www.africa-press.net\/senegal\/wp-json\/wp\/v2\/posts"}],"about":[{"href":"https:\/\/www.africa-press.net\/senegal\/wp-json\/wp\/v2\/types\/post"}],"author":[{"embeddable":true,"href":"https:\/\/www.africa-press.net\/senegal\/wp-json\/wp\/v2\/users\/82"}],"replies":[{"embeddable":true,"href":"https:\/\/www.africa-press.net\/senegal\/wp-json\/wp\/v2\/comments?post=57275"}],"version-history":[{"count":0,"href":"https:\/\/www.africa-press.net\/senegal\/wp-json\/wp\/v2\/posts\/57275\/revisions"}],"wp:featuredmedia":[{"embeddable":true,"href":"https:\/\/www.africa-press.net\/senegal\/wp-json\/wp\/v2\/media\/57274"}],"wp:attachment":[{"href":"https:\/\/www.africa-press.net\/senegal\/wp-json\/wp\/v2\/media?parent=57275"}],"wp:term":[{"taxonomy":"category","embeddable":true,"href":"https:\/\/www.africa-press.net\/senegal\/wp-json\/wp\/v2\/categories?post=57275"},{"taxonomy":"post_tag","embeddable":true,"href":"https:\/\/www.africa-press.net\/senegal\/wp-json\/wp\/v2\/tags?post=57275"}],"curies":[{"name":"wp","href":"https:\/\/api.w.org\/{rel}","templated":true}]}}