{"id":57301,"date":"2024-03-23T12:50:14","date_gmt":"2024-03-23T12:50:14","guid":{"rendered":"https:\/\/www.africa-press.net\/senegal\/politique\/faux-communique-attribue-au-comite-directeur-du-pds-karim-wade-annonce-une-plainte-contre-amadou-ba-et-madiambal-diagne"},"modified":"2024-03-24T02:11:51","modified_gmt":"2024-03-24T02:11:51","slug":"faux-communique-attribue-au-comite-directeur-du-pds-karim-wade-annonce-une-plainte-contre-amadou-ba-et-madiambal-diagne","status":"publish","type":"post","link":"https:\/\/www.africa-press.net\/senegal\/politique\/faux-communique-attribue-au-comite-directeur-du-pds-karim-wade-annonce-une-plainte-contre-amadou-ba-et-madiambal-diagne","title":{"rendered":"Faux communiqu\u00e9 attribu\u00e9 au comit\u00e9 directeur du PDS : Karim Wade annonce une plainte contre Amadou Ba et Madiambal Diagne"},"content":{"rendered":"<p><span style=\"color: #ff6600\"><strong>Africa-Press &#8211; Senegal. <\/strong><\/span>La guerre est devenue ouverte entre Karim Wade et le candidat de la coalition Benno Bokk Yakaar. Apre\u0300s avoir accuse\u0301 ce dernier des faits de corruption ayant conduit a\u0300 son e\u0301limination de la course a\u0300 la pre\u0301sidentielle, Amadou Ba est tenu pour responsable des \u00ab\u00a0fausses informations\u00a0\u00bb qui circulent a\u0300 propos du soutien du PDS.<\/p>\n<p>A travers un post sur X, Karim Wade affirme que \u00ab\u00a0le candidat Amadou Ba, avec la complicite\u0301 du journaliste affairiste Madiambal Diagne du \u00ab Quotidien \u00bb, verse maintenant dans le faux et l\u2019usage de faux en brandissant un document qui e\u0301manerait d\u2019un Comite\u0301 Directeur du PDS et selon lequel notre parti et plusieurs de ses fe\u0301de\u0301rations soutiendraient Amadou Ba\u00a0\u00bb. \u00ab\u00a0Il s\u2019agit la\u0300 d\u2019une information fausse et mensonge\u0300re\u00a0\u00bb, a-t-il martele\u0301.<\/p>\n<p>M. Wade estime que \u00ab\u00a0Amadou Ba est aux abois\u00a0\u00bb et qu&rsquo;il \u00ab\u00a0se livre a\u0300 une tentative de\u0301sespe\u0301re\u0301e car il sait qu\u2019il a de\u0301ja\u0300 perdu l\u2019e\u0301lection tellement il est impopulaire et rejete\u0301 par la grande majorite\u0301 des Se\u0301ne\u0301galais\u00a0\u00bb.<\/p>\n<p>Poursuivant, le candidat recale\u0301 affirme que \u00ab\u00a0le PDS et ses militants ne seront pas son pre\u0301texte pour justifier le vol de l\u2019e\u0301lection et la confiscation de la volonte\u0301 populaire\u00a0\u00bb. D&rsquo;apre\u0300s Karim Wade, il n&rsquo;existe pas de dissensions quant a\u0300 la de\u0301cision de soutenir le candidat Bassirou Diomaye Diakhar Faye a\u0300 la pre\u0301sidentielle de ce 24 mars.<\/p>\n<p>Revenant sur le \u00ab\u00a0faux communique\u0301\u00a0\u00bb attribue\u0301 au comite\u0301 directeur, le fils d&rsquo;Abdoulaye Wade fait savoir que ces derniers ne se sont jamais re\u0301unis. A ce propos, \u00ab\u00a0le PDS de\u0301posera de\u0300s la semaine prochaine une plainte contre Amadou Ba, Madiambal Diagne et X pour faux, usage de faux et faux en e\u0301criture\u00a0\u00bb.<\/p>\n<p><strong>Pour plus d&rsquo;informations et d&rsquo;analyses sur la <a href=\"https:\/\/www.africa-press.net\/senegal\">Senegal<\/a>, suivez <a href=\"https:\/\/www.africa-press.net\/\">Africa-Press<\/a><\/strong><\/p>\n","protected":false},"excerpt":{"rendered":"<p>Africa-Press &#8211; Senegal. La guerre est devenue ouverte entre Karim Wade et le candidat de la coalition Benno Bokk Yakaar. Apre\u0300s avoir accuse\u0301 ce dernier des faits de corruption ayant conduit a\u0300 son e\u0301limination de la course a\u0300 la pre\u0301sidentielle, Amadou Ba est tenu pour responsable des \u00ab\u00a0fausses informations\u00a0\u00bb qui circulent a\u0300 propos du soutien [&hellip;]<\/p>\n","protected":false},"author":82,"featured_media":57300,"comment_status":"open","ping_status":"closed","sticky":false,"template":"","format":"standard","meta":{"footnotes":""},"categories":[2,10],"tags":[43,47,44],"class_list":["post-57301","post","type-post","status-publish","format-standard","has-post-thumbnail","hentry","category-politique","category-toutes-les-actualites","tag-africa-press-2","tag-africa-press-senegal","tag-senegal-2"],"yoast_head":"<!-- This site is optimized with the Yoast SEO Premium plugin v26.1 (Yoast SEO v27.0) - https:\/\/yoast.com\/product\/yoast-seo-premium-wordpress\/ -->\n<title>Faux communiqu\u00e9 attribu\u00e9 au comit\u00e9 directeur du PDS : Karim Wade annonce une plainte contre Amadou Ba et Madiambal Diagne - Senegal<\/title>\n<meta name=\"description\" content=\"La guerre est devenue ouverte entre Karim Wade et le candidat de la coalition Benno Bokk Yakaar. Apre\u0300s avoir accuse\u0301 ce ...\" \/>\n<meta name=\"robots\" content=\"index, follow, max-snippet:-1, max-image-preview:large, max-video-preview:-1\" \/>\n<link rel=\"canonical\" href=\"https:\/\/www.africa-press.net\/senegal\/politique\/faux-communique-attribue-au-comite-directeur-du-pds-karim-wade-annonce-une-plainte-contre-amadou-ba-et-madiambal-diagne\" \/>\n<meta property=\"og:locale\" content=\"fr_FR\" \/>\n<meta property=\"og:type\" content=\"article\" \/>\n<meta property=\"og:title\" content=\"Faux communiqu\u00e9 attribu\u00e9 au comit\u00e9 directeur du PDS : Karim Wade annonce une plainte contre Amadou Ba et Madiambal Diagne\" \/>\n<meta property=\"og:description\" content=\"La guerre est devenue ouverte entre Karim Wade et le candidat de la coalition Benno Bokk Yakaar. Apre\u0300s avoir accuse\u0301 ce ...\" \/>\n<meta property=\"og:url\" content=\"https:\/\/www.africa-press.net\/senegal\/politique\/faux-communique-attribue-au-comite-directeur-du-pds-karim-wade-annonce-une-plainte-contre-amadou-ba-et-madiambal-diagne\" \/>\n<meta property=\"og:site_name\" content=\"Senegal\" \/>\n<meta property=\"article:published_time\" content=\"2024-03-23T12:50:14+00:00\" \/>\n<meta property=\"article:modified_time\" content=\"2024-03-24T02:11:51+00:00\" \/>\n<meta property=\"og:image\" content=\"https:\/\/static.africa-press.net\/senegal\/sites\/13\/2024\/03\/sm_1711229957.613224.jpg\" \/>\n\t<meta property=\"og:image:width\" content=\"1302\" \/>\n\t<meta property=\"og:image:height\" content=\"633\" \/>\n\t<meta property=\"og:image:type\" content=\"image\/jpeg\" \/>\n<meta name=\"author\" content=\"cfeditorfr\" \/>\n<meta name=\"twitter:card\" content=\"summary_large_image\" \/>\n<meta name=\"twitter:label1\" content=\"\u00c9crit par\" \/>\n\t<meta name=\"twitter:data1\" content=\"cfeditorfr\" \/>\n\t<meta name=\"twitter:label2\" content=\"Dur\u00e9e de lecture estim\u00e9e\" \/>\n\t<meta name=\"twitter:data2\" content=\"2 minutes\" \/>\n<script type=\"application\/ld+json\" class=\"yoast-schema-graph\">{\"@context\":\"https:\/\/schema.org\",\"@graph\":[{\"@type\":\"Article\",\"@id\":\"https:\/\/www.africa-press.net\/senegal\/politique\/faux-communique-attribue-au-comite-directeur-du-pds-karim-wade-annonce-une-plainte-contre-amadou-ba-et-madiambal-diagne#article\",\"isPartOf\":{\"@id\":\"https:\/\/www.africa-press.net\/senegal\/politique\/faux-communique-attribue-au-comite-directeur-du-pds-karim-wade-annonce-une-plainte-contre-amadou-ba-et-madiambal-diagne\"},\"author\":{\"name\":\"cfeditorfr\",\"@id\":\"https:\/\/www.africa-press.net\/senegal\/#\/schema\/person\/2b1cf3cd81a31e3cd26889ca66d677f1\"},\"headline\":\"Faux communiqu\u00e9 attribu\u00e9 au comit\u00e9 directeur du PDS : Karim Wade annonce une plainte contre Amadou Ba et Madiambal Diagne\",\"datePublished\":\"2024-03-23T12:50:14+00:00\",\"dateModified\":\"2024-03-24T02:11:51+00:00\",\"mainEntityOfPage\":{\"@id\":\"https:\/\/www.africa-press.net\/senegal\/politique\/faux-communique-attribue-au-comite-directeur-du-pds-karim-wade-annonce-une-plainte-contre-amadou-ba-et-madiambal-diagne\"},\"wordCount\":332,\"commentCount\":0,\"image\":{\"@id\":\"https:\/\/www.africa-press.net\/senegal\/politique\/faux-communique-attribue-au-comite-directeur-du-pds-karim-wade-annonce-une-plainte-contre-amadou-ba-et-madiambal-diagne#primaryimage\"},\"thumbnailUrl\":\"https:\/\/static.africa-press.net\/senegal\/sites\/13\/2024\/03\/sm_1711229957.613224.jpg\",\"keywords\":[\"Africa Press\",\"Africa Press-Senegal\",\"Senegal\"],\"articleSection\":[\"Politique\",\"Toutes les actualit\u00e9s\"],\"inLanguage\":\"fr-FR\",\"potentialAction\":[{\"@type\":\"CommentAction\",\"name\":\"Comment\",\"target\":[\"https:\/\/www.africa-press.net\/senegal\/politique\/faux-communique-attribue-au-comite-directeur-du-pds-karim-wade-annonce-une-plainte-contre-amadou-ba-et-madiambal-diagne#respond\"]}]},{\"@type\":\"WebPage\",\"@id\":\"https:\/\/www.africa-press.net\/senegal\/politique\/faux-communique-attribue-au-comite-directeur-du-pds-karim-wade-annonce-une-plainte-contre-amadou-ba-et-madiambal-diagne\",\"url\":\"https:\/\/www.africa-press.net\/senegal\/politique\/faux-communique-attribue-au-comite-directeur-du-pds-karim-wade-annonce-une-plainte-contre-amadou-ba-et-madiambal-diagne\",\"name\":\"Faux communiqu\u00e9 attribu\u00e9 au comit\u00e9 directeur du PDS : Karim Wade annonce une plainte contre Amadou Ba et Madiambal Diagne - Senegal\",\"isPartOf\":{\"@id\":\"https:\/\/www.africa-press.net\/senegal\/#website\"},\"primaryImageOfPage\":{\"@id\":\"https:\/\/www.africa-press.net\/senegal\/politique\/faux-communique-attribue-au-comite-directeur-du-pds-karim-wade-annonce-une-plainte-contre-amadou-ba-et-madiambal-diagne#primaryimage\"},\"image\":{\"@id\":\"https:\/\/www.africa-press.net\/senegal\/politique\/faux-communique-attribue-au-comite-directeur-du-pds-karim-wade-annonce-une-plainte-contre-amadou-ba-et-madiambal-diagne#primaryimage\"},\"thumbnailUrl\":\"https:\/\/static.africa-press.net\/senegal\/sites\/13\/2024\/03\/sm_1711229957.613224.jpg\",\"datePublished\":\"2024-03-23T12:50:14+00:00\",\"dateModified\":\"2024-03-24T02:11:51+00:00\",\"author\":{\"@id\":\"https:\/\/www.africa-press.net\/senegal\/#\/schema\/person\/2b1cf3cd81a31e3cd26889ca66d677f1\"},\"description\":\"La guerre est devenue ouverte entre Karim Wade et le candidat de la coalition Benno Bokk Yakaar. Apre\u0300s avoir accuse\u0301 ce ...\",\"breadcrumb\":{\"@id\":\"https:\/\/www.africa-press.net\/senegal\/politique\/faux-communique-attribue-au-comite-directeur-du-pds-karim-wade-annonce-une-plainte-contre-amadou-ba-et-madiambal-diagne#breadcrumb\"},\"inLanguage\":\"fr-FR\",\"potentialAction\":[{\"@type\":\"ReadAction\",\"target\":[\"https:\/\/www.africa-press.net\/senegal\/politique\/faux-communique-attribue-au-comite-directeur-du-pds-karim-wade-annonce-une-plainte-contre-amadou-ba-et-madiambal-diagne\"]}]},{\"@type\":\"ImageObject\",\"inLanguage\":\"fr-FR\",\"@id\":\"https:\/\/www.africa-press.net\/senegal\/politique\/faux-communique-attribue-au-comite-directeur-du-pds-karim-wade-annonce-une-plainte-contre-amadou-ba-et-madiambal-diagne#primaryimage\",\"url\":\"https:\/\/static.africa-press.net\/senegal\/sites\/13\/2024\/03\/sm_1711229957.613224.jpg\",\"contentUrl\":\"https:\/\/static.africa-press.net\/senegal\/sites\/13\/2024\/03\/sm_1711229957.613224.jpg\",\"width\":1302,\"height\":633,\"caption\":\"Faux communiqu\u00e9 attribu\u00e9 au comit\u00e9 directeur du PDS : Karim Wade annonce une plainte contre Amadou Ba et Madiambal Diagne\"},{\"@type\":\"BreadcrumbList\",\"@id\":\"https:\/\/www.africa-press.net\/senegal\/politique\/faux-communique-attribue-au-comite-directeur-du-pds-karim-wade-annonce-une-plainte-contre-amadou-ba-et-madiambal-diagne#breadcrumb\",\"itemListElement\":[{\"@type\":\"ListItem\",\"position\":1,\"name\":\"Accueil\",\"item\":\"https:\/\/www.africa-press.net\/senegal\/\"},{\"@type\":\"ListItem\",\"position\":2,\"name\":\"Faux communiqu\u00e9 attribu\u00e9 au comit\u00e9 directeur du PDS : Karim Wade annonce une plainte contre Amadou Ba et Madiambal Diagne\"}]},{\"@type\":\"WebSite\",\"@id\":\"https:\/\/www.africa-press.net\/senegal\/#website\",\"url\":\"https:\/\/www.africa-press.net\/senegal\/\",\"name\":\"Africa Press | Senegal | Homepage\",\"description\":\"Just another Africa News Agency Sites site\",\"potentialAction\":[{\"@type\":\"SearchAction\",\"target\":{\"@type\":\"EntryPoint\",\"urlTemplate\":\"https:\/\/www.africa-press.net\/senegal\/?s={search_term_string}\"},\"query-input\":{\"@type\":\"PropertyValueSpecification\",\"valueRequired\":true,\"valueName\":\"search_term_string\"}}],\"inLanguage\":\"fr-FR\"},{\"@type\":\"Person\",\"@id\":\"https:\/\/www.africa-press.net\/senegal\/#\/schema\/person\/2b1cf3cd81a31e3cd26889ca66d677f1\",\"name\":\"cfeditorfr\",\"url\":\"https:\/\/www.africa-press.net\/senegal\/author\/cfeditorfr\"}]}<\/script>\n<!-- \/ Yoast SEO Premium plugin. -->","yoast_head_json":{"title":"Faux communiqu\u00e9 attribu\u00e9 au comit\u00e9 directeur du PDS : Karim Wade annonce une plainte contre Amadou Ba et Madiambal Diagne - Senegal","description":"La guerre est devenue ouverte entre Karim Wade et le candidat de la coalition Benno Bokk Yakaar. Apre\u0300s avoir accuse\u0301 ce ...","robots":{"index":"index","follow":"follow","max-snippet":"max-snippet:-1","max-image-preview":"max-image-preview:large","max-video-preview":"max-video-preview:-1"},"canonical":"https:\/\/www.africa-press.net\/senegal\/politique\/faux-communique-attribue-au-comite-directeur-du-pds-karim-wade-annonce-une-plainte-contre-amadou-ba-et-madiambal-diagne","og_locale":"fr_FR","og_type":"article","og_title":"Faux communiqu\u00e9 attribu\u00e9 au comit\u00e9 directeur du PDS : Karim Wade annonce une plainte contre Amadou Ba et Madiambal Diagne","og_description":"La guerre est devenue ouverte entre Karim Wade et le candidat de la coalition Benno Bokk Yakaar. Apre\u0300s avoir accuse\u0301 ce ...","og_url":"https:\/\/www.africa-press.net\/senegal\/politique\/faux-communique-attribue-au-comite-directeur-du-pds-karim-wade-annonce-une-plainte-contre-amadou-ba-et-madiambal-diagne","og_site_name":"Senegal","article_published_time":"2024-03-23T12:50:14+00:00","article_modified_time":"2024-03-24T02:11:51+00:00","og_image":[{"width":1302,"height":633,"url":"https:\/\/static.africa-press.net\/senegal\/sites\/13\/2024\/03\/sm_1711229957.613224.jpg","type":"image\/jpeg"}],"author":"cfeditorfr","twitter_card":"summary_large_image","twitter_misc":{"\u00c9crit par":"cfeditorfr","Dur\u00e9e de lecture estim\u00e9e":"2 minutes"},"schema":{"@context":"https:\/\/schema.org","@graph":[{"@type":"Article","@id":"https:\/\/www.africa-press.net\/senegal\/politique\/faux-communique-attribue-au-comite-directeur-du-pds-karim-wade-annonce-une-plainte-contre-amadou-ba-et-madiambal-diagne#article","isPartOf":{"@id":"https:\/\/www.africa-press.net\/senegal\/politique\/faux-communique-attribue-au-comite-directeur-du-pds-karim-wade-annonce-une-plainte-contre-amadou-ba-et-madiambal-diagne"},"author":{"name":"cfeditorfr","@id":"https:\/\/www.africa-press.net\/senegal\/#\/schema\/person\/2b1cf3cd81a31e3cd26889ca66d677f1"},"headline":"Faux communiqu\u00e9 attribu\u00e9 au comit\u00e9 directeur du PDS : Karim Wade annonce une plainte contre Amadou Ba et Madiambal Diagne","datePublished":"2024-03-23T12:50:14+00:00","dateModified":"2024-03-24T02:11:51+00:00","mainEntityOfPage":{"@id":"https:\/\/www.africa-press.net\/senegal\/politique\/faux-communique-attribue-au-comite-directeur-du-pds-karim-wade-annonce-une-plainte-contre-amadou-ba-et-madiambal-diagne"},"wordCount":332,"commentCount":0,"image":{"@id":"https:\/\/www.africa-press.net\/senegal\/politique\/faux-communique-attribue-au-comite-directeur-du-pds-karim-wade-annonce-une-plainte-contre-amadou-ba-et-madiambal-diagne#primaryimage"},"thumbnailUrl":"https:\/\/static.africa-press.net\/senegal\/sites\/13\/2024\/03\/sm_1711229957.613224.jpg","keywords":["Africa Press","Africa Press-Senegal","Senegal"],"articleSection":["Politique","Toutes les actualit\u00e9s"],"inLanguage":"fr-FR","potentialAction":[{"@type":"CommentAction","name":"Comment","target":["https:\/\/www.africa-press.net\/senegal\/politique\/faux-communique-attribue-au-comite-directeur-du-pds-karim-wade-annonce-une-plainte-contre-amadou-ba-et-madiambal-diagne#respond"]}]},{"@type":"WebPage","@id":"https:\/\/www.africa-press.net\/senegal\/politique\/faux-communique-attribue-au-comite-directeur-du-pds-karim-wade-annonce-une-plainte-contre-amadou-ba-et-madiambal-diagne","url":"https:\/\/www.africa-press.net\/senegal\/politique\/faux-communique-attribue-au-comite-directeur-du-pds-karim-wade-annonce-une-plainte-contre-amadou-ba-et-madiambal-diagne","name":"Faux communiqu\u00e9 attribu\u00e9 au comit\u00e9 directeur du PDS : Karim Wade annonce une plainte contre Amadou Ba et Madiambal Diagne - Senegal","isPartOf":{"@id":"https:\/\/www.africa-press.net\/senegal\/#website"},"primaryImageOfPage":{"@id":"https:\/\/www.africa-press.net\/senegal\/politique\/faux-communique-attribue-au-comite-directeur-du-pds-karim-wade-annonce-une-plainte-contre-amadou-ba-et-madiambal-diagne#primaryimage"},"image":{"@id":"https:\/\/www.africa-press.net\/senegal\/politique\/faux-communique-attribue-au-comite-directeur-du-pds-karim-wade-annonce-une-plainte-contre-amadou-ba-et-madiambal-diagne#primaryimage"},"thumbnailUrl":"https:\/\/static.africa-press.net\/senegal\/sites\/13\/2024\/03\/sm_1711229957.613224.jpg","datePublished":"2024-03-23T12:50:14+00:00","dateModified":"2024-03-24T02:11:51+00:00","author":{"@id":"https:\/\/www.africa-press.net\/senegal\/#\/schema\/person\/2b1cf3cd81a31e3cd26889ca66d677f1"},"description":"La guerre est devenue ouverte entre Karim Wade et le candidat de la coalition Benno Bokk Yakaar. Apre\u0300s avoir accuse\u0301 ce ...","breadcrumb":{"@id":"https:\/\/www.africa-press.net\/senegal\/politique\/faux-communique-attribue-au-comite-directeur-du-pds-karim-wade-annonce-une-plainte-contre-amadou-ba-et-madiambal-diagne#breadcrumb"},"inLanguage":"fr-FR","potentialAction":[{"@type":"ReadAction","target":["https:\/\/www.africa-press.net\/senegal\/politique\/faux-communique-attribue-au-comite-directeur-du-pds-karim-wade-annonce-une-plainte-contre-amadou-ba-et-madiambal-diagne"]}]},{"@type":"ImageObject","inLanguage":"fr-FR","@id":"https:\/\/www.africa-press.net\/senegal\/politique\/faux-communique-attribue-au-comite-directeur-du-pds-karim-wade-annonce-une-plainte-contre-amadou-ba-et-madiambal-diagne#primaryimage","url":"https:\/\/static.africa-press.net\/senegal\/sites\/13\/2024\/03\/sm_1711229957.613224.jpg","contentUrl":"https:\/\/static.africa-press.net\/senegal\/sites\/13\/2024\/03\/sm_1711229957.613224.jpg","width":1302,"height":633,"caption":"Faux communiqu\u00e9 attribu\u00e9 au comit\u00e9 directeur du PDS : Karim Wade annonce une plainte contre Amadou Ba et Madiambal Diagne"},{"@type":"BreadcrumbList","@id":"https:\/\/www.africa-press.net\/senegal\/politique\/faux-communique-attribue-au-comite-directeur-du-pds-karim-wade-annonce-une-plainte-contre-amadou-ba-et-madiambal-diagne#breadcrumb","itemListElement":[{"@type":"ListItem","position":1,"name":"Accueil","item":"https:\/\/www.africa-press.net\/senegal\/"},{"@type":"ListItem","position":2,"name":"Faux communiqu\u00e9 attribu\u00e9 au comit\u00e9 directeur du PDS : Karim Wade annonce une plainte contre Amadou Ba et Madiambal Diagne"}]},{"@type":"WebSite","@id":"https:\/\/www.africa-press.net\/senegal\/#website","url":"https:\/\/www.africa-press.net\/senegal\/","name":"Africa Press | Senegal | Homepage","description":"Just another Africa News Agency Sites site","potentialAction":[{"@type":"SearchAction","target":{"@type":"EntryPoint","urlTemplate":"https:\/\/www.africa-press.net\/senegal\/?s={search_term_string}"},"query-input":{"@type":"PropertyValueSpecification","valueRequired":true,"valueName":"search_term_string"}}],"inLanguage":"fr-FR"},{"@type":"Person","@id":"https:\/\/www.africa-press.net\/senegal\/#\/schema\/person\/2b1cf3cd81a31e3cd26889ca66d677f1","name":"cfeditorfr","url":"https:\/\/www.africa-press.net\/senegal\/author\/cfeditorfr"}]}},"_links":{"self":[{"href":"https:\/\/www.africa-press.net\/senegal\/wp-json\/wp\/v2\/posts\/57301","targetHints":{"allow":["GET"]}}],"collection":[{"href":"https:\/\/www.africa-press.net\/senegal\/wp-json\/wp\/v2\/posts"}],"about":[{"href":"https:\/\/www.africa-press.net\/senegal\/wp-json\/wp\/v2\/types\/post"}],"author":[{"embeddable":true,"href":"https:\/\/www.africa-press.net\/senegal\/wp-json\/wp\/v2\/users\/82"}],"replies":[{"embeddable":true,"href":"https:\/\/www.africa-press.net\/senegal\/wp-json\/wp\/v2\/comments?post=57301"}],"version-history":[{"count":0,"href":"https:\/\/www.africa-press.net\/senegal\/wp-json\/wp\/v2\/posts\/57301\/revisions"}],"wp:featuredmedia":[{"embeddable":true,"href":"https:\/\/www.africa-press.net\/senegal\/wp-json\/wp\/v2\/media\/57300"}],"wp:attachment":[{"href":"https:\/\/www.africa-press.net\/senegal\/wp-json\/wp\/v2\/media?parent=57301"}],"wp:term":[{"taxonomy":"category","embeddable":true,"href":"https:\/\/www.africa-press.net\/senegal\/wp-json\/wp\/v2\/categories?post=57301"},{"taxonomy":"post_tag","embeddable":true,"href":"https:\/\/www.africa-press.net\/senegal\/wp-json\/wp\/v2\/tags?post=57301"}],"curies":[{"name":"wp","href":"https:\/\/api.w.org\/{rel}","templated":true}]}}