{"id":57310,"date":"2024-03-23T12:00:57","date_gmt":"2024-03-23T12:00:57","guid":{"rendered":"https:\/\/www.africa-press.net\/senegal\/politique\/pds-le-tour-de-force-reussi-par-lat-diop"},"modified":"2024-03-24T02:13:51","modified_gmt":"2024-03-24T02:13:51","slug":"pds-le-tour-de-force-reussi-par-lat-diop","status":"publish","type":"post","link":"https:\/\/www.africa-press.net\/senegal\/parties\/pds-le-tour-de-force-reussi-par-lat-diop","title":{"rendered":"PDS : le tour de force r\u00e9ussi par Lat Diop"},"content":{"rendered":"<p><span style=\"color: #ff6600\"><strong>Africa-Press &#8211; Senegal. <\/strong><\/span>Ce samedi, a\u0300 24 heures de la Pre\u0301sidentielle du 24 mars, une rencontre est pre\u0301vue entre le Secre\u0301taire ge\u0301ne\u0301ral national du Parti de\u0301mocratique se\u0301ne\u0301galais (PDS), Me Abdoulaye Wade et le candidat Bassirou Diomaye Faye en compagnie de Ousmane Sonko. Une information donne\u0301e par le service de communication du parti libe\u0301ral, souligne Les E\u0301chos.<\/p>\n<p>La source rapporte toutefois que la Fe\u0301de\u0301ration PDS de Gue\u0301diawaye a de\u0301ja\u0300 fait son choix: Elle soutient le candidat du pouvoir, Amadou Ba.<\/p>\n<p>D\u2019apre\u0300s le quotidien d\u2019informations, l\u2019ancien ministre des Sports, Lat Diop, a re\u0301ussi ce tour de force: \u00ab Le point de presse auquel il a pris part n\u2019est que ce que les gens ont vu. Avant ce jour, il a fait e\u0301norme\u0301ment de re\u0301unions pour aboutir a\u0300 ce re\u0301sultat avec les responsables du PDS au niveau local \u00bb.<\/p>\n<p><strong>Pour plus d&rsquo;informations et d&rsquo;analyses sur la <a href=\"https:\/\/www.africa-press.net\/senegal\">Senegal<\/a>, suivez <a href=\"https:\/\/www.africa-press.net\/\">Africa-Press<\/a><\/strong><\/p>\n","protected":false},"excerpt":{"rendered":"<p>Africa-Press &#8211; Senegal. Ce samedi, a\u0300 24 heures de la Pre\u0301sidentielle du 24 mars, une rencontre est pre\u0301vue entre le Secre\u0301taire ge\u0301ne\u0301ral national du Parti de\u0301mocratique se\u0301ne\u0301galais (PDS), Me Abdoulaye Wade et le candidat Bassirou Diomaye Faye en compagnie de Ousmane Sonko. Une information donne\u0301e par le service de communication du parti libe\u0301ral, souligne Les [&hellip;]<\/p>\n","protected":false},"author":82,"featured_media":57308,"comment_status":"open","ping_status":"closed","sticky":false,"template":"","format":"standard","meta":{"footnotes":""},"categories":[4,10],"tags":[43,47,44],"class_list":["post-57310","post","type-post","status-publish","format-standard","has-post-thumbnail","hentry","category-parties","category-toutes-les-actualites","tag-africa-press-2","tag-africa-press-senegal","tag-senegal-2"],"yoast_head":"<!-- This site is optimized with the Yoast SEO Premium plugin v26.1 (Yoast SEO v27.0) - https:\/\/yoast.com\/product\/yoast-seo-premium-wordpress\/ -->\n<title>PDS : le tour de force r\u00e9ussi par Lat Diop - Senegal<\/title>\n<meta name=\"description\" content=\"Ce samedi, a\u0300 24 heures de la Pre\u0301sidentielle du 24 mars, une rencontre est pre\u0301vue entre le Secre\u0301taire ge\u0301ne\u0301ral natio ...\" \/>\n<meta name=\"robots\" content=\"index, follow, max-snippet:-1, max-image-preview:large, max-video-preview:-1\" \/>\n<link rel=\"canonical\" href=\"https:\/\/www.africa-press.net\/senegal\/parties\/pds-le-tour-de-force-reussi-par-lat-diop\" \/>\n<meta property=\"og:locale\" content=\"fr_FR\" \/>\n<meta property=\"og:type\" content=\"article\" \/>\n<meta property=\"og:title\" content=\"PDS : le tour de force r\u00e9ussi par Lat Diop\" \/>\n<meta property=\"og:description\" content=\"Ce samedi, a\u0300 24 heures de la Pre\u0301sidentielle du 24 mars, une rencontre est pre\u0301vue entre le Secre\u0301taire ge\u0301ne\u0301ral natio ...\" \/>\n<meta property=\"og:url\" content=\"https:\/\/www.africa-press.net\/senegal\/parties\/pds-le-tour-de-force-reussi-par-lat-diop\" \/>\n<meta property=\"og:site_name\" content=\"Senegal\" \/>\n<meta property=\"article:published_time\" content=\"2024-03-23T12:00:57+00:00\" \/>\n<meta property=\"article:modified_time\" content=\"2024-03-24T02:13:51+00:00\" \/>\n<meta property=\"og:image\" content=\"https:\/\/static.africa-press.net\/senegal\/sites\/13\/2024\/03\/sm_1711230101.448761.jpg\" \/>\n\t<meta property=\"og:image:width\" content=\"1301\" \/>\n\t<meta property=\"og:image:height\" content=\"635\" \/>\n\t<meta property=\"og:image:type\" content=\"image\/jpeg\" \/>\n<meta name=\"author\" content=\"cfeditorfr\" \/>\n<meta name=\"twitter:card\" content=\"summary_large_image\" \/>\n<meta name=\"twitter:label1\" content=\"\u00c9crit par\" \/>\n\t<meta name=\"twitter:data1\" content=\"cfeditorfr\" \/>\n\t<meta name=\"twitter:label2\" content=\"Dur\u00e9e de lecture estim\u00e9e\" \/>\n\t<meta name=\"twitter:data2\" content=\"1 minute\" \/>\n<script type=\"application\/ld+json\" class=\"yoast-schema-graph\">{\"@context\":\"https:\/\/schema.org\",\"@graph\":[{\"@type\":\"Article\",\"@id\":\"https:\/\/www.africa-press.net\/senegal\/parties\/pds-le-tour-de-force-reussi-par-lat-diop#article\",\"isPartOf\":{\"@id\":\"https:\/\/www.africa-press.net\/senegal\/parties\/pds-le-tour-de-force-reussi-par-lat-diop\"},\"author\":{\"name\":\"cfeditorfr\",\"@id\":\"https:\/\/www.africa-press.net\/senegal\/#\/schema\/person\/2b1cf3cd81a31e3cd26889ca66d677f1\"},\"headline\":\"PDS : le tour de force r\u00e9ussi par Lat Diop\",\"datePublished\":\"2024-03-23T12:00:57+00:00\",\"dateModified\":\"2024-03-24T02:13:51+00:00\",\"mainEntityOfPage\":{\"@id\":\"https:\/\/www.africa-press.net\/senegal\/parties\/pds-le-tour-de-force-reussi-par-lat-diop\"},\"wordCount\":179,\"commentCount\":0,\"image\":{\"@id\":\"https:\/\/www.africa-press.net\/senegal\/parties\/pds-le-tour-de-force-reussi-par-lat-diop#primaryimage\"},\"thumbnailUrl\":\"https:\/\/static.africa-press.net\/senegal\/sites\/13\/2024\/03\/sm_1711230101.448761.jpg\",\"keywords\":[\"Africa Press\",\"Africa Press-Senegal\",\"Senegal\"],\"articleSection\":[\"Parties\",\"Toutes les actualit\u00e9s\"],\"inLanguage\":\"fr-FR\",\"potentialAction\":[{\"@type\":\"CommentAction\",\"name\":\"Comment\",\"target\":[\"https:\/\/www.africa-press.net\/senegal\/parties\/pds-le-tour-de-force-reussi-par-lat-diop#respond\"]}]},{\"@type\":\"WebPage\",\"@id\":\"https:\/\/www.africa-press.net\/senegal\/parties\/pds-le-tour-de-force-reussi-par-lat-diop\",\"url\":\"https:\/\/www.africa-press.net\/senegal\/parties\/pds-le-tour-de-force-reussi-par-lat-diop\",\"name\":\"PDS : le tour de force r\u00e9ussi par Lat Diop - Senegal\",\"isPartOf\":{\"@id\":\"https:\/\/www.africa-press.net\/senegal\/#website\"},\"primaryImageOfPage\":{\"@id\":\"https:\/\/www.africa-press.net\/senegal\/parties\/pds-le-tour-de-force-reussi-par-lat-diop#primaryimage\"},\"image\":{\"@id\":\"https:\/\/www.africa-press.net\/senegal\/parties\/pds-le-tour-de-force-reussi-par-lat-diop#primaryimage\"},\"thumbnailUrl\":\"https:\/\/static.africa-press.net\/senegal\/sites\/13\/2024\/03\/sm_1711230101.448761.jpg\",\"datePublished\":\"2024-03-23T12:00:57+00:00\",\"dateModified\":\"2024-03-24T02:13:51+00:00\",\"author\":{\"@id\":\"https:\/\/www.africa-press.net\/senegal\/#\/schema\/person\/2b1cf3cd81a31e3cd26889ca66d677f1\"},\"description\":\"Ce samedi, a\u0300 24 heures de la Pre\u0301sidentielle du 24 mars, une rencontre est pre\u0301vue entre le Secre\u0301taire ge\u0301ne\u0301ral natio ...\",\"breadcrumb\":{\"@id\":\"https:\/\/www.africa-press.net\/senegal\/parties\/pds-le-tour-de-force-reussi-par-lat-diop#breadcrumb\"},\"inLanguage\":\"fr-FR\",\"potentialAction\":[{\"@type\":\"ReadAction\",\"target\":[\"https:\/\/www.africa-press.net\/senegal\/parties\/pds-le-tour-de-force-reussi-par-lat-diop\"]}]},{\"@type\":\"ImageObject\",\"inLanguage\":\"fr-FR\",\"@id\":\"https:\/\/www.africa-press.net\/senegal\/parties\/pds-le-tour-de-force-reussi-par-lat-diop#primaryimage\",\"url\":\"https:\/\/static.africa-press.net\/senegal\/sites\/13\/2024\/03\/sm_1711230101.448761.jpg\",\"contentUrl\":\"https:\/\/static.africa-press.net\/senegal\/sites\/13\/2024\/03\/sm_1711230101.448761.jpg\",\"width\":1301,\"height\":635,\"caption\":\"PDS : le tour de force r\u00e9ussi par Lat Diop\"},{\"@type\":\"BreadcrumbList\",\"@id\":\"https:\/\/www.africa-press.net\/senegal\/parties\/pds-le-tour-de-force-reussi-par-lat-diop#breadcrumb\",\"itemListElement\":[{\"@type\":\"ListItem\",\"position\":1,\"name\":\"Accueil\",\"item\":\"https:\/\/www.africa-press.net\/senegal\/\"},{\"@type\":\"ListItem\",\"position\":2,\"name\":\"PDS : le tour de force r\u00e9ussi par Lat Diop\"}]},{\"@type\":\"WebSite\",\"@id\":\"https:\/\/www.africa-press.net\/senegal\/#website\",\"url\":\"https:\/\/www.africa-press.net\/senegal\/\",\"name\":\"Africa Press | Senegal | Homepage\",\"description\":\"Just another Africa News Agency Sites site\",\"potentialAction\":[{\"@type\":\"SearchAction\",\"target\":{\"@type\":\"EntryPoint\",\"urlTemplate\":\"https:\/\/www.africa-press.net\/senegal\/?s={search_term_string}\"},\"query-input\":{\"@type\":\"PropertyValueSpecification\",\"valueRequired\":true,\"valueName\":\"search_term_string\"}}],\"inLanguage\":\"fr-FR\"},{\"@type\":\"Person\",\"@id\":\"https:\/\/www.africa-press.net\/senegal\/#\/schema\/person\/2b1cf3cd81a31e3cd26889ca66d677f1\",\"name\":\"cfeditorfr\",\"url\":\"https:\/\/www.africa-press.net\/senegal\/author\/cfeditorfr\"}]}<\/script>\n<!-- \/ Yoast SEO Premium plugin. -->","yoast_head_json":{"title":"PDS : le tour de force r\u00e9ussi par Lat Diop - Senegal","description":"Ce samedi, a\u0300 24 heures de la Pre\u0301sidentielle du 24 mars, une rencontre est pre\u0301vue entre le Secre\u0301taire ge\u0301ne\u0301ral natio ...","robots":{"index":"index","follow":"follow","max-snippet":"max-snippet:-1","max-image-preview":"max-image-preview:large","max-video-preview":"max-video-preview:-1"},"canonical":"https:\/\/www.africa-press.net\/senegal\/parties\/pds-le-tour-de-force-reussi-par-lat-diop","og_locale":"fr_FR","og_type":"article","og_title":"PDS : le tour de force r\u00e9ussi par Lat Diop","og_description":"Ce samedi, a\u0300 24 heures de la Pre\u0301sidentielle du 24 mars, une rencontre est pre\u0301vue entre le Secre\u0301taire ge\u0301ne\u0301ral natio ...","og_url":"https:\/\/www.africa-press.net\/senegal\/parties\/pds-le-tour-de-force-reussi-par-lat-diop","og_site_name":"Senegal","article_published_time":"2024-03-23T12:00:57+00:00","article_modified_time":"2024-03-24T02:13:51+00:00","og_image":[{"width":1301,"height":635,"url":"https:\/\/static.africa-press.net\/senegal\/sites\/13\/2024\/03\/sm_1711230101.448761.jpg","type":"image\/jpeg"}],"author":"cfeditorfr","twitter_card":"summary_large_image","twitter_misc":{"\u00c9crit par":"cfeditorfr","Dur\u00e9e de lecture estim\u00e9e":"1 minute"},"schema":{"@context":"https:\/\/schema.org","@graph":[{"@type":"Article","@id":"https:\/\/www.africa-press.net\/senegal\/parties\/pds-le-tour-de-force-reussi-par-lat-diop#article","isPartOf":{"@id":"https:\/\/www.africa-press.net\/senegal\/parties\/pds-le-tour-de-force-reussi-par-lat-diop"},"author":{"name":"cfeditorfr","@id":"https:\/\/www.africa-press.net\/senegal\/#\/schema\/person\/2b1cf3cd81a31e3cd26889ca66d677f1"},"headline":"PDS : le tour de force r\u00e9ussi par Lat Diop","datePublished":"2024-03-23T12:00:57+00:00","dateModified":"2024-03-24T02:13:51+00:00","mainEntityOfPage":{"@id":"https:\/\/www.africa-press.net\/senegal\/parties\/pds-le-tour-de-force-reussi-par-lat-diop"},"wordCount":179,"commentCount":0,"image":{"@id":"https:\/\/www.africa-press.net\/senegal\/parties\/pds-le-tour-de-force-reussi-par-lat-diop#primaryimage"},"thumbnailUrl":"https:\/\/static.africa-press.net\/senegal\/sites\/13\/2024\/03\/sm_1711230101.448761.jpg","keywords":["Africa Press","Africa Press-Senegal","Senegal"],"articleSection":["Parties","Toutes les actualit\u00e9s"],"inLanguage":"fr-FR","potentialAction":[{"@type":"CommentAction","name":"Comment","target":["https:\/\/www.africa-press.net\/senegal\/parties\/pds-le-tour-de-force-reussi-par-lat-diop#respond"]}]},{"@type":"WebPage","@id":"https:\/\/www.africa-press.net\/senegal\/parties\/pds-le-tour-de-force-reussi-par-lat-diop","url":"https:\/\/www.africa-press.net\/senegal\/parties\/pds-le-tour-de-force-reussi-par-lat-diop","name":"PDS : le tour de force r\u00e9ussi par Lat Diop - Senegal","isPartOf":{"@id":"https:\/\/www.africa-press.net\/senegal\/#website"},"primaryImageOfPage":{"@id":"https:\/\/www.africa-press.net\/senegal\/parties\/pds-le-tour-de-force-reussi-par-lat-diop#primaryimage"},"image":{"@id":"https:\/\/www.africa-press.net\/senegal\/parties\/pds-le-tour-de-force-reussi-par-lat-diop#primaryimage"},"thumbnailUrl":"https:\/\/static.africa-press.net\/senegal\/sites\/13\/2024\/03\/sm_1711230101.448761.jpg","datePublished":"2024-03-23T12:00:57+00:00","dateModified":"2024-03-24T02:13:51+00:00","author":{"@id":"https:\/\/www.africa-press.net\/senegal\/#\/schema\/person\/2b1cf3cd81a31e3cd26889ca66d677f1"},"description":"Ce samedi, a\u0300 24 heures de la Pre\u0301sidentielle du 24 mars, une rencontre est pre\u0301vue entre le Secre\u0301taire ge\u0301ne\u0301ral natio ...","breadcrumb":{"@id":"https:\/\/www.africa-press.net\/senegal\/parties\/pds-le-tour-de-force-reussi-par-lat-diop#breadcrumb"},"inLanguage":"fr-FR","potentialAction":[{"@type":"ReadAction","target":["https:\/\/www.africa-press.net\/senegal\/parties\/pds-le-tour-de-force-reussi-par-lat-diop"]}]},{"@type":"ImageObject","inLanguage":"fr-FR","@id":"https:\/\/www.africa-press.net\/senegal\/parties\/pds-le-tour-de-force-reussi-par-lat-diop#primaryimage","url":"https:\/\/static.africa-press.net\/senegal\/sites\/13\/2024\/03\/sm_1711230101.448761.jpg","contentUrl":"https:\/\/static.africa-press.net\/senegal\/sites\/13\/2024\/03\/sm_1711230101.448761.jpg","width":1301,"height":635,"caption":"PDS : le tour de force r\u00e9ussi par Lat Diop"},{"@type":"BreadcrumbList","@id":"https:\/\/www.africa-press.net\/senegal\/parties\/pds-le-tour-de-force-reussi-par-lat-diop#breadcrumb","itemListElement":[{"@type":"ListItem","position":1,"name":"Accueil","item":"https:\/\/www.africa-press.net\/senegal\/"},{"@type":"ListItem","position":2,"name":"PDS : le tour de force r\u00e9ussi par Lat Diop"}]},{"@type":"WebSite","@id":"https:\/\/www.africa-press.net\/senegal\/#website","url":"https:\/\/www.africa-press.net\/senegal\/","name":"Africa Press | Senegal | Homepage","description":"Just another Africa News Agency Sites site","potentialAction":[{"@type":"SearchAction","target":{"@type":"EntryPoint","urlTemplate":"https:\/\/www.africa-press.net\/senegal\/?s={search_term_string}"},"query-input":{"@type":"PropertyValueSpecification","valueRequired":true,"valueName":"search_term_string"}}],"inLanguage":"fr-FR"},{"@type":"Person","@id":"https:\/\/www.africa-press.net\/senegal\/#\/schema\/person\/2b1cf3cd81a31e3cd26889ca66d677f1","name":"cfeditorfr","url":"https:\/\/www.africa-press.net\/senegal\/author\/cfeditorfr"}]}},"_links":{"self":[{"href":"https:\/\/www.africa-press.net\/senegal\/wp-json\/wp\/v2\/posts\/57310","targetHints":{"allow":["GET"]}}],"collection":[{"href":"https:\/\/www.africa-press.net\/senegal\/wp-json\/wp\/v2\/posts"}],"about":[{"href":"https:\/\/www.africa-press.net\/senegal\/wp-json\/wp\/v2\/types\/post"}],"author":[{"embeddable":true,"href":"https:\/\/www.africa-press.net\/senegal\/wp-json\/wp\/v2\/users\/82"}],"replies":[{"embeddable":true,"href":"https:\/\/www.africa-press.net\/senegal\/wp-json\/wp\/v2\/comments?post=57310"}],"version-history":[{"count":0,"href":"https:\/\/www.africa-press.net\/senegal\/wp-json\/wp\/v2\/posts\/57310\/revisions"}],"wp:featuredmedia":[{"embeddable":true,"href":"https:\/\/www.africa-press.net\/senegal\/wp-json\/wp\/v2\/media\/57308"}],"wp:attachment":[{"href":"https:\/\/www.africa-press.net\/senegal\/wp-json\/wp\/v2\/media?parent=57310"}],"wp:term":[{"taxonomy":"category","embeddable":true,"href":"https:\/\/www.africa-press.net\/senegal\/wp-json\/wp\/v2\/categories?post=57310"},{"taxonomy":"post_tag","embeddable":true,"href":"https:\/\/www.africa-press.net\/senegal\/wp-json\/wp\/v2\/tags?post=57310"}],"curies":[{"name":"wp","href":"https:\/\/api.w.org\/{rel}","templated":true}]}}