{"id":57343,"date":"2024-03-24T10:35:27","date_gmt":"2024-03-24T10:35:27","guid":{"rendered":"https:\/\/www.africa-press.net\/senegal\/politique\/les-jeunes-invites-a-sinteresser-davantage-a-lecriture-de-scenarios"},"modified":"2024-03-24T12:07:11","modified_gmt":"2024-03-24T12:07:11","slug":"les-jeunes-invites-a-sinteresser-davantage-a-lecriture-de-scenarios","status":"publish","type":"post","link":"https:\/\/www.africa-press.net\/senegal\/culture-et-art\/les-jeunes-invites-a-sinteresser-davantage-a-lecriture-de-scenarios","title":{"rendered":"Les jeunes invit\u00e9s \u00e0 s\u2019int\u00e9resser davantage \u00e0 l\u2019\u00e9criture de sc\u00e9narios"},"content":{"rendered":"<p><span style=\"color: #ff6600\"><strong>Africa-Press &#8211; Senegal. <\/strong><\/span>Le ministre de la Culture, des Industries cre\u0301atives, du Patrimoine historique et des Loisirs, Aliou Sow, encourage les jeunes a\u0300 investir dans l\u2019e\u0301criture de sce\u0301narios, pour be\u0301ne\u0301ficier davantage des subventions du FOPICA, le Fonds de promotion de l\u2019industrie cine\u0301matographique et audiovisuelle.<\/p>\n<p>Aliou Sow pre\u0301sidait un atelier de partage sur les me\u0301tiers du cine\u0301ma et de l\u2019audiovisuel, une rencontre tenue jeudi a\u0300 Kaffrine, sous l\u2019e\u0301gide du de\u0301partement ministe\u0301riel qu\u2019il dirige, a\u0300 travers le Fonds de promotion de l\u2019industrie cine\u0301matographique et audiovisuelle.<\/p>\n<p>Dans son intervention, il a invite\u0301 les jeunes a\u0300 s\u2019investir davantage dans l\u2019e\u0301criture de sce\u0301narios, afin de pouvoir be\u0301ne\u0301ficier encore plus de subventions du FOPICA, assurant que \u201cl\u2019art nourrit son homme\u201d.<\/p>\n<p>\u201cDans la perspective d\u2019une industrie cine\u0301matographique et audiovisuelle que nous voulons installer durablement dans notre pays, il est essentiel que les diffe\u0301rents acteurs de la chai\u0302ne de cre\u0301ation et de production soient outille\u0301s techniquement pour pouvoir re\u0301pondre aux exigences et a\u0300 toute la rigueur que requie\u0300rent les me\u0301tiers du cine\u0301ma et de l\u2019audiovisuel\u201d, a-t-il dit a\u0300 des journalistes, au terme de la ce\u0301re\u0301monie d\u2019ouverture de cette session de formation.<\/p>\n<p>Diffe\u0301rents acteurs culturels de la re\u0301gion ont participe\u0301 a\u0300 cette session de formation.<\/p>\n<p>Selon Aliou Sow, la formation des jeunes est \u201cune action prioritaire\u201d du ministe\u0300re de la Culture, avec l\u2019apport du Fonds de promotion de l\u2019industrie cine\u0301matographique et audiovisuelle.<\/p>\n<p><img loading=\"lazy\" decoding=\"async\" width=\"1280\" height=\"583\" class=\"alignnone wp-image-57341 size-full\" src=\"https:\/\/static.africa-press.net\/senegal\/sites\/13\/2024\/03\/sm_1711265772.320546.jpg\" srcset=\"https:\/\/static.africa-press.net\/senegal\/sites\/13\/2024\/03\/sm_1711265772.320546.jpg 1280w, https:\/\/static.africa-press.net\/senegal\/sites\/13\/2024\/03\/sm_1711265772.320546-300x137.jpg 300w, https:\/\/static.africa-press.net\/senegal\/sites\/13\/2024\/03\/sm_1711265772.320546-1024x466.jpg 1024w, https:\/\/static.africa-press.net\/senegal\/sites\/13\/2024\/03\/sm_1711265772.320546-768x350.jpg 768w\" sizes=\"auto, (max-width: 1280px) 100vw, 1280px\" \/><\/p>\n<p>Le choix d\u2019insister sur la formation des jeunes, soutient-il, se trouve donc \u201cmotive\u0301 par un double enjeu\u201d, dont celui de mieux prendre en compte la proble\u0301matique de l\u2019employabilite\u0301 des jeunes et leurs compe\u0301tences.<\/p>\n<p>Cette session de formation ayant regroupe\u0301 vingt jeunes, issus des de\u0301partements de Kaffrine, Birkelane, Malem-Hodar et Koungheul, e\u0301tait assure\u0301e par le groupe Ibara TV, une structure audiovisuelle base\u0301e a\u0300 Goudomp, dans la re\u0301gion de Se\u0301dhiou (sud) et qui \u0153uvre dans le cine\u0301ma et l\u2019audiovisuel.<\/p>\n<p>Le ministre de la Culture a remis, a\u0300 cette occasion, une subvention de cinq millions de francs CFA a\u0300 la Fe\u0301de\u0301ration re\u0301gionale des acteurs culturels (FERAC), pour le de\u0301marrage de leurs activite\u0301s.<\/p>\n<p><strong>Pour plus d&rsquo;informations et d&rsquo;analyses sur la <a href=\"https:\/\/www.africa-press.net\/senegal\">Senegal<\/a>, suivez <a href=\"https:\/\/www.africa-press.net\/\">Africa-Press<\/a><\/strong><\/p>\n","protected":false},"excerpt":{"rendered":"<p>Africa-Press &#8211; Senegal. Le ministre de la Culture, des Industries cre\u0301atives, du Patrimoine historique et des Loisirs, Aliou Sow, encourage les jeunes a\u0300 investir dans l\u2019e\u0301criture de sce\u0301narios, pour be\u0301ne\u0301ficier davantage des subventions du FOPICA, le Fonds de promotion de l\u2019industrie cine\u0301matographique et audiovisuelle. Aliou Sow pre\u0301sidait un atelier de partage sur les me\u0301tiers du [&hellip;]<\/p>\n","protected":false},"author":82,"featured_media":57342,"comment_status":"open","ping_status":"closed","sticky":false,"template":"","format":"standard","meta":{"footnotes":""},"categories":[5,10],"tags":[43,47,44],"class_list":["post-57343","post","type-post","status-publish","format-standard","has-post-thumbnail","hentry","category-culture-et-art","category-toutes-les-actualites","tag-africa-press-2","tag-africa-press-senegal","tag-senegal-2"],"yoast_head":"<!-- This site is optimized with the Yoast SEO Premium plugin v26.1 (Yoast SEO v27.0) - https:\/\/yoast.com\/product\/yoast-seo-premium-wordpress\/ -->\n<title>Les jeunes invit\u00e9s \u00e0 s\u2019int\u00e9resser davantage \u00e0 l\u2019\u00e9criture de sc\u00e9narios - Senegal<\/title>\n<meta name=\"description\" content=\"Le ministre de la Culture, des Industries cre\u0301atives, du Patrimoine historique et des Loisirs, Aliou Sow, encourage les ...\" \/>\n<meta name=\"robots\" content=\"index, follow, max-snippet:-1, max-image-preview:large, max-video-preview:-1\" \/>\n<link rel=\"canonical\" href=\"https:\/\/www.africa-press.net\/senegal\/culture-et-art\/les-jeunes-invites-a-sinteresser-davantage-a-lecriture-de-scenarios\" \/>\n<meta property=\"og:locale\" content=\"fr_FR\" \/>\n<meta property=\"og:type\" content=\"article\" \/>\n<meta property=\"og:title\" content=\"Les jeunes invit\u00e9s \u00e0 s\u2019int\u00e9resser davantage \u00e0 l\u2019\u00e9criture de sc\u00e9narios\" \/>\n<meta property=\"og:description\" content=\"Le ministre de la Culture, des Industries cre\u0301atives, du Patrimoine historique et des Loisirs, Aliou Sow, encourage les ...\" \/>\n<meta property=\"og:url\" content=\"https:\/\/www.africa-press.net\/senegal\/culture-et-art\/les-jeunes-invites-a-sinteresser-davantage-a-lecriture-de-scenarios\" \/>\n<meta property=\"og:site_name\" content=\"Senegal\" \/>\n<meta property=\"article:published_time\" content=\"2024-03-24T10:35:27+00:00\" \/>\n<meta property=\"article:modified_time\" content=\"2024-03-24T12:07:11+00:00\" \/>\n<meta property=\"og:image\" content=\"https:\/\/static.africa-press.net\/senegal\/sites\/13\/2024\/03\/sm_1711265785.397281.jpg\" \/>\n\t<meta property=\"og:image:width\" content=\"1355\" \/>\n\t<meta property=\"og:image:height\" content=\"532\" \/>\n\t<meta property=\"og:image:type\" content=\"image\/jpeg\" \/>\n<meta name=\"author\" content=\"cfeditorfr\" \/>\n<meta name=\"twitter:card\" content=\"summary_large_image\" \/>\n<meta name=\"twitter:label1\" content=\"\u00c9crit par\" \/>\n\t<meta name=\"twitter:data1\" content=\"cfeditorfr\" \/>\n\t<meta name=\"twitter:label2\" content=\"Dur\u00e9e de lecture estim\u00e9e\" \/>\n\t<meta name=\"twitter:data2\" content=\"2 minutes\" \/>\n<script type=\"application\/ld+json\" class=\"yoast-schema-graph\">{\"@context\":\"https:\/\/schema.org\",\"@graph\":[{\"@type\":\"Article\",\"@id\":\"https:\/\/www.africa-press.net\/senegal\/culture-et-art\/les-jeunes-invites-a-sinteresser-davantage-a-lecriture-de-scenarios#article\",\"isPartOf\":{\"@id\":\"https:\/\/www.africa-press.net\/senegal\/culture-et-art\/les-jeunes-invites-a-sinteresser-davantage-a-lecriture-de-scenarios\"},\"author\":{\"name\":\"cfeditorfr\",\"@id\":\"https:\/\/www.africa-press.net\/senegal\/#\/schema\/person\/2b1cf3cd81a31e3cd26889ca66d677f1\"},\"headline\":\"Les jeunes invit\u00e9s \u00e0 s\u2019int\u00e9resser davantage \u00e0 l\u2019\u00e9criture de sc\u00e9narios\",\"datePublished\":\"2024-03-24T10:35:27+00:00\",\"dateModified\":\"2024-03-24T12:07:11+00:00\",\"mainEntityOfPage\":{\"@id\":\"https:\/\/www.africa-press.net\/senegal\/culture-et-art\/les-jeunes-invites-a-sinteresser-davantage-a-lecriture-de-scenarios\"},\"wordCount\":420,\"commentCount\":0,\"image\":{\"@id\":\"https:\/\/www.africa-press.net\/senegal\/culture-et-art\/les-jeunes-invites-a-sinteresser-davantage-a-lecriture-de-scenarios#primaryimage\"},\"thumbnailUrl\":\"https:\/\/static.africa-press.net\/senegal\/sites\/13\/2024\/03\/sm_1711265785.397281.jpg\",\"keywords\":[\"Africa Press\",\"Africa Press-Senegal\",\"Senegal\"],\"articleSection\":[\"Culture et Art\",\"Toutes les actualit\u00e9s\"],\"inLanguage\":\"fr-FR\",\"potentialAction\":[{\"@type\":\"CommentAction\",\"name\":\"Comment\",\"target\":[\"https:\/\/www.africa-press.net\/senegal\/culture-et-art\/les-jeunes-invites-a-sinteresser-davantage-a-lecriture-de-scenarios#respond\"]}]},{\"@type\":\"WebPage\",\"@id\":\"https:\/\/www.africa-press.net\/senegal\/culture-et-art\/les-jeunes-invites-a-sinteresser-davantage-a-lecriture-de-scenarios\",\"url\":\"https:\/\/www.africa-press.net\/senegal\/culture-et-art\/les-jeunes-invites-a-sinteresser-davantage-a-lecriture-de-scenarios\",\"name\":\"Les jeunes invit\u00e9s \u00e0 s\u2019int\u00e9resser davantage \u00e0 l\u2019\u00e9criture de sc\u00e9narios - Senegal\",\"isPartOf\":{\"@id\":\"https:\/\/www.africa-press.net\/senegal\/#website\"},\"primaryImageOfPage\":{\"@id\":\"https:\/\/www.africa-press.net\/senegal\/culture-et-art\/les-jeunes-invites-a-sinteresser-davantage-a-lecriture-de-scenarios#primaryimage\"},\"image\":{\"@id\":\"https:\/\/www.africa-press.net\/senegal\/culture-et-art\/les-jeunes-invites-a-sinteresser-davantage-a-lecriture-de-scenarios#primaryimage\"},\"thumbnailUrl\":\"https:\/\/static.africa-press.net\/senegal\/sites\/13\/2024\/03\/sm_1711265785.397281.jpg\",\"datePublished\":\"2024-03-24T10:35:27+00:00\",\"dateModified\":\"2024-03-24T12:07:11+00:00\",\"author\":{\"@id\":\"https:\/\/www.africa-press.net\/senegal\/#\/schema\/person\/2b1cf3cd81a31e3cd26889ca66d677f1\"},\"description\":\"Le ministre de la Culture, des Industries cre\u0301atives, du Patrimoine historique et des Loisirs, Aliou Sow, encourage les ...\",\"breadcrumb\":{\"@id\":\"https:\/\/www.africa-press.net\/senegal\/culture-et-art\/les-jeunes-invites-a-sinteresser-davantage-a-lecriture-de-scenarios#breadcrumb\"},\"inLanguage\":\"fr-FR\",\"potentialAction\":[{\"@type\":\"ReadAction\",\"target\":[\"https:\/\/www.africa-press.net\/senegal\/culture-et-art\/les-jeunes-invites-a-sinteresser-davantage-a-lecriture-de-scenarios\"]}]},{\"@type\":\"ImageObject\",\"inLanguage\":\"fr-FR\",\"@id\":\"https:\/\/www.africa-press.net\/senegal\/culture-et-art\/les-jeunes-invites-a-sinteresser-davantage-a-lecriture-de-scenarios#primaryimage\",\"url\":\"https:\/\/static.africa-press.net\/senegal\/sites\/13\/2024\/03\/sm_1711265785.397281.jpg\",\"contentUrl\":\"https:\/\/static.africa-press.net\/senegal\/sites\/13\/2024\/03\/sm_1711265785.397281.jpg\",\"width\":1355,\"height\":532,\"caption\":\"Les jeunes invit\u00e9s \u00e0 s\u2019int\u00e9resser davantage \u00e0 l\u2019\u00e9criture de sc\u00e9narios\"},{\"@type\":\"BreadcrumbList\",\"@id\":\"https:\/\/www.africa-press.net\/senegal\/culture-et-art\/les-jeunes-invites-a-sinteresser-davantage-a-lecriture-de-scenarios#breadcrumb\",\"itemListElement\":[{\"@type\":\"ListItem\",\"position\":1,\"name\":\"Accueil\",\"item\":\"https:\/\/www.africa-press.net\/senegal\/\"},{\"@type\":\"ListItem\",\"position\":2,\"name\":\"Les jeunes invit\u00e9s \u00e0 s\u2019int\u00e9resser davantage \u00e0 l\u2019\u00e9criture de sc\u00e9narios\"}]},{\"@type\":\"WebSite\",\"@id\":\"https:\/\/www.africa-press.net\/senegal\/#website\",\"url\":\"https:\/\/www.africa-press.net\/senegal\/\",\"name\":\"Africa Press | Senegal | Homepage\",\"description\":\"Just another Africa News Agency Sites site\",\"potentialAction\":[{\"@type\":\"SearchAction\",\"target\":{\"@type\":\"EntryPoint\",\"urlTemplate\":\"https:\/\/www.africa-press.net\/senegal\/?s={search_term_string}\"},\"query-input\":{\"@type\":\"PropertyValueSpecification\",\"valueRequired\":true,\"valueName\":\"search_term_string\"}}],\"inLanguage\":\"fr-FR\"},{\"@type\":\"Person\",\"@id\":\"https:\/\/www.africa-press.net\/senegal\/#\/schema\/person\/2b1cf3cd81a31e3cd26889ca66d677f1\",\"name\":\"cfeditorfr\",\"url\":\"https:\/\/www.africa-press.net\/senegal\/author\/cfeditorfr\"}]}<\/script>\n<!-- \/ Yoast SEO Premium plugin. -->","yoast_head_json":{"title":"Les jeunes invit\u00e9s \u00e0 s\u2019int\u00e9resser davantage \u00e0 l\u2019\u00e9criture de sc\u00e9narios - Senegal","description":"Le ministre de la Culture, des Industries cre\u0301atives, du Patrimoine historique et des Loisirs, Aliou Sow, encourage les ...","robots":{"index":"index","follow":"follow","max-snippet":"max-snippet:-1","max-image-preview":"max-image-preview:large","max-video-preview":"max-video-preview:-1"},"canonical":"https:\/\/www.africa-press.net\/senegal\/culture-et-art\/les-jeunes-invites-a-sinteresser-davantage-a-lecriture-de-scenarios","og_locale":"fr_FR","og_type":"article","og_title":"Les jeunes invit\u00e9s \u00e0 s\u2019int\u00e9resser davantage \u00e0 l\u2019\u00e9criture de sc\u00e9narios","og_description":"Le ministre de la Culture, des Industries cre\u0301atives, du Patrimoine historique et des Loisirs, Aliou Sow, encourage les ...","og_url":"https:\/\/www.africa-press.net\/senegal\/culture-et-art\/les-jeunes-invites-a-sinteresser-davantage-a-lecriture-de-scenarios","og_site_name":"Senegal","article_published_time":"2024-03-24T10:35:27+00:00","article_modified_time":"2024-03-24T12:07:11+00:00","og_image":[{"width":1355,"height":532,"url":"https:\/\/static.africa-press.net\/senegal\/sites\/13\/2024\/03\/sm_1711265785.397281.jpg","type":"image\/jpeg"}],"author":"cfeditorfr","twitter_card":"summary_large_image","twitter_misc":{"\u00c9crit par":"cfeditorfr","Dur\u00e9e de lecture estim\u00e9e":"2 minutes"},"schema":{"@context":"https:\/\/schema.org","@graph":[{"@type":"Article","@id":"https:\/\/www.africa-press.net\/senegal\/culture-et-art\/les-jeunes-invites-a-sinteresser-davantage-a-lecriture-de-scenarios#article","isPartOf":{"@id":"https:\/\/www.africa-press.net\/senegal\/culture-et-art\/les-jeunes-invites-a-sinteresser-davantage-a-lecriture-de-scenarios"},"author":{"name":"cfeditorfr","@id":"https:\/\/www.africa-press.net\/senegal\/#\/schema\/person\/2b1cf3cd81a31e3cd26889ca66d677f1"},"headline":"Les jeunes invit\u00e9s \u00e0 s\u2019int\u00e9resser davantage \u00e0 l\u2019\u00e9criture de sc\u00e9narios","datePublished":"2024-03-24T10:35:27+00:00","dateModified":"2024-03-24T12:07:11+00:00","mainEntityOfPage":{"@id":"https:\/\/www.africa-press.net\/senegal\/culture-et-art\/les-jeunes-invites-a-sinteresser-davantage-a-lecriture-de-scenarios"},"wordCount":420,"commentCount":0,"image":{"@id":"https:\/\/www.africa-press.net\/senegal\/culture-et-art\/les-jeunes-invites-a-sinteresser-davantage-a-lecriture-de-scenarios#primaryimage"},"thumbnailUrl":"https:\/\/static.africa-press.net\/senegal\/sites\/13\/2024\/03\/sm_1711265785.397281.jpg","keywords":["Africa Press","Africa Press-Senegal","Senegal"],"articleSection":["Culture et Art","Toutes les actualit\u00e9s"],"inLanguage":"fr-FR","potentialAction":[{"@type":"CommentAction","name":"Comment","target":["https:\/\/www.africa-press.net\/senegal\/culture-et-art\/les-jeunes-invites-a-sinteresser-davantage-a-lecriture-de-scenarios#respond"]}]},{"@type":"WebPage","@id":"https:\/\/www.africa-press.net\/senegal\/culture-et-art\/les-jeunes-invites-a-sinteresser-davantage-a-lecriture-de-scenarios","url":"https:\/\/www.africa-press.net\/senegal\/culture-et-art\/les-jeunes-invites-a-sinteresser-davantage-a-lecriture-de-scenarios","name":"Les jeunes invit\u00e9s \u00e0 s\u2019int\u00e9resser davantage \u00e0 l\u2019\u00e9criture de sc\u00e9narios - Senegal","isPartOf":{"@id":"https:\/\/www.africa-press.net\/senegal\/#website"},"primaryImageOfPage":{"@id":"https:\/\/www.africa-press.net\/senegal\/culture-et-art\/les-jeunes-invites-a-sinteresser-davantage-a-lecriture-de-scenarios#primaryimage"},"image":{"@id":"https:\/\/www.africa-press.net\/senegal\/culture-et-art\/les-jeunes-invites-a-sinteresser-davantage-a-lecriture-de-scenarios#primaryimage"},"thumbnailUrl":"https:\/\/static.africa-press.net\/senegal\/sites\/13\/2024\/03\/sm_1711265785.397281.jpg","datePublished":"2024-03-24T10:35:27+00:00","dateModified":"2024-03-24T12:07:11+00:00","author":{"@id":"https:\/\/www.africa-press.net\/senegal\/#\/schema\/person\/2b1cf3cd81a31e3cd26889ca66d677f1"},"description":"Le ministre de la Culture, des Industries cre\u0301atives, du Patrimoine historique et des Loisirs, Aliou Sow, encourage les ...","breadcrumb":{"@id":"https:\/\/www.africa-press.net\/senegal\/culture-et-art\/les-jeunes-invites-a-sinteresser-davantage-a-lecriture-de-scenarios#breadcrumb"},"inLanguage":"fr-FR","potentialAction":[{"@type":"ReadAction","target":["https:\/\/www.africa-press.net\/senegal\/culture-et-art\/les-jeunes-invites-a-sinteresser-davantage-a-lecriture-de-scenarios"]}]},{"@type":"ImageObject","inLanguage":"fr-FR","@id":"https:\/\/www.africa-press.net\/senegal\/culture-et-art\/les-jeunes-invites-a-sinteresser-davantage-a-lecriture-de-scenarios#primaryimage","url":"https:\/\/static.africa-press.net\/senegal\/sites\/13\/2024\/03\/sm_1711265785.397281.jpg","contentUrl":"https:\/\/static.africa-press.net\/senegal\/sites\/13\/2024\/03\/sm_1711265785.397281.jpg","width":1355,"height":532,"caption":"Les jeunes invit\u00e9s \u00e0 s\u2019int\u00e9resser davantage \u00e0 l\u2019\u00e9criture de sc\u00e9narios"},{"@type":"BreadcrumbList","@id":"https:\/\/www.africa-press.net\/senegal\/culture-et-art\/les-jeunes-invites-a-sinteresser-davantage-a-lecriture-de-scenarios#breadcrumb","itemListElement":[{"@type":"ListItem","position":1,"name":"Accueil","item":"https:\/\/www.africa-press.net\/senegal\/"},{"@type":"ListItem","position":2,"name":"Les jeunes invit\u00e9s \u00e0 s\u2019int\u00e9resser davantage \u00e0 l\u2019\u00e9criture de sc\u00e9narios"}]},{"@type":"WebSite","@id":"https:\/\/www.africa-press.net\/senegal\/#website","url":"https:\/\/www.africa-press.net\/senegal\/","name":"Africa Press | Senegal | Homepage","description":"Just another Africa News Agency Sites site","potentialAction":[{"@type":"SearchAction","target":{"@type":"EntryPoint","urlTemplate":"https:\/\/www.africa-press.net\/senegal\/?s={search_term_string}"},"query-input":{"@type":"PropertyValueSpecification","valueRequired":true,"valueName":"search_term_string"}}],"inLanguage":"fr-FR"},{"@type":"Person","@id":"https:\/\/www.africa-press.net\/senegal\/#\/schema\/person\/2b1cf3cd81a31e3cd26889ca66d677f1","name":"cfeditorfr","url":"https:\/\/www.africa-press.net\/senegal\/author\/cfeditorfr"}]}},"_links":{"self":[{"href":"https:\/\/www.africa-press.net\/senegal\/wp-json\/wp\/v2\/posts\/57343","targetHints":{"allow":["GET"]}}],"collection":[{"href":"https:\/\/www.africa-press.net\/senegal\/wp-json\/wp\/v2\/posts"}],"about":[{"href":"https:\/\/www.africa-press.net\/senegal\/wp-json\/wp\/v2\/types\/post"}],"author":[{"embeddable":true,"href":"https:\/\/www.africa-press.net\/senegal\/wp-json\/wp\/v2\/users\/82"}],"replies":[{"embeddable":true,"href":"https:\/\/www.africa-press.net\/senegal\/wp-json\/wp\/v2\/comments?post=57343"}],"version-history":[{"count":0,"href":"https:\/\/www.africa-press.net\/senegal\/wp-json\/wp\/v2\/posts\/57343\/revisions"}],"wp:featuredmedia":[{"embeddable":true,"href":"https:\/\/www.africa-press.net\/senegal\/wp-json\/wp\/v2\/media\/57342"}],"wp:attachment":[{"href":"https:\/\/www.africa-press.net\/senegal\/wp-json\/wp\/v2\/media?parent=57343"}],"wp:term":[{"taxonomy":"category","embeddable":true,"href":"https:\/\/www.africa-press.net\/senegal\/wp-json\/wp\/v2\/categories?post=57343"},{"taxonomy":"post_tag","embeddable":true,"href":"https:\/\/www.africa-press.net\/senegal\/wp-json\/wp\/v2\/tags?post=57343"}],"curies":[{"name":"wp","href":"https:\/\/api.w.org\/{rel}","templated":true}]}}