{"id":57345,"date":"2024-03-24T10:53:59","date_gmt":"2024-03-24T10:53:59","guid":{"rendered":"https:\/\/www.africa-press.net\/senegal\/politique\/abdou-karim-fofana-le-senegal-est-une-grande-democratie-et-le-vote-est-sacre"},"modified":"2024-03-24T19:02:20","modified_gmt":"2024-03-24T19:02:20","slug":"abdou-karim-fofana-le-senegal-est-une-grande-democratie-et-le-vote-est-sacre","status":"publish","type":"post","link":"https:\/\/www.africa-press.net\/senegal\/politique\/abdou-karim-fofana-le-senegal-est-une-grande-democratie-et-le-vote-est-sacre","title":{"rendered":"Abdou Karim Fofana : \u201cLe S\u00e9n\u00e9gal est une grande d\u00e9mocratie et le vote est sacr\u00e9\u201d"},"content":{"rendered":"<p><span style=\"color: #ff6600\"><strong>Africa-Press &#8211; Senegal. <\/strong><\/span>Abdou Karim Fofana apre\u0300s avoir vote\u0301 ce dimanche au Point E, s\u2019est re\u0301joui de voir que le scrutin se passe pour le mieux. \u00abNous sommes satisfaits de voir que malgre\u0301 le Ramadan, les se\u0301ne\u0301galais sont sortis voter. Le Se\u0301ne\u0301gal est une grande de\u0301mocratie et le vote est sacre\u0301, c\u2019est une tradition \u00bb, de\u0301clare-t-il.<\/p>\n<p>Pour le ministre du Commerce et porte-parole du gouvernement, dans quelques heures, les re\u0301sultats de certains pays de la Diaspora vont tomber. \u00ab Au-dela\u0300 du scrutin, nous aurons dans l\u2019apre\u0300s-midi les re\u0301sultats de la Diaspora et tout se passera dans la transparence \u00bb, rassure-t-il.<\/p>\n<p>Il demande aux acteurs politiques de s\u2019abstenir de donner les re\u0301sultats qui leurs seront favorables. \u00abLes re\u0301sultats de la Diaspora seuls ne suffisent pas pour de\u0301terminer la tendance\u00bb, tranche-t-il.<\/p>\n<p><strong>Pour plus d&rsquo;informations et d&rsquo;analyses sur la <a href=\"https:\/\/www.africa-press.net\/senegal\">Senegal<\/a>, suivez <a href=\"https:\/\/www.africa-press.net\/\">Africa-Press<\/a><\/strong><\/p>\n","protected":false},"excerpt":{"rendered":"<p>Africa-Press &#8211; Senegal. Abdou Karim Fofana apre\u0300s avoir vote\u0301 ce dimanche au Point E, s\u2019est re\u0301joui de voir que le scrutin se passe pour le mieux. \u00abNous sommes satisfaits de voir que malgre\u0301 le Ramadan, les se\u0301ne\u0301galais sont sortis voter. Le Se\u0301ne\u0301gal est une grande de\u0301mocratie et le vote est sacre\u0301, c\u2019est une tradition \u00bb, [&hellip;]<\/p>\n","protected":false},"author":82,"featured_media":57344,"comment_status":"open","ping_status":"closed","sticky":false,"template":"","format":"standard","meta":{"footnotes":""},"categories":[2,10],"tags":[43,47,44],"class_list":["post-57345","post","type-post","status-publish","format-standard","has-post-thumbnail","hentry","category-politique","category-toutes-les-actualites","tag-africa-press-2","tag-africa-press-senegal","tag-senegal-2"],"yoast_head":"<!-- This site is optimized with the Yoast SEO Premium plugin v26.1 (Yoast SEO v27.0) - https:\/\/yoast.com\/product\/yoast-seo-premium-wordpress\/ -->\n<title>Abdou Karim Fofana : \u201cLe S\u00e9n\u00e9gal est une grande d\u00e9mocratie et le vote est sacr\u00e9\u201d - Senegal<\/title>\n<meta name=\"description\" content=\"Abdou Karim Fofana apre\u0300s avoir vote\u0301 ce dimanche au Point E, s\u2019est re\u0301joui de voir que le scrutin se passe pour le mieu ...\" \/>\n<meta name=\"robots\" content=\"index, follow, max-snippet:-1, max-image-preview:large, max-video-preview:-1\" \/>\n<link rel=\"canonical\" href=\"https:\/\/www.africa-press.net\/senegal\/politique\/abdou-karim-fofana-le-senegal-est-une-grande-democratie-et-le-vote-est-sacre\" \/>\n<meta property=\"og:locale\" content=\"fr_FR\" \/>\n<meta property=\"og:type\" content=\"article\" \/>\n<meta property=\"og:title\" content=\"Abdou Karim Fofana : \u201cLe S\u00e9n\u00e9gal est une grande d\u00e9mocratie et le vote est sacr\u00e9\u201d\" \/>\n<meta property=\"og:description\" content=\"Abdou Karim Fofana apre\u0300s avoir vote\u0301 ce dimanche au Point E, s\u2019est re\u0301joui de voir que le scrutin se passe pour le mieu ...\" \/>\n<meta property=\"og:url\" content=\"https:\/\/www.africa-press.net\/senegal\/politique\/abdou-karim-fofana-le-senegal-est-une-grande-democratie-et-le-vote-est-sacre\" \/>\n<meta property=\"og:site_name\" content=\"Senegal\" \/>\n<meta property=\"article:published_time\" content=\"2024-03-24T10:53:59+00:00\" \/>\n<meta property=\"article:modified_time\" content=\"2024-03-24T19:02:20+00:00\" \/>\n<meta property=\"og:image\" content=\"https:\/\/static.africa-press.net\/senegal\/sites\/13\/2024\/03\/sm_1711265809.334654.jpg\" \/>\n\t<meta property=\"og:image:width\" content=\"1292\" \/>\n\t<meta property=\"og:image:height\" content=\"633\" \/>\n\t<meta property=\"og:image:type\" content=\"image\/jpeg\" \/>\n<meta name=\"author\" content=\"cfeditorfr\" \/>\n<meta name=\"twitter:card\" content=\"summary_large_image\" \/>\n<meta name=\"twitter:label1\" content=\"\u00c9crit par\" \/>\n\t<meta name=\"twitter:data1\" content=\"cfeditorfr\" \/>\n\t<meta name=\"twitter:label2\" content=\"Dur\u00e9e de lecture estim\u00e9e\" \/>\n\t<meta name=\"twitter:data2\" content=\"1 minute\" \/>\n<script type=\"application\/ld+json\" class=\"yoast-schema-graph\">{\"@context\":\"https:\/\/schema.org\",\"@graph\":[{\"@type\":\"Article\",\"@id\":\"https:\/\/www.africa-press.net\/senegal\/politique\/abdou-karim-fofana-le-senegal-est-une-grande-democratie-et-le-vote-est-sacre#article\",\"isPartOf\":{\"@id\":\"https:\/\/www.africa-press.net\/senegal\/politique\/abdou-karim-fofana-le-senegal-est-une-grande-democratie-et-le-vote-est-sacre\"},\"author\":{\"name\":\"cfeditorfr\",\"@id\":\"https:\/\/www.africa-press.net\/senegal\/#\/schema\/person\/2b1cf3cd81a31e3cd26889ca66d677f1\"},\"headline\":\"Abdou Karim Fofana : \u201cLe S\u00e9n\u00e9gal est une grande d\u00e9mocratie et le vote est sacr\u00e9\u201d\",\"datePublished\":\"2024-03-24T10:53:59+00:00\",\"dateModified\":\"2024-03-24T19:02:20+00:00\",\"mainEntityOfPage\":{\"@id\":\"https:\/\/www.africa-press.net\/senegal\/politique\/abdou-karim-fofana-le-senegal-est-une-grande-democratie-et-le-vote-est-sacre\"},\"wordCount\":173,\"commentCount\":0,\"image\":{\"@id\":\"https:\/\/www.africa-press.net\/senegal\/politique\/abdou-karim-fofana-le-senegal-est-une-grande-democratie-et-le-vote-est-sacre#primaryimage\"},\"thumbnailUrl\":\"https:\/\/static.africa-press.net\/senegal\/sites\/13\/2024\/03\/sm_1711265809.334654.jpg\",\"keywords\":[\"Africa Press\",\"Africa Press-Senegal\",\"Senegal\"],\"articleSection\":[\"Politique\",\"Toutes les actualit\u00e9s\"],\"inLanguage\":\"fr-FR\",\"potentialAction\":[{\"@type\":\"CommentAction\",\"name\":\"Comment\",\"target\":[\"https:\/\/www.africa-press.net\/senegal\/politique\/abdou-karim-fofana-le-senegal-est-une-grande-democratie-et-le-vote-est-sacre#respond\"]}]},{\"@type\":\"WebPage\",\"@id\":\"https:\/\/www.africa-press.net\/senegal\/politique\/abdou-karim-fofana-le-senegal-est-une-grande-democratie-et-le-vote-est-sacre\",\"url\":\"https:\/\/www.africa-press.net\/senegal\/politique\/abdou-karim-fofana-le-senegal-est-une-grande-democratie-et-le-vote-est-sacre\",\"name\":\"Abdou Karim Fofana : \u201cLe S\u00e9n\u00e9gal est une grande d\u00e9mocratie et le vote est sacr\u00e9\u201d - Senegal\",\"isPartOf\":{\"@id\":\"https:\/\/www.africa-press.net\/senegal\/#website\"},\"primaryImageOfPage\":{\"@id\":\"https:\/\/www.africa-press.net\/senegal\/politique\/abdou-karim-fofana-le-senegal-est-une-grande-democratie-et-le-vote-est-sacre#primaryimage\"},\"image\":{\"@id\":\"https:\/\/www.africa-press.net\/senegal\/politique\/abdou-karim-fofana-le-senegal-est-une-grande-democratie-et-le-vote-est-sacre#primaryimage\"},\"thumbnailUrl\":\"https:\/\/static.africa-press.net\/senegal\/sites\/13\/2024\/03\/sm_1711265809.334654.jpg\",\"datePublished\":\"2024-03-24T10:53:59+00:00\",\"dateModified\":\"2024-03-24T19:02:20+00:00\",\"author\":{\"@id\":\"https:\/\/www.africa-press.net\/senegal\/#\/schema\/person\/2b1cf3cd81a31e3cd26889ca66d677f1\"},\"description\":\"Abdou Karim Fofana apre\u0300s avoir vote\u0301 ce dimanche au Point E, s\u2019est re\u0301joui de voir que le scrutin se passe pour le mieu ...\",\"breadcrumb\":{\"@id\":\"https:\/\/www.africa-press.net\/senegal\/politique\/abdou-karim-fofana-le-senegal-est-une-grande-democratie-et-le-vote-est-sacre#breadcrumb\"},\"inLanguage\":\"fr-FR\",\"potentialAction\":[{\"@type\":\"ReadAction\",\"target\":[\"https:\/\/www.africa-press.net\/senegal\/politique\/abdou-karim-fofana-le-senegal-est-une-grande-democratie-et-le-vote-est-sacre\"]}]},{\"@type\":\"ImageObject\",\"inLanguage\":\"fr-FR\",\"@id\":\"https:\/\/www.africa-press.net\/senegal\/politique\/abdou-karim-fofana-le-senegal-est-une-grande-democratie-et-le-vote-est-sacre#primaryimage\",\"url\":\"https:\/\/static.africa-press.net\/senegal\/sites\/13\/2024\/03\/sm_1711265809.334654.jpg\",\"contentUrl\":\"https:\/\/static.africa-press.net\/senegal\/sites\/13\/2024\/03\/sm_1711265809.334654.jpg\",\"width\":1292,\"height\":633,\"caption\":\"Abdou Karim Fofana : \u201cLe S\u00e9n\u00e9gal est une grande d\u00e9mocratie et le vote est sacr\u00e9\u201d\"},{\"@type\":\"BreadcrumbList\",\"@id\":\"https:\/\/www.africa-press.net\/senegal\/politique\/abdou-karim-fofana-le-senegal-est-une-grande-democratie-et-le-vote-est-sacre#breadcrumb\",\"itemListElement\":[{\"@type\":\"ListItem\",\"position\":1,\"name\":\"Accueil\",\"item\":\"https:\/\/www.africa-press.net\/senegal\/\"},{\"@type\":\"ListItem\",\"position\":2,\"name\":\"Abdou Karim Fofana : \u201cLe S\u00e9n\u00e9gal est une grande d\u00e9mocratie et le vote est sacr\u00e9\u201d\"}]},{\"@type\":\"WebSite\",\"@id\":\"https:\/\/www.africa-press.net\/senegal\/#website\",\"url\":\"https:\/\/www.africa-press.net\/senegal\/\",\"name\":\"Africa Press | Senegal | Homepage\",\"description\":\"Just another Africa News Agency Sites site\",\"potentialAction\":[{\"@type\":\"SearchAction\",\"target\":{\"@type\":\"EntryPoint\",\"urlTemplate\":\"https:\/\/www.africa-press.net\/senegal\/?s={search_term_string}\"},\"query-input\":{\"@type\":\"PropertyValueSpecification\",\"valueRequired\":true,\"valueName\":\"search_term_string\"}}],\"inLanguage\":\"fr-FR\"},{\"@type\":\"Person\",\"@id\":\"https:\/\/www.africa-press.net\/senegal\/#\/schema\/person\/2b1cf3cd81a31e3cd26889ca66d677f1\",\"name\":\"cfeditorfr\",\"url\":\"https:\/\/www.africa-press.net\/senegal\/author\/cfeditorfr\"}]}<\/script>\n<!-- \/ Yoast SEO Premium plugin. -->","yoast_head_json":{"title":"Abdou Karim Fofana : \u201cLe S\u00e9n\u00e9gal est une grande d\u00e9mocratie et le vote est sacr\u00e9\u201d - Senegal","description":"Abdou Karim Fofana apre\u0300s avoir vote\u0301 ce dimanche au Point E, s\u2019est re\u0301joui de voir que le scrutin se passe pour le mieu ...","robots":{"index":"index","follow":"follow","max-snippet":"max-snippet:-1","max-image-preview":"max-image-preview:large","max-video-preview":"max-video-preview:-1"},"canonical":"https:\/\/www.africa-press.net\/senegal\/politique\/abdou-karim-fofana-le-senegal-est-une-grande-democratie-et-le-vote-est-sacre","og_locale":"fr_FR","og_type":"article","og_title":"Abdou Karim Fofana : \u201cLe S\u00e9n\u00e9gal est une grande d\u00e9mocratie et le vote est sacr\u00e9\u201d","og_description":"Abdou Karim Fofana apre\u0300s avoir vote\u0301 ce dimanche au Point E, s\u2019est re\u0301joui de voir que le scrutin se passe pour le mieu ...","og_url":"https:\/\/www.africa-press.net\/senegal\/politique\/abdou-karim-fofana-le-senegal-est-une-grande-democratie-et-le-vote-est-sacre","og_site_name":"Senegal","article_published_time":"2024-03-24T10:53:59+00:00","article_modified_time":"2024-03-24T19:02:20+00:00","og_image":[{"width":1292,"height":633,"url":"https:\/\/static.africa-press.net\/senegal\/sites\/13\/2024\/03\/sm_1711265809.334654.jpg","type":"image\/jpeg"}],"author":"cfeditorfr","twitter_card":"summary_large_image","twitter_misc":{"\u00c9crit par":"cfeditorfr","Dur\u00e9e de lecture estim\u00e9e":"1 minute"},"schema":{"@context":"https:\/\/schema.org","@graph":[{"@type":"Article","@id":"https:\/\/www.africa-press.net\/senegal\/politique\/abdou-karim-fofana-le-senegal-est-une-grande-democratie-et-le-vote-est-sacre#article","isPartOf":{"@id":"https:\/\/www.africa-press.net\/senegal\/politique\/abdou-karim-fofana-le-senegal-est-une-grande-democratie-et-le-vote-est-sacre"},"author":{"name":"cfeditorfr","@id":"https:\/\/www.africa-press.net\/senegal\/#\/schema\/person\/2b1cf3cd81a31e3cd26889ca66d677f1"},"headline":"Abdou Karim Fofana : \u201cLe S\u00e9n\u00e9gal est une grande d\u00e9mocratie et le vote est sacr\u00e9\u201d","datePublished":"2024-03-24T10:53:59+00:00","dateModified":"2024-03-24T19:02:20+00:00","mainEntityOfPage":{"@id":"https:\/\/www.africa-press.net\/senegal\/politique\/abdou-karim-fofana-le-senegal-est-une-grande-democratie-et-le-vote-est-sacre"},"wordCount":173,"commentCount":0,"image":{"@id":"https:\/\/www.africa-press.net\/senegal\/politique\/abdou-karim-fofana-le-senegal-est-une-grande-democratie-et-le-vote-est-sacre#primaryimage"},"thumbnailUrl":"https:\/\/static.africa-press.net\/senegal\/sites\/13\/2024\/03\/sm_1711265809.334654.jpg","keywords":["Africa Press","Africa Press-Senegal","Senegal"],"articleSection":["Politique","Toutes les actualit\u00e9s"],"inLanguage":"fr-FR","potentialAction":[{"@type":"CommentAction","name":"Comment","target":["https:\/\/www.africa-press.net\/senegal\/politique\/abdou-karim-fofana-le-senegal-est-une-grande-democratie-et-le-vote-est-sacre#respond"]}]},{"@type":"WebPage","@id":"https:\/\/www.africa-press.net\/senegal\/politique\/abdou-karim-fofana-le-senegal-est-une-grande-democratie-et-le-vote-est-sacre","url":"https:\/\/www.africa-press.net\/senegal\/politique\/abdou-karim-fofana-le-senegal-est-une-grande-democratie-et-le-vote-est-sacre","name":"Abdou Karim Fofana : \u201cLe S\u00e9n\u00e9gal est une grande d\u00e9mocratie et le vote est sacr\u00e9\u201d - Senegal","isPartOf":{"@id":"https:\/\/www.africa-press.net\/senegal\/#website"},"primaryImageOfPage":{"@id":"https:\/\/www.africa-press.net\/senegal\/politique\/abdou-karim-fofana-le-senegal-est-une-grande-democratie-et-le-vote-est-sacre#primaryimage"},"image":{"@id":"https:\/\/www.africa-press.net\/senegal\/politique\/abdou-karim-fofana-le-senegal-est-une-grande-democratie-et-le-vote-est-sacre#primaryimage"},"thumbnailUrl":"https:\/\/static.africa-press.net\/senegal\/sites\/13\/2024\/03\/sm_1711265809.334654.jpg","datePublished":"2024-03-24T10:53:59+00:00","dateModified":"2024-03-24T19:02:20+00:00","author":{"@id":"https:\/\/www.africa-press.net\/senegal\/#\/schema\/person\/2b1cf3cd81a31e3cd26889ca66d677f1"},"description":"Abdou Karim Fofana apre\u0300s avoir vote\u0301 ce dimanche au Point E, s\u2019est re\u0301joui de voir que le scrutin se passe pour le mieu ...","breadcrumb":{"@id":"https:\/\/www.africa-press.net\/senegal\/politique\/abdou-karim-fofana-le-senegal-est-une-grande-democratie-et-le-vote-est-sacre#breadcrumb"},"inLanguage":"fr-FR","potentialAction":[{"@type":"ReadAction","target":["https:\/\/www.africa-press.net\/senegal\/politique\/abdou-karim-fofana-le-senegal-est-une-grande-democratie-et-le-vote-est-sacre"]}]},{"@type":"ImageObject","inLanguage":"fr-FR","@id":"https:\/\/www.africa-press.net\/senegal\/politique\/abdou-karim-fofana-le-senegal-est-une-grande-democratie-et-le-vote-est-sacre#primaryimage","url":"https:\/\/static.africa-press.net\/senegal\/sites\/13\/2024\/03\/sm_1711265809.334654.jpg","contentUrl":"https:\/\/static.africa-press.net\/senegal\/sites\/13\/2024\/03\/sm_1711265809.334654.jpg","width":1292,"height":633,"caption":"Abdou Karim Fofana : \u201cLe S\u00e9n\u00e9gal est une grande d\u00e9mocratie et le vote est sacr\u00e9\u201d"},{"@type":"BreadcrumbList","@id":"https:\/\/www.africa-press.net\/senegal\/politique\/abdou-karim-fofana-le-senegal-est-une-grande-democratie-et-le-vote-est-sacre#breadcrumb","itemListElement":[{"@type":"ListItem","position":1,"name":"Accueil","item":"https:\/\/www.africa-press.net\/senegal\/"},{"@type":"ListItem","position":2,"name":"Abdou Karim Fofana : \u201cLe S\u00e9n\u00e9gal est une grande d\u00e9mocratie et le vote est sacr\u00e9\u201d"}]},{"@type":"WebSite","@id":"https:\/\/www.africa-press.net\/senegal\/#website","url":"https:\/\/www.africa-press.net\/senegal\/","name":"Africa Press | Senegal | Homepage","description":"Just another Africa News Agency Sites site","potentialAction":[{"@type":"SearchAction","target":{"@type":"EntryPoint","urlTemplate":"https:\/\/www.africa-press.net\/senegal\/?s={search_term_string}"},"query-input":{"@type":"PropertyValueSpecification","valueRequired":true,"valueName":"search_term_string"}}],"inLanguage":"fr-FR"},{"@type":"Person","@id":"https:\/\/www.africa-press.net\/senegal\/#\/schema\/person\/2b1cf3cd81a31e3cd26889ca66d677f1","name":"cfeditorfr","url":"https:\/\/www.africa-press.net\/senegal\/author\/cfeditorfr"}]}},"_links":{"self":[{"href":"https:\/\/www.africa-press.net\/senegal\/wp-json\/wp\/v2\/posts\/57345","targetHints":{"allow":["GET"]}}],"collection":[{"href":"https:\/\/www.africa-press.net\/senegal\/wp-json\/wp\/v2\/posts"}],"about":[{"href":"https:\/\/www.africa-press.net\/senegal\/wp-json\/wp\/v2\/types\/post"}],"author":[{"embeddable":true,"href":"https:\/\/www.africa-press.net\/senegal\/wp-json\/wp\/v2\/users\/82"}],"replies":[{"embeddable":true,"href":"https:\/\/www.africa-press.net\/senegal\/wp-json\/wp\/v2\/comments?post=57345"}],"version-history":[{"count":0,"href":"https:\/\/www.africa-press.net\/senegal\/wp-json\/wp\/v2\/posts\/57345\/revisions"}],"wp:featuredmedia":[{"embeddable":true,"href":"https:\/\/www.africa-press.net\/senegal\/wp-json\/wp\/v2\/media\/57344"}],"wp:attachment":[{"href":"https:\/\/www.africa-press.net\/senegal\/wp-json\/wp\/v2\/media?parent=57345"}],"wp:term":[{"taxonomy":"category","embeddable":true,"href":"https:\/\/www.africa-press.net\/senegal\/wp-json\/wp\/v2\/categories?post=57345"},{"taxonomy":"post_tag","embeddable":true,"href":"https:\/\/www.africa-press.net\/senegal\/wp-json\/wp\/v2\/tags?post=57345"}],"curies":[{"name":"wp","href":"https:\/\/api.w.org\/{rel}","templated":true}]}}