{"id":57362,"date":"2024-03-24T17:00:58","date_gmt":"2024-03-24T17:00:58","guid":{"rendered":"https:\/\/www.africa-press.net\/senegal\/politique\/le-president-de-la-cena-salue-la-forte-participation-des-electeurs"},"modified":"2024-03-24T19:14:02","modified_gmt":"2024-03-24T19:14:02","slug":"le-president-de-la-cena-salue-la-forte-participation-des-electeurs","status":"publish","type":"post","link":"https:\/\/www.africa-press.net\/senegal\/politique\/le-president-de-la-cena-salue-la-forte-participation-des-electeurs","title":{"rendered":"Le pr\u00e9sident de la CENA salue la forte participation des \u00e9lecteurs"},"content":{"rendered":"<p><span style=\"color: #ff6600\"><strong>Africa-Press &#8211; Senegal. <\/strong><\/span>Le pre\u0301sident de la Commission e\u0301lectorale nationale autonome (CENA), Abdoulaye Sylla, a salue\u0301 la forte participation des e\u0301lecteurs au scrutin pre\u0301sidentiel de ce dimanche, 24 mars.<\/p>\n<p>\u2018\u2019Nous avons fait le tour des de\u0301partements de Dakar ce que nous nous constatons de prime abord est que le niveau de fre\u0301quentation est tre\u0300s e\u0301leve\u0301 de 42% a\u0300 mi-parcours dans les bureaux que nous avons visite\u0301. Nous nous re\u0301jouissons de cette forte participation et nous espe\u0301rons que la cadence sera maintenue sur le reste de la journe\u0301e\u2019\u2019, a-t-il de\u0301clare\u0301.<\/p>\n<p>M. Sylla s\u2019exprimait a\u0300 l\u2019issue de sa tourne\u0301e dans les lieux de vote des de\u0301partements de Keur Massar, Gue\u0301diawaye, Pikine et Dakar.<\/p>\n<p>Il a assure\u0301 que les gens sont venus nombreux, font la queue paisiblement, effectuent leur droit citoyen et rentrent chez eux dans la paix\u201d.<\/p>\n<p>Cette e\u0301lection, dit-il, \u2018\u2019est historique car pour la premie\u0300re fois, nous avons un pre\u0301sident en exercice qui organise les e\u0301lections et qui ne participe pas\u201d. Il est revenu sur les \u201dpe\u0301ripe\u0301ties qui font que tout le monde nous regarde\u201d.<\/p>\n<p>\u2018\u2019Heureusement, les Se\u0301ne\u0301galais sont au rendez-vous et font honneur a\u0300 leur pays car dans les bureaux de vote, il y a rien de particulier a\u0300 signaler, du point de vue de l\u2019organisation par l\u2019autorite\u0301 administrative, du point de vue du contro\u0302le par la CENA et par les candidats. Et les candidats sont suffisamment repre\u0301sente\u0301s pour veiller a\u0300 ce que ce scrutin soit since\u0300re\u2019\u2019, a-t-il avance\u0301.<\/p>\n<p><strong>Pour plus d&rsquo;informations et d&rsquo;analyses sur la <a href=\"https:\/\/www.africa-press.net\/senegal\">Senegal<\/a>, suivez <a href=\"https:\/\/www.africa-press.net\/\">Africa-Press<\/a><\/strong><\/p>\n","protected":false},"excerpt":{"rendered":"<p>Africa-Press &#8211; Senegal. Le pre\u0301sident de la Commission e\u0301lectorale nationale autonome (CENA), Abdoulaye Sylla, a salue\u0301 la forte participation des e\u0301lecteurs au scrutin pre\u0301sidentiel de ce dimanche, 24 mars. \u2018\u2019Nous avons fait le tour des de\u0301partements de Dakar ce que nous nous constatons de prime abord est que le niveau de fre\u0301quentation est tre\u0300s e\u0301leve\u0301 [&hellip;]<\/p>\n","protected":false},"author":82,"featured_media":57361,"comment_status":"open","ping_status":"closed","sticky":false,"template":"","format":"standard","meta":{"footnotes":""},"categories":[2,20,10],"tags":[43,47,44],"class_list":["post-57362","post","type-post","status-publish","format-standard","has-post-thumbnail","hentry","category-politique","category-top-nouvelles","category-toutes-les-actualites","tag-africa-press-2","tag-africa-press-senegal","tag-senegal-2"],"yoast_head":"<!-- This site is optimized with the Yoast SEO Premium plugin v26.1 (Yoast SEO v27.0) - https:\/\/yoast.com\/product\/yoast-seo-premium-wordpress\/ -->\n<title>Le pr\u00e9sident de la CENA salue la forte participation des \u00e9lecteurs - Senegal<\/title>\n<meta name=\"description\" content=\"Le pre\u0301sident de la Commission e\u0301lectorale nationale autonome (CENA), Abdoulaye Sylla, a salue\u0301 la forte participation d ...\" \/>\n<meta name=\"robots\" content=\"index, follow, max-snippet:-1, max-image-preview:large, max-video-preview:-1\" \/>\n<link rel=\"canonical\" href=\"https:\/\/www.africa-press.net\/senegal\/politique\/le-president-de-la-cena-salue-la-forte-participation-des-electeurs\" \/>\n<meta property=\"og:locale\" content=\"fr_FR\" \/>\n<meta property=\"og:type\" content=\"article\" \/>\n<meta property=\"og:title\" content=\"Le pr\u00e9sident de la CENA salue la forte participation des \u00e9lecteurs\" \/>\n<meta property=\"og:description\" content=\"Le pre\u0301sident de la Commission e\u0301lectorale nationale autonome (CENA), Abdoulaye Sylla, a salue\u0301 la forte participation d ...\" \/>\n<meta property=\"og:url\" content=\"https:\/\/www.africa-press.net\/senegal\/politique\/le-president-de-la-cena-salue-la-forte-participation-des-electeurs\" \/>\n<meta property=\"og:site_name\" content=\"Senegal\" \/>\n<meta property=\"article:published_time\" content=\"2024-03-24T17:00:58+00:00\" \/>\n<meta property=\"article:modified_time\" content=\"2024-03-24T19:14:02+00:00\" \/>\n<meta property=\"og:image\" content=\"https:\/\/static.africa-press.net\/senegal\/sites\/13\/2024\/03\/sm_1711291336.524781.jpg\" \/>\n\t<meta property=\"og:image:width\" content=\"1280\" \/>\n\t<meta property=\"og:image:height\" content=\"720\" \/>\n\t<meta property=\"og:image:type\" content=\"image\/jpeg\" \/>\n<meta name=\"author\" content=\"cfeditorfr\" \/>\n<meta name=\"twitter:card\" content=\"summary_large_image\" \/>\n<meta name=\"twitter:label1\" content=\"\u00c9crit par\" \/>\n\t<meta name=\"twitter:data1\" content=\"cfeditorfr\" \/>\n\t<meta name=\"twitter:label2\" content=\"Dur\u00e9e de lecture estim\u00e9e\" \/>\n\t<meta name=\"twitter:data2\" content=\"1 minute\" \/>\n<script type=\"application\/ld+json\" class=\"yoast-schema-graph\">{\"@context\":\"https:\/\/schema.org\",\"@graph\":[{\"@type\":\"Article\",\"@id\":\"https:\/\/www.africa-press.net\/senegal\/politique\/le-president-de-la-cena-salue-la-forte-participation-des-electeurs#article\",\"isPartOf\":{\"@id\":\"https:\/\/www.africa-press.net\/senegal\/politique\/le-president-de-la-cena-salue-la-forte-participation-des-electeurs\"},\"author\":{\"name\":\"cfeditorfr\",\"@id\":\"https:\/\/www.africa-press.net\/senegal\/#\/schema\/person\/2b1cf3cd81a31e3cd26889ca66d677f1\"},\"headline\":\"Le pr\u00e9sident de la CENA salue la forte participation des \u00e9lecteurs\",\"datePublished\":\"2024-03-24T17:00:58+00:00\",\"dateModified\":\"2024-03-24T19:14:02+00:00\",\"mainEntityOfPage\":{\"@id\":\"https:\/\/www.africa-press.net\/senegal\/politique\/le-president-de-la-cena-salue-la-forte-participation-des-electeurs\"},\"wordCount\":292,\"commentCount\":0,\"image\":{\"@id\":\"https:\/\/www.africa-press.net\/senegal\/politique\/le-president-de-la-cena-salue-la-forte-participation-des-electeurs#primaryimage\"},\"thumbnailUrl\":\"https:\/\/static.africa-press.net\/senegal\/sites\/13\/2024\/03\/sm_1711291336.524781.jpg\",\"keywords\":[\"Africa Press\",\"Africa Press-Senegal\",\"Senegal\"],\"articleSection\":[\"Politique\",\"Top Nouvelles\",\"Toutes les actualit\u00e9s\"],\"inLanguage\":\"fr-FR\",\"potentialAction\":[{\"@type\":\"CommentAction\",\"name\":\"Comment\",\"target\":[\"https:\/\/www.africa-press.net\/senegal\/politique\/le-president-de-la-cena-salue-la-forte-participation-des-electeurs#respond\"]}]},{\"@type\":\"WebPage\",\"@id\":\"https:\/\/www.africa-press.net\/senegal\/politique\/le-president-de-la-cena-salue-la-forte-participation-des-electeurs\",\"url\":\"https:\/\/www.africa-press.net\/senegal\/politique\/le-president-de-la-cena-salue-la-forte-participation-des-electeurs\",\"name\":\"Le pr\u00e9sident de la CENA salue la forte participation des \u00e9lecteurs - Senegal\",\"isPartOf\":{\"@id\":\"https:\/\/www.africa-press.net\/senegal\/#website\"},\"primaryImageOfPage\":{\"@id\":\"https:\/\/www.africa-press.net\/senegal\/politique\/le-president-de-la-cena-salue-la-forte-participation-des-electeurs#primaryimage\"},\"image\":{\"@id\":\"https:\/\/www.africa-press.net\/senegal\/politique\/le-president-de-la-cena-salue-la-forte-participation-des-electeurs#primaryimage\"},\"thumbnailUrl\":\"https:\/\/static.africa-press.net\/senegal\/sites\/13\/2024\/03\/sm_1711291336.524781.jpg\",\"datePublished\":\"2024-03-24T17:00:58+00:00\",\"dateModified\":\"2024-03-24T19:14:02+00:00\",\"author\":{\"@id\":\"https:\/\/www.africa-press.net\/senegal\/#\/schema\/person\/2b1cf3cd81a31e3cd26889ca66d677f1\"},\"description\":\"Le pre\u0301sident de la Commission e\u0301lectorale nationale autonome (CENA), Abdoulaye Sylla, a salue\u0301 la forte participation d ...\",\"breadcrumb\":{\"@id\":\"https:\/\/www.africa-press.net\/senegal\/politique\/le-president-de-la-cena-salue-la-forte-participation-des-electeurs#breadcrumb\"},\"inLanguage\":\"fr-FR\",\"potentialAction\":[{\"@type\":\"ReadAction\",\"target\":[\"https:\/\/www.africa-press.net\/senegal\/politique\/le-president-de-la-cena-salue-la-forte-participation-des-electeurs\"]}]},{\"@type\":\"ImageObject\",\"inLanguage\":\"fr-FR\",\"@id\":\"https:\/\/www.africa-press.net\/senegal\/politique\/le-president-de-la-cena-salue-la-forte-participation-des-electeurs#primaryimage\",\"url\":\"https:\/\/static.africa-press.net\/senegal\/sites\/13\/2024\/03\/sm_1711291336.524781.jpg\",\"contentUrl\":\"https:\/\/static.africa-press.net\/senegal\/sites\/13\/2024\/03\/sm_1711291336.524781.jpg\",\"width\":1280,\"height\":720,\"caption\":\"Le pr\u00e9sident de la CENA salue la forte participation des \u00e9lecteurs\"},{\"@type\":\"BreadcrumbList\",\"@id\":\"https:\/\/www.africa-press.net\/senegal\/politique\/le-president-de-la-cena-salue-la-forte-participation-des-electeurs#breadcrumb\",\"itemListElement\":[{\"@type\":\"ListItem\",\"position\":1,\"name\":\"Accueil\",\"item\":\"https:\/\/www.africa-press.net\/senegal\/\"},{\"@type\":\"ListItem\",\"position\":2,\"name\":\"Le pr\u00e9sident de la CENA salue la forte participation des \u00e9lecteurs\"}]},{\"@type\":\"WebSite\",\"@id\":\"https:\/\/www.africa-press.net\/senegal\/#website\",\"url\":\"https:\/\/www.africa-press.net\/senegal\/\",\"name\":\"Africa Press | Senegal | Homepage\",\"description\":\"Just another Africa News Agency Sites site\",\"potentialAction\":[{\"@type\":\"SearchAction\",\"target\":{\"@type\":\"EntryPoint\",\"urlTemplate\":\"https:\/\/www.africa-press.net\/senegal\/?s={search_term_string}\"},\"query-input\":{\"@type\":\"PropertyValueSpecification\",\"valueRequired\":true,\"valueName\":\"search_term_string\"}}],\"inLanguage\":\"fr-FR\"},{\"@type\":\"Person\",\"@id\":\"https:\/\/www.africa-press.net\/senegal\/#\/schema\/person\/2b1cf3cd81a31e3cd26889ca66d677f1\",\"name\":\"cfeditorfr\",\"url\":\"https:\/\/www.africa-press.net\/senegal\/author\/cfeditorfr\"}]}<\/script>\n<!-- \/ Yoast SEO Premium plugin. -->","yoast_head_json":{"title":"Le pr\u00e9sident de la CENA salue la forte participation des \u00e9lecteurs - Senegal","description":"Le pre\u0301sident de la Commission e\u0301lectorale nationale autonome (CENA), Abdoulaye Sylla, a salue\u0301 la forte participation d ...","robots":{"index":"index","follow":"follow","max-snippet":"max-snippet:-1","max-image-preview":"max-image-preview:large","max-video-preview":"max-video-preview:-1"},"canonical":"https:\/\/www.africa-press.net\/senegal\/politique\/le-president-de-la-cena-salue-la-forte-participation-des-electeurs","og_locale":"fr_FR","og_type":"article","og_title":"Le pr\u00e9sident de la CENA salue la forte participation des \u00e9lecteurs","og_description":"Le pre\u0301sident de la Commission e\u0301lectorale nationale autonome (CENA), Abdoulaye Sylla, a salue\u0301 la forte participation d ...","og_url":"https:\/\/www.africa-press.net\/senegal\/politique\/le-president-de-la-cena-salue-la-forte-participation-des-electeurs","og_site_name":"Senegal","article_published_time":"2024-03-24T17:00:58+00:00","article_modified_time":"2024-03-24T19:14:02+00:00","og_image":[{"width":1280,"height":720,"url":"https:\/\/static.africa-press.net\/senegal\/sites\/13\/2024\/03\/sm_1711291336.524781.jpg","type":"image\/jpeg"}],"author":"cfeditorfr","twitter_card":"summary_large_image","twitter_misc":{"\u00c9crit par":"cfeditorfr","Dur\u00e9e de lecture estim\u00e9e":"1 minute"},"schema":{"@context":"https:\/\/schema.org","@graph":[{"@type":"Article","@id":"https:\/\/www.africa-press.net\/senegal\/politique\/le-president-de-la-cena-salue-la-forte-participation-des-electeurs#article","isPartOf":{"@id":"https:\/\/www.africa-press.net\/senegal\/politique\/le-president-de-la-cena-salue-la-forte-participation-des-electeurs"},"author":{"name":"cfeditorfr","@id":"https:\/\/www.africa-press.net\/senegal\/#\/schema\/person\/2b1cf3cd81a31e3cd26889ca66d677f1"},"headline":"Le pr\u00e9sident de la CENA salue la forte participation des \u00e9lecteurs","datePublished":"2024-03-24T17:00:58+00:00","dateModified":"2024-03-24T19:14:02+00:00","mainEntityOfPage":{"@id":"https:\/\/www.africa-press.net\/senegal\/politique\/le-president-de-la-cena-salue-la-forte-participation-des-electeurs"},"wordCount":292,"commentCount":0,"image":{"@id":"https:\/\/www.africa-press.net\/senegal\/politique\/le-president-de-la-cena-salue-la-forte-participation-des-electeurs#primaryimage"},"thumbnailUrl":"https:\/\/static.africa-press.net\/senegal\/sites\/13\/2024\/03\/sm_1711291336.524781.jpg","keywords":["Africa Press","Africa Press-Senegal","Senegal"],"articleSection":["Politique","Top Nouvelles","Toutes les actualit\u00e9s"],"inLanguage":"fr-FR","potentialAction":[{"@type":"CommentAction","name":"Comment","target":["https:\/\/www.africa-press.net\/senegal\/politique\/le-president-de-la-cena-salue-la-forte-participation-des-electeurs#respond"]}]},{"@type":"WebPage","@id":"https:\/\/www.africa-press.net\/senegal\/politique\/le-president-de-la-cena-salue-la-forte-participation-des-electeurs","url":"https:\/\/www.africa-press.net\/senegal\/politique\/le-president-de-la-cena-salue-la-forte-participation-des-electeurs","name":"Le pr\u00e9sident de la CENA salue la forte participation des \u00e9lecteurs - Senegal","isPartOf":{"@id":"https:\/\/www.africa-press.net\/senegal\/#website"},"primaryImageOfPage":{"@id":"https:\/\/www.africa-press.net\/senegal\/politique\/le-president-de-la-cena-salue-la-forte-participation-des-electeurs#primaryimage"},"image":{"@id":"https:\/\/www.africa-press.net\/senegal\/politique\/le-president-de-la-cena-salue-la-forte-participation-des-electeurs#primaryimage"},"thumbnailUrl":"https:\/\/static.africa-press.net\/senegal\/sites\/13\/2024\/03\/sm_1711291336.524781.jpg","datePublished":"2024-03-24T17:00:58+00:00","dateModified":"2024-03-24T19:14:02+00:00","author":{"@id":"https:\/\/www.africa-press.net\/senegal\/#\/schema\/person\/2b1cf3cd81a31e3cd26889ca66d677f1"},"description":"Le pre\u0301sident de la Commission e\u0301lectorale nationale autonome (CENA), Abdoulaye Sylla, a salue\u0301 la forte participation d ...","breadcrumb":{"@id":"https:\/\/www.africa-press.net\/senegal\/politique\/le-president-de-la-cena-salue-la-forte-participation-des-electeurs#breadcrumb"},"inLanguage":"fr-FR","potentialAction":[{"@type":"ReadAction","target":["https:\/\/www.africa-press.net\/senegal\/politique\/le-president-de-la-cena-salue-la-forte-participation-des-electeurs"]}]},{"@type":"ImageObject","inLanguage":"fr-FR","@id":"https:\/\/www.africa-press.net\/senegal\/politique\/le-president-de-la-cena-salue-la-forte-participation-des-electeurs#primaryimage","url":"https:\/\/static.africa-press.net\/senegal\/sites\/13\/2024\/03\/sm_1711291336.524781.jpg","contentUrl":"https:\/\/static.africa-press.net\/senegal\/sites\/13\/2024\/03\/sm_1711291336.524781.jpg","width":1280,"height":720,"caption":"Le pr\u00e9sident de la CENA salue la forte participation des \u00e9lecteurs"},{"@type":"BreadcrumbList","@id":"https:\/\/www.africa-press.net\/senegal\/politique\/le-president-de-la-cena-salue-la-forte-participation-des-electeurs#breadcrumb","itemListElement":[{"@type":"ListItem","position":1,"name":"Accueil","item":"https:\/\/www.africa-press.net\/senegal\/"},{"@type":"ListItem","position":2,"name":"Le pr\u00e9sident de la CENA salue la forte participation des \u00e9lecteurs"}]},{"@type":"WebSite","@id":"https:\/\/www.africa-press.net\/senegal\/#website","url":"https:\/\/www.africa-press.net\/senegal\/","name":"Africa Press | Senegal | Homepage","description":"Just another Africa News Agency Sites site","potentialAction":[{"@type":"SearchAction","target":{"@type":"EntryPoint","urlTemplate":"https:\/\/www.africa-press.net\/senegal\/?s={search_term_string}"},"query-input":{"@type":"PropertyValueSpecification","valueRequired":true,"valueName":"search_term_string"}}],"inLanguage":"fr-FR"},{"@type":"Person","@id":"https:\/\/www.africa-press.net\/senegal\/#\/schema\/person\/2b1cf3cd81a31e3cd26889ca66d677f1","name":"cfeditorfr","url":"https:\/\/www.africa-press.net\/senegal\/author\/cfeditorfr"}]}},"_links":{"self":[{"href":"https:\/\/www.africa-press.net\/senegal\/wp-json\/wp\/v2\/posts\/57362","targetHints":{"allow":["GET"]}}],"collection":[{"href":"https:\/\/www.africa-press.net\/senegal\/wp-json\/wp\/v2\/posts"}],"about":[{"href":"https:\/\/www.africa-press.net\/senegal\/wp-json\/wp\/v2\/types\/post"}],"author":[{"embeddable":true,"href":"https:\/\/www.africa-press.net\/senegal\/wp-json\/wp\/v2\/users\/82"}],"replies":[{"embeddable":true,"href":"https:\/\/www.africa-press.net\/senegal\/wp-json\/wp\/v2\/comments?post=57362"}],"version-history":[{"count":0,"href":"https:\/\/www.africa-press.net\/senegal\/wp-json\/wp\/v2\/posts\/57362\/revisions"}],"wp:featuredmedia":[{"embeddable":true,"href":"https:\/\/www.africa-press.net\/senegal\/wp-json\/wp\/v2\/media\/57361"}],"wp:attachment":[{"href":"https:\/\/www.africa-press.net\/senegal\/wp-json\/wp\/v2\/media?parent=57362"}],"wp:term":[{"taxonomy":"category","embeddable":true,"href":"https:\/\/www.africa-press.net\/senegal\/wp-json\/wp\/v2\/categories?post=57362"},{"taxonomy":"post_tag","embeddable":true,"href":"https:\/\/www.africa-press.net\/senegal\/wp-json\/wp\/v2\/tags?post=57362"}],"curies":[{"name":"wp","href":"https:\/\/api.w.org\/{rel}","templated":true}]}}