{"id":57367,"date":"2024-03-24T18:13:11","date_gmt":"2024-03-24T18:13:11","guid":{"rendered":"https:\/\/www.africa-press.net\/senegal\/politique\/macky-sall-partira-t-il-les-raisons"},"modified":"2024-03-24T20:00:14","modified_gmt":"2024-03-24T20:00:14","slug":"macky-sall-partira-t-il-les-raisons","status":"publish","type":"post","link":"https:\/\/www.africa-press.net\/senegal\/dossiers\/macky-sall-partira-t-il-les-raisons","title":{"rendered":"Macky Sall partira-t-il ? Les raisons !"},"content":{"rendered":"<p><b>Bella Kamano<\/b><\/p>\n<p><span style=\"color: #ff6600\"><strong>Africa-Press &#8211; Senegal. <\/strong><\/span>Hier le Se\u0301ne\u0301gal, un pays cite\u0301 en exemple gra\u0302ce a\u0300 ses dirigeants qui se sont toujours ramollis face au diktat des urnes, en de\u0301pit de tout.<\/p>\n<p>Fort de ses acquis de\u0301mocratiques, tous croyaient les mauvais souvenirs a\u0300 des milliers de kilome\u0300tres a\u0300 la ronde. Alors qu\u2019en ce moment me\u0302me, les ingre\u0301dients sont re\u0301unis pour faire la relecture similaire de la fin de page d\u2019Abdoulaye Wade.<\/p>\n<p>Si la volonte\u0301 de Wade a\u0300 l\u2019e\u0301poque de passer la main a\u0300 son fils Karim, avait inocule\u0301 au pe\u0300re le virus anti-de\u0301mocratique, en cette anne\u0301e 2024, le virus resurgit plus puissant a\u0300 l\u2019occasion des e\u0301lections pre\u0301sidentielles.<\/p>\n<p>Entre le chaos et l\u2019actuel pre\u0301sident Se\u0301ne\u0301galais, le pacte est scelle\u0301 et la fin justifiera les moyens qui le mate\u0301rialiseront.<\/p>\n<p>Macky Sall expe\u0301rimente la me\u0302me formule dans son laboratoire anti-de\u0301mocratique avec son dauphin-cobaye, Amadou Bah. Pour la raison inavoue\u0301e mais identique, la peur d\u2019e\u0302tre rattrape\u0301 par sa gestion passe\u0301e. C\u2019est elle qui contraint a\u0300 vouloir vaille que vaille imposer un un he\u0301ritier maniable a\u0300 souhait.<\/p>\n<p>Mais a\u0300 la lecture du fil des e\u0301ve\u0301nements pre\u0301ce\u0301dents, tout porte a\u0300 croire que le pre\u0301sident Se\u0301ne\u0301galais, Macky Sall serait toujours en posture de confisquer le pouvoir contre toute attente.<\/p>\n<p>L\u2019abrogation volontaire du de\u0301cret qui fixait la date des e\u0301lections a e\u0301te\u0301 malicieusement conc\u0327ue. Elle visait un seul objectif, celui de libe\u0301rer Ousmane Sonko par le biais d\u2019un pseudo dialogue. Cette libe\u0301ration pourrait atte\u0301nuer les conse\u0301quences de la prochaine e\u0301tape de son projet.<\/p>\n<p>Il y a e\u0301galement le temps absorbe\u0301 par le de\u0301bat qu\u2019a suscite\u0301 ces e\u0301ve\u0301nements qui ont ampute\u0301 la pe\u0301riode normale de campagnes e\u0301lectorales. C\u2019e\u0301tait pour non seulement saboter cette e\u0301tape importante dans une e\u0301lection, mais aussi, accorder moins de temps a\u0300 son opposition.<\/p>\n<p><img loading=\"lazy\" decoding=\"async\" width=\"764\" height=\"582\" class=\"alignnone wp-image-57365 size-full\" src=\"https:\/\/static.africa-press.net\/senegal\/sites\/13\/2024\/03\/sm_1711294128.54428.jpg\" srcset=\"https:\/\/static.africa-press.net\/senegal\/sites\/13\/2024\/03\/sm_1711294128.54428.jpg 764w, https:\/\/static.africa-press.net\/senegal\/sites\/13\/2024\/03\/sm_1711294128.54428-300x229.jpg 300w, https:\/\/static.africa-press.net\/senegal\/sites\/13\/2024\/03\/sm_1711294128.54428-80x60.jpg 80w\" sizes=\"auto, (max-width: 764px) 100vw, 764px\" \/><\/p>\n<p>Au me\u0302me moment, il prend un de\u0301cret pour renvoyer son gouvernement a\u0300 quelques jours de l\u2019organisation d\u2019e\u0301lections majeures. Sans soucier de l\u2019impact ne\u0301faste sur la pre\u0301paration du processus e\u0301lectoral. Justement, ce limogeage expliquera la mauvaise qualite\u0301 de l\u2019organisation des e\u0301lections.<\/p>\n<p>Et a\u0300 la suite de l\u2019e\u0301chec des ne\u0301gociations entre son camp et celui de Karim Wade, il se tourne vers Sonko. A date, rien n\u2019a filtre\u0301 officiellement de ces ne\u0301gociations avec Sonko. Mais Macky Sall n\u2019est pas dupe. Il sait que le camp de Sonko ne lui pardonnera jamais. D\u2019ailleurs, Macky est convaincu que les accords politiques n\u2019engagent que ceux qui y croient.<\/p>\n<p>Dans ces circonstances kafkai\u0308ennes, Macky pourrait voler la victoire du camp Sonko, pour pouvoir se maintenir suite au chaos post-e\u0301lectoral et appeler a\u0300 de nouvelles e\u0301lections dans un de\u0301lai qu\u2019il aurait de\u0301termine\u0301.<\/p>\n<p>Pourquoi pas user de l\u2019e\u0301pisode de la R.D.Congo? Il pourrait l\u2019avoir dans son sce\u0301nario bien ourdi. Il de\u0301she\u0301rite le candidat du pouvoir (son poulain) et fait le pick-pocket au victorieux des e\u0301lections, pour ce\u0301der son fauteuil au troisie\u0300me larron. Qui de Kalifa Sall ou Idrissa Seck serait ce pion ?<\/p>\n<p>Mais au regard des re\u0301alite\u0301s politiques Se\u0301ne\u0301galaises, cette seconde hypothe\u0300se pourrait engendrer aussi des violences post-e\u0301lectorales. Effectivement, c\u2019est l\u2019objectif final recherche\u0301 par la conjonction des e\u0301ve\u0301nements savamment monte\u0301s par Macky Sall.<\/p>\n<p>Certains observateurs voient l\u2019exploitation future du pe\u0301trole et du gaz, comme mobile de son envie effre\u0301ne\u0301e de confisquer le pouvoir. D\u2019autres trouvent dans cette envie he\u0301re\u0301siarque une tentative de prote\u0301ger illico les inte\u0301re\u0302ts d\u2019une puissance e\u0301trange\u0300re, face au projet re\u0301volutionnaire de Sonko.<\/p>\n<p>Est-il besoin de rappeler que Macky est tombe\u0301 de charydbe en Scylla pendant sa gestion ? La famille, la belle famille, la communaute\u0301 et le clan Sall se sont empare\u0301s des richesses et de l\u2019administration du Se\u0301ne\u0301gal.<\/p>\n<p>Les promesses d\u2019emploi pour les jeunes se sont transforme\u0301es en manifestations solde\u0301es par des morts et d\u2019emprisonnement d\u2019adolescents. Les liberte\u0301s embastille\u0301es par les proce\u0300s expe\u0301ditifs contre les activistes, les journalistes et les artistes.<\/p>\n<p>Un Sage enseignait qu\u2019en creusant le trou ou\u0300 ensevelir l\u2019ennemi, mesure bien la profondeur, parce qu\u2019il pourrait vous he\u0301berger un jour.<\/p>\n<p><strong>Pour plus d&rsquo;informations et d&rsquo;analyses sur la <a href=\"https:\/\/www.africa-press.net\/senegal\">Senegal<\/a>, suivez <a href=\"https:\/\/www.africa-press.net\/\">Africa-Press<\/a><\/strong><\/p>\n","protected":false},"excerpt":{"rendered":"<p>Bella Kamano Africa-Press &#8211; Senegal. Hier le Se\u0301ne\u0301gal, un pays cite\u0301 en exemple gra\u0302ce a\u0300 ses dirigeants qui se sont toujours ramollis face au diktat des urnes, en de\u0301pit de tout. Fort de ses acquis de\u0301mocratiques, tous croyaient les mauvais souvenirs a\u0300 des milliers de kilome\u0300tres a\u0300 la ronde. Alors qu\u2019en ce moment me\u0302me, les [&hellip;]<\/p>\n","protected":false},"author":82,"featured_media":57366,"comment_status":"open","ping_status":"closed","sticky":false,"template":"","format":"standard","meta":{"footnotes":""},"categories":[7,10],"tags":[43,47,44],"class_list":["post-57367","post","type-post","status-publish","format-standard","has-post-thumbnail","hentry","category-dossiers","category-toutes-les-actualites","tag-africa-press-2","tag-africa-press-senegal","tag-senegal-2"],"yoast_head":"<!-- This site is optimized with the Yoast SEO Premium plugin v26.1 (Yoast SEO v27.0) - https:\/\/yoast.com\/product\/yoast-seo-premium-wordpress\/ -->\n<title>Macky Sall partira-t-il ? Les raisons ! - Senegal<\/title>\n<meta name=\"description\" content=\"Hier le Se\u0301ne\u0301gal, un pays cite\u0301 en exemple gra\u0302ce a\u0300 ses dirigeants qui se sont toujours ramollis face au diktat des ur ...\" \/>\n<meta name=\"robots\" content=\"index, follow, max-snippet:-1, max-image-preview:large, max-video-preview:-1\" \/>\n<link rel=\"canonical\" href=\"https:\/\/www.africa-press.net\/senegal\/dossiers\/macky-sall-partira-t-il-les-raisons\" \/>\n<meta property=\"og:locale\" content=\"fr_FR\" \/>\n<meta property=\"og:type\" content=\"article\" \/>\n<meta property=\"og:title\" content=\"Macky Sall partira-t-il ? Les raisons !\" \/>\n<meta property=\"og:description\" content=\"Hier le Se\u0301ne\u0301gal, un pays cite\u0301 en exemple gra\u0302ce a\u0300 ses dirigeants qui se sont toujours ramollis face au diktat des ur ...\" \/>\n<meta property=\"og:url\" content=\"https:\/\/www.africa-press.net\/senegal\/dossiers\/macky-sall-partira-t-il-les-raisons\" \/>\n<meta property=\"og:site_name\" content=\"Senegal\" \/>\n<meta property=\"article:published_time\" content=\"2024-03-24T18:13:11+00:00\" \/>\n<meta property=\"article:modified_time\" content=\"2024-03-24T20:00:14+00:00\" \/>\n<meta property=\"og:image\" content=\"https:\/\/static.africa-press.net\/senegal\/sites\/13\/2024\/03\/sm_1711294141.526612.jpg\" \/>\n\t<meta property=\"og:image:width\" content=\"1163\" \/>\n\t<meta property=\"og:image:height\" content=\"633\" \/>\n\t<meta property=\"og:image:type\" content=\"image\/jpeg\" \/>\n<meta name=\"author\" content=\"cfeditorfr\" \/>\n<meta name=\"twitter:card\" content=\"summary_large_image\" \/>\n<meta name=\"twitter:label1\" content=\"\u00c9crit par\" \/>\n\t<meta name=\"twitter:data1\" content=\"cfeditorfr\" \/>\n\t<meta name=\"twitter:label2\" content=\"Dur\u00e9e de lecture estim\u00e9e\" \/>\n\t<meta name=\"twitter:data2\" content=\"4 minutes\" \/>\n<script type=\"application\/ld+json\" class=\"yoast-schema-graph\">{\"@context\":\"https:\/\/schema.org\",\"@graph\":[{\"@type\":\"Article\",\"@id\":\"https:\/\/www.africa-press.net\/senegal\/dossiers\/macky-sall-partira-t-il-les-raisons#article\",\"isPartOf\":{\"@id\":\"https:\/\/www.africa-press.net\/senegal\/dossiers\/macky-sall-partira-t-il-les-raisons\"},\"author\":{\"name\":\"cfeditorfr\",\"@id\":\"https:\/\/www.africa-press.net\/senegal\/#\/schema\/person\/2b1cf3cd81a31e3cd26889ca66d677f1\"},\"headline\":\"Macky Sall partira-t-il ? Les raisons !\",\"datePublished\":\"2024-03-24T18:13:11+00:00\",\"dateModified\":\"2024-03-24T20:00:14+00:00\",\"mainEntityOfPage\":{\"@id\":\"https:\/\/www.africa-press.net\/senegal\/dossiers\/macky-sall-partira-t-il-les-raisons\"},\"wordCount\":790,\"commentCount\":0,\"image\":{\"@id\":\"https:\/\/www.africa-press.net\/senegal\/dossiers\/macky-sall-partira-t-il-les-raisons#primaryimage\"},\"thumbnailUrl\":\"https:\/\/static.africa-press.net\/senegal\/sites\/13\/2024\/03\/sm_1711294141.526612.jpg\",\"keywords\":[\"Africa Press\",\"Africa Press-Senegal\",\"Senegal\"],\"articleSection\":[\"Dossiers\",\"Toutes les actualit\u00e9s\"],\"inLanguage\":\"fr-FR\",\"potentialAction\":[{\"@type\":\"CommentAction\",\"name\":\"Comment\",\"target\":[\"https:\/\/www.africa-press.net\/senegal\/dossiers\/macky-sall-partira-t-il-les-raisons#respond\"]}]},{\"@type\":\"WebPage\",\"@id\":\"https:\/\/www.africa-press.net\/senegal\/dossiers\/macky-sall-partira-t-il-les-raisons\",\"url\":\"https:\/\/www.africa-press.net\/senegal\/dossiers\/macky-sall-partira-t-il-les-raisons\",\"name\":\"Macky Sall partira-t-il ? Les raisons ! - Senegal\",\"isPartOf\":{\"@id\":\"https:\/\/www.africa-press.net\/senegal\/#website\"},\"primaryImageOfPage\":{\"@id\":\"https:\/\/www.africa-press.net\/senegal\/dossiers\/macky-sall-partira-t-il-les-raisons#primaryimage\"},\"image\":{\"@id\":\"https:\/\/www.africa-press.net\/senegal\/dossiers\/macky-sall-partira-t-il-les-raisons#primaryimage\"},\"thumbnailUrl\":\"https:\/\/static.africa-press.net\/senegal\/sites\/13\/2024\/03\/sm_1711294141.526612.jpg\",\"datePublished\":\"2024-03-24T18:13:11+00:00\",\"dateModified\":\"2024-03-24T20:00:14+00:00\",\"author\":{\"@id\":\"https:\/\/www.africa-press.net\/senegal\/#\/schema\/person\/2b1cf3cd81a31e3cd26889ca66d677f1\"},\"description\":\"Hier le Se\u0301ne\u0301gal, un pays cite\u0301 en exemple gra\u0302ce a\u0300 ses dirigeants qui se sont toujours ramollis face au diktat des ur ...\",\"breadcrumb\":{\"@id\":\"https:\/\/www.africa-press.net\/senegal\/dossiers\/macky-sall-partira-t-il-les-raisons#breadcrumb\"},\"inLanguage\":\"fr-FR\",\"potentialAction\":[{\"@type\":\"ReadAction\",\"target\":[\"https:\/\/www.africa-press.net\/senegal\/dossiers\/macky-sall-partira-t-il-les-raisons\"]}]},{\"@type\":\"ImageObject\",\"inLanguage\":\"fr-FR\",\"@id\":\"https:\/\/www.africa-press.net\/senegal\/dossiers\/macky-sall-partira-t-il-les-raisons#primaryimage\",\"url\":\"https:\/\/static.africa-press.net\/senegal\/sites\/13\/2024\/03\/sm_1711294141.526612.jpg\",\"contentUrl\":\"https:\/\/static.africa-press.net\/senegal\/sites\/13\/2024\/03\/sm_1711294141.526612.jpg\",\"width\":1163,\"height\":633,\"caption\":\"Macky Sall partira-t-il ? Les raisons !\"},{\"@type\":\"BreadcrumbList\",\"@id\":\"https:\/\/www.africa-press.net\/senegal\/dossiers\/macky-sall-partira-t-il-les-raisons#breadcrumb\",\"itemListElement\":[{\"@type\":\"ListItem\",\"position\":1,\"name\":\"Accueil\",\"item\":\"https:\/\/www.africa-press.net\/senegal\/\"},{\"@type\":\"ListItem\",\"position\":2,\"name\":\"Macky Sall partira-t-il ? Les raisons !\"}]},{\"@type\":\"WebSite\",\"@id\":\"https:\/\/www.africa-press.net\/senegal\/#website\",\"url\":\"https:\/\/www.africa-press.net\/senegal\/\",\"name\":\"Africa Press | Senegal | Homepage\",\"description\":\"Just another Africa News Agency Sites site\",\"potentialAction\":[{\"@type\":\"SearchAction\",\"target\":{\"@type\":\"EntryPoint\",\"urlTemplate\":\"https:\/\/www.africa-press.net\/senegal\/?s={search_term_string}\"},\"query-input\":{\"@type\":\"PropertyValueSpecification\",\"valueRequired\":true,\"valueName\":\"search_term_string\"}}],\"inLanguage\":\"fr-FR\"},{\"@type\":\"Person\",\"@id\":\"https:\/\/www.africa-press.net\/senegal\/#\/schema\/person\/2b1cf3cd81a31e3cd26889ca66d677f1\",\"name\":\"cfeditorfr\",\"url\":\"https:\/\/www.africa-press.net\/senegal\/author\/cfeditorfr\"}]}<\/script>\n<!-- \/ Yoast SEO Premium plugin. -->","yoast_head_json":{"title":"Macky Sall partira-t-il ? Les raisons ! - Senegal","description":"Hier le Se\u0301ne\u0301gal, un pays cite\u0301 en exemple gra\u0302ce a\u0300 ses dirigeants qui se sont toujours ramollis face au diktat des ur ...","robots":{"index":"index","follow":"follow","max-snippet":"max-snippet:-1","max-image-preview":"max-image-preview:large","max-video-preview":"max-video-preview:-1"},"canonical":"https:\/\/www.africa-press.net\/senegal\/dossiers\/macky-sall-partira-t-il-les-raisons","og_locale":"fr_FR","og_type":"article","og_title":"Macky Sall partira-t-il ? Les raisons !","og_description":"Hier le Se\u0301ne\u0301gal, un pays cite\u0301 en exemple gra\u0302ce a\u0300 ses dirigeants qui se sont toujours ramollis face au diktat des ur ...","og_url":"https:\/\/www.africa-press.net\/senegal\/dossiers\/macky-sall-partira-t-il-les-raisons","og_site_name":"Senegal","article_published_time":"2024-03-24T18:13:11+00:00","article_modified_time":"2024-03-24T20:00:14+00:00","og_image":[{"width":1163,"height":633,"url":"https:\/\/static.africa-press.net\/senegal\/sites\/13\/2024\/03\/sm_1711294141.526612.jpg","type":"image\/jpeg"}],"author":"cfeditorfr","twitter_card":"summary_large_image","twitter_misc":{"\u00c9crit par":"cfeditorfr","Dur\u00e9e de lecture estim\u00e9e":"4 minutes"},"schema":{"@context":"https:\/\/schema.org","@graph":[{"@type":"Article","@id":"https:\/\/www.africa-press.net\/senegal\/dossiers\/macky-sall-partira-t-il-les-raisons#article","isPartOf":{"@id":"https:\/\/www.africa-press.net\/senegal\/dossiers\/macky-sall-partira-t-il-les-raisons"},"author":{"name":"cfeditorfr","@id":"https:\/\/www.africa-press.net\/senegal\/#\/schema\/person\/2b1cf3cd81a31e3cd26889ca66d677f1"},"headline":"Macky Sall partira-t-il ? Les raisons !","datePublished":"2024-03-24T18:13:11+00:00","dateModified":"2024-03-24T20:00:14+00:00","mainEntityOfPage":{"@id":"https:\/\/www.africa-press.net\/senegal\/dossiers\/macky-sall-partira-t-il-les-raisons"},"wordCount":790,"commentCount":0,"image":{"@id":"https:\/\/www.africa-press.net\/senegal\/dossiers\/macky-sall-partira-t-il-les-raisons#primaryimage"},"thumbnailUrl":"https:\/\/static.africa-press.net\/senegal\/sites\/13\/2024\/03\/sm_1711294141.526612.jpg","keywords":["Africa Press","Africa Press-Senegal","Senegal"],"articleSection":["Dossiers","Toutes les actualit\u00e9s"],"inLanguage":"fr-FR","potentialAction":[{"@type":"CommentAction","name":"Comment","target":["https:\/\/www.africa-press.net\/senegal\/dossiers\/macky-sall-partira-t-il-les-raisons#respond"]}]},{"@type":"WebPage","@id":"https:\/\/www.africa-press.net\/senegal\/dossiers\/macky-sall-partira-t-il-les-raisons","url":"https:\/\/www.africa-press.net\/senegal\/dossiers\/macky-sall-partira-t-il-les-raisons","name":"Macky Sall partira-t-il ? Les raisons ! - Senegal","isPartOf":{"@id":"https:\/\/www.africa-press.net\/senegal\/#website"},"primaryImageOfPage":{"@id":"https:\/\/www.africa-press.net\/senegal\/dossiers\/macky-sall-partira-t-il-les-raisons#primaryimage"},"image":{"@id":"https:\/\/www.africa-press.net\/senegal\/dossiers\/macky-sall-partira-t-il-les-raisons#primaryimage"},"thumbnailUrl":"https:\/\/static.africa-press.net\/senegal\/sites\/13\/2024\/03\/sm_1711294141.526612.jpg","datePublished":"2024-03-24T18:13:11+00:00","dateModified":"2024-03-24T20:00:14+00:00","author":{"@id":"https:\/\/www.africa-press.net\/senegal\/#\/schema\/person\/2b1cf3cd81a31e3cd26889ca66d677f1"},"description":"Hier le Se\u0301ne\u0301gal, un pays cite\u0301 en exemple gra\u0302ce a\u0300 ses dirigeants qui se sont toujours ramollis face au diktat des ur ...","breadcrumb":{"@id":"https:\/\/www.africa-press.net\/senegal\/dossiers\/macky-sall-partira-t-il-les-raisons#breadcrumb"},"inLanguage":"fr-FR","potentialAction":[{"@type":"ReadAction","target":["https:\/\/www.africa-press.net\/senegal\/dossiers\/macky-sall-partira-t-il-les-raisons"]}]},{"@type":"ImageObject","inLanguage":"fr-FR","@id":"https:\/\/www.africa-press.net\/senegal\/dossiers\/macky-sall-partira-t-il-les-raisons#primaryimage","url":"https:\/\/static.africa-press.net\/senegal\/sites\/13\/2024\/03\/sm_1711294141.526612.jpg","contentUrl":"https:\/\/static.africa-press.net\/senegal\/sites\/13\/2024\/03\/sm_1711294141.526612.jpg","width":1163,"height":633,"caption":"Macky Sall partira-t-il ? Les raisons !"},{"@type":"BreadcrumbList","@id":"https:\/\/www.africa-press.net\/senegal\/dossiers\/macky-sall-partira-t-il-les-raisons#breadcrumb","itemListElement":[{"@type":"ListItem","position":1,"name":"Accueil","item":"https:\/\/www.africa-press.net\/senegal\/"},{"@type":"ListItem","position":2,"name":"Macky Sall partira-t-il ? Les raisons !"}]},{"@type":"WebSite","@id":"https:\/\/www.africa-press.net\/senegal\/#website","url":"https:\/\/www.africa-press.net\/senegal\/","name":"Africa Press | Senegal | Homepage","description":"Just another Africa News Agency Sites site","potentialAction":[{"@type":"SearchAction","target":{"@type":"EntryPoint","urlTemplate":"https:\/\/www.africa-press.net\/senegal\/?s={search_term_string}"},"query-input":{"@type":"PropertyValueSpecification","valueRequired":true,"valueName":"search_term_string"}}],"inLanguage":"fr-FR"},{"@type":"Person","@id":"https:\/\/www.africa-press.net\/senegal\/#\/schema\/person\/2b1cf3cd81a31e3cd26889ca66d677f1","name":"cfeditorfr","url":"https:\/\/www.africa-press.net\/senegal\/author\/cfeditorfr"}]}},"_links":{"self":[{"href":"https:\/\/www.africa-press.net\/senegal\/wp-json\/wp\/v2\/posts\/57367","targetHints":{"allow":["GET"]}}],"collection":[{"href":"https:\/\/www.africa-press.net\/senegal\/wp-json\/wp\/v2\/posts"}],"about":[{"href":"https:\/\/www.africa-press.net\/senegal\/wp-json\/wp\/v2\/types\/post"}],"author":[{"embeddable":true,"href":"https:\/\/www.africa-press.net\/senegal\/wp-json\/wp\/v2\/users\/82"}],"replies":[{"embeddable":true,"href":"https:\/\/www.africa-press.net\/senegal\/wp-json\/wp\/v2\/comments?post=57367"}],"version-history":[{"count":0,"href":"https:\/\/www.africa-press.net\/senegal\/wp-json\/wp\/v2\/posts\/57367\/revisions"}],"wp:featuredmedia":[{"embeddable":true,"href":"https:\/\/www.africa-press.net\/senegal\/wp-json\/wp\/v2\/media\/57366"}],"wp:attachment":[{"href":"https:\/\/www.africa-press.net\/senegal\/wp-json\/wp\/v2\/media?parent=57367"}],"wp:term":[{"taxonomy":"category","embeddable":true,"href":"https:\/\/www.africa-press.net\/senegal\/wp-json\/wp\/v2\/categories?post=57367"},{"taxonomy":"post_tag","embeddable":true,"href":"https:\/\/www.africa-press.net\/senegal\/wp-json\/wp\/v2\/tags?post=57367"}],"curies":[{"name":"wp","href":"https:\/\/api.w.org\/{rel}","templated":true}]}}