{"id":57369,"date":"2024-03-24T18:21:38","date_gmt":"2024-03-24T18:21:38","guid":{"rendered":"https:\/\/www.africa-press.net\/senegal\/politique\/elections-presidentielles-au-senegal-que-pourrait-cacher-le-soutien-de-karim-wade-a-diomaye-faye"},"modified":"2024-03-24T20:01:02","modified_gmt":"2024-03-24T20:01:02","slug":"elections-presidentielles-au-senegal-que-pourrait-cacher-le-soutien-de-karim-wade-a-diomaye-faye","status":"publish","type":"post","link":"https:\/\/www.africa-press.net\/senegal\/dossiers\/elections-presidentielles-au-senegal-que-pourrait-cacher-le-soutien-de-karim-wade-a-diomaye-faye","title":{"rendered":"Elections pr\u00e9sidentielles au S\u00e9n\u00e9gal : que pourrait cacher le soutien de Karim Wade \u00e0 Diomaye Faye ?"},"content":{"rendered":"<p><b>Aliou BAH<\/b><\/p>\n<p>&nbsp;<\/p>\n<p><span style=\"color: #ff6600\"><strong>Africa-Press &#8211; Senegal. <\/strong><\/span><b>Par la voix de son secre\u0301taire ge\u0301ne\u0301rale, l\u2019ancien pre\u0301sident Abdoulaye Wade, le parti de\u0301mocratique se\u0301ne\u0301galais (PDS) dirige\u0301 par son fils Karim Wade, aurait finalement de\u0301cide\u0301 de soutenir le candidat Bassirou Diomaye Faye. Que cette de\u0301cision du PDS soit consensuelle ou pas, elle de\u0301note d\u2019abord d\u2019un choix personnel qui pourrait e\u0302tre fonde\u0301 sur une tactique politique.<\/b><\/p>\n<p>E\u0301tant donne\u0301 que Macky Sall et son candidat Amadou Ba sont tous issus des entrailles du camp Libe\u0301ral dont Abdoulaye Wade disait qu\u2019il gouvernerait de\u0301mocratiquement le Se\u0301ne\u0301gal pendant les 50 prochaines anne\u0301es, ce soutien a\u0300 l\u2019opposition semble surprenant car ide\u0301ologiquement de contre nature. Mais la politique e\u0301tant aussi un jeu de circonstances, quels calculs strate\u0301giques pourraient-ils y avoir derrie\u0300re cet acte ?<\/p>\n<p><b>Rappel de quelques faits passe\u0301s pour essayer de mieux comprendre les enjeux en cours <\/b><\/p>\n<p>Le re\u0301gime de Macky Sall a mis Karim Wade en prison, ensuite en exil pour finir hors de compe\u0301tition pour la pre\u0301sidentielle de 2024.<\/p>\n<p>C\u2019est essentiellement a cause de la convocation de Karim Wade devant les de\u0301pute\u0301s pour s\u2019expliquer sur sa gestion ministe\u0301rielle, en particulier sur les chantiers de l\u2019OCI, que Macky Sall avait e\u0301te\u0301 contraint de quitter la pre\u0301sidence de l\u2019assemble\u0301e nationale avant d\u2019e\u0302tre exclu de la mouvance pre\u0301sidentielle d\u2019alors; ce fut le point de propulsion pour son accession au pouvoir qu\u2019il a gagne\u0301 en 2012 en mobilisant l\u2019ensemble des forces politiques et sociales contre son ancien Mentor, Abdoulaye Wade.<\/p>\n<p>Le PDS accuse a tort ou a raison le candidat de la mouvance d\u2019avoir e\u0301te\u0301 a\u0300 l\u2019origine de la man\u0153uvre politico judiciaire ayant conduit a\u0300 l\u2019invalidation de la candidature de Karim Wade.<\/p>\n<p><b>Deux hypothe\u0300ses en perspective<\/b><\/p>\n<p>Si le candidat de la mouvance BBY, Amadou Ba, gagne les e\u0301lections et devient Pre\u0301sident, que ce qui en sera des ambitions pre\u0301sidentielles de Karim Wade ? Attendre encore avec le risque de voir ses ennuis politiques et judiciaires se poursuivrent ? Ce qui l\u2019e\u0301loignerait e\u0301ventuellement du pouvoir pendant au moins les deux mandats du nouveau Pre\u0301sident.<\/p>\n<p>S\u2019il perd au profit de Diomaye Faye, n\u2019est-ce pas une occasion pour Karim Wade de recomposer les libe\u0301raux sur les ruines de la de\u0301faite de la mouvance dont les fissures sont de\u0301ja\u0300 perceptibles ? Quoi qu\u2019il en sera, le casting du candidat Amadou Ba a de\u0301ja\u0300 fait de grincements de dents, et la tentative de report du scrutin risque de ge\u0301ne\u0301rer de mauvaises conse\u0301quences pour lui dans la de\u0301cision des e\u0301lecteurs.<\/p>\n<p><b>Conclusion<\/b><\/p>\n<p>Encourager la de\u0301faite de son camp ide\u0301ologique pour pouvoir le re\u0301organiser selon son agenda. Cela passerait par une victoire de l\u2019opposition radicale qu\u2019incarne Diomaye\/Sonko qui sera relativement plus facile a\u0300 combattre que le candidat de la continuite\u0301. Cela d\u2019autant plus que le populisme peut aider a\u0300 gagner des e\u0301lections mais pas a\u0300 gouverner un E\u0301tat comme celui du Se\u0301ne\u0301gal dont les attentes, les exigences et la maturite\u0301 des populations restent toujours tre\u0300s e\u0301leve\u0301es.<\/p>\n<p><strong>Pour plus d&rsquo;informations et d&rsquo;analyses sur la <a href=\"https:\/\/www.africa-press.net\/senegal\">Senegal<\/a>, suivez <a href=\"https:\/\/www.africa-press.net\/\">Africa-Press<\/a><\/strong><\/p>\n","protected":false},"excerpt":{"rendered":"<p>Aliou BAH &nbsp; Africa-Press &#8211; Senegal. Par la voix de son secre\u0301taire ge\u0301ne\u0301rale, l\u2019ancien pre\u0301sident Abdoulaye Wade, le parti de\u0301mocratique se\u0301ne\u0301galais (PDS) dirige\u0301 par son fils Karim Wade, aurait finalement de\u0301cide\u0301 de soutenir le candidat Bassirou Diomaye Faye. Que cette de\u0301cision du PDS soit consensuelle ou pas, elle de\u0301note d\u2019abord d\u2019un choix personnel qui pourrait [&hellip;]<\/p>\n","protected":false},"author":82,"featured_media":57368,"comment_status":"open","ping_status":"closed","sticky":false,"template":"","format":"standard","meta":{"footnotes":""},"categories":[7,10],"tags":[43,47,44],"class_list":["post-57369","post","type-post","status-publish","format-standard","has-post-thumbnail","hentry","category-dossiers","category-toutes-les-actualites","tag-africa-press-2","tag-africa-press-senegal","tag-senegal-2"],"yoast_head":"<!-- This site is optimized with the Yoast SEO Premium plugin v26.1 (Yoast SEO v27.0) - https:\/\/yoast.com\/product\/yoast-seo-premium-wordpress\/ -->\n<title>Elections pr\u00e9sidentielles au S\u00e9n\u00e9gal : que pourrait cacher le soutien de Karim Wade \u00e0 Diomaye Faye ? - Senegal<\/title>\n<meta name=\"description\" content=\"Par la voix de son secre\u0301taire ge\u0301ne\u0301rale, l\u2019ancien pre\u0301sident Abdoulaye Wade, le parti de\u0301mocratique se\u0301ne\u0301galais (P ...\" \/>\n<meta name=\"robots\" content=\"index, follow, max-snippet:-1, max-image-preview:large, max-video-preview:-1\" \/>\n<link rel=\"canonical\" href=\"https:\/\/www.africa-press.net\/senegal\/dossiers\/elections-presidentielles-au-senegal-que-pourrait-cacher-le-soutien-de-karim-wade-a-diomaye-faye\" \/>\n<meta property=\"og:locale\" content=\"fr_FR\" \/>\n<meta property=\"og:type\" content=\"article\" \/>\n<meta property=\"og:title\" content=\"Elections pr\u00e9sidentielles au S\u00e9n\u00e9gal : que pourrait cacher le soutien de Karim Wade \u00e0 Diomaye Faye ?\" \/>\n<meta property=\"og:description\" content=\"Par la voix de son secre\u0301taire ge\u0301ne\u0301rale, l\u2019ancien pre\u0301sident Abdoulaye Wade, le parti de\u0301mocratique se\u0301ne\u0301galais (P ...\" \/>\n<meta property=\"og:url\" content=\"https:\/\/www.africa-press.net\/senegal\/dossiers\/elections-presidentielles-au-senegal-que-pourrait-cacher-le-soutien-de-karim-wade-a-diomaye-faye\" \/>\n<meta property=\"og:site_name\" content=\"Senegal\" \/>\n<meta property=\"article:published_time\" content=\"2024-03-24T18:21:38+00:00\" \/>\n<meta property=\"article:modified_time\" content=\"2024-03-24T20:01:02+00:00\" \/>\n<meta property=\"og:image\" content=\"https:\/\/static.africa-press.net\/senegal\/sites\/13\/2024\/03\/sm_1711294176.957712.jpg\" \/>\n\t<meta property=\"og:image:width\" content=\"960\" \/>\n\t<meta property=\"og:image:height\" content=\"617\" \/>\n\t<meta property=\"og:image:type\" content=\"image\/jpeg\" \/>\n<meta name=\"author\" content=\"cfeditorfr\" \/>\n<meta name=\"twitter:card\" content=\"summary_large_image\" \/>\n<meta name=\"twitter:label1\" content=\"\u00c9crit par\" \/>\n\t<meta name=\"twitter:data1\" content=\"cfeditorfr\" \/>\n\t<meta name=\"twitter:label2\" content=\"Dur\u00e9e de lecture estim\u00e9e\" \/>\n\t<meta name=\"twitter:data2\" content=\"3 minutes\" \/>\n<script type=\"application\/ld+json\" class=\"yoast-schema-graph\">{\"@context\":\"https:\/\/schema.org\",\"@graph\":[{\"@type\":\"Article\",\"@id\":\"https:\/\/www.africa-press.net\/senegal\/dossiers\/elections-presidentielles-au-senegal-que-pourrait-cacher-le-soutien-de-karim-wade-a-diomaye-faye#article\",\"isPartOf\":{\"@id\":\"https:\/\/www.africa-press.net\/senegal\/dossiers\/elections-presidentielles-au-senegal-que-pourrait-cacher-le-soutien-de-karim-wade-a-diomaye-faye\"},\"author\":{\"name\":\"cfeditorfr\",\"@id\":\"https:\/\/www.africa-press.net\/senegal\/#\/schema\/person\/2b1cf3cd81a31e3cd26889ca66d677f1\"},\"headline\":\"Elections pr\u00e9sidentielles au S\u00e9n\u00e9gal : que pourrait cacher le soutien de Karim Wade \u00e0 Diomaye Faye ?\",\"datePublished\":\"2024-03-24T18:21:38+00:00\",\"dateModified\":\"2024-03-24T20:01:02+00:00\",\"mainEntityOfPage\":{\"@id\":\"https:\/\/www.africa-press.net\/senegal\/dossiers\/elections-presidentielles-au-senegal-que-pourrait-cacher-le-soutien-de-karim-wade-a-diomaye-faye\"},\"wordCount\":583,\"commentCount\":0,\"image\":{\"@id\":\"https:\/\/www.africa-press.net\/senegal\/dossiers\/elections-presidentielles-au-senegal-que-pourrait-cacher-le-soutien-de-karim-wade-a-diomaye-faye#primaryimage\"},\"thumbnailUrl\":\"https:\/\/static.africa-press.net\/senegal\/sites\/13\/2024\/03\/sm_1711294176.957712.jpg\",\"keywords\":[\"Africa Press\",\"Africa Press-Senegal\",\"Senegal\"],\"articleSection\":[\"Dossiers\",\"Toutes les actualit\u00e9s\"],\"inLanguage\":\"fr-FR\",\"potentialAction\":[{\"@type\":\"CommentAction\",\"name\":\"Comment\",\"target\":[\"https:\/\/www.africa-press.net\/senegal\/dossiers\/elections-presidentielles-au-senegal-que-pourrait-cacher-le-soutien-de-karim-wade-a-diomaye-faye#respond\"]}]},{\"@type\":\"WebPage\",\"@id\":\"https:\/\/www.africa-press.net\/senegal\/dossiers\/elections-presidentielles-au-senegal-que-pourrait-cacher-le-soutien-de-karim-wade-a-diomaye-faye\",\"url\":\"https:\/\/www.africa-press.net\/senegal\/dossiers\/elections-presidentielles-au-senegal-que-pourrait-cacher-le-soutien-de-karim-wade-a-diomaye-faye\",\"name\":\"Elections pr\u00e9sidentielles au S\u00e9n\u00e9gal : que pourrait cacher le soutien de Karim Wade \u00e0 Diomaye Faye ? - Senegal\",\"isPartOf\":{\"@id\":\"https:\/\/www.africa-press.net\/senegal\/#website\"},\"primaryImageOfPage\":{\"@id\":\"https:\/\/www.africa-press.net\/senegal\/dossiers\/elections-presidentielles-au-senegal-que-pourrait-cacher-le-soutien-de-karim-wade-a-diomaye-faye#primaryimage\"},\"image\":{\"@id\":\"https:\/\/www.africa-press.net\/senegal\/dossiers\/elections-presidentielles-au-senegal-que-pourrait-cacher-le-soutien-de-karim-wade-a-diomaye-faye#primaryimage\"},\"thumbnailUrl\":\"https:\/\/static.africa-press.net\/senegal\/sites\/13\/2024\/03\/sm_1711294176.957712.jpg\",\"datePublished\":\"2024-03-24T18:21:38+00:00\",\"dateModified\":\"2024-03-24T20:01:02+00:00\",\"author\":{\"@id\":\"https:\/\/www.africa-press.net\/senegal\/#\/schema\/person\/2b1cf3cd81a31e3cd26889ca66d677f1\"},\"description\":\"Par la voix de son secre\u0301taire ge\u0301ne\u0301rale, l\u2019ancien pre\u0301sident Abdoulaye Wade, le parti de\u0301mocratique se\u0301ne\u0301galais (P ...\",\"breadcrumb\":{\"@id\":\"https:\/\/www.africa-press.net\/senegal\/dossiers\/elections-presidentielles-au-senegal-que-pourrait-cacher-le-soutien-de-karim-wade-a-diomaye-faye#breadcrumb\"},\"inLanguage\":\"fr-FR\",\"potentialAction\":[{\"@type\":\"ReadAction\",\"target\":[\"https:\/\/www.africa-press.net\/senegal\/dossiers\/elections-presidentielles-au-senegal-que-pourrait-cacher-le-soutien-de-karim-wade-a-diomaye-faye\"]}]},{\"@type\":\"ImageObject\",\"inLanguage\":\"fr-FR\",\"@id\":\"https:\/\/www.africa-press.net\/senegal\/dossiers\/elections-presidentielles-au-senegal-que-pourrait-cacher-le-soutien-de-karim-wade-a-diomaye-faye#primaryimage\",\"url\":\"https:\/\/static.africa-press.net\/senegal\/sites\/13\/2024\/03\/sm_1711294176.957712.jpg\",\"contentUrl\":\"https:\/\/static.africa-press.net\/senegal\/sites\/13\/2024\/03\/sm_1711294176.957712.jpg\",\"width\":960,\"height\":617,\"caption\":\"Elections pr\u00e9sidentielles au S\u00e9n\u00e9gal : que pourrait cacher le soutien de Karim Wade \u00e0 Diomaye Faye ?\"},{\"@type\":\"BreadcrumbList\",\"@id\":\"https:\/\/www.africa-press.net\/senegal\/dossiers\/elections-presidentielles-au-senegal-que-pourrait-cacher-le-soutien-de-karim-wade-a-diomaye-faye#breadcrumb\",\"itemListElement\":[{\"@type\":\"ListItem\",\"position\":1,\"name\":\"Accueil\",\"item\":\"https:\/\/www.africa-press.net\/senegal\/\"},{\"@type\":\"ListItem\",\"position\":2,\"name\":\"Elections pr\u00e9sidentielles au S\u00e9n\u00e9gal : que pourrait cacher le soutien de Karim Wade \u00e0 Diomaye Faye ?\"}]},{\"@type\":\"WebSite\",\"@id\":\"https:\/\/www.africa-press.net\/senegal\/#website\",\"url\":\"https:\/\/www.africa-press.net\/senegal\/\",\"name\":\"Africa Press | Senegal | Homepage\",\"description\":\"Just another Africa News Agency Sites site\",\"potentialAction\":[{\"@type\":\"SearchAction\",\"target\":{\"@type\":\"EntryPoint\",\"urlTemplate\":\"https:\/\/www.africa-press.net\/senegal\/?s={search_term_string}\"},\"query-input\":{\"@type\":\"PropertyValueSpecification\",\"valueRequired\":true,\"valueName\":\"search_term_string\"}}],\"inLanguage\":\"fr-FR\"},{\"@type\":\"Person\",\"@id\":\"https:\/\/www.africa-press.net\/senegal\/#\/schema\/person\/2b1cf3cd81a31e3cd26889ca66d677f1\",\"name\":\"cfeditorfr\",\"url\":\"https:\/\/www.africa-press.net\/senegal\/author\/cfeditorfr\"}]}<\/script>\n<!-- \/ Yoast SEO Premium plugin. -->","yoast_head_json":{"title":"Elections pr\u00e9sidentielles au S\u00e9n\u00e9gal : que pourrait cacher le soutien de Karim Wade \u00e0 Diomaye Faye ? - Senegal","description":"Par la voix de son secre\u0301taire ge\u0301ne\u0301rale, l\u2019ancien pre\u0301sident Abdoulaye Wade, le parti de\u0301mocratique se\u0301ne\u0301galais (P ...","robots":{"index":"index","follow":"follow","max-snippet":"max-snippet:-1","max-image-preview":"max-image-preview:large","max-video-preview":"max-video-preview:-1"},"canonical":"https:\/\/www.africa-press.net\/senegal\/dossiers\/elections-presidentielles-au-senegal-que-pourrait-cacher-le-soutien-de-karim-wade-a-diomaye-faye","og_locale":"fr_FR","og_type":"article","og_title":"Elections pr\u00e9sidentielles au S\u00e9n\u00e9gal : que pourrait cacher le soutien de Karim Wade \u00e0 Diomaye Faye ?","og_description":"Par la voix de son secre\u0301taire ge\u0301ne\u0301rale, l\u2019ancien pre\u0301sident Abdoulaye Wade, le parti de\u0301mocratique se\u0301ne\u0301galais (P ...","og_url":"https:\/\/www.africa-press.net\/senegal\/dossiers\/elections-presidentielles-au-senegal-que-pourrait-cacher-le-soutien-de-karim-wade-a-diomaye-faye","og_site_name":"Senegal","article_published_time":"2024-03-24T18:21:38+00:00","article_modified_time":"2024-03-24T20:01:02+00:00","og_image":[{"width":960,"height":617,"url":"https:\/\/static.africa-press.net\/senegal\/sites\/13\/2024\/03\/sm_1711294176.957712.jpg","type":"image\/jpeg"}],"author":"cfeditorfr","twitter_card":"summary_large_image","twitter_misc":{"\u00c9crit par":"cfeditorfr","Dur\u00e9e de lecture estim\u00e9e":"3 minutes"},"schema":{"@context":"https:\/\/schema.org","@graph":[{"@type":"Article","@id":"https:\/\/www.africa-press.net\/senegal\/dossiers\/elections-presidentielles-au-senegal-que-pourrait-cacher-le-soutien-de-karim-wade-a-diomaye-faye#article","isPartOf":{"@id":"https:\/\/www.africa-press.net\/senegal\/dossiers\/elections-presidentielles-au-senegal-que-pourrait-cacher-le-soutien-de-karim-wade-a-diomaye-faye"},"author":{"name":"cfeditorfr","@id":"https:\/\/www.africa-press.net\/senegal\/#\/schema\/person\/2b1cf3cd81a31e3cd26889ca66d677f1"},"headline":"Elections pr\u00e9sidentielles au S\u00e9n\u00e9gal : que pourrait cacher le soutien de Karim Wade \u00e0 Diomaye Faye ?","datePublished":"2024-03-24T18:21:38+00:00","dateModified":"2024-03-24T20:01:02+00:00","mainEntityOfPage":{"@id":"https:\/\/www.africa-press.net\/senegal\/dossiers\/elections-presidentielles-au-senegal-que-pourrait-cacher-le-soutien-de-karim-wade-a-diomaye-faye"},"wordCount":583,"commentCount":0,"image":{"@id":"https:\/\/www.africa-press.net\/senegal\/dossiers\/elections-presidentielles-au-senegal-que-pourrait-cacher-le-soutien-de-karim-wade-a-diomaye-faye#primaryimage"},"thumbnailUrl":"https:\/\/static.africa-press.net\/senegal\/sites\/13\/2024\/03\/sm_1711294176.957712.jpg","keywords":["Africa Press","Africa Press-Senegal","Senegal"],"articleSection":["Dossiers","Toutes les actualit\u00e9s"],"inLanguage":"fr-FR","potentialAction":[{"@type":"CommentAction","name":"Comment","target":["https:\/\/www.africa-press.net\/senegal\/dossiers\/elections-presidentielles-au-senegal-que-pourrait-cacher-le-soutien-de-karim-wade-a-diomaye-faye#respond"]}]},{"@type":"WebPage","@id":"https:\/\/www.africa-press.net\/senegal\/dossiers\/elections-presidentielles-au-senegal-que-pourrait-cacher-le-soutien-de-karim-wade-a-diomaye-faye","url":"https:\/\/www.africa-press.net\/senegal\/dossiers\/elections-presidentielles-au-senegal-que-pourrait-cacher-le-soutien-de-karim-wade-a-diomaye-faye","name":"Elections pr\u00e9sidentielles au S\u00e9n\u00e9gal : que pourrait cacher le soutien de Karim Wade \u00e0 Diomaye Faye ? - Senegal","isPartOf":{"@id":"https:\/\/www.africa-press.net\/senegal\/#website"},"primaryImageOfPage":{"@id":"https:\/\/www.africa-press.net\/senegal\/dossiers\/elections-presidentielles-au-senegal-que-pourrait-cacher-le-soutien-de-karim-wade-a-diomaye-faye#primaryimage"},"image":{"@id":"https:\/\/www.africa-press.net\/senegal\/dossiers\/elections-presidentielles-au-senegal-que-pourrait-cacher-le-soutien-de-karim-wade-a-diomaye-faye#primaryimage"},"thumbnailUrl":"https:\/\/static.africa-press.net\/senegal\/sites\/13\/2024\/03\/sm_1711294176.957712.jpg","datePublished":"2024-03-24T18:21:38+00:00","dateModified":"2024-03-24T20:01:02+00:00","author":{"@id":"https:\/\/www.africa-press.net\/senegal\/#\/schema\/person\/2b1cf3cd81a31e3cd26889ca66d677f1"},"description":"Par la voix de son secre\u0301taire ge\u0301ne\u0301rale, l\u2019ancien pre\u0301sident Abdoulaye Wade, le parti de\u0301mocratique se\u0301ne\u0301galais (P ...","breadcrumb":{"@id":"https:\/\/www.africa-press.net\/senegal\/dossiers\/elections-presidentielles-au-senegal-que-pourrait-cacher-le-soutien-de-karim-wade-a-diomaye-faye#breadcrumb"},"inLanguage":"fr-FR","potentialAction":[{"@type":"ReadAction","target":["https:\/\/www.africa-press.net\/senegal\/dossiers\/elections-presidentielles-au-senegal-que-pourrait-cacher-le-soutien-de-karim-wade-a-diomaye-faye"]}]},{"@type":"ImageObject","inLanguage":"fr-FR","@id":"https:\/\/www.africa-press.net\/senegal\/dossiers\/elections-presidentielles-au-senegal-que-pourrait-cacher-le-soutien-de-karim-wade-a-diomaye-faye#primaryimage","url":"https:\/\/static.africa-press.net\/senegal\/sites\/13\/2024\/03\/sm_1711294176.957712.jpg","contentUrl":"https:\/\/static.africa-press.net\/senegal\/sites\/13\/2024\/03\/sm_1711294176.957712.jpg","width":960,"height":617,"caption":"Elections pr\u00e9sidentielles au S\u00e9n\u00e9gal : que pourrait cacher le soutien de Karim Wade \u00e0 Diomaye Faye ?"},{"@type":"BreadcrumbList","@id":"https:\/\/www.africa-press.net\/senegal\/dossiers\/elections-presidentielles-au-senegal-que-pourrait-cacher-le-soutien-de-karim-wade-a-diomaye-faye#breadcrumb","itemListElement":[{"@type":"ListItem","position":1,"name":"Accueil","item":"https:\/\/www.africa-press.net\/senegal\/"},{"@type":"ListItem","position":2,"name":"Elections pr\u00e9sidentielles au S\u00e9n\u00e9gal : que pourrait cacher le soutien de Karim Wade \u00e0 Diomaye Faye ?"}]},{"@type":"WebSite","@id":"https:\/\/www.africa-press.net\/senegal\/#website","url":"https:\/\/www.africa-press.net\/senegal\/","name":"Africa Press | Senegal | Homepage","description":"Just another Africa News Agency Sites site","potentialAction":[{"@type":"SearchAction","target":{"@type":"EntryPoint","urlTemplate":"https:\/\/www.africa-press.net\/senegal\/?s={search_term_string}"},"query-input":{"@type":"PropertyValueSpecification","valueRequired":true,"valueName":"search_term_string"}}],"inLanguage":"fr-FR"},{"@type":"Person","@id":"https:\/\/www.africa-press.net\/senegal\/#\/schema\/person\/2b1cf3cd81a31e3cd26889ca66d677f1","name":"cfeditorfr","url":"https:\/\/www.africa-press.net\/senegal\/author\/cfeditorfr"}]}},"_links":{"self":[{"href":"https:\/\/www.africa-press.net\/senegal\/wp-json\/wp\/v2\/posts\/57369","targetHints":{"allow":["GET"]}}],"collection":[{"href":"https:\/\/www.africa-press.net\/senegal\/wp-json\/wp\/v2\/posts"}],"about":[{"href":"https:\/\/www.africa-press.net\/senegal\/wp-json\/wp\/v2\/types\/post"}],"author":[{"embeddable":true,"href":"https:\/\/www.africa-press.net\/senegal\/wp-json\/wp\/v2\/users\/82"}],"replies":[{"embeddable":true,"href":"https:\/\/www.africa-press.net\/senegal\/wp-json\/wp\/v2\/comments?post=57369"}],"version-history":[{"count":0,"href":"https:\/\/www.africa-press.net\/senegal\/wp-json\/wp\/v2\/posts\/57369\/revisions"}],"wp:featuredmedia":[{"embeddable":true,"href":"https:\/\/www.africa-press.net\/senegal\/wp-json\/wp\/v2\/media\/57368"}],"wp:attachment":[{"href":"https:\/\/www.africa-press.net\/senegal\/wp-json\/wp\/v2\/media?parent=57369"}],"wp:term":[{"taxonomy":"category","embeddable":true,"href":"https:\/\/www.africa-press.net\/senegal\/wp-json\/wp\/v2\/categories?post=57369"},{"taxonomy":"post_tag","embeddable":true,"href":"https:\/\/www.africa-press.net\/senegal\/wp-json\/wp\/v2\/tags?post=57369"}],"curies":[{"name":"wp","href":"https:\/\/api.w.org\/{rel}","templated":true}]}}