{"id":57376,"date":"2024-03-24T23:31:02","date_gmt":"2024-03-24T23:31:02","guid":{"rendered":"https:\/\/www.africa-press.net\/senegal\/politique\/des-tendances-favorables-a-bassirou-diomaye-faye-dans-la-capitale"},"modified":"2024-03-25T01:07:04","modified_gmt":"2024-03-25T01:07:04","slug":"des-tendances-favorables-a-bassirou-diomaye-faye-dans-la-capitale","status":"publish","type":"post","link":"https:\/\/www.africa-press.net\/senegal\/politique\/des-tendances-favorables-a-bassirou-diomaye-faye-dans-la-capitale","title":{"rendered":"Des tendances favorables \u00e0 Bassirou Diomaye Faye dans la capitale"},"content":{"rendered":"<p><span style=\"color: #ff6600\"><strong>Africa-Press &#8211; Senegal. <\/strong><\/span>Des re\u0301sultats encore parcellaires affiche\u0301s devant les bureaux de vote a\u0300 l\u2019issue des de\u0301pouillements placent l\u2019opposant Bassirou Diomaye Faye en te\u0302te de plusieurs centres e\u0301lectoraux de la capitale devant le candidat du pouvoir, Amadou Ba.<\/p>\n<p>Au centre Berthe Maubert, situe\u0301 au quartier du Plateau, le candidat de l\u2019opposition a remporte\u0301 1022 des 1852 suffrages valablement exprime\u0301s devant le candidat de la coalition Benno Bok Yakaar cre\u0301dite\u0301 de 623 voix.<\/p>\n<p>L\u2019ancien maire de Dakar, Khalifa Sall arrive en troisie\u0300me position avec 90 voix et Idrissa Seck 25 voix.<\/p>\n<p>Le principal candidat de l\u2019opposition Bassirou Diomaye Faye a aussi remporte\u0301 largement le vote de l\u2019e\u0301lection pre\u0301sidentielle au centre Ahmadou Bamba Mbarkhane Diop de la Zone B a\u0300 Dakar, en obtenant 1 077 voix contre 520 pour le candidat de Benno Bokk Yaakaar Amadou Ba et 176 pour Khalifa Sall, a constate\u0301 un reporter de l\u2019APS.<\/p>\n<p>Bassirou Diomaye Faye a gagne\u0301 tous les cinq bureaux que compte ce centre de 2 964 e\u0301lecteurs.<\/p>\n<p>La me\u0302me tendance est observe\u0301e au centre du lyce\u0301e Ngalandou Diouf, ou\u0300 Bassirou Diomaye Faye a remporte\u0301 tous les bureaux de vote avec un cumul de 2 047 voix.<\/p>\n<p>Le candidat de la majorite\u0301, Amadou Ba, arrive en seconde position avec 881 voix, suivi de Khalifa Sall (184 voix).<\/p>\n<p>La candidate du mouvement Alternative pour la rele\u0300ve citoyenne (ARC), qui a vote\u0301 dans ce centre, a obtenu 6 voix.<\/p>\n<p>3 319 suffrages ont e\u0301te\u0301 valablement exprime\u0301s sur les 5 037 inscrits.<\/p>\n<p>Le candidat de la coalition \u2018\u2019Diomaye pre\u0301sident\u2019\u2019 arrive en te\u0302te centre Camp de Ouakam avec 1928 voix. Il est suivi du candidat de la coalition de Benno Bokk Yaakar qui enregistre un total de 901 voix. Aliou Mamadou Dia, candidat du Parti de l\u2019unite\u0301 et du rassemblement (PUR) occupe la deuxie\u0300me place avec 100 au total.<\/p>\n<p>Khalifa Ababacar Sall de la coalition Taxawu Dakar a obtenu 77 voix.<\/p>\n<p>Le centre Camp est le plus grand centre de la commune de Ouakam. Il compte 23 bureaux de vote.<\/p>\n<p>Il se situe en face du lyce\u0301e Jean Mermoz.<\/p>\n<p>13 574 constituent les inscrits de la commune de Ouakam.<\/p>\n<p>A Ouakam, au centre de vote camp militaire, le leader de \u2018\u2019Diomaye pre\u0301sident\u2019\u2019 arrive en te\u0302te du classement avec 1 928 voix. Il est suivi du candidat de la coalition de Benno Bokk Yaakar qui enregistre un total de 901 voix. Aliou Mamadou Dia, candidat du PUR occupe la troisie\u0300me place avec un total de 100 bulletins qui lui sont favorables.<\/p>\n<p>Le centre Camp est le plus grand centre de la commune de Ouakam. Il polarise 13 574 re\u0301partis dans 23 bureaux de vote.<\/p>\n<p>La me\u0302me dynamique victorieuse est observe\u0301e dans un grand centre de vote au centre de vote Grand Yoff 2 ou\u0300 Bassirou Diomaye Diakhar Faye est cre\u0301dite\u0301 de 2 764 suffrages valablement exprime\u0301s a\u0300 l\u2019issue des ope\u0301rations de de\u0301pouillement.<\/p>\n<p>Sur 7 662 e\u0301lecteurs inscrits, il y a eu 4 784 suffrages valablement exprime\u0301s, selon les totaux obtenus des proce\u0300s-verbaux affiche\u0301s devant les bureaux de vote.<\/p>\n<p>Amadou Ba, le candidat de la coalition Benno Bokk Yaakaar(BBY) a obtenu 1 032 voix.<\/p>\n<p>Le candidat Khalifa Ababacar Sall qui a eu 697 bulletins favorables a e\u0301te\u0301 battu dans son propre bureau de vote.<\/p>\n<p>Le candidat de la coalition Diomaye Pre\u0301sident, Bassirou Diomaye Faye a remporte\u0301 aussi 5 405 voix au centre te\u0301moin des Parcelles Assainies sur un total d\u2019inscrits de 12 577.<\/p>\n<p>Le candidat de la majorite\u0301 pre\u0301sidentielle se retrouve avec 2 059 voix sur un nombre total de suffrages exprime\u0301s de 7 464 voix.<\/p>\n<p>Le centre de vote de l\u2019e\u0301cole unite\u0301 14 des Parcelles Assainies compte 12 557 inscrits re\u0301partis dans 22 bureaux de vote.<\/p>\n<p>Il est le plus grand de la commune des Parcelles Assainies.<\/p>\n<p><strong>Pour plus d&rsquo;informations et d&rsquo;analyses sur la <a href=\"https:\/\/www.africa-press.net\/senegal\">Senegal<\/a>, suivez <a href=\"https:\/\/www.africa-press.net\/\">Africa-Press<\/a><\/strong><\/p>\n","protected":false},"excerpt":{"rendered":"<p>Africa-Press &#8211; Senegal. Des re\u0301sultats encore parcellaires affiche\u0301s devant les bureaux de vote a\u0300 l\u2019issue des de\u0301pouillements placent l\u2019opposant Bassirou Diomaye Faye en te\u0302te de plusieurs centres e\u0301lectoraux de la capitale devant le candidat du pouvoir, Amadou Ba. Au centre Berthe Maubert, situe\u0301 au quartier du Plateau, le candidat de l\u2019opposition a remporte\u0301 1022 des [&hellip;]<\/p>\n","protected":false},"author":82,"featured_media":57375,"comment_status":"open","ping_status":"closed","sticky":false,"template":"","format":"standard","meta":{"footnotes":""},"categories":[2,20,10],"tags":[43,47,44],"class_list":["post-57376","post","type-post","status-publish","format-standard","has-post-thumbnail","hentry","category-politique","category-top-nouvelles","category-toutes-les-actualites","tag-africa-press-2","tag-africa-press-senegal","tag-senegal-2"],"yoast_head":"<!-- This site is optimized with the Yoast SEO Premium plugin v26.1 (Yoast SEO v27.0) - https:\/\/yoast.com\/product\/yoast-seo-premium-wordpress\/ -->\n<title>Des tendances favorables \u00e0 Bassirou Diomaye Faye dans la capitale - Senegal<\/title>\n<meta name=\"description\" content=\"Des re\u0301sultats encore parcellaires affiche\u0301s devant les bureaux de vote a\u0300 l\u2019issue des de\u0301pouillements placent l\u2019opposan ...\" \/>\n<meta name=\"robots\" content=\"index, follow, max-snippet:-1, max-image-preview:large, max-video-preview:-1\" \/>\n<link rel=\"canonical\" href=\"https:\/\/www.africa-press.net\/senegal\/politique\/des-tendances-favorables-a-bassirou-diomaye-faye-dans-la-capitale\" \/>\n<meta property=\"og:locale\" content=\"fr_FR\" \/>\n<meta property=\"og:type\" content=\"article\" \/>\n<meta property=\"og:title\" content=\"Des tendances favorables \u00e0 Bassirou Diomaye Faye dans la capitale\" \/>\n<meta property=\"og:description\" content=\"Des re\u0301sultats encore parcellaires affiche\u0301s devant les bureaux de vote a\u0300 l\u2019issue des de\u0301pouillements placent l\u2019opposan ...\" \/>\n<meta property=\"og:url\" content=\"https:\/\/www.africa-press.net\/senegal\/politique\/des-tendances-favorables-a-bassirou-diomaye-faye-dans-la-capitale\" \/>\n<meta property=\"og:site_name\" content=\"Senegal\" \/>\n<meta property=\"article:published_time\" content=\"2024-03-24T23:31:02+00:00\" \/>\n<meta property=\"article:modified_time\" content=\"2024-03-25T01:07:04+00:00\" \/>\n<meta property=\"og:image\" content=\"https:\/\/static.africa-press.net\/senegal\/sites\/13\/2024\/03\/sm_1711312461.324058.jpg\" \/>\n\t<meta property=\"og:image:width\" content=\"1280\" \/>\n\t<meta property=\"og:image:height\" content=\"720\" \/>\n\t<meta property=\"og:image:type\" content=\"image\/jpeg\" \/>\n<meta name=\"author\" content=\"cfeditorfr\" \/>\n<meta name=\"twitter:card\" content=\"summary_large_image\" \/>\n<meta name=\"twitter:label1\" content=\"\u00c9crit par\" \/>\n\t<meta name=\"twitter:data1\" content=\"cfeditorfr\" \/>\n\t<meta name=\"twitter:label2\" content=\"Dur\u00e9e de lecture estim\u00e9e\" \/>\n\t<meta name=\"twitter:data2\" content=\"4 minutes\" \/>\n<script type=\"application\/ld+json\" class=\"yoast-schema-graph\">{\"@context\":\"https:\/\/schema.org\",\"@graph\":[{\"@type\":\"Article\",\"@id\":\"https:\/\/www.africa-press.net\/senegal\/politique\/des-tendances-favorables-a-bassirou-diomaye-faye-dans-la-capitale#article\",\"isPartOf\":{\"@id\":\"https:\/\/www.africa-press.net\/senegal\/politique\/des-tendances-favorables-a-bassirou-diomaye-faye-dans-la-capitale\"},\"author\":{\"name\":\"cfeditorfr\",\"@id\":\"https:\/\/www.africa-press.net\/senegal\/#\/schema\/person\/2b1cf3cd81a31e3cd26889ca66d677f1\"},\"headline\":\"Des tendances favorables \u00e0 Bassirou Diomaye Faye dans la capitale\",\"datePublished\":\"2024-03-24T23:31:02+00:00\",\"dateModified\":\"2024-03-25T01:07:04+00:00\",\"mainEntityOfPage\":{\"@id\":\"https:\/\/www.africa-press.net\/senegal\/politique\/des-tendances-favorables-a-bassirou-diomaye-faye-dans-la-capitale\"},\"wordCount\":636,\"commentCount\":0,\"image\":{\"@id\":\"https:\/\/www.africa-press.net\/senegal\/politique\/des-tendances-favorables-a-bassirou-diomaye-faye-dans-la-capitale#primaryimage\"},\"thumbnailUrl\":\"https:\/\/static.africa-press.net\/senegal\/sites\/13\/2024\/03\/sm_1711312461.324058.jpg\",\"keywords\":[\"Africa Press\",\"Africa Press-Senegal\",\"Senegal\"],\"articleSection\":[\"Politique\",\"Top Nouvelles\",\"Toutes les actualit\u00e9s\"],\"inLanguage\":\"fr-FR\",\"potentialAction\":[{\"@type\":\"CommentAction\",\"name\":\"Comment\",\"target\":[\"https:\/\/www.africa-press.net\/senegal\/politique\/des-tendances-favorables-a-bassirou-diomaye-faye-dans-la-capitale#respond\"]}]},{\"@type\":\"WebPage\",\"@id\":\"https:\/\/www.africa-press.net\/senegal\/politique\/des-tendances-favorables-a-bassirou-diomaye-faye-dans-la-capitale\",\"url\":\"https:\/\/www.africa-press.net\/senegal\/politique\/des-tendances-favorables-a-bassirou-diomaye-faye-dans-la-capitale\",\"name\":\"Des tendances favorables \u00e0 Bassirou Diomaye Faye dans la capitale - Senegal\",\"isPartOf\":{\"@id\":\"https:\/\/www.africa-press.net\/senegal\/#website\"},\"primaryImageOfPage\":{\"@id\":\"https:\/\/www.africa-press.net\/senegal\/politique\/des-tendances-favorables-a-bassirou-diomaye-faye-dans-la-capitale#primaryimage\"},\"image\":{\"@id\":\"https:\/\/www.africa-press.net\/senegal\/politique\/des-tendances-favorables-a-bassirou-diomaye-faye-dans-la-capitale#primaryimage\"},\"thumbnailUrl\":\"https:\/\/static.africa-press.net\/senegal\/sites\/13\/2024\/03\/sm_1711312461.324058.jpg\",\"datePublished\":\"2024-03-24T23:31:02+00:00\",\"dateModified\":\"2024-03-25T01:07:04+00:00\",\"author\":{\"@id\":\"https:\/\/www.africa-press.net\/senegal\/#\/schema\/person\/2b1cf3cd81a31e3cd26889ca66d677f1\"},\"description\":\"Des re\u0301sultats encore parcellaires affiche\u0301s devant les bureaux de vote a\u0300 l\u2019issue des de\u0301pouillements placent l\u2019opposan ...\",\"breadcrumb\":{\"@id\":\"https:\/\/www.africa-press.net\/senegal\/politique\/des-tendances-favorables-a-bassirou-diomaye-faye-dans-la-capitale#breadcrumb\"},\"inLanguage\":\"fr-FR\",\"potentialAction\":[{\"@type\":\"ReadAction\",\"target\":[\"https:\/\/www.africa-press.net\/senegal\/politique\/des-tendances-favorables-a-bassirou-diomaye-faye-dans-la-capitale\"]}]},{\"@type\":\"ImageObject\",\"inLanguage\":\"fr-FR\",\"@id\":\"https:\/\/www.africa-press.net\/senegal\/politique\/des-tendances-favorables-a-bassirou-diomaye-faye-dans-la-capitale#primaryimage\",\"url\":\"https:\/\/static.africa-press.net\/senegal\/sites\/13\/2024\/03\/sm_1711312461.324058.jpg\",\"contentUrl\":\"https:\/\/static.africa-press.net\/senegal\/sites\/13\/2024\/03\/sm_1711312461.324058.jpg\",\"width\":1280,\"height\":720,\"caption\":\"Des tendances favorables \u00e0 Bassirou Diomaye Faye dans la capitale\"},{\"@type\":\"BreadcrumbList\",\"@id\":\"https:\/\/www.africa-press.net\/senegal\/politique\/des-tendances-favorables-a-bassirou-diomaye-faye-dans-la-capitale#breadcrumb\",\"itemListElement\":[{\"@type\":\"ListItem\",\"position\":1,\"name\":\"Accueil\",\"item\":\"https:\/\/www.africa-press.net\/senegal\/\"},{\"@type\":\"ListItem\",\"position\":2,\"name\":\"Des tendances favorables \u00e0 Bassirou Diomaye Faye dans la capitale\"}]},{\"@type\":\"WebSite\",\"@id\":\"https:\/\/www.africa-press.net\/senegal\/#website\",\"url\":\"https:\/\/www.africa-press.net\/senegal\/\",\"name\":\"Africa Press | Senegal | Homepage\",\"description\":\"Just another Africa News Agency Sites site\",\"potentialAction\":[{\"@type\":\"SearchAction\",\"target\":{\"@type\":\"EntryPoint\",\"urlTemplate\":\"https:\/\/www.africa-press.net\/senegal\/?s={search_term_string}\"},\"query-input\":{\"@type\":\"PropertyValueSpecification\",\"valueRequired\":true,\"valueName\":\"search_term_string\"}}],\"inLanguage\":\"fr-FR\"},{\"@type\":\"Person\",\"@id\":\"https:\/\/www.africa-press.net\/senegal\/#\/schema\/person\/2b1cf3cd81a31e3cd26889ca66d677f1\",\"name\":\"cfeditorfr\",\"url\":\"https:\/\/www.africa-press.net\/senegal\/author\/cfeditorfr\"}]}<\/script>\n<!-- \/ Yoast SEO Premium plugin. -->","yoast_head_json":{"title":"Des tendances favorables \u00e0 Bassirou Diomaye Faye dans la capitale - Senegal","description":"Des re\u0301sultats encore parcellaires affiche\u0301s devant les bureaux de vote a\u0300 l\u2019issue des de\u0301pouillements placent l\u2019opposan ...","robots":{"index":"index","follow":"follow","max-snippet":"max-snippet:-1","max-image-preview":"max-image-preview:large","max-video-preview":"max-video-preview:-1"},"canonical":"https:\/\/www.africa-press.net\/senegal\/politique\/des-tendances-favorables-a-bassirou-diomaye-faye-dans-la-capitale","og_locale":"fr_FR","og_type":"article","og_title":"Des tendances favorables \u00e0 Bassirou Diomaye Faye dans la capitale","og_description":"Des re\u0301sultats encore parcellaires affiche\u0301s devant les bureaux de vote a\u0300 l\u2019issue des de\u0301pouillements placent l\u2019opposan ...","og_url":"https:\/\/www.africa-press.net\/senegal\/politique\/des-tendances-favorables-a-bassirou-diomaye-faye-dans-la-capitale","og_site_name":"Senegal","article_published_time":"2024-03-24T23:31:02+00:00","article_modified_time":"2024-03-25T01:07:04+00:00","og_image":[{"width":1280,"height":720,"url":"https:\/\/static.africa-press.net\/senegal\/sites\/13\/2024\/03\/sm_1711312461.324058.jpg","type":"image\/jpeg"}],"author":"cfeditorfr","twitter_card":"summary_large_image","twitter_misc":{"\u00c9crit par":"cfeditorfr","Dur\u00e9e de lecture estim\u00e9e":"4 minutes"},"schema":{"@context":"https:\/\/schema.org","@graph":[{"@type":"Article","@id":"https:\/\/www.africa-press.net\/senegal\/politique\/des-tendances-favorables-a-bassirou-diomaye-faye-dans-la-capitale#article","isPartOf":{"@id":"https:\/\/www.africa-press.net\/senegal\/politique\/des-tendances-favorables-a-bassirou-diomaye-faye-dans-la-capitale"},"author":{"name":"cfeditorfr","@id":"https:\/\/www.africa-press.net\/senegal\/#\/schema\/person\/2b1cf3cd81a31e3cd26889ca66d677f1"},"headline":"Des tendances favorables \u00e0 Bassirou Diomaye Faye dans la capitale","datePublished":"2024-03-24T23:31:02+00:00","dateModified":"2024-03-25T01:07:04+00:00","mainEntityOfPage":{"@id":"https:\/\/www.africa-press.net\/senegal\/politique\/des-tendances-favorables-a-bassirou-diomaye-faye-dans-la-capitale"},"wordCount":636,"commentCount":0,"image":{"@id":"https:\/\/www.africa-press.net\/senegal\/politique\/des-tendances-favorables-a-bassirou-diomaye-faye-dans-la-capitale#primaryimage"},"thumbnailUrl":"https:\/\/static.africa-press.net\/senegal\/sites\/13\/2024\/03\/sm_1711312461.324058.jpg","keywords":["Africa Press","Africa Press-Senegal","Senegal"],"articleSection":["Politique","Top Nouvelles","Toutes les actualit\u00e9s"],"inLanguage":"fr-FR","potentialAction":[{"@type":"CommentAction","name":"Comment","target":["https:\/\/www.africa-press.net\/senegal\/politique\/des-tendances-favorables-a-bassirou-diomaye-faye-dans-la-capitale#respond"]}]},{"@type":"WebPage","@id":"https:\/\/www.africa-press.net\/senegal\/politique\/des-tendances-favorables-a-bassirou-diomaye-faye-dans-la-capitale","url":"https:\/\/www.africa-press.net\/senegal\/politique\/des-tendances-favorables-a-bassirou-diomaye-faye-dans-la-capitale","name":"Des tendances favorables \u00e0 Bassirou Diomaye Faye dans la capitale - Senegal","isPartOf":{"@id":"https:\/\/www.africa-press.net\/senegal\/#website"},"primaryImageOfPage":{"@id":"https:\/\/www.africa-press.net\/senegal\/politique\/des-tendances-favorables-a-bassirou-diomaye-faye-dans-la-capitale#primaryimage"},"image":{"@id":"https:\/\/www.africa-press.net\/senegal\/politique\/des-tendances-favorables-a-bassirou-diomaye-faye-dans-la-capitale#primaryimage"},"thumbnailUrl":"https:\/\/static.africa-press.net\/senegal\/sites\/13\/2024\/03\/sm_1711312461.324058.jpg","datePublished":"2024-03-24T23:31:02+00:00","dateModified":"2024-03-25T01:07:04+00:00","author":{"@id":"https:\/\/www.africa-press.net\/senegal\/#\/schema\/person\/2b1cf3cd81a31e3cd26889ca66d677f1"},"description":"Des re\u0301sultats encore parcellaires affiche\u0301s devant les bureaux de vote a\u0300 l\u2019issue des de\u0301pouillements placent l\u2019opposan ...","breadcrumb":{"@id":"https:\/\/www.africa-press.net\/senegal\/politique\/des-tendances-favorables-a-bassirou-diomaye-faye-dans-la-capitale#breadcrumb"},"inLanguage":"fr-FR","potentialAction":[{"@type":"ReadAction","target":["https:\/\/www.africa-press.net\/senegal\/politique\/des-tendances-favorables-a-bassirou-diomaye-faye-dans-la-capitale"]}]},{"@type":"ImageObject","inLanguage":"fr-FR","@id":"https:\/\/www.africa-press.net\/senegal\/politique\/des-tendances-favorables-a-bassirou-diomaye-faye-dans-la-capitale#primaryimage","url":"https:\/\/static.africa-press.net\/senegal\/sites\/13\/2024\/03\/sm_1711312461.324058.jpg","contentUrl":"https:\/\/static.africa-press.net\/senegal\/sites\/13\/2024\/03\/sm_1711312461.324058.jpg","width":1280,"height":720,"caption":"Des tendances favorables \u00e0 Bassirou Diomaye Faye dans la capitale"},{"@type":"BreadcrumbList","@id":"https:\/\/www.africa-press.net\/senegal\/politique\/des-tendances-favorables-a-bassirou-diomaye-faye-dans-la-capitale#breadcrumb","itemListElement":[{"@type":"ListItem","position":1,"name":"Accueil","item":"https:\/\/www.africa-press.net\/senegal\/"},{"@type":"ListItem","position":2,"name":"Des tendances favorables \u00e0 Bassirou Diomaye Faye dans la capitale"}]},{"@type":"WebSite","@id":"https:\/\/www.africa-press.net\/senegal\/#website","url":"https:\/\/www.africa-press.net\/senegal\/","name":"Africa Press | Senegal | Homepage","description":"Just another Africa News Agency Sites site","potentialAction":[{"@type":"SearchAction","target":{"@type":"EntryPoint","urlTemplate":"https:\/\/www.africa-press.net\/senegal\/?s={search_term_string}"},"query-input":{"@type":"PropertyValueSpecification","valueRequired":true,"valueName":"search_term_string"}}],"inLanguage":"fr-FR"},{"@type":"Person","@id":"https:\/\/www.africa-press.net\/senegal\/#\/schema\/person\/2b1cf3cd81a31e3cd26889ca66d677f1","name":"cfeditorfr","url":"https:\/\/www.africa-press.net\/senegal\/author\/cfeditorfr"}]}},"_links":{"self":[{"href":"https:\/\/www.africa-press.net\/senegal\/wp-json\/wp\/v2\/posts\/57376","targetHints":{"allow":["GET"]}}],"collection":[{"href":"https:\/\/www.africa-press.net\/senegal\/wp-json\/wp\/v2\/posts"}],"about":[{"href":"https:\/\/www.africa-press.net\/senegal\/wp-json\/wp\/v2\/types\/post"}],"author":[{"embeddable":true,"href":"https:\/\/www.africa-press.net\/senegal\/wp-json\/wp\/v2\/users\/82"}],"replies":[{"embeddable":true,"href":"https:\/\/www.africa-press.net\/senegal\/wp-json\/wp\/v2\/comments?post=57376"}],"version-history":[{"count":0,"href":"https:\/\/www.africa-press.net\/senegal\/wp-json\/wp\/v2\/posts\/57376\/revisions"}],"wp:featuredmedia":[{"embeddable":true,"href":"https:\/\/www.africa-press.net\/senegal\/wp-json\/wp\/v2\/media\/57375"}],"wp:attachment":[{"href":"https:\/\/www.africa-press.net\/senegal\/wp-json\/wp\/v2\/media?parent=57376"}],"wp:term":[{"taxonomy":"category","embeddable":true,"href":"https:\/\/www.africa-press.net\/senegal\/wp-json\/wp\/v2\/categories?post=57376"},{"taxonomy":"post_tag","embeddable":true,"href":"https:\/\/www.africa-press.net\/senegal\/wp-json\/wp\/v2\/tags?post=57376"}],"curies":[{"name":"wp","href":"https:\/\/api.w.org\/{rel}","templated":true}]}}