{"id":57378,"date":"2024-03-24T23:51:34","date_gmt":"2024-03-24T23:51:34","guid":{"rendered":"https:\/\/www.africa-press.net\/senegal\/politique\/amadou-ba-va-prendre-la-parole-a-00-h-30"},"modified":"2024-03-25T01:07:49","modified_gmt":"2024-03-25T01:07:49","slug":"amadou-ba-va-prendre-la-parole-a-00-h-30","status":"publish","type":"post","link":"https:\/\/www.africa-press.net\/senegal\/politique\/amadou-ba-va-prendre-la-parole-a-00-h-30","title":{"rendered":"Amadou Ba va prendre la parole \u00e0 00 h 30"},"content":{"rendered":"<p><span style=\"color: #ff6600\"><strong>Africa-Press &#8211; Senegal. <\/strong><\/span>Le candidat de la coalition Benno Bok Yakaar (BBY), Amadou Ba, va faire une de\u0301claration a\u0300 00h 30 au sujet de l\u2019e\u0301lection pre\u0301sidentielle organise\u0301e dimanche au Se\u0301ne\u0301gal, a-t-on appris de son e\u0301quipe de campagne.<\/p>\n<p>Le candidat a\u0300 la succession de Macky Sall va faire sa de\u0301claration alors que certains postulants a\u0300 la magistrature supre\u0302me ont reconnu d\u2019ores et de\u0301ja\u0300 la victoire de l\u2019opposant, Bassirou Diomaye Faye<\/p>\n<p>Plus de 7,3 millions de Se\u0301ne\u0301galais e\u0301taient appele\u0301s aux urnes ce dimanche pour e\u0301lire le successeur de Macky Sall, au pouvoir depuis 12 ans et qui ne se pre\u0301sente pas pour un nouveau mandat.<\/p>\n<p><strong>Pour plus d&rsquo;informations et d&rsquo;analyses sur la <a href=\"https:\/\/www.africa-press.net\/senegal\">Senegal<\/a>, suivez <a href=\"https:\/\/www.africa-press.net\/\">Africa-Press<\/a><\/strong><\/p>\n","protected":false},"excerpt":{"rendered":"<p>Africa-Press &#8211; Senegal. Le candidat de la coalition Benno Bok Yakaar (BBY), Amadou Ba, va faire une de\u0301claration a\u0300 00h 30 au sujet de l\u2019e\u0301lection pre\u0301sidentielle organise\u0301e dimanche au Se\u0301ne\u0301gal, a-t-on appris de son e\u0301quipe de campagne. Le candidat a\u0300 la succession de Macky Sall va faire sa de\u0301claration alors que certains postulants a\u0300 la [&hellip;]<\/p>\n","protected":false},"author":82,"featured_media":57377,"comment_status":"open","ping_status":"closed","sticky":false,"template":"","format":"standard","meta":{"footnotes":""},"categories":[2,10],"tags":[43,47,44],"class_list":["post-57378","post","type-post","status-publish","format-standard","has-post-thumbnail","hentry","category-politique","category-toutes-les-actualites","tag-africa-press-2","tag-africa-press-senegal","tag-senegal-2"],"yoast_head":"<!-- This site is optimized with the Yoast SEO Premium plugin v26.1 (Yoast SEO v27.0) - https:\/\/yoast.com\/product\/yoast-seo-premium-wordpress\/ -->\n<title>Amadou Ba va prendre la parole \u00e0 00 h 30 - Senegal<\/title>\n<meta name=\"description\" content=\"Le candidat de la coalition Benno Bok Yakaar (BBY), Amadou Ba, va faire une de\u0301claration a\u0300 00h 30 au sujet de l\u2019e\u0301lecti ...\" \/>\n<meta name=\"robots\" content=\"index, follow, max-snippet:-1, max-image-preview:large, max-video-preview:-1\" \/>\n<link rel=\"canonical\" href=\"https:\/\/www.africa-press.net\/senegal\/politique\/amadou-ba-va-prendre-la-parole-a-00-h-30\" \/>\n<meta property=\"og:locale\" content=\"fr_FR\" \/>\n<meta property=\"og:type\" content=\"article\" \/>\n<meta property=\"og:title\" content=\"Amadou Ba va prendre la parole \u00e0 00 h 30\" \/>\n<meta property=\"og:description\" content=\"Le candidat de la coalition Benno Bok Yakaar (BBY), Amadou Ba, va faire une de\u0301claration a\u0300 00h 30 au sujet de l\u2019e\u0301lecti ...\" \/>\n<meta property=\"og:url\" content=\"https:\/\/www.africa-press.net\/senegal\/politique\/amadou-ba-va-prendre-la-parole-a-00-h-30\" \/>\n<meta property=\"og:site_name\" content=\"Senegal\" \/>\n<meta property=\"article:published_time\" content=\"2024-03-24T23:51:34+00:00\" \/>\n<meta property=\"article:modified_time\" content=\"2024-03-25T01:07:49+00:00\" \/>\n<meta property=\"og:image\" content=\"https:\/\/static.africa-press.net\/senegal\/sites\/13\/2024\/03\/sm_1711312523.419263.jpg\" \/>\n\t<meta property=\"og:image:width\" content=\"1197\" \/>\n\t<meta property=\"og:image:height\" content=\"631\" \/>\n\t<meta property=\"og:image:type\" content=\"image\/jpeg\" \/>\n<meta name=\"author\" content=\"cfeditorfr\" \/>\n<meta name=\"twitter:card\" content=\"summary_large_image\" \/>\n<meta name=\"twitter:label1\" content=\"\u00c9crit par\" \/>\n\t<meta name=\"twitter:data1\" content=\"cfeditorfr\" \/>\n\t<meta name=\"twitter:label2\" content=\"Dur\u00e9e de lecture estim\u00e9e\" \/>\n\t<meta name=\"twitter:data2\" content=\"1 minute\" \/>\n<script type=\"application\/ld+json\" class=\"yoast-schema-graph\">{\"@context\":\"https:\/\/schema.org\",\"@graph\":[{\"@type\":\"Article\",\"@id\":\"https:\/\/www.africa-press.net\/senegal\/politique\/amadou-ba-va-prendre-la-parole-a-00-h-30#article\",\"isPartOf\":{\"@id\":\"https:\/\/www.africa-press.net\/senegal\/politique\/amadou-ba-va-prendre-la-parole-a-00-h-30\"},\"author\":{\"name\":\"cfeditorfr\",\"@id\":\"https:\/\/www.africa-press.net\/senegal\/#\/schema\/person\/2b1cf3cd81a31e3cd26889ca66d677f1\"},\"headline\":\"Amadou Ba va prendre la parole \u00e0 00 h 30\",\"datePublished\":\"2024-03-24T23:51:34+00:00\",\"dateModified\":\"2024-03-25T01:07:49+00:00\",\"mainEntityOfPage\":{\"@id\":\"https:\/\/www.africa-press.net\/senegal\/politique\/amadou-ba-va-prendre-la-parole-a-00-h-30\"},\"wordCount\":138,\"commentCount\":0,\"image\":{\"@id\":\"https:\/\/www.africa-press.net\/senegal\/politique\/amadou-ba-va-prendre-la-parole-a-00-h-30#primaryimage\"},\"thumbnailUrl\":\"https:\/\/static.africa-press.net\/senegal\/sites\/13\/2024\/03\/sm_1711312523.419263.jpg\",\"keywords\":[\"Africa Press\",\"Africa Press-Senegal\",\"Senegal\"],\"articleSection\":[\"Politique\",\"Toutes les actualit\u00e9s\"],\"inLanguage\":\"fr-FR\",\"potentialAction\":[{\"@type\":\"CommentAction\",\"name\":\"Comment\",\"target\":[\"https:\/\/www.africa-press.net\/senegal\/politique\/amadou-ba-va-prendre-la-parole-a-00-h-30#respond\"]}]},{\"@type\":\"WebPage\",\"@id\":\"https:\/\/www.africa-press.net\/senegal\/politique\/amadou-ba-va-prendre-la-parole-a-00-h-30\",\"url\":\"https:\/\/www.africa-press.net\/senegal\/politique\/amadou-ba-va-prendre-la-parole-a-00-h-30\",\"name\":\"Amadou Ba va prendre la parole \u00e0 00 h 30 - Senegal\",\"isPartOf\":{\"@id\":\"https:\/\/www.africa-press.net\/senegal\/#website\"},\"primaryImageOfPage\":{\"@id\":\"https:\/\/www.africa-press.net\/senegal\/politique\/amadou-ba-va-prendre-la-parole-a-00-h-30#primaryimage\"},\"image\":{\"@id\":\"https:\/\/www.africa-press.net\/senegal\/politique\/amadou-ba-va-prendre-la-parole-a-00-h-30#primaryimage\"},\"thumbnailUrl\":\"https:\/\/static.africa-press.net\/senegal\/sites\/13\/2024\/03\/sm_1711312523.419263.jpg\",\"datePublished\":\"2024-03-24T23:51:34+00:00\",\"dateModified\":\"2024-03-25T01:07:49+00:00\",\"author\":{\"@id\":\"https:\/\/www.africa-press.net\/senegal\/#\/schema\/person\/2b1cf3cd81a31e3cd26889ca66d677f1\"},\"description\":\"Le candidat de la coalition Benno Bok Yakaar (BBY), Amadou Ba, va faire une de\u0301claration a\u0300 00h 30 au sujet de l\u2019e\u0301lecti ...\",\"breadcrumb\":{\"@id\":\"https:\/\/www.africa-press.net\/senegal\/politique\/amadou-ba-va-prendre-la-parole-a-00-h-30#breadcrumb\"},\"inLanguage\":\"fr-FR\",\"potentialAction\":[{\"@type\":\"ReadAction\",\"target\":[\"https:\/\/www.africa-press.net\/senegal\/politique\/amadou-ba-va-prendre-la-parole-a-00-h-30\"]}]},{\"@type\":\"ImageObject\",\"inLanguage\":\"fr-FR\",\"@id\":\"https:\/\/www.africa-press.net\/senegal\/politique\/amadou-ba-va-prendre-la-parole-a-00-h-30#primaryimage\",\"url\":\"https:\/\/static.africa-press.net\/senegal\/sites\/13\/2024\/03\/sm_1711312523.419263.jpg\",\"contentUrl\":\"https:\/\/static.africa-press.net\/senegal\/sites\/13\/2024\/03\/sm_1711312523.419263.jpg\",\"width\":1197,\"height\":631,\"caption\":\"Amadou Ba va prendre la parole \u00e0 00 h 30\"},{\"@type\":\"BreadcrumbList\",\"@id\":\"https:\/\/www.africa-press.net\/senegal\/politique\/amadou-ba-va-prendre-la-parole-a-00-h-30#breadcrumb\",\"itemListElement\":[{\"@type\":\"ListItem\",\"position\":1,\"name\":\"Accueil\",\"item\":\"https:\/\/www.africa-press.net\/senegal\/\"},{\"@type\":\"ListItem\",\"position\":2,\"name\":\"Amadou Ba va prendre la parole \u00e0 00 h 30\"}]},{\"@type\":\"WebSite\",\"@id\":\"https:\/\/www.africa-press.net\/senegal\/#website\",\"url\":\"https:\/\/www.africa-press.net\/senegal\/\",\"name\":\"Africa Press | Senegal | Homepage\",\"description\":\"Just another Africa News Agency Sites site\",\"potentialAction\":[{\"@type\":\"SearchAction\",\"target\":{\"@type\":\"EntryPoint\",\"urlTemplate\":\"https:\/\/www.africa-press.net\/senegal\/?s={search_term_string}\"},\"query-input\":{\"@type\":\"PropertyValueSpecification\",\"valueRequired\":true,\"valueName\":\"search_term_string\"}}],\"inLanguage\":\"fr-FR\"},{\"@type\":\"Person\",\"@id\":\"https:\/\/www.africa-press.net\/senegal\/#\/schema\/person\/2b1cf3cd81a31e3cd26889ca66d677f1\",\"name\":\"cfeditorfr\",\"url\":\"https:\/\/www.africa-press.net\/senegal\/author\/cfeditorfr\"}]}<\/script>\n<!-- \/ Yoast SEO Premium plugin. -->","yoast_head_json":{"title":"Amadou Ba va prendre la parole \u00e0 00 h 30 - Senegal","description":"Le candidat de la coalition Benno Bok Yakaar (BBY), Amadou Ba, va faire une de\u0301claration a\u0300 00h 30 au sujet de l\u2019e\u0301lecti ...","robots":{"index":"index","follow":"follow","max-snippet":"max-snippet:-1","max-image-preview":"max-image-preview:large","max-video-preview":"max-video-preview:-1"},"canonical":"https:\/\/www.africa-press.net\/senegal\/politique\/amadou-ba-va-prendre-la-parole-a-00-h-30","og_locale":"fr_FR","og_type":"article","og_title":"Amadou Ba va prendre la parole \u00e0 00 h 30","og_description":"Le candidat de la coalition Benno Bok Yakaar (BBY), Amadou Ba, va faire une de\u0301claration a\u0300 00h 30 au sujet de l\u2019e\u0301lecti ...","og_url":"https:\/\/www.africa-press.net\/senegal\/politique\/amadou-ba-va-prendre-la-parole-a-00-h-30","og_site_name":"Senegal","article_published_time":"2024-03-24T23:51:34+00:00","article_modified_time":"2024-03-25T01:07:49+00:00","og_image":[{"width":1197,"height":631,"url":"https:\/\/static.africa-press.net\/senegal\/sites\/13\/2024\/03\/sm_1711312523.419263.jpg","type":"image\/jpeg"}],"author":"cfeditorfr","twitter_card":"summary_large_image","twitter_misc":{"\u00c9crit par":"cfeditorfr","Dur\u00e9e de lecture estim\u00e9e":"1 minute"},"schema":{"@context":"https:\/\/schema.org","@graph":[{"@type":"Article","@id":"https:\/\/www.africa-press.net\/senegal\/politique\/amadou-ba-va-prendre-la-parole-a-00-h-30#article","isPartOf":{"@id":"https:\/\/www.africa-press.net\/senegal\/politique\/amadou-ba-va-prendre-la-parole-a-00-h-30"},"author":{"name":"cfeditorfr","@id":"https:\/\/www.africa-press.net\/senegal\/#\/schema\/person\/2b1cf3cd81a31e3cd26889ca66d677f1"},"headline":"Amadou Ba va prendre la parole \u00e0 00 h 30","datePublished":"2024-03-24T23:51:34+00:00","dateModified":"2024-03-25T01:07:49+00:00","mainEntityOfPage":{"@id":"https:\/\/www.africa-press.net\/senegal\/politique\/amadou-ba-va-prendre-la-parole-a-00-h-30"},"wordCount":138,"commentCount":0,"image":{"@id":"https:\/\/www.africa-press.net\/senegal\/politique\/amadou-ba-va-prendre-la-parole-a-00-h-30#primaryimage"},"thumbnailUrl":"https:\/\/static.africa-press.net\/senegal\/sites\/13\/2024\/03\/sm_1711312523.419263.jpg","keywords":["Africa Press","Africa Press-Senegal","Senegal"],"articleSection":["Politique","Toutes les actualit\u00e9s"],"inLanguage":"fr-FR","potentialAction":[{"@type":"CommentAction","name":"Comment","target":["https:\/\/www.africa-press.net\/senegal\/politique\/amadou-ba-va-prendre-la-parole-a-00-h-30#respond"]}]},{"@type":"WebPage","@id":"https:\/\/www.africa-press.net\/senegal\/politique\/amadou-ba-va-prendre-la-parole-a-00-h-30","url":"https:\/\/www.africa-press.net\/senegal\/politique\/amadou-ba-va-prendre-la-parole-a-00-h-30","name":"Amadou Ba va prendre la parole \u00e0 00 h 30 - Senegal","isPartOf":{"@id":"https:\/\/www.africa-press.net\/senegal\/#website"},"primaryImageOfPage":{"@id":"https:\/\/www.africa-press.net\/senegal\/politique\/amadou-ba-va-prendre-la-parole-a-00-h-30#primaryimage"},"image":{"@id":"https:\/\/www.africa-press.net\/senegal\/politique\/amadou-ba-va-prendre-la-parole-a-00-h-30#primaryimage"},"thumbnailUrl":"https:\/\/static.africa-press.net\/senegal\/sites\/13\/2024\/03\/sm_1711312523.419263.jpg","datePublished":"2024-03-24T23:51:34+00:00","dateModified":"2024-03-25T01:07:49+00:00","author":{"@id":"https:\/\/www.africa-press.net\/senegal\/#\/schema\/person\/2b1cf3cd81a31e3cd26889ca66d677f1"},"description":"Le candidat de la coalition Benno Bok Yakaar (BBY), Amadou Ba, va faire une de\u0301claration a\u0300 00h 30 au sujet de l\u2019e\u0301lecti ...","breadcrumb":{"@id":"https:\/\/www.africa-press.net\/senegal\/politique\/amadou-ba-va-prendre-la-parole-a-00-h-30#breadcrumb"},"inLanguage":"fr-FR","potentialAction":[{"@type":"ReadAction","target":["https:\/\/www.africa-press.net\/senegal\/politique\/amadou-ba-va-prendre-la-parole-a-00-h-30"]}]},{"@type":"ImageObject","inLanguage":"fr-FR","@id":"https:\/\/www.africa-press.net\/senegal\/politique\/amadou-ba-va-prendre-la-parole-a-00-h-30#primaryimage","url":"https:\/\/static.africa-press.net\/senegal\/sites\/13\/2024\/03\/sm_1711312523.419263.jpg","contentUrl":"https:\/\/static.africa-press.net\/senegal\/sites\/13\/2024\/03\/sm_1711312523.419263.jpg","width":1197,"height":631,"caption":"Amadou Ba va prendre la parole \u00e0 00 h 30"},{"@type":"BreadcrumbList","@id":"https:\/\/www.africa-press.net\/senegal\/politique\/amadou-ba-va-prendre-la-parole-a-00-h-30#breadcrumb","itemListElement":[{"@type":"ListItem","position":1,"name":"Accueil","item":"https:\/\/www.africa-press.net\/senegal\/"},{"@type":"ListItem","position":2,"name":"Amadou Ba va prendre la parole \u00e0 00 h 30"}]},{"@type":"WebSite","@id":"https:\/\/www.africa-press.net\/senegal\/#website","url":"https:\/\/www.africa-press.net\/senegal\/","name":"Africa Press | Senegal | Homepage","description":"Just another Africa News Agency Sites site","potentialAction":[{"@type":"SearchAction","target":{"@type":"EntryPoint","urlTemplate":"https:\/\/www.africa-press.net\/senegal\/?s={search_term_string}"},"query-input":{"@type":"PropertyValueSpecification","valueRequired":true,"valueName":"search_term_string"}}],"inLanguage":"fr-FR"},{"@type":"Person","@id":"https:\/\/www.africa-press.net\/senegal\/#\/schema\/person\/2b1cf3cd81a31e3cd26889ca66d677f1","name":"cfeditorfr","url":"https:\/\/www.africa-press.net\/senegal\/author\/cfeditorfr"}]}},"_links":{"self":[{"href":"https:\/\/www.africa-press.net\/senegal\/wp-json\/wp\/v2\/posts\/57378","targetHints":{"allow":["GET"]}}],"collection":[{"href":"https:\/\/www.africa-press.net\/senegal\/wp-json\/wp\/v2\/posts"}],"about":[{"href":"https:\/\/www.africa-press.net\/senegal\/wp-json\/wp\/v2\/types\/post"}],"author":[{"embeddable":true,"href":"https:\/\/www.africa-press.net\/senegal\/wp-json\/wp\/v2\/users\/82"}],"replies":[{"embeddable":true,"href":"https:\/\/www.africa-press.net\/senegal\/wp-json\/wp\/v2\/comments?post=57378"}],"version-history":[{"count":0,"href":"https:\/\/www.africa-press.net\/senegal\/wp-json\/wp\/v2\/posts\/57378\/revisions"}],"wp:featuredmedia":[{"embeddable":true,"href":"https:\/\/www.africa-press.net\/senegal\/wp-json\/wp\/v2\/media\/57377"}],"wp:attachment":[{"href":"https:\/\/www.africa-press.net\/senegal\/wp-json\/wp\/v2\/media?parent=57378"}],"wp:term":[{"taxonomy":"category","embeddable":true,"href":"https:\/\/www.africa-press.net\/senegal\/wp-json\/wp\/v2\/categories?post=57378"},{"taxonomy":"post_tag","embeddable":true,"href":"https:\/\/www.africa-press.net\/senegal\/wp-json\/wp\/v2\/tags?post=57378"}],"curies":[{"name":"wp","href":"https:\/\/api.w.org\/{rel}","templated":true}]}}