{"id":57394,"date":"2024-03-25T05:21:13","date_gmt":"2024-03-25T05:21:13","guid":{"rendered":"https:\/\/www.africa-press.net\/senegal\/politique\/presidentielle-au-senegal-lopposant-bassirou-diomaye-faye-en-tete-selon-les-premieres-tendances"},"modified":"2024-03-25T05:39:47","modified_gmt":"2024-03-25T05:39:47","slug":"presidentielle-au-senegal-lopposant-bassirou-diomaye-faye-en-tete-selon-les-premieres-tendances","status":"publish","type":"post","link":"https:\/\/www.africa-press.net\/senegal\/politique\/presidentielle-au-senegal-lopposant-bassirou-diomaye-faye-en-tete-selon-les-premieres-tendances","title":{"rendered":"PRE\u0301SIDENTIELLE AU SE\u0301NE\u0301GAL: L\u2019OPPOSANT BASSIROU DIOMAYE FAYE EN TE\u0302TE SELON LES PREMIE\u0300RES TENDANCES"},"content":{"rendered":"<p><span style=\"color: #ff6600\"><strong>Africa-Press &#8211; Senegal. <\/strong><\/span>Le candidat antisyste\u0300me du parti Pastef, sorti de prison il y a dix jours, devancerait ses concurrents, d\u2019apre\u0300s les premie\u0300res estimations parues dans la soire\u0301e.<\/p>\n<p>Un tour de force de Bassirou Diomaye Faye se dessine. Selon les premie\u0300res estimations rapporte\u0301es dimanche soir par la presse se\u0301ne\u0301galaise, le principal candidat de l\u2019opposition aurait une longueur d\u2019avance sur tous ses adversaires, et notamment Amadou Ba, le dauphin de\u0301signe\u0301 du pre\u0301sident sortant, Macky Sall. De la\u0300 a\u0300 remporter l\u2019e\u0301lection pre\u0301sidentielle de\u0300s le premier tour ? Ce serait du jamais vu pour un opposant. A 44 ans, le candidat du parti des Patriotes africains du Se\u0301ne\u0301gal pour le travail, l\u2019e\u0301thique et la fraternite\u0301 (Pastef) incarne un renouveau radical. L\u2019ancien syndicaliste, pourfendeur de la corruption, souverainiste, antisyste\u0300me, aux accents parfois populistes, porte un projet de rupture, non seulement avec le parti au pouvoir, mais avec la classe politique se\u0301ne\u0301galaise dans son ensemble.<\/p>\n<p>De\u0300s les premiers re\u0301sultats affiche\u0301s dans les bureaux de vote de Dakar -de me\u0302me pour ceux de la diaspora-, l\u2019e\u0301cart entre Bassirou Diomaye Faye et ses concurrents est apparu immense. Les re\u0301sultats e\u0301graine\u0301s dans la plupart des grands centres urbains le donnent aussi tre\u0300s largement en te\u0302te. Or pour la premie\u0300re fois, en 2024, le Se\u0301ne\u0301gal comptera davantage d\u2019habitants des villes que de ruraux. Me\u0302me dans certaines re\u0301gions traditionnellement favorables au pouvoir, le candidat du Pastef semble bien re\u0301sister. Aucun incident notable n\u2019a e\u0301te\u0301 rapporte\u0301 lors du de\u0301roulement du scrutin, conforme\u0301ment a\u0300 la tradition de\u0301mocratique bien ancre\u0301e dont s\u2019enorgueillissent les Se\u0301ne\u0301galais.<\/p>\n<p>Dans la capitale, les supporteurs du Pastef n\u2019ont pas la prudence des journalistes: de\u0300s 20 heures, Dakar a explose\u0301 de joie comme au coup de sifflet d\u2019une finale de Coupe du monde de football. Coups de klaxons ininterrompus, courses endiable\u0301es dans les rues, vuvuzelas, chants et me\u0302me feux d\u2019artifice improvise\u0301s ont salue\u0301 la victoire de \u00abDiomaye\u00bb.<\/p>\n<p>Destin e\u0301bouriffant. Celui qui deviendrait, si les tendances venaient a\u0300 se confirmer, le cinquie\u0300me pre\u0301sident du Se\u0301ne\u0301gal, dormait il y a encore dix jours en prison. Poursuivi depuis onze mois -mais jamais juge\u0301- pour \u00aboutrage a\u0300 magistrat et diffamation envers un corps constitue\u0301\u00bb, le candidat a e\u0301te\u0301 libe\u0301re\u0301 in extremis a\u0300 la faveur d\u2019une loi d\u2019amnistie vote\u0301e par le Parlement, en me\u0302me temps qu\u2019Ousmane Sonko, son mentor. Le charismatique Sonko, de six ans son ai\u0302ne\u0301, est sans conteste le ve\u0301ritable leader du Pastef, adule\u0301 par la jeunesse se\u0301ne\u0301galaise. Diomaye, lui, e\u0301tait jusqu\u2019en de\u0301but d\u2019anne\u0301e un homme de l\u2019ombre du parti, un organisateur, intellectuel, mal connu du grand public. Mais en janvier, le Conseil constitutionnel a rejete\u0301 la candidature de Sonko, en raison de sa condamnation a\u0300 deux ans de prison dans une affaire de m\u0153urs. Son bras droit a e\u0301te\u0301 choisi comme candidat de substitution du parti.<\/p>\n<p>Tout au long de la nuit, les radios et les te\u0301le\u0301visions lisent les re\u0301sultats complets de chacun des 16 000 bureaux de vote du pays et de l\u2019e\u0301tranger sans les agglome\u0301rer. Les re\u0301sultats officiels ne devraient pas e\u0302tre connus avant plusieurs jours.<\/p>\n<p><strong>Pour plus d&rsquo;informations et d&rsquo;analyses sur la <a href=\"https:\/\/www.africa-press.net\/senegal\">Senegal<\/a>, suivez <a href=\"https:\/\/www.africa-press.net\/\">Africa-Press<\/a><\/strong><\/p>\n","protected":false},"excerpt":{"rendered":"<p>Africa-Press &#8211; Senegal. Le candidat antisyste\u0300me du parti Pastef, sorti de prison il y a dix jours, devancerait ses concurrents, d\u2019apre\u0300s les premie\u0300res estimations parues dans la soire\u0301e. Un tour de force de Bassirou Diomaye Faye se dessine. Selon les premie\u0300res estimations rapporte\u0301es dimanche soir par la presse se\u0301ne\u0301galaise, le principal candidat de l\u2019opposition aurait [&hellip;]<\/p>\n","protected":false},"author":82,"featured_media":57393,"comment_status":"open","ping_status":"closed","sticky":false,"template":"","format":"standard","meta":{"footnotes":""},"categories":[2,49,20,10],"tags":[43,47,44],"class_list":["post-57394","post","type-post","status-publish","format-standard","has-post-thumbnail","hentry","category-politique","category-to-homepage","category-top-nouvelles","category-toutes-les-actualites","tag-africa-press-2","tag-africa-press-senegal","tag-senegal-2"],"yoast_head":"<!-- This site is optimized with the Yoast SEO Premium plugin v26.1 (Yoast SEO v27.0) - https:\/\/yoast.com\/product\/yoast-seo-premium-wordpress\/ -->\n<title>PRE\u0301SIDENTIELLE AU SE\u0301NE\u0301GAL: L\u2019OPPOSANT BASSIROU DIOMAYE FAYE EN TE\u0302TE SELON LES PREMIE\u0300RES TENDANCES - Senegal<\/title>\n<meta name=\"description\" content=\"Le candidat antisyste\u0300me du parti Pastef, sorti de prison il y a dix jours, devancerait ses concurrents, d\u2019apre\u0300s les pr ...\" \/>\n<meta name=\"robots\" content=\"index, follow, max-snippet:-1, max-image-preview:large, max-video-preview:-1\" \/>\n<link rel=\"canonical\" href=\"https:\/\/www.africa-press.net\/senegal\/politique\/presidentielle-au-senegal-lopposant-bassirou-diomaye-faye-en-tete-selon-les-premieres-tendances\" \/>\n<meta property=\"og:locale\" content=\"fr_FR\" \/>\n<meta property=\"og:type\" content=\"article\" \/>\n<meta property=\"og:title\" content=\"PRE\u0301SIDENTIELLE AU SE\u0301NE\u0301GAL: L\u2019OPPOSANT BASSIROU DIOMAYE FAYE EN TE\u0302TE SELON LES PREMIE\u0300RES TENDANCES\" \/>\n<meta property=\"og:description\" content=\"Le candidat antisyste\u0300me du parti Pastef, sorti de prison il y a dix jours, devancerait ses concurrents, d\u2019apre\u0300s les pr ...\" \/>\n<meta property=\"og:url\" content=\"https:\/\/www.africa-press.net\/senegal\/politique\/presidentielle-au-senegal-lopposant-bassirou-diomaye-faye-en-tete-selon-les-premieres-tendances\" \/>\n<meta property=\"og:site_name\" content=\"Senegal\" \/>\n<meta property=\"article:published_time\" content=\"2024-03-25T05:21:13+00:00\" \/>\n<meta property=\"article:modified_time\" content=\"2024-03-25T05:39:47+00:00\" \/>\n<meta property=\"og:image\" content=\"https:\/\/static.africa-press.net\/senegal\/sites\/13\/2024\/03\/sm_1711332415.254259.jpg\" \/>\n\t<meta property=\"og:image:width\" content=\"1280\" \/>\n\t<meta property=\"og:image:height\" content=\"720\" \/>\n\t<meta property=\"og:image:type\" content=\"image\/jpeg\" \/>\n<meta name=\"author\" content=\"cfeditorfr\" \/>\n<meta name=\"twitter:card\" content=\"summary_large_image\" \/>\n<meta name=\"twitter:label1\" content=\"\u00c9crit par\" \/>\n\t<meta name=\"twitter:data1\" content=\"cfeditorfr\" \/>\n\t<meta name=\"twitter:label2\" content=\"Dur\u00e9e de lecture estim\u00e9e\" \/>\n\t<meta name=\"twitter:data2\" content=\"3 minutes\" \/>\n<script type=\"application\/ld+json\" class=\"yoast-schema-graph\">{\"@context\":\"https:\/\/schema.org\",\"@graph\":[{\"@type\":\"Article\",\"@id\":\"https:\/\/www.africa-press.net\/senegal\/politique\/presidentielle-au-senegal-lopposant-bassirou-diomaye-faye-en-tete-selon-les-premieres-tendances#article\",\"isPartOf\":{\"@id\":\"https:\/\/www.africa-press.net\/senegal\/politique\/presidentielle-au-senegal-lopposant-bassirou-diomaye-faye-en-tete-selon-les-premieres-tendances\"},\"author\":{\"name\":\"cfeditorfr\",\"@id\":\"https:\/\/www.africa-press.net\/senegal\/#\/schema\/person\/2b1cf3cd81a31e3cd26889ca66d677f1\"},\"headline\":\"PRE\u0301SIDENTIELLE AU SE\u0301NE\u0301GAL: L\u2019OPPOSANT BASSIROU DIOMAYE FAYE EN TE\u0302TE SELON LES PREMIE\u0300RES TENDANCES\",\"datePublished\":\"2024-03-25T05:21:13+00:00\",\"dateModified\":\"2024-03-25T05:39:47+00:00\",\"mainEntityOfPage\":{\"@id\":\"https:\/\/www.africa-press.net\/senegal\/politique\/presidentielle-au-senegal-lopposant-bassirou-diomaye-faye-en-tete-selon-les-premieres-tendances\"},\"wordCount\":613,\"commentCount\":0,\"image\":{\"@id\":\"https:\/\/www.africa-press.net\/senegal\/politique\/presidentielle-au-senegal-lopposant-bassirou-diomaye-faye-en-tete-selon-les-premieres-tendances#primaryimage\"},\"thumbnailUrl\":\"https:\/\/static.africa-press.net\/senegal\/sites\/13\/2024\/03\/sm_1711332415.254259.jpg\",\"keywords\":[\"Africa Press\",\"Africa Press-Senegal\",\"Senegal\"],\"articleSection\":[\"Politique\",\"to-homepage\",\"Top Nouvelles\",\"Toutes les actualit\u00e9s\"],\"inLanguage\":\"fr-FR\",\"potentialAction\":[{\"@type\":\"CommentAction\",\"name\":\"Comment\",\"target\":[\"https:\/\/www.africa-press.net\/senegal\/politique\/presidentielle-au-senegal-lopposant-bassirou-diomaye-faye-en-tete-selon-les-premieres-tendances#respond\"]}]},{\"@type\":\"WebPage\",\"@id\":\"https:\/\/www.africa-press.net\/senegal\/politique\/presidentielle-au-senegal-lopposant-bassirou-diomaye-faye-en-tete-selon-les-premieres-tendances\",\"url\":\"https:\/\/www.africa-press.net\/senegal\/politique\/presidentielle-au-senegal-lopposant-bassirou-diomaye-faye-en-tete-selon-les-premieres-tendances\",\"name\":\"PRE\u0301SIDENTIELLE AU SE\u0301NE\u0301GAL: L\u2019OPPOSANT BASSIROU DIOMAYE FAYE EN TE\u0302TE SELON LES PREMIE\u0300RES TENDANCES - Senegal\",\"isPartOf\":{\"@id\":\"https:\/\/www.africa-press.net\/senegal\/#website\"},\"primaryImageOfPage\":{\"@id\":\"https:\/\/www.africa-press.net\/senegal\/politique\/presidentielle-au-senegal-lopposant-bassirou-diomaye-faye-en-tete-selon-les-premieres-tendances#primaryimage\"},\"image\":{\"@id\":\"https:\/\/www.africa-press.net\/senegal\/politique\/presidentielle-au-senegal-lopposant-bassirou-diomaye-faye-en-tete-selon-les-premieres-tendances#primaryimage\"},\"thumbnailUrl\":\"https:\/\/static.africa-press.net\/senegal\/sites\/13\/2024\/03\/sm_1711332415.254259.jpg\",\"datePublished\":\"2024-03-25T05:21:13+00:00\",\"dateModified\":\"2024-03-25T05:39:47+00:00\",\"author\":{\"@id\":\"https:\/\/www.africa-press.net\/senegal\/#\/schema\/person\/2b1cf3cd81a31e3cd26889ca66d677f1\"},\"description\":\"Le candidat antisyste\u0300me du parti Pastef, sorti de prison il y a dix jours, devancerait ses concurrents, d\u2019apre\u0300s les pr ...\",\"breadcrumb\":{\"@id\":\"https:\/\/www.africa-press.net\/senegal\/politique\/presidentielle-au-senegal-lopposant-bassirou-diomaye-faye-en-tete-selon-les-premieres-tendances#breadcrumb\"},\"inLanguage\":\"fr-FR\",\"potentialAction\":[{\"@type\":\"ReadAction\",\"target\":[\"https:\/\/www.africa-press.net\/senegal\/politique\/presidentielle-au-senegal-lopposant-bassirou-diomaye-faye-en-tete-selon-les-premieres-tendances\"]}]},{\"@type\":\"ImageObject\",\"inLanguage\":\"fr-FR\",\"@id\":\"https:\/\/www.africa-press.net\/senegal\/politique\/presidentielle-au-senegal-lopposant-bassirou-diomaye-faye-en-tete-selon-les-premieres-tendances#primaryimage\",\"url\":\"https:\/\/static.africa-press.net\/senegal\/sites\/13\/2024\/03\/sm_1711332415.254259.jpg\",\"contentUrl\":\"https:\/\/static.africa-press.net\/senegal\/sites\/13\/2024\/03\/sm_1711332415.254259.jpg\",\"width\":1280,\"height\":720,\"caption\":\"PRE\u0301SIDENTIELLE AU SE\u0301NE\u0301GAL: L\u2019OPPOSANT BASSIROU DIOMAYE FAYE EN TE\u0302TE SELON LES PREMIE\u0300RES TENDANCES\"},{\"@type\":\"BreadcrumbList\",\"@id\":\"https:\/\/www.africa-press.net\/senegal\/politique\/presidentielle-au-senegal-lopposant-bassirou-diomaye-faye-en-tete-selon-les-premieres-tendances#breadcrumb\",\"itemListElement\":[{\"@type\":\"ListItem\",\"position\":1,\"name\":\"Accueil\",\"item\":\"https:\/\/www.africa-press.net\/senegal\/\"},{\"@type\":\"ListItem\",\"position\":2,\"name\":\"PRE\u0301SIDENTIELLE AU SE\u0301NE\u0301GAL: L\u2019OPPOSANT BASSIROU DIOMAYE FAYE EN TE\u0302TE SELON LES PREMIE\u0300RES TENDANCES\"}]},{\"@type\":\"WebSite\",\"@id\":\"https:\/\/www.africa-press.net\/senegal\/#website\",\"url\":\"https:\/\/www.africa-press.net\/senegal\/\",\"name\":\"Africa Press | Senegal | Homepage\",\"description\":\"Just another Africa News Agency Sites site\",\"potentialAction\":[{\"@type\":\"SearchAction\",\"target\":{\"@type\":\"EntryPoint\",\"urlTemplate\":\"https:\/\/www.africa-press.net\/senegal\/?s={search_term_string}\"},\"query-input\":{\"@type\":\"PropertyValueSpecification\",\"valueRequired\":true,\"valueName\":\"search_term_string\"}}],\"inLanguage\":\"fr-FR\"},{\"@type\":\"Person\",\"@id\":\"https:\/\/www.africa-press.net\/senegal\/#\/schema\/person\/2b1cf3cd81a31e3cd26889ca66d677f1\",\"name\":\"cfeditorfr\",\"url\":\"https:\/\/www.africa-press.net\/senegal\/author\/cfeditorfr\"}]}<\/script>\n<!-- \/ Yoast SEO Premium plugin. -->","yoast_head_json":{"title":"PRE\u0301SIDENTIELLE AU SE\u0301NE\u0301GAL: L\u2019OPPOSANT BASSIROU DIOMAYE FAYE EN TE\u0302TE SELON LES PREMIE\u0300RES TENDANCES - Senegal","description":"Le candidat antisyste\u0300me du parti Pastef, sorti de prison il y a dix jours, devancerait ses concurrents, d\u2019apre\u0300s les pr ...","robots":{"index":"index","follow":"follow","max-snippet":"max-snippet:-1","max-image-preview":"max-image-preview:large","max-video-preview":"max-video-preview:-1"},"canonical":"https:\/\/www.africa-press.net\/senegal\/politique\/presidentielle-au-senegal-lopposant-bassirou-diomaye-faye-en-tete-selon-les-premieres-tendances","og_locale":"fr_FR","og_type":"article","og_title":"PRE\u0301SIDENTIELLE AU SE\u0301NE\u0301GAL: L\u2019OPPOSANT BASSIROU DIOMAYE FAYE EN TE\u0302TE SELON LES PREMIE\u0300RES TENDANCES","og_description":"Le candidat antisyste\u0300me du parti Pastef, sorti de prison il y a dix jours, devancerait ses concurrents, d\u2019apre\u0300s les pr ...","og_url":"https:\/\/www.africa-press.net\/senegal\/politique\/presidentielle-au-senegal-lopposant-bassirou-diomaye-faye-en-tete-selon-les-premieres-tendances","og_site_name":"Senegal","article_published_time":"2024-03-25T05:21:13+00:00","article_modified_time":"2024-03-25T05:39:47+00:00","og_image":[{"width":1280,"height":720,"url":"https:\/\/static.africa-press.net\/senegal\/sites\/13\/2024\/03\/sm_1711332415.254259.jpg","type":"image\/jpeg"}],"author":"cfeditorfr","twitter_card":"summary_large_image","twitter_misc":{"\u00c9crit par":"cfeditorfr","Dur\u00e9e de lecture estim\u00e9e":"3 minutes"},"schema":{"@context":"https:\/\/schema.org","@graph":[{"@type":"Article","@id":"https:\/\/www.africa-press.net\/senegal\/politique\/presidentielle-au-senegal-lopposant-bassirou-diomaye-faye-en-tete-selon-les-premieres-tendances#article","isPartOf":{"@id":"https:\/\/www.africa-press.net\/senegal\/politique\/presidentielle-au-senegal-lopposant-bassirou-diomaye-faye-en-tete-selon-les-premieres-tendances"},"author":{"name":"cfeditorfr","@id":"https:\/\/www.africa-press.net\/senegal\/#\/schema\/person\/2b1cf3cd81a31e3cd26889ca66d677f1"},"headline":"PRE\u0301SIDENTIELLE AU SE\u0301NE\u0301GAL: L\u2019OPPOSANT BASSIROU DIOMAYE FAYE EN TE\u0302TE SELON LES PREMIE\u0300RES TENDANCES","datePublished":"2024-03-25T05:21:13+00:00","dateModified":"2024-03-25T05:39:47+00:00","mainEntityOfPage":{"@id":"https:\/\/www.africa-press.net\/senegal\/politique\/presidentielle-au-senegal-lopposant-bassirou-diomaye-faye-en-tete-selon-les-premieres-tendances"},"wordCount":613,"commentCount":0,"image":{"@id":"https:\/\/www.africa-press.net\/senegal\/politique\/presidentielle-au-senegal-lopposant-bassirou-diomaye-faye-en-tete-selon-les-premieres-tendances#primaryimage"},"thumbnailUrl":"https:\/\/static.africa-press.net\/senegal\/sites\/13\/2024\/03\/sm_1711332415.254259.jpg","keywords":["Africa Press","Africa Press-Senegal","Senegal"],"articleSection":["Politique","to-homepage","Top Nouvelles","Toutes les actualit\u00e9s"],"inLanguage":"fr-FR","potentialAction":[{"@type":"CommentAction","name":"Comment","target":["https:\/\/www.africa-press.net\/senegal\/politique\/presidentielle-au-senegal-lopposant-bassirou-diomaye-faye-en-tete-selon-les-premieres-tendances#respond"]}]},{"@type":"WebPage","@id":"https:\/\/www.africa-press.net\/senegal\/politique\/presidentielle-au-senegal-lopposant-bassirou-diomaye-faye-en-tete-selon-les-premieres-tendances","url":"https:\/\/www.africa-press.net\/senegal\/politique\/presidentielle-au-senegal-lopposant-bassirou-diomaye-faye-en-tete-selon-les-premieres-tendances","name":"PRE\u0301SIDENTIELLE AU SE\u0301NE\u0301GAL: L\u2019OPPOSANT BASSIROU DIOMAYE FAYE EN TE\u0302TE SELON LES PREMIE\u0300RES TENDANCES - Senegal","isPartOf":{"@id":"https:\/\/www.africa-press.net\/senegal\/#website"},"primaryImageOfPage":{"@id":"https:\/\/www.africa-press.net\/senegal\/politique\/presidentielle-au-senegal-lopposant-bassirou-diomaye-faye-en-tete-selon-les-premieres-tendances#primaryimage"},"image":{"@id":"https:\/\/www.africa-press.net\/senegal\/politique\/presidentielle-au-senegal-lopposant-bassirou-diomaye-faye-en-tete-selon-les-premieres-tendances#primaryimage"},"thumbnailUrl":"https:\/\/static.africa-press.net\/senegal\/sites\/13\/2024\/03\/sm_1711332415.254259.jpg","datePublished":"2024-03-25T05:21:13+00:00","dateModified":"2024-03-25T05:39:47+00:00","author":{"@id":"https:\/\/www.africa-press.net\/senegal\/#\/schema\/person\/2b1cf3cd81a31e3cd26889ca66d677f1"},"description":"Le candidat antisyste\u0300me du parti Pastef, sorti de prison il y a dix jours, devancerait ses concurrents, d\u2019apre\u0300s les pr ...","breadcrumb":{"@id":"https:\/\/www.africa-press.net\/senegal\/politique\/presidentielle-au-senegal-lopposant-bassirou-diomaye-faye-en-tete-selon-les-premieres-tendances#breadcrumb"},"inLanguage":"fr-FR","potentialAction":[{"@type":"ReadAction","target":["https:\/\/www.africa-press.net\/senegal\/politique\/presidentielle-au-senegal-lopposant-bassirou-diomaye-faye-en-tete-selon-les-premieres-tendances"]}]},{"@type":"ImageObject","inLanguage":"fr-FR","@id":"https:\/\/www.africa-press.net\/senegal\/politique\/presidentielle-au-senegal-lopposant-bassirou-diomaye-faye-en-tete-selon-les-premieres-tendances#primaryimage","url":"https:\/\/static.africa-press.net\/senegal\/sites\/13\/2024\/03\/sm_1711332415.254259.jpg","contentUrl":"https:\/\/static.africa-press.net\/senegal\/sites\/13\/2024\/03\/sm_1711332415.254259.jpg","width":1280,"height":720,"caption":"PRE\u0301SIDENTIELLE AU SE\u0301NE\u0301GAL: L\u2019OPPOSANT BASSIROU DIOMAYE FAYE EN TE\u0302TE SELON LES PREMIE\u0300RES TENDANCES"},{"@type":"BreadcrumbList","@id":"https:\/\/www.africa-press.net\/senegal\/politique\/presidentielle-au-senegal-lopposant-bassirou-diomaye-faye-en-tete-selon-les-premieres-tendances#breadcrumb","itemListElement":[{"@type":"ListItem","position":1,"name":"Accueil","item":"https:\/\/www.africa-press.net\/senegal\/"},{"@type":"ListItem","position":2,"name":"PRE\u0301SIDENTIELLE AU SE\u0301NE\u0301GAL: L\u2019OPPOSANT BASSIROU DIOMAYE FAYE EN TE\u0302TE SELON LES PREMIE\u0300RES TENDANCES"}]},{"@type":"WebSite","@id":"https:\/\/www.africa-press.net\/senegal\/#website","url":"https:\/\/www.africa-press.net\/senegal\/","name":"Africa Press | Senegal | Homepage","description":"Just another Africa News Agency Sites site","potentialAction":[{"@type":"SearchAction","target":{"@type":"EntryPoint","urlTemplate":"https:\/\/www.africa-press.net\/senegal\/?s={search_term_string}"},"query-input":{"@type":"PropertyValueSpecification","valueRequired":true,"valueName":"search_term_string"}}],"inLanguage":"fr-FR"},{"@type":"Person","@id":"https:\/\/www.africa-press.net\/senegal\/#\/schema\/person\/2b1cf3cd81a31e3cd26889ca66d677f1","name":"cfeditorfr","url":"https:\/\/www.africa-press.net\/senegal\/author\/cfeditorfr"}]}},"_links":{"self":[{"href":"https:\/\/www.africa-press.net\/senegal\/wp-json\/wp\/v2\/posts\/57394","targetHints":{"allow":["GET"]}}],"collection":[{"href":"https:\/\/www.africa-press.net\/senegal\/wp-json\/wp\/v2\/posts"}],"about":[{"href":"https:\/\/www.africa-press.net\/senegal\/wp-json\/wp\/v2\/types\/post"}],"author":[{"embeddable":true,"href":"https:\/\/www.africa-press.net\/senegal\/wp-json\/wp\/v2\/users\/82"}],"replies":[{"embeddable":true,"href":"https:\/\/www.africa-press.net\/senegal\/wp-json\/wp\/v2\/comments?post=57394"}],"version-history":[{"count":0,"href":"https:\/\/www.africa-press.net\/senegal\/wp-json\/wp\/v2\/posts\/57394\/revisions"}],"wp:featuredmedia":[{"embeddable":true,"href":"https:\/\/www.africa-press.net\/senegal\/wp-json\/wp\/v2\/media\/57393"}],"wp:attachment":[{"href":"https:\/\/www.africa-press.net\/senegal\/wp-json\/wp\/v2\/media?parent=57394"}],"wp:term":[{"taxonomy":"category","embeddable":true,"href":"https:\/\/www.africa-press.net\/senegal\/wp-json\/wp\/v2\/categories?post=57394"},{"taxonomy":"post_tag","embeddable":true,"href":"https:\/\/www.africa-press.net\/senegal\/wp-json\/wp\/v2\/tags?post=57394"}],"curies":[{"name":"wp","href":"https:\/\/api.w.org\/{rel}","templated":true}]}}