{"id":57402,"date":"2024-03-25T06:49:46","date_gmt":"2024-03-25T06:49:46","guid":{"rendered":"https:\/\/www.africa-press.net\/senegal\/politique\/incertitudes-sur-un-second-tour-apres-la-presidentielle-au-senegal"},"modified":"2024-03-25T07:59:28","modified_gmt":"2024-03-25T07:59:28","slug":"incertitudes-sur-un-second-tour-apres-la-presidentielle-au-senegal","status":"publish","type":"post","link":"https:\/\/www.africa-press.net\/senegal\/politique\/incertitudes-sur-un-second-tour-apres-la-presidentielle-au-senegal","title":{"rendered":"Incertitudes sur un second tour apr\u00e8s la pr\u00e9sidentielle au S\u00e9n\u00e9gal"},"content":{"rendered":"<p><span style=\"color: #ff6600\"><strong>Africa-Press &#8211; Senegal. <\/strong><\/span>L&rsquo;opposant antisyste\u0300me Bassirou Diomaye Faye, encore en prison il y a une dizaine de jours, semblait lundi avoir pris l&rsquo;avantage a\u0300 la pre\u0301sidentielle au Se\u0301ne\u0301gal de la veille. Mais le camp du pouvoir a assure\u0301 qu&rsquo;il y aurait un second tour.<\/p>\n<p>Les Se\u0301ne\u0301galais attendaient lundi de connai\u0302tre l&rsquo;issue d&rsquo;une e\u0301lection qui tranchera entre continuite\u0301 et changement peut-e\u0302tre radical. Ils demeurent dans l&rsquo;incertitude sur la ne\u0301cessite\u0301 d&rsquo;un second tour, pour lequel aucune date n&rsquo;est fixe\u0301e.<\/p>\n<p>Des re\u0301sultats officiels de la pre\u0301sidentielle ne devraient pas e\u0302tre connus avant le courant de la semaine. La commission e\u0301lectorale nationale a jusqu&rsquo;a\u0300 vendredi pour publier des re\u0301sultats provisoires, avant leur validation par le conseil constitutionnel.<\/p>\n<p>Il faut la majorite\u0301 absolue des suffrages exprime\u0301s pour l&#8217;emporter au premier tour. Sans majorite\u0301 absolue, les deux premiers disputent un second tour.<\/p>\n<p><b>Fe\u0301licitations d&rsquo;adversaires<\/b><\/p>\n<p>Les re\u0301sultats publie\u0301s dans les me\u0301dias et sur les re\u0301seaux sociaux placent le candidat Bassirou Diomaye Faye devant celui du pouvoir, Amadou Ba, et tre\u0300s loin devant les autres.<\/p>\n<p>Au moins sept des 17 candidats ont fe\u0301licite\u0301 Bassirou Diomaye Faye de sa victoire de\u0300s le premier tour au vu des re\u0301sultats provisoires publie\u0301s par les me\u0301dias. Des sce\u0300nes de liesse ont e\u0301clate\u0301 parmi ses sympathisants dans la capitale.<\/p>\n<p>Mais la direction de campagne du candidat du pouvoir a assure\u0301 que ces manifestations e\u0301taient pre\u0301mature\u0301es. Elle s&rsquo;est dit certaine que, \u00ab\u00a0dans le pire des cas\u00a0\u00bb, Amadou Ba serait au second tour.<\/p>\n<p><img loading=\"lazy\" decoding=\"async\" src=\"bin\/Users\/Kati\/postMediaimg_1_1.jpg\" width=\"480\" height=\"192\" \/><\/p>\n<p>Une victoire de Bassirou Diomaye Faye s&rsquo;apparenterait a\u0300 un se\u0301isme politique. L&rsquo;homme de 44 ans deviendrait le plus jeune pre\u0301sident du Se\u0301ne\u0301gal.<\/p>\n<p>Bassirou Diomaye Faye se veut le \u00ab\u00a0candidat du changement de syste\u0300me\u00a0\u00bb et d&rsquo;un \u00ab\u00a0panafricanisme de gauche\u00a0\u00bb. Son programme insiste sur le re\u0301tablissement de la \u00ab\u00a0souverainete\u0301\u00a0\u00bb nationale, brade\u0301e selon lui a\u0300 l&rsquo;e\u0301tranger. Il a promis de combattre la corruption et de mieux re\u0301partir les richesses, et s&rsquo;est aussi engage\u0301 a\u0300 rene\u0301gocier les contrats miniers, gaziers et pe\u0301troliers conclus avec des compagnies e\u0301trange\u0300res.<\/p>\n<p>Le Se\u0301ne\u0301gal pourrait commencer a\u0300 produire du gaz et du pe\u0301trole en 2024.<\/p>\n<p><b>Grave crise<\/b><\/p>\n<p>Le scrutin est suivi avec attention, le Se\u0301ne\u0301gal e\u0301tant conside\u0301re\u0301 comme l&rsquo;un des pays les plus stables d&rsquo;une Afrique de l&rsquo;Ouest secoue\u0301e par les coups d&rsquo;Etat. Dakar maintient des relations fortes avec l&rsquo;Occident, tandis que la Russie renforce ses positions alentour.<\/p>\n<p>Ce pays de 18 millions d&rsquo;habitants a connu depuis 2021 diffe\u0301rents e\u0301pisodes de troubles cause\u0301s par le bras de fer entre l&rsquo;opposant Ousmane Sonko et le pouvoir, conjugue\u0301 aux tensions sociales et au flou longtemps maintenu par le pre\u0301sident Sall sur sa candidature a\u0300 un troisie\u0300me mandat.<\/p>\n<p>Le Se\u0301ne\u0301gal a plonge\u0301 dans l&rsquo;une de ses plus graves crises depuis des de\u0301cennies quand le pre\u0301sident Sall a de\u0301cre\u0301te\u0301 le 3 fe\u0301vrier un report de la pre\u0301sidentielle pre\u0301vue trois semaines plus tard. Les troubles ont fait des dizaines de morts en trois ans et donne\u0301 lieu a\u0300 des centaines d&rsquo;arrestations.<\/p>\n<p><img loading=\"lazy\" decoding=\"async\" src=\"bin\/Users\/Kati\/postMediaimg_1_2.jpg\" width=\"480\" height=\"192\" \/><\/p>\n<p>Les deux camps se rejettent mutuellement la faute de ces e\u0301ve\u0301nements, qui ont alte\u0301re\u0301 la vitrine de\u0301mocratique se\u0301ne\u0301galaise. Bassirou Diomaye Faye a promis \u00ab\u00a0la rupture\u00a0\u00bb en votant dimanche dans son village de Ndiaganiao (ouest).<\/p>\n<p>Amadou Ba, qui e\u0301tait encore il y a quelques semaines le premier ministre du pre\u0301sident Sall, se pose en garant de la stabilite\u0301. Il pre\u0301sente les candidats Faye et Sonko comme des \u00ab\u00a0aventuriers\u00a0\u00bb ou des \u00ab\u00a0amateurs\u00a0\u00bb.<\/p>\n<p>Il lui faut assumer cependant tous les aspects de l&rsquo;he\u0301ritage du pre\u0301sident Sall: les grands travaux qui ont transforme\u0301 le visage du Se\u0301ne\u0301gal, mais aussi une pauvrete\u0301 persistante, un cho\u0302mage e\u0301leve\u0301 et les centaines d&rsquo;arrestations de la pe\u0301riode re\u0301cente.<\/p>\n<p><img loading=\"lazy\" decoding=\"async\" width=\"960\" height=\"540\" class=\"alignnone wp-image-57400 size-full\" src=\"https:\/\/static.africa-press.net\/senegal\/sites\/13\/2024\/03\/sm_1711337297.390091.jpg\" srcset=\"https:\/\/static.africa-press.net\/senegal\/sites\/13\/2024\/03\/sm_1711337297.390091.jpg 960w, https:\/\/static.africa-press.net\/senegal\/sites\/13\/2024\/03\/sm_1711337297.390091-300x169.jpg 300w, https:\/\/static.africa-press.net\/senegal\/sites\/13\/2024\/03\/sm_1711337297.390091-768x432.jpg 768w\" sizes=\"auto, (max-width: 960px) 100vw, 960px\" \/><\/p>\n<p><strong>Pour plus d&rsquo;informations et d&rsquo;analyses sur la <a href=\"https:\/\/www.africa-press.net\/senegal\">Senegal<\/a>, suivez <a href=\"https:\/\/www.africa-press.net\/\">Africa-Press<\/a><\/strong><\/p>\n","protected":false},"excerpt":{"rendered":"<p>Africa-Press &#8211; Senegal. L&rsquo;opposant antisyste\u0300me Bassirou Diomaye Faye, encore en prison il y a une dizaine de jours, semblait lundi avoir pris l&rsquo;avantage a\u0300 la pre\u0301sidentielle au Se\u0301ne\u0301gal de la veille. Mais le camp du pouvoir a assure\u0301 qu&rsquo;il y aurait un second tour. Les Se\u0301ne\u0301galais attendaient lundi de connai\u0302tre l&rsquo;issue d&rsquo;une e\u0301lection qui tranchera [&hellip;]<\/p>\n","protected":false},"author":82,"featured_media":57401,"comment_status":"open","ping_status":"closed","sticky":false,"template":"","format":"standard","meta":{"footnotes":""},"categories":[2,10],"tags":[43,47,44],"class_list":["post-57402","post","type-post","status-publish","format-standard","has-post-thumbnail","hentry","category-politique","category-toutes-les-actualites","tag-africa-press-2","tag-africa-press-senegal","tag-senegal-2"],"yoast_head":"<!-- This site is optimized with the Yoast SEO Premium plugin v26.1 (Yoast SEO v27.0) - https:\/\/yoast.com\/product\/yoast-seo-premium-wordpress\/ -->\n<title>Incertitudes sur un second tour apr\u00e8s la pr\u00e9sidentielle au S\u00e9n\u00e9gal - Senegal<\/title>\n<meta name=\"description\" content=\"L&#039;opposant antisyste\u0300me Bassirou Diomaye Faye, encore en prison il y a une dizaine de jours, semblait lundi avoir pris l ...\" \/>\n<meta name=\"robots\" content=\"index, follow, max-snippet:-1, max-image-preview:large, max-video-preview:-1\" \/>\n<link rel=\"canonical\" href=\"https:\/\/www.africa-press.net\/senegal\/politique\/incertitudes-sur-un-second-tour-apres-la-presidentielle-au-senegal\" \/>\n<meta property=\"og:locale\" content=\"fr_FR\" \/>\n<meta property=\"og:type\" content=\"article\" \/>\n<meta property=\"og:title\" content=\"Incertitudes sur un second tour apr\u00e8s la pr\u00e9sidentielle au S\u00e9n\u00e9gal\" \/>\n<meta property=\"og:description\" content=\"L&#039;opposant antisyste\u0300me Bassirou Diomaye Faye, encore en prison il y a une dizaine de jours, semblait lundi avoir pris l ...\" \/>\n<meta property=\"og:url\" content=\"https:\/\/www.africa-press.net\/senegal\/politique\/incertitudes-sur-un-second-tour-apres-la-presidentielle-au-senegal\" \/>\n<meta property=\"og:site_name\" content=\"Senegal\" \/>\n<meta property=\"article:published_time\" content=\"2024-03-25T06:49:46+00:00\" \/>\n<meta property=\"article:modified_time\" content=\"2024-03-25T07:59:28+00:00\" \/>\n<meta property=\"og:image\" content=\"https:\/\/static.africa-press.net\/senegal\/sites\/13\/2024\/03\/sm_1711337311.216378.jpg\" \/>\n\t<meta property=\"og:image:width\" content=\"1280\" \/>\n\t<meta property=\"og:image:height\" content=\"720\" \/>\n\t<meta property=\"og:image:type\" content=\"image\/jpeg\" \/>\n<meta name=\"author\" content=\"cfeditorfr\" \/>\n<meta name=\"twitter:card\" content=\"summary_large_image\" \/>\n<meta name=\"twitter:label1\" content=\"\u00c9crit par\" \/>\n\t<meta name=\"twitter:data1\" content=\"cfeditorfr\" \/>\n\t<meta name=\"twitter:label2\" content=\"Dur\u00e9e de lecture estim\u00e9e\" \/>\n\t<meta name=\"twitter:data2\" content=\"3 minutes\" \/>\n<script type=\"application\/ld+json\" class=\"yoast-schema-graph\">{\"@context\":\"https:\/\/schema.org\",\"@graph\":[{\"@type\":\"Article\",\"@id\":\"https:\/\/www.africa-press.net\/senegal\/politique\/incertitudes-sur-un-second-tour-apres-la-presidentielle-au-senegal#article\",\"isPartOf\":{\"@id\":\"https:\/\/www.africa-press.net\/senegal\/politique\/incertitudes-sur-un-second-tour-apres-la-presidentielle-au-senegal\"},\"author\":{\"name\":\"cfeditorfr\",\"@id\":\"https:\/\/www.africa-press.net\/senegal\/#\/schema\/person\/2b1cf3cd81a31e3cd26889ca66d677f1\"},\"headline\":\"Incertitudes sur un second tour apr\u00e8s la pr\u00e9sidentielle au S\u00e9n\u00e9gal\",\"datePublished\":\"2024-03-25T06:49:46+00:00\",\"dateModified\":\"2024-03-25T07:59:28+00:00\",\"mainEntityOfPage\":{\"@id\":\"https:\/\/www.africa-press.net\/senegal\/politique\/incertitudes-sur-un-second-tour-apres-la-presidentielle-au-senegal\"},\"wordCount\":717,\"commentCount\":0,\"image\":{\"@id\":\"https:\/\/www.africa-press.net\/senegal\/politique\/incertitudes-sur-un-second-tour-apres-la-presidentielle-au-senegal#primaryimage\"},\"thumbnailUrl\":\"https:\/\/static.africa-press.net\/senegal\/sites\/13\/2024\/03\/sm_1711337311.216378.jpg\",\"keywords\":[\"Africa Press\",\"Africa Press-Senegal\",\"Senegal\"],\"articleSection\":[\"Politique\",\"Toutes les actualit\u00e9s\"],\"inLanguage\":\"fr-FR\",\"potentialAction\":[{\"@type\":\"CommentAction\",\"name\":\"Comment\",\"target\":[\"https:\/\/www.africa-press.net\/senegal\/politique\/incertitudes-sur-un-second-tour-apres-la-presidentielle-au-senegal#respond\"]}]},{\"@type\":\"WebPage\",\"@id\":\"https:\/\/www.africa-press.net\/senegal\/politique\/incertitudes-sur-un-second-tour-apres-la-presidentielle-au-senegal\",\"url\":\"https:\/\/www.africa-press.net\/senegal\/politique\/incertitudes-sur-un-second-tour-apres-la-presidentielle-au-senegal\",\"name\":\"Incertitudes sur un second tour apr\u00e8s la pr\u00e9sidentielle au S\u00e9n\u00e9gal - Senegal\",\"isPartOf\":{\"@id\":\"https:\/\/www.africa-press.net\/senegal\/#website\"},\"primaryImageOfPage\":{\"@id\":\"https:\/\/www.africa-press.net\/senegal\/politique\/incertitudes-sur-un-second-tour-apres-la-presidentielle-au-senegal#primaryimage\"},\"image\":{\"@id\":\"https:\/\/www.africa-press.net\/senegal\/politique\/incertitudes-sur-un-second-tour-apres-la-presidentielle-au-senegal#primaryimage\"},\"thumbnailUrl\":\"https:\/\/static.africa-press.net\/senegal\/sites\/13\/2024\/03\/sm_1711337311.216378.jpg\",\"datePublished\":\"2024-03-25T06:49:46+00:00\",\"dateModified\":\"2024-03-25T07:59:28+00:00\",\"author\":{\"@id\":\"https:\/\/www.africa-press.net\/senegal\/#\/schema\/person\/2b1cf3cd81a31e3cd26889ca66d677f1\"},\"description\":\"L'opposant antisyste\u0300me Bassirou Diomaye Faye, encore en prison il y a une dizaine de jours, semblait lundi avoir pris l ...\",\"breadcrumb\":{\"@id\":\"https:\/\/www.africa-press.net\/senegal\/politique\/incertitudes-sur-un-second-tour-apres-la-presidentielle-au-senegal#breadcrumb\"},\"inLanguage\":\"fr-FR\",\"potentialAction\":[{\"@type\":\"ReadAction\",\"target\":[\"https:\/\/www.africa-press.net\/senegal\/politique\/incertitudes-sur-un-second-tour-apres-la-presidentielle-au-senegal\"]}]},{\"@type\":\"ImageObject\",\"inLanguage\":\"fr-FR\",\"@id\":\"https:\/\/www.africa-press.net\/senegal\/politique\/incertitudes-sur-un-second-tour-apres-la-presidentielle-au-senegal#primaryimage\",\"url\":\"https:\/\/static.africa-press.net\/senegal\/sites\/13\/2024\/03\/sm_1711337311.216378.jpg\",\"contentUrl\":\"https:\/\/static.africa-press.net\/senegal\/sites\/13\/2024\/03\/sm_1711337311.216378.jpg\",\"width\":1280,\"height\":720,\"caption\":\"Incertitudes sur un second tour apr\u00e8s la pr\u00e9sidentielle au S\u00e9n\u00e9gal\"},{\"@type\":\"BreadcrumbList\",\"@id\":\"https:\/\/www.africa-press.net\/senegal\/politique\/incertitudes-sur-un-second-tour-apres-la-presidentielle-au-senegal#breadcrumb\",\"itemListElement\":[{\"@type\":\"ListItem\",\"position\":1,\"name\":\"Accueil\",\"item\":\"https:\/\/www.africa-press.net\/senegal\/\"},{\"@type\":\"ListItem\",\"position\":2,\"name\":\"Incertitudes sur un second tour apr\u00e8s la pr\u00e9sidentielle au S\u00e9n\u00e9gal\"}]},{\"@type\":\"WebSite\",\"@id\":\"https:\/\/www.africa-press.net\/senegal\/#website\",\"url\":\"https:\/\/www.africa-press.net\/senegal\/\",\"name\":\"Africa Press | Senegal | Homepage\",\"description\":\"Just another Africa News Agency Sites site\",\"potentialAction\":[{\"@type\":\"SearchAction\",\"target\":{\"@type\":\"EntryPoint\",\"urlTemplate\":\"https:\/\/www.africa-press.net\/senegal\/?s={search_term_string}\"},\"query-input\":{\"@type\":\"PropertyValueSpecification\",\"valueRequired\":true,\"valueName\":\"search_term_string\"}}],\"inLanguage\":\"fr-FR\"},{\"@type\":\"Person\",\"@id\":\"https:\/\/www.africa-press.net\/senegal\/#\/schema\/person\/2b1cf3cd81a31e3cd26889ca66d677f1\",\"name\":\"cfeditorfr\",\"url\":\"https:\/\/www.africa-press.net\/senegal\/author\/cfeditorfr\"}]}<\/script>\n<!-- \/ Yoast SEO Premium plugin. -->","yoast_head_json":{"title":"Incertitudes sur un second tour apr\u00e8s la pr\u00e9sidentielle au S\u00e9n\u00e9gal - Senegal","description":"L'opposant antisyste\u0300me Bassirou Diomaye Faye, encore en prison il y a une dizaine de jours, semblait lundi avoir pris l ...","robots":{"index":"index","follow":"follow","max-snippet":"max-snippet:-1","max-image-preview":"max-image-preview:large","max-video-preview":"max-video-preview:-1"},"canonical":"https:\/\/www.africa-press.net\/senegal\/politique\/incertitudes-sur-un-second-tour-apres-la-presidentielle-au-senegal","og_locale":"fr_FR","og_type":"article","og_title":"Incertitudes sur un second tour apr\u00e8s la pr\u00e9sidentielle au S\u00e9n\u00e9gal","og_description":"L'opposant antisyste\u0300me Bassirou Diomaye Faye, encore en prison il y a une dizaine de jours, semblait lundi avoir pris l ...","og_url":"https:\/\/www.africa-press.net\/senegal\/politique\/incertitudes-sur-un-second-tour-apres-la-presidentielle-au-senegal","og_site_name":"Senegal","article_published_time":"2024-03-25T06:49:46+00:00","article_modified_time":"2024-03-25T07:59:28+00:00","og_image":[{"width":1280,"height":720,"url":"https:\/\/static.africa-press.net\/senegal\/sites\/13\/2024\/03\/sm_1711337311.216378.jpg","type":"image\/jpeg"}],"author":"cfeditorfr","twitter_card":"summary_large_image","twitter_misc":{"\u00c9crit par":"cfeditorfr","Dur\u00e9e de lecture estim\u00e9e":"3 minutes"},"schema":{"@context":"https:\/\/schema.org","@graph":[{"@type":"Article","@id":"https:\/\/www.africa-press.net\/senegal\/politique\/incertitudes-sur-un-second-tour-apres-la-presidentielle-au-senegal#article","isPartOf":{"@id":"https:\/\/www.africa-press.net\/senegal\/politique\/incertitudes-sur-un-second-tour-apres-la-presidentielle-au-senegal"},"author":{"name":"cfeditorfr","@id":"https:\/\/www.africa-press.net\/senegal\/#\/schema\/person\/2b1cf3cd81a31e3cd26889ca66d677f1"},"headline":"Incertitudes sur un second tour apr\u00e8s la pr\u00e9sidentielle au S\u00e9n\u00e9gal","datePublished":"2024-03-25T06:49:46+00:00","dateModified":"2024-03-25T07:59:28+00:00","mainEntityOfPage":{"@id":"https:\/\/www.africa-press.net\/senegal\/politique\/incertitudes-sur-un-second-tour-apres-la-presidentielle-au-senegal"},"wordCount":717,"commentCount":0,"image":{"@id":"https:\/\/www.africa-press.net\/senegal\/politique\/incertitudes-sur-un-second-tour-apres-la-presidentielle-au-senegal#primaryimage"},"thumbnailUrl":"https:\/\/static.africa-press.net\/senegal\/sites\/13\/2024\/03\/sm_1711337311.216378.jpg","keywords":["Africa Press","Africa Press-Senegal","Senegal"],"articleSection":["Politique","Toutes les actualit\u00e9s"],"inLanguage":"fr-FR","potentialAction":[{"@type":"CommentAction","name":"Comment","target":["https:\/\/www.africa-press.net\/senegal\/politique\/incertitudes-sur-un-second-tour-apres-la-presidentielle-au-senegal#respond"]}]},{"@type":"WebPage","@id":"https:\/\/www.africa-press.net\/senegal\/politique\/incertitudes-sur-un-second-tour-apres-la-presidentielle-au-senegal","url":"https:\/\/www.africa-press.net\/senegal\/politique\/incertitudes-sur-un-second-tour-apres-la-presidentielle-au-senegal","name":"Incertitudes sur un second tour apr\u00e8s la pr\u00e9sidentielle au S\u00e9n\u00e9gal - Senegal","isPartOf":{"@id":"https:\/\/www.africa-press.net\/senegal\/#website"},"primaryImageOfPage":{"@id":"https:\/\/www.africa-press.net\/senegal\/politique\/incertitudes-sur-un-second-tour-apres-la-presidentielle-au-senegal#primaryimage"},"image":{"@id":"https:\/\/www.africa-press.net\/senegal\/politique\/incertitudes-sur-un-second-tour-apres-la-presidentielle-au-senegal#primaryimage"},"thumbnailUrl":"https:\/\/static.africa-press.net\/senegal\/sites\/13\/2024\/03\/sm_1711337311.216378.jpg","datePublished":"2024-03-25T06:49:46+00:00","dateModified":"2024-03-25T07:59:28+00:00","author":{"@id":"https:\/\/www.africa-press.net\/senegal\/#\/schema\/person\/2b1cf3cd81a31e3cd26889ca66d677f1"},"description":"L'opposant antisyste\u0300me Bassirou Diomaye Faye, encore en prison il y a une dizaine de jours, semblait lundi avoir pris l ...","breadcrumb":{"@id":"https:\/\/www.africa-press.net\/senegal\/politique\/incertitudes-sur-un-second-tour-apres-la-presidentielle-au-senegal#breadcrumb"},"inLanguage":"fr-FR","potentialAction":[{"@type":"ReadAction","target":["https:\/\/www.africa-press.net\/senegal\/politique\/incertitudes-sur-un-second-tour-apres-la-presidentielle-au-senegal"]}]},{"@type":"ImageObject","inLanguage":"fr-FR","@id":"https:\/\/www.africa-press.net\/senegal\/politique\/incertitudes-sur-un-second-tour-apres-la-presidentielle-au-senegal#primaryimage","url":"https:\/\/static.africa-press.net\/senegal\/sites\/13\/2024\/03\/sm_1711337311.216378.jpg","contentUrl":"https:\/\/static.africa-press.net\/senegal\/sites\/13\/2024\/03\/sm_1711337311.216378.jpg","width":1280,"height":720,"caption":"Incertitudes sur un second tour apr\u00e8s la pr\u00e9sidentielle au S\u00e9n\u00e9gal"},{"@type":"BreadcrumbList","@id":"https:\/\/www.africa-press.net\/senegal\/politique\/incertitudes-sur-un-second-tour-apres-la-presidentielle-au-senegal#breadcrumb","itemListElement":[{"@type":"ListItem","position":1,"name":"Accueil","item":"https:\/\/www.africa-press.net\/senegal\/"},{"@type":"ListItem","position":2,"name":"Incertitudes sur un second tour apr\u00e8s la pr\u00e9sidentielle au S\u00e9n\u00e9gal"}]},{"@type":"WebSite","@id":"https:\/\/www.africa-press.net\/senegal\/#website","url":"https:\/\/www.africa-press.net\/senegal\/","name":"Africa Press | Senegal | Homepage","description":"Just another Africa News Agency Sites site","potentialAction":[{"@type":"SearchAction","target":{"@type":"EntryPoint","urlTemplate":"https:\/\/www.africa-press.net\/senegal\/?s={search_term_string}"},"query-input":{"@type":"PropertyValueSpecification","valueRequired":true,"valueName":"search_term_string"}}],"inLanguage":"fr-FR"},{"@type":"Person","@id":"https:\/\/www.africa-press.net\/senegal\/#\/schema\/person\/2b1cf3cd81a31e3cd26889ca66d677f1","name":"cfeditorfr","url":"https:\/\/www.africa-press.net\/senegal\/author\/cfeditorfr"}]}},"_links":{"self":[{"href":"https:\/\/www.africa-press.net\/senegal\/wp-json\/wp\/v2\/posts\/57402","targetHints":{"allow":["GET"]}}],"collection":[{"href":"https:\/\/www.africa-press.net\/senegal\/wp-json\/wp\/v2\/posts"}],"about":[{"href":"https:\/\/www.africa-press.net\/senegal\/wp-json\/wp\/v2\/types\/post"}],"author":[{"embeddable":true,"href":"https:\/\/www.africa-press.net\/senegal\/wp-json\/wp\/v2\/users\/82"}],"replies":[{"embeddable":true,"href":"https:\/\/www.africa-press.net\/senegal\/wp-json\/wp\/v2\/comments?post=57402"}],"version-history":[{"count":0,"href":"https:\/\/www.africa-press.net\/senegal\/wp-json\/wp\/v2\/posts\/57402\/revisions"}],"wp:featuredmedia":[{"embeddable":true,"href":"https:\/\/www.africa-press.net\/senegal\/wp-json\/wp\/v2\/media\/57401"}],"wp:attachment":[{"href":"https:\/\/www.africa-press.net\/senegal\/wp-json\/wp\/v2\/media?parent=57402"}],"wp:term":[{"taxonomy":"category","embeddable":true,"href":"https:\/\/www.africa-press.net\/senegal\/wp-json\/wp\/v2\/categories?post=57402"},{"taxonomy":"post_tag","embeddable":true,"href":"https:\/\/www.africa-press.net\/senegal\/wp-json\/wp\/v2\/tags?post=57402"}],"curies":[{"name":"wp","href":"https:\/\/api.w.org\/{rel}","templated":true}]}}