{"id":57405,"date":"2024-03-25T06:59:05","date_gmt":"2024-03-25T06:59:05","guid":{"rendered":"https:\/\/www.africa-press.net\/senegal\/politique\/lelection-presidentielle-sest-globalement-bien-deroulee-cena"},"modified":"2024-03-25T10:14:14","modified_gmt":"2024-03-25T10:14:14","slug":"lelection-presidentielle-sest-globalement-bien-deroulee-cena","status":"publish","type":"post","link":"https:\/\/www.africa-press.net\/senegal\/politique\/lelection-presidentielle-sest-globalement-bien-deroulee-cena","title":{"rendered":"L\u2019\u00e9lection pr\u00e9sidentielle \u201ds\u2019est globalement bien d\u00e9roul\u00e9e\u201d (CENA)"},"content":{"rendered":"<p><span style=\"color: #ff6600\"><strong>Africa-Press &#8211; Senegal. <\/strong><\/span>La Commission e\u0301lectorale nationale autonome (CENA) estime que le scrutin pre\u0301sidentiel \u201ds\u2019est globalement bien de\u0301roule\u0301e dans une atmosphe\u0300re calme, pacifique et sereine\u201d non sans rappeler a\u0300 \u201dtoutes les parties prenantes que la proclamation des re\u0301sultats est du ressort exclusif des organes habilite\u0301s\u201d.<\/p>\n<p>\u201dL\u2019e\u0301lection pre\u0301sidentielle du 24 mars 2024 s\u2019est globalement bien de\u0301roule\u0301e sur l\u2019ensemble du territoire national et a\u0300 l\u2019e\u0301tranger, dans une atmosphe\u0300re calme, pacifique et sereine\u201d, indique la CENA dans un communique\u0301 dont l\u2019APS a eu connaissance.<\/p>\n<p>Elle note que \u201dde l\u2019ouverture des bureaux, a\u0300 8 h, a\u0300 leur fermeture, aux alentours de 18 h, les citoyens se sont acquitte\u0301s de leur droit de vote, confirmant une nouvelle fois l\u2019attachement du Se\u0301ne\u0301gal et des Se\u0301ne\u0301galais aux principes de la de\u0301mocratie\u201d.<\/p>\n<p>L\u2019organe de supervision \u201dsalue le comportement exemplaire des citoyens qui ont mis en avant leur esprit civique et rend un hommage appuye\u0301 aux forces de de\u0301fense et de se\u0301curite\u0301, dont la pre\u0301sence e\u0301tait visible dans tous les lieux de vote\u201d.<\/p>\n<p>Il dit confondre dans ces hommages \u201dles diffe\u0301rents candidats au scrutin, leurs partisans et leurs mandataires pour le civisme et l\u2019esprit de\u0301mocratique dont ils ont fait montre, permettant un de\u0301pouillement calme et transparent du vote\u201d.<\/p>\n<p>La CENA salue enfin les missions d\u2019observation e\u0301lectorale qui \u201dont de\u0301ploye\u0301 sur le terrain des agents engage\u0301s et vigilants qui ont, chaque fois que de besoin, attire\u0301 l\u2019attention des organes de gestion des e\u0301lections sur des dysfonctionnements constate\u0301s\u201d.<\/p>\n<p>Toutefois, elle rappelle a\u0300 \u201dtoutes les parties prenantes que la proclamation des re\u0301sultats est du ressort exclusif des organes habilite\u0301s\u201d.<\/p>\n<p><strong>Pour plus d&rsquo;informations et d&rsquo;analyses sur la <a href=\"https:\/\/www.africa-press.net\/senegal\">Senegal<\/a>, suivez <a href=\"https:\/\/www.africa-press.net\/\">Africa-Press<\/a><\/strong><\/p>\n","protected":false},"excerpt":{"rendered":"<p>Africa-Press &#8211; Senegal. La Commission e\u0301lectorale nationale autonome (CENA) estime que le scrutin pre\u0301sidentiel \u201ds\u2019est globalement bien de\u0301roule\u0301e dans une atmosphe\u0300re calme, pacifique et sereine\u201d non sans rappeler a\u0300 \u201dtoutes les parties prenantes que la proclamation des re\u0301sultats est du ressort exclusif des organes habilite\u0301s\u201d. \u201dL\u2019e\u0301lection pre\u0301sidentielle du 24 mars 2024 s\u2019est globalement bien de\u0301roule\u0301e [&hellip;]<\/p>\n","protected":false},"author":82,"featured_media":57404,"comment_status":"open","ping_status":"closed","sticky":false,"template":"","format":"standard","meta":{"footnotes":""},"categories":[2,10],"tags":[43,47,44],"class_list":["post-57405","post","type-post","status-publish","format-standard","has-post-thumbnail","hentry","category-politique","category-toutes-les-actualites","tag-africa-press-2","tag-africa-press-senegal","tag-senegal-2"],"yoast_head":"<!-- This site is optimized with the Yoast SEO Premium plugin v26.1 (Yoast SEO v27.0) - https:\/\/yoast.com\/product\/yoast-seo-premium-wordpress\/ -->\n<title>L\u2019\u00e9lection pr\u00e9sidentielle \u201ds\u2019est globalement bien d\u00e9roul\u00e9e\u201d (CENA) - Senegal<\/title>\n<meta name=\"description\" content=\"La Commission e\u0301lectorale nationale autonome (CENA) estime que le scrutin pre\u0301sidentiel \u201ds\u2019est globalement bien de\u0301roule ...\" \/>\n<meta name=\"robots\" content=\"index, follow, max-snippet:-1, max-image-preview:large, max-video-preview:-1\" \/>\n<link rel=\"canonical\" href=\"https:\/\/www.africa-press.net\/senegal\/politique\/lelection-presidentielle-sest-globalement-bien-deroulee-cena\" \/>\n<meta property=\"og:locale\" content=\"fr_FR\" \/>\n<meta property=\"og:type\" content=\"article\" \/>\n<meta property=\"og:title\" content=\"L\u2019\u00e9lection pr\u00e9sidentielle \u201ds\u2019est globalement bien d\u00e9roul\u00e9e\u201d (CENA)\" \/>\n<meta property=\"og:description\" content=\"La Commission e\u0301lectorale nationale autonome (CENA) estime que le scrutin pre\u0301sidentiel \u201ds\u2019est globalement bien de\u0301roule ...\" \/>\n<meta property=\"og:url\" content=\"https:\/\/www.africa-press.net\/senegal\/politique\/lelection-presidentielle-sest-globalement-bien-deroulee-cena\" \/>\n<meta property=\"og:site_name\" content=\"Senegal\" \/>\n<meta property=\"article:published_time\" content=\"2024-03-25T06:59:05+00:00\" \/>\n<meta property=\"article:modified_time\" content=\"2024-03-25T10:14:14+00:00\" \/>\n<meta property=\"og:image\" content=\"https:\/\/static.africa-press.net\/senegal\/sites\/13\/2024\/03\/sm_1711345396.322216.jpg\" \/>\n\t<meta property=\"og:image:width\" content=\"1280\" \/>\n\t<meta property=\"og:image:height\" content=\"720\" \/>\n\t<meta property=\"og:image:type\" content=\"image\/jpeg\" \/>\n<meta name=\"author\" content=\"cfeditorfr\" \/>\n<meta name=\"twitter:card\" content=\"summary_large_image\" \/>\n<meta name=\"twitter:label1\" content=\"\u00c9crit par\" \/>\n\t<meta name=\"twitter:data1\" content=\"cfeditorfr\" \/>\n\t<meta name=\"twitter:label2\" content=\"Dur\u00e9e de lecture estim\u00e9e\" \/>\n\t<meta name=\"twitter:data2\" content=\"2 minutes\" \/>\n<script type=\"application\/ld+json\" class=\"yoast-schema-graph\">{\"@context\":\"https:\/\/schema.org\",\"@graph\":[{\"@type\":\"Article\",\"@id\":\"https:\/\/www.africa-press.net\/senegal\/politique\/lelection-presidentielle-sest-globalement-bien-deroulee-cena#article\",\"isPartOf\":{\"@id\":\"https:\/\/www.africa-press.net\/senegal\/politique\/lelection-presidentielle-sest-globalement-bien-deroulee-cena\"},\"author\":{\"name\":\"cfeditorfr\",\"@id\":\"https:\/\/www.africa-press.net\/senegal\/#\/schema\/person\/2b1cf3cd81a31e3cd26889ca66d677f1\"},\"headline\":\"L\u2019\u00e9lection pr\u00e9sidentielle \u201ds\u2019est globalement bien d\u00e9roul\u00e9e\u201d (CENA)\",\"datePublished\":\"2024-03-25T06:59:05+00:00\",\"dateModified\":\"2024-03-25T10:14:14+00:00\",\"mainEntityOfPage\":{\"@id\":\"https:\/\/www.africa-press.net\/senegal\/politique\/lelection-presidentielle-sest-globalement-bien-deroulee-cena\"},\"wordCount\":322,\"commentCount\":0,\"image\":{\"@id\":\"https:\/\/www.africa-press.net\/senegal\/politique\/lelection-presidentielle-sest-globalement-bien-deroulee-cena#primaryimage\"},\"thumbnailUrl\":\"https:\/\/static.africa-press.net\/senegal\/sites\/13\/2024\/03\/sm_1711345396.322216.jpg\",\"keywords\":[\"Africa Press\",\"Africa Press-Senegal\",\"Senegal\"],\"articleSection\":[\"Politique\",\"Toutes les actualit\u00e9s\"],\"inLanguage\":\"fr-FR\",\"potentialAction\":[{\"@type\":\"CommentAction\",\"name\":\"Comment\",\"target\":[\"https:\/\/www.africa-press.net\/senegal\/politique\/lelection-presidentielle-sest-globalement-bien-deroulee-cena#respond\"]}]},{\"@type\":\"WebPage\",\"@id\":\"https:\/\/www.africa-press.net\/senegal\/politique\/lelection-presidentielle-sest-globalement-bien-deroulee-cena\",\"url\":\"https:\/\/www.africa-press.net\/senegal\/politique\/lelection-presidentielle-sest-globalement-bien-deroulee-cena\",\"name\":\"L\u2019\u00e9lection pr\u00e9sidentielle \u201ds\u2019est globalement bien d\u00e9roul\u00e9e\u201d (CENA) - Senegal\",\"isPartOf\":{\"@id\":\"https:\/\/www.africa-press.net\/senegal\/#website\"},\"primaryImageOfPage\":{\"@id\":\"https:\/\/www.africa-press.net\/senegal\/politique\/lelection-presidentielle-sest-globalement-bien-deroulee-cena#primaryimage\"},\"image\":{\"@id\":\"https:\/\/www.africa-press.net\/senegal\/politique\/lelection-presidentielle-sest-globalement-bien-deroulee-cena#primaryimage\"},\"thumbnailUrl\":\"https:\/\/static.africa-press.net\/senegal\/sites\/13\/2024\/03\/sm_1711345396.322216.jpg\",\"datePublished\":\"2024-03-25T06:59:05+00:00\",\"dateModified\":\"2024-03-25T10:14:14+00:00\",\"author\":{\"@id\":\"https:\/\/www.africa-press.net\/senegal\/#\/schema\/person\/2b1cf3cd81a31e3cd26889ca66d677f1\"},\"description\":\"La Commission e\u0301lectorale nationale autonome (CENA) estime que le scrutin pre\u0301sidentiel \u201ds\u2019est globalement bien de\u0301roule ...\",\"breadcrumb\":{\"@id\":\"https:\/\/www.africa-press.net\/senegal\/politique\/lelection-presidentielle-sest-globalement-bien-deroulee-cena#breadcrumb\"},\"inLanguage\":\"fr-FR\",\"potentialAction\":[{\"@type\":\"ReadAction\",\"target\":[\"https:\/\/www.africa-press.net\/senegal\/politique\/lelection-presidentielle-sest-globalement-bien-deroulee-cena\"]}]},{\"@type\":\"ImageObject\",\"inLanguage\":\"fr-FR\",\"@id\":\"https:\/\/www.africa-press.net\/senegal\/politique\/lelection-presidentielle-sest-globalement-bien-deroulee-cena#primaryimage\",\"url\":\"https:\/\/static.africa-press.net\/senegal\/sites\/13\/2024\/03\/sm_1711345396.322216.jpg\",\"contentUrl\":\"https:\/\/static.africa-press.net\/senegal\/sites\/13\/2024\/03\/sm_1711345396.322216.jpg\",\"width\":1280,\"height\":720,\"caption\":\"L\u2019\u00e9lection pr\u00e9sidentielle \u201ds\u2019est globalement bien d\u00e9roul\u00e9e\u201d (CENA)\"},{\"@type\":\"BreadcrumbList\",\"@id\":\"https:\/\/www.africa-press.net\/senegal\/politique\/lelection-presidentielle-sest-globalement-bien-deroulee-cena#breadcrumb\",\"itemListElement\":[{\"@type\":\"ListItem\",\"position\":1,\"name\":\"Accueil\",\"item\":\"https:\/\/www.africa-press.net\/senegal\/\"},{\"@type\":\"ListItem\",\"position\":2,\"name\":\"L\u2019\u00e9lection pr\u00e9sidentielle \u201ds\u2019est globalement bien d\u00e9roul\u00e9e\u201d (CENA)\"}]},{\"@type\":\"WebSite\",\"@id\":\"https:\/\/www.africa-press.net\/senegal\/#website\",\"url\":\"https:\/\/www.africa-press.net\/senegal\/\",\"name\":\"Africa Press | Senegal | Homepage\",\"description\":\"Just another Africa News Agency Sites site\",\"potentialAction\":[{\"@type\":\"SearchAction\",\"target\":{\"@type\":\"EntryPoint\",\"urlTemplate\":\"https:\/\/www.africa-press.net\/senegal\/?s={search_term_string}\"},\"query-input\":{\"@type\":\"PropertyValueSpecification\",\"valueRequired\":true,\"valueName\":\"search_term_string\"}}],\"inLanguage\":\"fr-FR\"},{\"@type\":\"Person\",\"@id\":\"https:\/\/www.africa-press.net\/senegal\/#\/schema\/person\/2b1cf3cd81a31e3cd26889ca66d677f1\",\"name\":\"cfeditorfr\",\"url\":\"https:\/\/www.africa-press.net\/senegal\/author\/cfeditorfr\"}]}<\/script>\n<!-- \/ Yoast SEO Premium plugin. -->","yoast_head_json":{"title":"L\u2019\u00e9lection pr\u00e9sidentielle \u201ds\u2019est globalement bien d\u00e9roul\u00e9e\u201d (CENA) - Senegal","description":"La Commission e\u0301lectorale nationale autonome (CENA) estime que le scrutin pre\u0301sidentiel \u201ds\u2019est globalement bien de\u0301roule ...","robots":{"index":"index","follow":"follow","max-snippet":"max-snippet:-1","max-image-preview":"max-image-preview:large","max-video-preview":"max-video-preview:-1"},"canonical":"https:\/\/www.africa-press.net\/senegal\/politique\/lelection-presidentielle-sest-globalement-bien-deroulee-cena","og_locale":"fr_FR","og_type":"article","og_title":"L\u2019\u00e9lection pr\u00e9sidentielle \u201ds\u2019est globalement bien d\u00e9roul\u00e9e\u201d (CENA)","og_description":"La Commission e\u0301lectorale nationale autonome (CENA) estime que le scrutin pre\u0301sidentiel \u201ds\u2019est globalement bien de\u0301roule ...","og_url":"https:\/\/www.africa-press.net\/senegal\/politique\/lelection-presidentielle-sest-globalement-bien-deroulee-cena","og_site_name":"Senegal","article_published_time":"2024-03-25T06:59:05+00:00","article_modified_time":"2024-03-25T10:14:14+00:00","og_image":[{"width":1280,"height":720,"url":"https:\/\/static.africa-press.net\/senegal\/sites\/13\/2024\/03\/sm_1711345396.322216.jpg","type":"image\/jpeg"}],"author":"cfeditorfr","twitter_card":"summary_large_image","twitter_misc":{"\u00c9crit par":"cfeditorfr","Dur\u00e9e de lecture estim\u00e9e":"2 minutes"},"schema":{"@context":"https:\/\/schema.org","@graph":[{"@type":"Article","@id":"https:\/\/www.africa-press.net\/senegal\/politique\/lelection-presidentielle-sest-globalement-bien-deroulee-cena#article","isPartOf":{"@id":"https:\/\/www.africa-press.net\/senegal\/politique\/lelection-presidentielle-sest-globalement-bien-deroulee-cena"},"author":{"name":"cfeditorfr","@id":"https:\/\/www.africa-press.net\/senegal\/#\/schema\/person\/2b1cf3cd81a31e3cd26889ca66d677f1"},"headline":"L\u2019\u00e9lection pr\u00e9sidentielle \u201ds\u2019est globalement bien d\u00e9roul\u00e9e\u201d (CENA)","datePublished":"2024-03-25T06:59:05+00:00","dateModified":"2024-03-25T10:14:14+00:00","mainEntityOfPage":{"@id":"https:\/\/www.africa-press.net\/senegal\/politique\/lelection-presidentielle-sest-globalement-bien-deroulee-cena"},"wordCount":322,"commentCount":0,"image":{"@id":"https:\/\/www.africa-press.net\/senegal\/politique\/lelection-presidentielle-sest-globalement-bien-deroulee-cena#primaryimage"},"thumbnailUrl":"https:\/\/static.africa-press.net\/senegal\/sites\/13\/2024\/03\/sm_1711345396.322216.jpg","keywords":["Africa Press","Africa Press-Senegal","Senegal"],"articleSection":["Politique","Toutes les actualit\u00e9s"],"inLanguage":"fr-FR","potentialAction":[{"@type":"CommentAction","name":"Comment","target":["https:\/\/www.africa-press.net\/senegal\/politique\/lelection-presidentielle-sest-globalement-bien-deroulee-cena#respond"]}]},{"@type":"WebPage","@id":"https:\/\/www.africa-press.net\/senegal\/politique\/lelection-presidentielle-sest-globalement-bien-deroulee-cena","url":"https:\/\/www.africa-press.net\/senegal\/politique\/lelection-presidentielle-sest-globalement-bien-deroulee-cena","name":"L\u2019\u00e9lection pr\u00e9sidentielle \u201ds\u2019est globalement bien d\u00e9roul\u00e9e\u201d (CENA) - Senegal","isPartOf":{"@id":"https:\/\/www.africa-press.net\/senegal\/#website"},"primaryImageOfPage":{"@id":"https:\/\/www.africa-press.net\/senegal\/politique\/lelection-presidentielle-sest-globalement-bien-deroulee-cena#primaryimage"},"image":{"@id":"https:\/\/www.africa-press.net\/senegal\/politique\/lelection-presidentielle-sest-globalement-bien-deroulee-cena#primaryimage"},"thumbnailUrl":"https:\/\/static.africa-press.net\/senegal\/sites\/13\/2024\/03\/sm_1711345396.322216.jpg","datePublished":"2024-03-25T06:59:05+00:00","dateModified":"2024-03-25T10:14:14+00:00","author":{"@id":"https:\/\/www.africa-press.net\/senegal\/#\/schema\/person\/2b1cf3cd81a31e3cd26889ca66d677f1"},"description":"La Commission e\u0301lectorale nationale autonome (CENA) estime que le scrutin pre\u0301sidentiel \u201ds\u2019est globalement bien de\u0301roule ...","breadcrumb":{"@id":"https:\/\/www.africa-press.net\/senegal\/politique\/lelection-presidentielle-sest-globalement-bien-deroulee-cena#breadcrumb"},"inLanguage":"fr-FR","potentialAction":[{"@type":"ReadAction","target":["https:\/\/www.africa-press.net\/senegal\/politique\/lelection-presidentielle-sest-globalement-bien-deroulee-cena"]}]},{"@type":"ImageObject","inLanguage":"fr-FR","@id":"https:\/\/www.africa-press.net\/senegal\/politique\/lelection-presidentielle-sest-globalement-bien-deroulee-cena#primaryimage","url":"https:\/\/static.africa-press.net\/senegal\/sites\/13\/2024\/03\/sm_1711345396.322216.jpg","contentUrl":"https:\/\/static.africa-press.net\/senegal\/sites\/13\/2024\/03\/sm_1711345396.322216.jpg","width":1280,"height":720,"caption":"L\u2019\u00e9lection pr\u00e9sidentielle \u201ds\u2019est globalement bien d\u00e9roul\u00e9e\u201d (CENA)"},{"@type":"BreadcrumbList","@id":"https:\/\/www.africa-press.net\/senegal\/politique\/lelection-presidentielle-sest-globalement-bien-deroulee-cena#breadcrumb","itemListElement":[{"@type":"ListItem","position":1,"name":"Accueil","item":"https:\/\/www.africa-press.net\/senegal\/"},{"@type":"ListItem","position":2,"name":"L\u2019\u00e9lection pr\u00e9sidentielle \u201ds\u2019est globalement bien d\u00e9roul\u00e9e\u201d (CENA)"}]},{"@type":"WebSite","@id":"https:\/\/www.africa-press.net\/senegal\/#website","url":"https:\/\/www.africa-press.net\/senegal\/","name":"Africa Press | Senegal | Homepage","description":"Just another Africa News Agency Sites site","potentialAction":[{"@type":"SearchAction","target":{"@type":"EntryPoint","urlTemplate":"https:\/\/www.africa-press.net\/senegal\/?s={search_term_string}"},"query-input":{"@type":"PropertyValueSpecification","valueRequired":true,"valueName":"search_term_string"}}],"inLanguage":"fr-FR"},{"@type":"Person","@id":"https:\/\/www.africa-press.net\/senegal\/#\/schema\/person\/2b1cf3cd81a31e3cd26889ca66d677f1","name":"cfeditorfr","url":"https:\/\/www.africa-press.net\/senegal\/author\/cfeditorfr"}]}},"_links":{"self":[{"href":"https:\/\/www.africa-press.net\/senegal\/wp-json\/wp\/v2\/posts\/57405","targetHints":{"allow":["GET"]}}],"collection":[{"href":"https:\/\/www.africa-press.net\/senegal\/wp-json\/wp\/v2\/posts"}],"about":[{"href":"https:\/\/www.africa-press.net\/senegal\/wp-json\/wp\/v2\/types\/post"}],"author":[{"embeddable":true,"href":"https:\/\/www.africa-press.net\/senegal\/wp-json\/wp\/v2\/users\/82"}],"replies":[{"embeddable":true,"href":"https:\/\/www.africa-press.net\/senegal\/wp-json\/wp\/v2\/comments?post=57405"}],"version-history":[{"count":0,"href":"https:\/\/www.africa-press.net\/senegal\/wp-json\/wp\/v2\/posts\/57405\/revisions"}],"wp:featuredmedia":[{"embeddable":true,"href":"https:\/\/www.africa-press.net\/senegal\/wp-json\/wp\/v2\/media\/57404"}],"wp:attachment":[{"href":"https:\/\/www.africa-press.net\/senegal\/wp-json\/wp\/v2\/media?parent=57405"}],"wp:term":[{"taxonomy":"category","embeddable":true,"href":"https:\/\/www.africa-press.net\/senegal\/wp-json\/wp\/v2\/categories?post=57405"},{"taxonomy":"post_tag","embeddable":true,"href":"https:\/\/www.africa-press.net\/senegal\/wp-json\/wp\/v2\/tags?post=57405"}],"curies":[{"name":"wp","href":"https:\/\/api.w.org\/{rel}","templated":true}]}}