{"id":57410,"date":"2024-03-25T09:13:50","date_gmt":"2024-03-25T09:13:50","guid":{"rendered":"https:\/\/www.africa-press.net\/senegal\/politique\/presidentielle-au-senegal-le-decompte-se-poursuit-les-resultats-attendus-dans-la-semaine"},"modified":"2024-03-25T09:13:50","modified_gmt":"2024-03-25T09:13:50","slug":"presidentielle-au-senegal-le-decompte-se-poursuit-les-resultats-attendus-dans-la-semaine","status":"publish","type":"post","link":"https:\/\/www.africa-press.net\/senegal\/politique\/presidentielle-au-senegal-le-decompte-se-poursuit-les-resultats-attendus-dans-la-semaine","title":{"rendered":"Pr\u00e9sidentielle au S\u00e9n\u00e9gal : le d\u00e9compte se poursuit, les r\u00e9sultats attendus dans la semaine"},"content":{"rendered":"<p><span style=\"color: #ff6600\"><strong>Africa-Press &#8211; Senegal. <\/strong><\/span>Apre\u0300s le vote pour la pre\u0301sidentielle au Se\u0301ne\u0301gal dimanche, le de\u0301pouillement a commence\u0301 mais les re\u0301sultats officiels du scrutin ne devraient pas e\u0302tre connus avant le courant de la semaine. Des chiffres publie\u0301s dans les me\u0301dias et sur les re\u0301seaux sociaux placent en te\u0302te l&rsquo;opposant antisyste\u0300me Bassirou Diomaye Faye. Le camp du pouvoir a assure\u0301, quant a\u0300 lui, qu&rsquo;il y aurait un second tour.<\/p>\n<p>Apre\u0300s trois anne\u0301es d&rsquo;agitation et de crise, les Se\u0301ne\u0301galais attendent, lundi 25 mars, de connai\u0302tre l&rsquo;issue de la pre\u0301sidentielle qui tranchera entre continuite\u0301 et changement peut-e\u0302tre radical. Le Se\u0301ne\u0301gal demeure dans l&rsquo;incertitude sur la ne\u0301cessite\u0301 d&rsquo;un second tour, pour lequel aucune date n&rsquo;est encore fixe\u0301e.<\/p>\n<p>Des re\u0301sultats officiels du scrutin qui s&rsquo;est tenu dimanche ne devraient pas e\u0302tre connus avant le courant de la semaine. La commission e\u0301lectorale nationale a jusqu&rsquo;a\u0300 vendredi pour publier des re\u0301sultats provisoires, avant leur validation par le Conseil constitutionnel.<\/p>\n<p>Les re\u0301sultats publie\u0301s dans les me\u0301dias et sur les re\u0301seaux sociaux placent le candidat Bassirou Diomaye Faye devant celui du pouvoir, Amadou Ba, et tre\u0300s loin devant les autres.<\/p>\n<p>Amadou Ba a fait une bre\u0300ve apparition devant ses supporteurs dans la nuit de dimanche a\u0300 lundi et leur a dit qu&rsquo;il fournirait une appre\u0301ciation \u00ab\u00a0de\u0301finitive\u00a0\u00bb vers midi (locales et GMT). Il a affirme\u0301 son attachement a\u0300 l&rsquo;E\u0301tat de droit. Bassirou Diomaye Faye a, de son co\u0302te\u0301, garde\u0301 le silence.<\/p>\n<p>Au moins sept des 17 candidats ont fe\u0301licite\u0301 Bassirou Diomaye Faye au vu des re\u0301sultats provisoires publie\u0301s par les me\u0301dias. La certitude de la victoire a de\u0301clenche\u0301 des sce\u0300nes de liesse parmi ses sympathisants dans la capitale. Mais la direction de campagne du candidat du pouvoir a assure\u0301 que ces manifestations e\u0301taient pre\u0301mature\u0301es. Elle s&rsquo;est dite certaine que, \u00ab\u00a0dans le pire des cas\u00a0\u00bb, Amadou Ba serait au second tour.<\/p>\n<p><b>Bassirou Diomaye Faye sorti de prison dix jours avant l&rsquo;e\u0301lection<\/b><\/p>\n<p>Une victoire de Bassirou Diomaye Faye s&rsquo;apparenterait a\u0300 un se\u0301isme politique, pas seulement parce qu&rsquo;a\u0300 44 ans depuis ce lundi il deviendrait le plus jeune pre\u0301sident du Se\u0301ne\u0301gal.<\/p>\n<p><img loading=\"lazy\" decoding=\"async\" width=\"2480\" height=\"1653\" class=\"alignnone wp-image-57407 size-full\" src=\"https:\/\/static.africa-press.net\/senegal\/sites\/13\/2024\/03\/sm_1711349770.500995.jpg\" srcset=\"https:\/\/static.africa-press.net\/senegal\/sites\/13\/2024\/03\/sm_1711349770.500995.jpg 2480w, https:\/\/static.africa-press.net\/senegal\/sites\/13\/2024\/03\/sm_1711349770.500995-300x200.jpg 300w, https:\/\/static.africa-press.net\/senegal\/sites\/13\/2024\/03\/sm_1711349770.500995-1024x683.jpg 1024w, https:\/\/static.africa-press.net\/senegal\/sites\/13\/2024\/03\/sm_1711349770.500995-768x512.jpg 768w, https:\/\/static.africa-press.net\/senegal\/sites\/13\/2024\/03\/sm_1711349770.500995-1536x1024.jpg 1536w, https:\/\/static.africa-press.net\/senegal\/sites\/13\/2024\/03\/sm_1711349770.500995-2048x1365.jpg 2048w\" sizes=\"auto, (max-width: 2480px) 100vw, 2480px\" \/><\/p>\n<p>Bassirou Diomaye Faye, be\u0301ne\u0301ficiant d&rsquo;une loi d&rsquo;amnistie, est sorti de onze mois d&#8217;emprisonnement dix jours avant l&rsquo;e\u0301lection, en me\u0302me temps que son guide et chef de leur parti dissous Ousmane Sonko.<\/p>\n<p>Bassirou Diomaye Faye se veut le \u00ab\u00a0candidat du changement de syste\u0300me\u00a0\u00bb et d&rsquo;un \u00ab\u00a0panafricanisme de gauche\u00a0\u00bb. Son programme insiste sur le re\u0301tablissement de la \u00ab\u00a0souverainete\u0301\u00a0\u00bb nationale, brade\u0301e selon lui a\u0300 l&rsquo;e\u0301tranger. Il a promis de combattre la corruption et de mieux re\u0301partir les richesses, et s&rsquo;est aussi engage\u0301 a\u0300 rene\u0301gocier les contrats miniers, gaziers et pe\u0301troliers conclus avec des compagnies e\u0301trange\u0300res. Le Se\u0301ne\u0301gal pourrait commencer a\u0300 produire du gaz et du pe\u0301trole en 2024.<\/p>\n<p>Le scrutin est suivi avec attention, le Se\u0301ne\u0301gal e\u0301tant conside\u0301re\u0301 comme l&rsquo;un des pays les plus stables d&rsquo;une Afrique de l&rsquo;Ouest secoue\u0301e par les putschs. Dakar maintient des relations fortes avec l&rsquo;Occident, tandis que la Russie renforce ses positions alentour.<\/p>\n<p><img loading=\"lazy\" decoding=\"async\" width=\"2480\" height=\"1654\" class=\"alignnone wp-image-57408 size-full\" src=\"https:\/\/static.africa-press.net\/senegal\/sites\/13\/2024\/03\/sm_1711349804.969942.jpg\" srcset=\"https:\/\/static.africa-press.net\/senegal\/sites\/13\/2024\/03\/sm_1711349804.969942.jpg 2480w, https:\/\/static.africa-press.net\/senegal\/sites\/13\/2024\/03\/sm_1711349804.969942-300x200.jpg 300w, https:\/\/static.africa-press.net\/senegal\/sites\/13\/2024\/03\/sm_1711349804.969942-1024x683.jpg 1024w, https:\/\/static.africa-press.net\/senegal\/sites\/13\/2024\/03\/sm_1711349804.969942-768x512.jpg 768w, https:\/\/static.africa-press.net\/senegal\/sites\/13\/2024\/03\/sm_1711349804.969942-1536x1024.jpg 1536w, https:\/\/static.africa-press.net\/senegal\/sites\/13\/2024\/03\/sm_1711349804.969942-2048x1366.jpg 2048w\" sizes=\"auto, (max-width: 2480px) 100vw, 2480px\" \/><\/p>\n<p>Ce pays de 18 millions d&rsquo;habitants a connu depuis 2021 diffe\u0301rents e\u0301pisodes de troubles cause\u0301s par le bras de fer entre Ousmane Sonko et le pouvoir, conjugue\u0301 aux tensions sociales et au flou longtemps maintenu par le pre\u0301sident Macky Sall sur sa candidature a\u0300 un troisie\u0300me mandat.<\/p>\n<p><b>\u00ab\u00a0La rupture\u00a0\u00bb ou la stabilite\u0301<\/b><\/p>\n<p>Le Se\u0301ne\u0301gal a plonge\u0301 dans l&rsquo;une de ses plus graves crises depuis des de\u0301cennies quand le pre\u0301sident Macky Sall a de\u0301cre\u0301te\u0301 le 3 fe\u0301vrier un report de la pre\u0301sidentielle pre\u0301vue trois semaines plus tard.<\/p>\n<p>Les troubles ont fait des dizaines de morts en trois ans et donne\u0301 lieu a\u0300 des centaines d&rsquo;arrestations.<\/p>\n<p>Les deux camps se rejettent mutuellement la faute de ces e\u0301ve\u0300nements qui ont alte\u0301re\u0301 la vitrine de\u0301mocratique se\u0301ne\u0301galaise. Bassirou Diomaye Faye a promis \u00ab\u00a0la rupture\u00a0\u00bb en votant au co\u0302te\u0301 de ses deux e\u0301pouses dimanche dans son village de Ndiaganiao.<\/p>\n<p>Amadou Ba, qui e\u0301tait encore il y a quelques semaines le Premier ministre du pre\u0301sident Macky Sall, se pose en garant de la stabilite\u0301. Il pre\u0301sente Bassirou Diomaye Faye et Ousmane Sonko comme des \u00ab\u00a0aventuriers\u00a0\u00bb ou des \u00ab\u00a0amateurs\u00a0\u00bb.<\/p>\n<p>Il lui faut assumer, cependant, tous les aspects de l&rsquo;he\u0301ritage du pre\u0301sident Macky Sall: les grands travaux qui ont transforme\u0301 le visage du Se\u0301ne\u0301gal, mais aussi une pauvrete\u0301 persistante, un cho\u0302mage e\u0301leve\u0301 et les centaines d&rsquo;arrestations de la pe\u0301riode re\u0301cente.<\/p>\n<p><strong>Pour plus d&rsquo;informations et d&rsquo;analyses sur la <a href=\"https:\/\/www.africa-press.net\/senegal\">Senegal<\/a>, suivez <a href=\"https:\/\/www.africa-press.net\/\">Africa-Press<\/a><\/strong><\/p>\n","protected":false},"excerpt":{"rendered":"<p>Africa-Press &#8211; Senegal. Apre\u0300s le vote pour la pre\u0301sidentielle au Se\u0301ne\u0301gal dimanche, le de\u0301pouillement a commence\u0301 mais les re\u0301sultats officiels du scrutin ne devraient pas e\u0302tre connus avant le courant de la semaine. Des chiffres publie\u0301s dans les me\u0301dias et sur les re\u0301seaux sociaux placent en te\u0302te l&rsquo;opposant antisyste\u0300me Bassirou Diomaye Faye. Le camp du [&hellip;]<\/p>\n","protected":false},"author":82,"featured_media":57409,"comment_status":"open","ping_status":"closed","sticky":false,"template":"","format":"standard","meta":{"footnotes":""},"categories":[2,20,10],"tags":[43,47,44],"class_list":["post-57410","post","type-post","status-publish","format-standard","has-post-thumbnail","hentry","category-politique","category-top-nouvelles","category-toutes-les-actualites","tag-africa-press-2","tag-africa-press-senegal","tag-senegal-2"],"yoast_head":"<!-- This site is optimized with the Yoast SEO Premium plugin v26.1 (Yoast SEO v27.0) - https:\/\/yoast.com\/product\/yoast-seo-premium-wordpress\/ -->\n<title>Pr\u00e9sidentielle au S\u00e9n\u00e9gal : le d\u00e9compte se poursuit, les r\u00e9sultats attendus dans la semaine - Senegal<\/title>\n<meta name=\"robots\" content=\"index, follow, max-snippet:-1, max-image-preview:large, max-video-preview:-1\" \/>\n<link rel=\"canonical\" href=\"https:\/\/www.africa-press.net\/senegal\/politique\/presidentielle-au-senegal-le-decompte-se-poursuit-les-resultats-attendus-dans-la-semaine\" \/>\n<meta property=\"og:locale\" content=\"fr_FR\" \/>\n<meta property=\"og:type\" content=\"article\" \/>\n<meta property=\"og:title\" content=\"Pr\u00e9sidentielle au S\u00e9n\u00e9gal : le d\u00e9compte se poursuit, les r\u00e9sultats attendus dans la semaine\" \/>\n<meta property=\"og:description\" content=\"Africa-Press &#8211; Senegal. Apre\u0300s le vote pour la pre\u0301sidentielle au Se\u0301ne\u0301gal dimanche, le de\u0301pouillement a commence\u0301 mais les re\u0301sultats officiels du scrutin ne devraient pas e\u0302tre connus avant le courant de la semaine. Des chiffres publie\u0301s dans les me\u0301dias et sur les re\u0301seaux sociaux placent en te\u0302te l&rsquo;opposant antisyste\u0300me Bassirou Diomaye Faye. Le camp du [&hellip;]\" \/>\n<meta property=\"og:url\" content=\"https:\/\/www.africa-press.net\/senegal\/politique\/presidentielle-au-senegal-le-decompte-se-poursuit-les-resultats-attendus-dans-la-semaine\" \/>\n<meta property=\"og:site_name\" content=\"Senegal\" \/>\n<meta property=\"article:published_time\" content=\"2024-03-25T09:13:50+00:00\" \/>\n<meta property=\"og:image\" content=\"https:\/\/static.africa-press.net\/senegal\/sites\/13\/2024\/03\/sm_1711349770.500995.jpg\" \/>\n<meta name=\"author\" content=\"cfeditorfr\" \/>\n<meta name=\"twitter:card\" content=\"summary_large_image\" \/>\n<meta name=\"twitter:label1\" content=\"\u00c9crit par\" \/>\n\t<meta name=\"twitter:data1\" content=\"cfeditorfr\" \/>\n\t<meta name=\"twitter:label2\" content=\"Dur\u00e9e de lecture estim\u00e9e\" \/>\n\t<meta name=\"twitter:data2\" content=\"4 minutes\" \/>\n<script type=\"application\/ld+json\" class=\"yoast-schema-graph\">{\"@context\":\"https:\/\/schema.org\",\"@graph\":[{\"@type\":\"Article\",\"@id\":\"https:\/\/www.africa-press.net\/senegal\/politique\/presidentielle-au-senegal-le-decompte-se-poursuit-les-resultats-attendus-dans-la-semaine#article\",\"isPartOf\":{\"@id\":\"https:\/\/www.africa-press.net\/senegal\/politique\/presidentielle-au-senegal-le-decompte-se-poursuit-les-resultats-attendus-dans-la-semaine\"},\"author\":{\"name\":\"cfeditorfr\",\"@id\":\"https:\/\/www.africa-press.net\/senegal\/#\/schema\/person\/2b1cf3cd81a31e3cd26889ca66d677f1\"},\"headline\":\"Pr\u00e9sidentielle au S\u00e9n\u00e9gal : le d\u00e9compte se poursuit, les r\u00e9sultats attendus dans la semaine\",\"datePublished\":\"2024-03-25T09:13:50+00:00\",\"mainEntityOfPage\":{\"@id\":\"https:\/\/www.africa-press.net\/senegal\/politique\/presidentielle-au-senegal-le-decompte-se-poursuit-les-resultats-attendus-dans-la-semaine\"},\"wordCount\":862,\"commentCount\":0,\"image\":{\"@id\":\"https:\/\/www.africa-press.net\/senegal\/politique\/presidentielle-au-senegal-le-decompte-se-poursuit-les-resultats-attendus-dans-la-semaine#primaryimage\"},\"thumbnailUrl\":\"https:\/\/static.africa-press.net\/senegal\/sites\/13\/2024\/03\/sm_1711349842.802484.jpg\",\"keywords\":[\"Africa Press\",\"Africa Press-Senegal\",\"Senegal\"],\"articleSection\":[\"Politique\",\"Top Nouvelles\",\"Toutes les actualit\u00e9s\"],\"inLanguage\":\"fr-FR\",\"potentialAction\":[{\"@type\":\"CommentAction\",\"name\":\"Comment\",\"target\":[\"https:\/\/www.africa-press.net\/senegal\/politique\/presidentielle-au-senegal-le-decompte-se-poursuit-les-resultats-attendus-dans-la-semaine#respond\"]}]},{\"@type\":\"WebPage\",\"@id\":\"https:\/\/www.africa-press.net\/senegal\/politique\/presidentielle-au-senegal-le-decompte-se-poursuit-les-resultats-attendus-dans-la-semaine\",\"url\":\"https:\/\/www.africa-press.net\/senegal\/politique\/presidentielle-au-senegal-le-decompte-se-poursuit-les-resultats-attendus-dans-la-semaine\",\"name\":\"Pr\u00e9sidentielle au S\u00e9n\u00e9gal : le d\u00e9compte se poursuit, les r\u00e9sultats attendus dans la semaine - Senegal\",\"isPartOf\":{\"@id\":\"https:\/\/www.africa-press.net\/senegal\/#website\"},\"primaryImageOfPage\":{\"@id\":\"https:\/\/www.africa-press.net\/senegal\/politique\/presidentielle-au-senegal-le-decompte-se-poursuit-les-resultats-attendus-dans-la-semaine#primaryimage\"},\"image\":{\"@id\":\"https:\/\/www.africa-press.net\/senegal\/politique\/presidentielle-au-senegal-le-decompte-se-poursuit-les-resultats-attendus-dans-la-semaine#primaryimage\"},\"thumbnailUrl\":\"https:\/\/static.africa-press.net\/senegal\/sites\/13\/2024\/03\/sm_1711349842.802484.jpg\",\"datePublished\":\"2024-03-25T09:13:50+00:00\",\"author\":{\"@id\":\"https:\/\/www.africa-press.net\/senegal\/#\/schema\/person\/2b1cf3cd81a31e3cd26889ca66d677f1\"},\"breadcrumb\":{\"@id\":\"https:\/\/www.africa-press.net\/senegal\/politique\/presidentielle-au-senegal-le-decompte-se-poursuit-les-resultats-attendus-dans-la-semaine#breadcrumb\"},\"inLanguage\":\"fr-FR\",\"potentialAction\":[{\"@type\":\"ReadAction\",\"target\":[\"https:\/\/www.africa-press.net\/senegal\/politique\/presidentielle-au-senegal-le-decompte-se-poursuit-les-resultats-attendus-dans-la-semaine\"]}]},{\"@type\":\"ImageObject\",\"inLanguage\":\"fr-FR\",\"@id\":\"https:\/\/www.africa-press.net\/senegal\/politique\/presidentielle-au-senegal-le-decompte-se-poursuit-les-resultats-attendus-dans-la-semaine#primaryimage\",\"url\":\"https:\/\/static.africa-press.net\/senegal\/sites\/13\/2024\/03\/sm_1711349842.802484.jpg\",\"contentUrl\":\"https:\/\/static.africa-press.net\/senegal\/sites\/13\/2024\/03\/sm_1711349842.802484.jpg\",\"width\":1074,\"height\":601,\"caption\":\"Pr\u00e9sidentielle au S\u00e9n\u00e9gal : le d\u00e9compte se poursuit, les r\u00e9sultats attendus dans la semaine\"},{\"@type\":\"BreadcrumbList\",\"@id\":\"https:\/\/www.africa-press.net\/senegal\/politique\/presidentielle-au-senegal-le-decompte-se-poursuit-les-resultats-attendus-dans-la-semaine#breadcrumb\",\"itemListElement\":[{\"@type\":\"ListItem\",\"position\":1,\"name\":\"Accueil\",\"item\":\"https:\/\/www.africa-press.net\/senegal\/\"},{\"@type\":\"ListItem\",\"position\":2,\"name\":\"Pr\u00e9sidentielle au S\u00e9n\u00e9gal : le d\u00e9compte se poursuit, les r\u00e9sultats attendus dans la semaine\"}]},{\"@type\":\"WebSite\",\"@id\":\"https:\/\/www.africa-press.net\/senegal\/#website\",\"url\":\"https:\/\/www.africa-press.net\/senegal\/\",\"name\":\"Africa Press | Senegal | Homepage\",\"description\":\"Just another Africa News Agency Sites site\",\"potentialAction\":[{\"@type\":\"SearchAction\",\"target\":{\"@type\":\"EntryPoint\",\"urlTemplate\":\"https:\/\/www.africa-press.net\/senegal\/?s={search_term_string}\"},\"query-input\":{\"@type\":\"PropertyValueSpecification\",\"valueRequired\":true,\"valueName\":\"search_term_string\"}}],\"inLanguage\":\"fr-FR\"},{\"@type\":\"Person\",\"@id\":\"https:\/\/www.africa-press.net\/senegal\/#\/schema\/person\/2b1cf3cd81a31e3cd26889ca66d677f1\",\"name\":\"cfeditorfr\",\"url\":\"https:\/\/www.africa-press.net\/senegal\/author\/cfeditorfr\"}]}<\/script>\n<!-- \/ Yoast SEO Premium plugin. -->","yoast_head_json":{"title":"Pr\u00e9sidentielle au S\u00e9n\u00e9gal : le d\u00e9compte se poursuit, les r\u00e9sultats attendus dans la semaine - Senegal","robots":{"index":"index","follow":"follow","max-snippet":"max-snippet:-1","max-image-preview":"max-image-preview:large","max-video-preview":"max-video-preview:-1"},"canonical":"https:\/\/www.africa-press.net\/senegal\/politique\/presidentielle-au-senegal-le-decompte-se-poursuit-les-resultats-attendus-dans-la-semaine","og_locale":"fr_FR","og_type":"article","og_title":"Pr\u00e9sidentielle au S\u00e9n\u00e9gal : le d\u00e9compte se poursuit, les r\u00e9sultats attendus dans la semaine","og_description":"Africa-Press &#8211; Senegal. Apre\u0300s le vote pour la pre\u0301sidentielle au Se\u0301ne\u0301gal dimanche, le de\u0301pouillement a commence\u0301 mais les re\u0301sultats officiels du scrutin ne devraient pas e\u0302tre connus avant le courant de la semaine. Des chiffres publie\u0301s dans les me\u0301dias et sur les re\u0301seaux sociaux placent en te\u0302te l&rsquo;opposant antisyste\u0300me Bassirou Diomaye Faye. Le camp du [&hellip;]","og_url":"https:\/\/www.africa-press.net\/senegal\/politique\/presidentielle-au-senegal-le-decompte-se-poursuit-les-resultats-attendus-dans-la-semaine","og_site_name":"Senegal","article_published_time":"2024-03-25T09:13:50+00:00","og_image":[{"url":"https:\/\/static.africa-press.net\/senegal\/sites\/13\/2024\/03\/sm_1711349770.500995.jpg","type":"","width":"","height":""}],"author":"cfeditorfr","twitter_card":"summary_large_image","twitter_misc":{"\u00c9crit par":"cfeditorfr","Dur\u00e9e de lecture estim\u00e9e":"4 minutes"},"schema":{"@context":"https:\/\/schema.org","@graph":[{"@type":"Article","@id":"https:\/\/www.africa-press.net\/senegal\/politique\/presidentielle-au-senegal-le-decompte-se-poursuit-les-resultats-attendus-dans-la-semaine#article","isPartOf":{"@id":"https:\/\/www.africa-press.net\/senegal\/politique\/presidentielle-au-senegal-le-decompte-se-poursuit-les-resultats-attendus-dans-la-semaine"},"author":{"name":"cfeditorfr","@id":"https:\/\/www.africa-press.net\/senegal\/#\/schema\/person\/2b1cf3cd81a31e3cd26889ca66d677f1"},"headline":"Pr\u00e9sidentielle au S\u00e9n\u00e9gal : le d\u00e9compte se poursuit, les r\u00e9sultats attendus dans la semaine","datePublished":"2024-03-25T09:13:50+00:00","mainEntityOfPage":{"@id":"https:\/\/www.africa-press.net\/senegal\/politique\/presidentielle-au-senegal-le-decompte-se-poursuit-les-resultats-attendus-dans-la-semaine"},"wordCount":862,"commentCount":0,"image":{"@id":"https:\/\/www.africa-press.net\/senegal\/politique\/presidentielle-au-senegal-le-decompte-se-poursuit-les-resultats-attendus-dans-la-semaine#primaryimage"},"thumbnailUrl":"https:\/\/static.africa-press.net\/senegal\/sites\/13\/2024\/03\/sm_1711349842.802484.jpg","keywords":["Africa Press","Africa Press-Senegal","Senegal"],"articleSection":["Politique","Top Nouvelles","Toutes les actualit\u00e9s"],"inLanguage":"fr-FR","potentialAction":[{"@type":"CommentAction","name":"Comment","target":["https:\/\/www.africa-press.net\/senegal\/politique\/presidentielle-au-senegal-le-decompte-se-poursuit-les-resultats-attendus-dans-la-semaine#respond"]}]},{"@type":"WebPage","@id":"https:\/\/www.africa-press.net\/senegal\/politique\/presidentielle-au-senegal-le-decompte-se-poursuit-les-resultats-attendus-dans-la-semaine","url":"https:\/\/www.africa-press.net\/senegal\/politique\/presidentielle-au-senegal-le-decompte-se-poursuit-les-resultats-attendus-dans-la-semaine","name":"Pr\u00e9sidentielle au S\u00e9n\u00e9gal : le d\u00e9compte se poursuit, les r\u00e9sultats attendus dans la semaine - Senegal","isPartOf":{"@id":"https:\/\/www.africa-press.net\/senegal\/#website"},"primaryImageOfPage":{"@id":"https:\/\/www.africa-press.net\/senegal\/politique\/presidentielle-au-senegal-le-decompte-se-poursuit-les-resultats-attendus-dans-la-semaine#primaryimage"},"image":{"@id":"https:\/\/www.africa-press.net\/senegal\/politique\/presidentielle-au-senegal-le-decompte-se-poursuit-les-resultats-attendus-dans-la-semaine#primaryimage"},"thumbnailUrl":"https:\/\/static.africa-press.net\/senegal\/sites\/13\/2024\/03\/sm_1711349842.802484.jpg","datePublished":"2024-03-25T09:13:50+00:00","author":{"@id":"https:\/\/www.africa-press.net\/senegal\/#\/schema\/person\/2b1cf3cd81a31e3cd26889ca66d677f1"},"breadcrumb":{"@id":"https:\/\/www.africa-press.net\/senegal\/politique\/presidentielle-au-senegal-le-decompte-se-poursuit-les-resultats-attendus-dans-la-semaine#breadcrumb"},"inLanguage":"fr-FR","potentialAction":[{"@type":"ReadAction","target":["https:\/\/www.africa-press.net\/senegal\/politique\/presidentielle-au-senegal-le-decompte-se-poursuit-les-resultats-attendus-dans-la-semaine"]}]},{"@type":"ImageObject","inLanguage":"fr-FR","@id":"https:\/\/www.africa-press.net\/senegal\/politique\/presidentielle-au-senegal-le-decompte-se-poursuit-les-resultats-attendus-dans-la-semaine#primaryimage","url":"https:\/\/static.africa-press.net\/senegal\/sites\/13\/2024\/03\/sm_1711349842.802484.jpg","contentUrl":"https:\/\/static.africa-press.net\/senegal\/sites\/13\/2024\/03\/sm_1711349842.802484.jpg","width":1074,"height":601,"caption":"Pr\u00e9sidentielle au S\u00e9n\u00e9gal : le d\u00e9compte se poursuit, les r\u00e9sultats attendus dans la semaine"},{"@type":"BreadcrumbList","@id":"https:\/\/www.africa-press.net\/senegal\/politique\/presidentielle-au-senegal-le-decompte-se-poursuit-les-resultats-attendus-dans-la-semaine#breadcrumb","itemListElement":[{"@type":"ListItem","position":1,"name":"Accueil","item":"https:\/\/www.africa-press.net\/senegal\/"},{"@type":"ListItem","position":2,"name":"Pr\u00e9sidentielle au S\u00e9n\u00e9gal : le d\u00e9compte se poursuit, les r\u00e9sultats attendus dans la semaine"}]},{"@type":"WebSite","@id":"https:\/\/www.africa-press.net\/senegal\/#website","url":"https:\/\/www.africa-press.net\/senegal\/","name":"Africa Press | Senegal | Homepage","description":"Just another Africa News Agency Sites site","potentialAction":[{"@type":"SearchAction","target":{"@type":"EntryPoint","urlTemplate":"https:\/\/www.africa-press.net\/senegal\/?s={search_term_string}"},"query-input":{"@type":"PropertyValueSpecification","valueRequired":true,"valueName":"search_term_string"}}],"inLanguage":"fr-FR"},{"@type":"Person","@id":"https:\/\/www.africa-press.net\/senegal\/#\/schema\/person\/2b1cf3cd81a31e3cd26889ca66d677f1","name":"cfeditorfr","url":"https:\/\/www.africa-press.net\/senegal\/author\/cfeditorfr"}]}},"_links":{"self":[{"href":"https:\/\/www.africa-press.net\/senegal\/wp-json\/wp\/v2\/posts\/57410","targetHints":{"allow":["GET"]}}],"collection":[{"href":"https:\/\/www.africa-press.net\/senegal\/wp-json\/wp\/v2\/posts"}],"about":[{"href":"https:\/\/www.africa-press.net\/senegal\/wp-json\/wp\/v2\/types\/post"}],"author":[{"embeddable":true,"href":"https:\/\/www.africa-press.net\/senegal\/wp-json\/wp\/v2\/users\/82"}],"replies":[{"embeddable":true,"href":"https:\/\/www.africa-press.net\/senegal\/wp-json\/wp\/v2\/comments?post=57410"}],"version-history":[{"count":0,"href":"https:\/\/www.africa-press.net\/senegal\/wp-json\/wp\/v2\/posts\/57410\/revisions"}],"wp:featuredmedia":[{"embeddable":true,"href":"https:\/\/www.africa-press.net\/senegal\/wp-json\/wp\/v2\/media\/57409"}],"wp:attachment":[{"href":"https:\/\/www.africa-press.net\/senegal\/wp-json\/wp\/v2\/media?parent=57410"}],"wp:term":[{"taxonomy":"category","embeddable":true,"href":"https:\/\/www.africa-press.net\/senegal\/wp-json\/wp\/v2\/categories?post=57410"},{"taxonomy":"post_tag","embeddable":true,"href":"https:\/\/www.africa-press.net\/senegal\/wp-json\/wp\/v2\/tags?post=57410"}],"curies":[{"name":"wp","href":"https:\/\/api.w.org\/{rel}","templated":true}]}}