{"id":58008,"date":"2024-04-08T20:07:00","date_gmt":"2024-04-08T20:07:00","guid":{"rendered":"https:\/\/www.africa-press.net\/senegal\/politique\/diomaye-president-ce-que-sonko-demande-aux-allies"},"modified":"2024-04-09T03:35:34","modified_gmt":"2024-04-09T03:35:34","slug":"diomaye-president-ce-que-sonko-demande-aux-allies","status":"publish","type":"post","link":"https:\/\/www.africa-press.net\/senegal\/politique\/diomaye-president-ce-que-sonko-demande-aux-allies","title":{"rendered":"Diomaye Pr\u00e9sident : ce que Sonko demande aux alli\u00e9s"},"content":{"rendered":"<p><span style=\"color: #ff6600\"><strong>Africa-Press &#8211; Senegal. <\/strong><\/span>Lors de la rencontre entre le Pre\u0301sident Diomaye Faye et les leaders de la coalition qui a de\u0301fendu sa candidature, samedi dernier, Ousmane Sonko a demande\u0301 aux membres de celle-ci d\u2019assister le nouveau chef de l\u2019E\u0301tat durant son mandat. Le Premier ministre a fait cette suggestion parce que, mentionne-t-il, il a e\u0301te\u0301 instruit par le cas Macky Sall.<\/p>\n<p>\u00abJ\u2019ai eu la chance, indirectement, d\u2019avoir ve\u0301cu les derniers moments du Pre\u0301sident sortant. Et l\u2019enseignement que j\u2019en tire le plus, c\u2019est la solitude, a confesse\u0301 Sonko. Mais ce n\u2019est pas seulement une solitude de fin de re\u0300gne. Je me suis rendu compte que c\u2019e\u0301tait une solitude de tout son re\u0300gne. Mais tant qu\u2019il avait des choses a\u0300 distribuer, il voyait des gens faire semblant d\u2019e\u0302tre autour de lui.\u00bb<\/p>\n<p>Pour e\u0301viter au successeur de Macky Sall de vivre la me\u0302me solitude, le chef du gouvernement clame que les membres de la coalition au pouvoir ont \u00abtous l\u2019obligation d\u2019accompagner le Pre\u0301sident Diomaye Faye\u00bb.<\/p>\n<p>Il pre\u0301cise: \u00abCe n\u2019est pas dans un souci de le contro\u0302ler, nous le connaissons. Et je sais qu\u2019il n\u2019y a personne dans cette salle qui ait plus les aptitudes et les capacite\u0301s a\u0300 remplir les missions qu\u2019on lui a confie\u0301es. Mais une seule personne ne peut ge\u0301rer un E\u0301tat.\u00bb<\/p>\n<p><strong>Pour plus d&rsquo;informations et d&rsquo;analyses sur la <a href=\"https:\/\/www.africa-press.net\/senegal\">Senegal<\/a>, suivez <a href=\"https:\/\/www.africa-press.net\/\">Africa-Press<\/a><\/strong><\/p>\n","protected":false},"excerpt":{"rendered":"<p>Africa-Press &#8211; Senegal. Lors de la rencontre entre le Pre\u0301sident Diomaye Faye et les leaders de la coalition qui a de\u0301fendu sa candidature, samedi dernier, Ousmane Sonko a demande\u0301 aux membres de celle-ci d\u2019assister le nouveau chef de l\u2019E\u0301tat durant son mandat. Le Premier ministre a fait cette suggestion parce que, mentionne-t-il, il a e\u0301te\u0301 [&hellip;]<\/p>\n","protected":false},"author":82,"featured_media":58007,"comment_status":"open","ping_status":"closed","sticky":false,"template":"","format":"standard","meta":{"footnotes":""},"categories":[2,20,10],"tags":[43,47,44],"class_list":["post-58008","post","type-post","status-publish","format-standard","has-post-thumbnail","hentry","category-politique","category-top-nouvelles","category-toutes-les-actualites","tag-africa-press-2","tag-africa-press-senegal","tag-senegal-2"],"yoast_head":"<!-- This site is optimized with the Yoast SEO Premium plugin v26.1 (Yoast SEO v27.0) - https:\/\/yoast.com\/product\/yoast-seo-premium-wordpress\/ -->\n<title>Diomaye Pr\u00e9sident : ce que Sonko demande aux alli\u00e9s - Senegal<\/title>\n<meta name=\"description\" content=\"Lors de la rencontre entre le Pre\u0301sident Diomaye Faye et les leaders de la coalition qui a de\u0301fendu sa candidature, same ...\" \/>\n<meta name=\"robots\" content=\"index, follow, max-snippet:-1, max-image-preview:large, max-video-preview:-1\" \/>\n<link rel=\"canonical\" href=\"https:\/\/www.africa-press.net\/senegal\/politique\/diomaye-president-ce-que-sonko-demande-aux-allies\" \/>\n<meta property=\"og:locale\" content=\"fr_FR\" \/>\n<meta property=\"og:type\" content=\"article\" \/>\n<meta property=\"og:title\" content=\"Diomaye Pr\u00e9sident : ce que Sonko demande aux alli\u00e9s\" \/>\n<meta property=\"og:description\" content=\"Lors de la rencontre entre le Pre\u0301sident Diomaye Faye et les leaders de la coalition qui a de\u0301fendu sa candidature, same ...\" \/>\n<meta property=\"og:url\" content=\"https:\/\/www.africa-press.net\/senegal\/politique\/diomaye-president-ce-que-sonko-demande-aux-allies\" \/>\n<meta property=\"og:site_name\" content=\"Senegal\" \/>\n<meta property=\"article:published_time\" content=\"2024-04-08T20:07:00+00:00\" \/>\n<meta property=\"article:modified_time\" content=\"2024-04-09T03:35:34+00:00\" \/>\n<meta property=\"og:image\" content=\"https:\/\/static.africa-press.net\/senegal\/sites\/13\/2024\/04\/sm_1712617460.149951.jpg\" \/>\n\t<meta property=\"og:image:width\" content=\"1218\" \/>\n\t<meta property=\"og:image:height\" content=\"592\" \/>\n\t<meta property=\"og:image:type\" content=\"image\/jpeg\" \/>\n<meta name=\"author\" content=\"cfeditorfr\" \/>\n<meta name=\"twitter:card\" content=\"summary_large_image\" \/>\n<meta name=\"twitter:label1\" content=\"\u00c9crit par\" \/>\n\t<meta name=\"twitter:data1\" content=\"cfeditorfr\" \/>\n\t<meta name=\"twitter:label2\" content=\"Dur\u00e9e de lecture estim\u00e9e\" \/>\n\t<meta name=\"twitter:data2\" content=\"2 minutes\" \/>\n<script type=\"application\/ld+json\" class=\"yoast-schema-graph\">{\"@context\":\"https:\/\/schema.org\",\"@graph\":[{\"@type\":\"Article\",\"@id\":\"https:\/\/www.africa-press.net\/senegal\/politique\/diomaye-president-ce-que-sonko-demande-aux-allies#article\",\"isPartOf\":{\"@id\":\"https:\/\/www.africa-press.net\/senegal\/politique\/diomaye-president-ce-que-sonko-demande-aux-allies\"},\"author\":{\"name\":\"cfeditorfr\",\"@id\":\"https:\/\/www.africa-press.net\/senegal\/#\/schema\/person\/2b1cf3cd81a31e3cd26889ca66d677f1\"},\"headline\":\"Diomaye Pr\u00e9sident : ce que Sonko demande aux alli\u00e9s\",\"datePublished\":\"2024-04-08T20:07:00+00:00\",\"dateModified\":\"2024-04-09T03:35:34+00:00\",\"mainEntityOfPage\":{\"@id\":\"https:\/\/www.africa-press.net\/senegal\/politique\/diomaye-president-ce-que-sonko-demande-aux-allies\"},\"wordCount\":269,\"commentCount\":0,\"image\":{\"@id\":\"https:\/\/www.africa-press.net\/senegal\/politique\/diomaye-president-ce-que-sonko-demande-aux-allies#primaryimage\"},\"thumbnailUrl\":\"https:\/\/static.africa-press.net\/senegal\/sites\/13\/2024\/04\/sm_1712617460.149951.jpg\",\"keywords\":[\"Africa Press\",\"Africa Press-Senegal\",\"Senegal\"],\"articleSection\":[\"Politique\",\"Top Nouvelles\",\"Toutes les actualit\u00e9s\"],\"inLanguage\":\"fr-FR\",\"potentialAction\":[{\"@type\":\"CommentAction\",\"name\":\"Comment\",\"target\":[\"https:\/\/www.africa-press.net\/senegal\/politique\/diomaye-president-ce-que-sonko-demande-aux-allies#respond\"]}]},{\"@type\":\"WebPage\",\"@id\":\"https:\/\/www.africa-press.net\/senegal\/politique\/diomaye-president-ce-que-sonko-demande-aux-allies\",\"url\":\"https:\/\/www.africa-press.net\/senegal\/politique\/diomaye-president-ce-que-sonko-demande-aux-allies\",\"name\":\"Diomaye Pr\u00e9sident : ce que Sonko demande aux alli\u00e9s - Senegal\",\"isPartOf\":{\"@id\":\"https:\/\/www.africa-press.net\/senegal\/#website\"},\"primaryImageOfPage\":{\"@id\":\"https:\/\/www.africa-press.net\/senegal\/politique\/diomaye-president-ce-que-sonko-demande-aux-allies#primaryimage\"},\"image\":{\"@id\":\"https:\/\/www.africa-press.net\/senegal\/politique\/diomaye-president-ce-que-sonko-demande-aux-allies#primaryimage\"},\"thumbnailUrl\":\"https:\/\/static.africa-press.net\/senegal\/sites\/13\/2024\/04\/sm_1712617460.149951.jpg\",\"datePublished\":\"2024-04-08T20:07:00+00:00\",\"dateModified\":\"2024-04-09T03:35:34+00:00\",\"author\":{\"@id\":\"https:\/\/www.africa-press.net\/senegal\/#\/schema\/person\/2b1cf3cd81a31e3cd26889ca66d677f1\"},\"description\":\"Lors de la rencontre entre le Pre\u0301sident Diomaye Faye et les leaders de la coalition qui a de\u0301fendu sa candidature, same ...\",\"breadcrumb\":{\"@id\":\"https:\/\/www.africa-press.net\/senegal\/politique\/diomaye-president-ce-que-sonko-demande-aux-allies#breadcrumb\"},\"inLanguage\":\"fr-FR\",\"potentialAction\":[{\"@type\":\"ReadAction\",\"target\":[\"https:\/\/www.africa-press.net\/senegal\/politique\/diomaye-president-ce-que-sonko-demande-aux-allies\"]}]},{\"@type\":\"ImageObject\",\"inLanguage\":\"fr-FR\",\"@id\":\"https:\/\/www.africa-press.net\/senegal\/politique\/diomaye-president-ce-que-sonko-demande-aux-allies#primaryimage\",\"url\":\"https:\/\/static.africa-press.net\/senegal\/sites\/13\/2024\/04\/sm_1712617460.149951.jpg\",\"contentUrl\":\"https:\/\/static.africa-press.net\/senegal\/sites\/13\/2024\/04\/sm_1712617460.149951.jpg\",\"width\":1218,\"height\":592,\"caption\":\"Diomaye Pr\u00e9sident : ce que Sonko demande aux alli\u00e9s\"},{\"@type\":\"BreadcrumbList\",\"@id\":\"https:\/\/www.africa-press.net\/senegal\/politique\/diomaye-president-ce-que-sonko-demande-aux-allies#breadcrumb\",\"itemListElement\":[{\"@type\":\"ListItem\",\"position\":1,\"name\":\"Accueil\",\"item\":\"https:\/\/www.africa-press.net\/senegal\/\"},{\"@type\":\"ListItem\",\"position\":2,\"name\":\"Diomaye Pr\u00e9sident : ce que Sonko demande aux alli\u00e9s\"}]},{\"@type\":\"WebSite\",\"@id\":\"https:\/\/www.africa-press.net\/senegal\/#website\",\"url\":\"https:\/\/www.africa-press.net\/senegal\/\",\"name\":\"Africa Press | Senegal | Homepage\",\"description\":\"Just another Africa News Agency Sites site\",\"potentialAction\":[{\"@type\":\"SearchAction\",\"target\":{\"@type\":\"EntryPoint\",\"urlTemplate\":\"https:\/\/www.africa-press.net\/senegal\/?s={search_term_string}\"},\"query-input\":{\"@type\":\"PropertyValueSpecification\",\"valueRequired\":true,\"valueName\":\"search_term_string\"}}],\"inLanguage\":\"fr-FR\"},{\"@type\":\"Person\",\"@id\":\"https:\/\/www.africa-press.net\/senegal\/#\/schema\/person\/2b1cf3cd81a31e3cd26889ca66d677f1\",\"name\":\"cfeditorfr\",\"url\":\"https:\/\/www.africa-press.net\/senegal\/author\/cfeditorfr\"}]}<\/script>\n<!-- \/ Yoast SEO Premium plugin. -->","yoast_head_json":{"title":"Diomaye Pr\u00e9sident : ce que Sonko demande aux alli\u00e9s - Senegal","description":"Lors de la rencontre entre le Pre\u0301sident Diomaye Faye et les leaders de la coalition qui a de\u0301fendu sa candidature, same ...","robots":{"index":"index","follow":"follow","max-snippet":"max-snippet:-1","max-image-preview":"max-image-preview:large","max-video-preview":"max-video-preview:-1"},"canonical":"https:\/\/www.africa-press.net\/senegal\/politique\/diomaye-president-ce-que-sonko-demande-aux-allies","og_locale":"fr_FR","og_type":"article","og_title":"Diomaye Pr\u00e9sident : ce que Sonko demande aux alli\u00e9s","og_description":"Lors de la rencontre entre le Pre\u0301sident Diomaye Faye et les leaders de la coalition qui a de\u0301fendu sa candidature, same ...","og_url":"https:\/\/www.africa-press.net\/senegal\/politique\/diomaye-president-ce-que-sonko-demande-aux-allies","og_site_name":"Senegal","article_published_time":"2024-04-08T20:07:00+00:00","article_modified_time":"2024-04-09T03:35:34+00:00","og_image":[{"width":1218,"height":592,"url":"https:\/\/static.africa-press.net\/senegal\/sites\/13\/2024\/04\/sm_1712617460.149951.jpg","type":"image\/jpeg"}],"author":"cfeditorfr","twitter_card":"summary_large_image","twitter_misc":{"\u00c9crit par":"cfeditorfr","Dur\u00e9e de lecture estim\u00e9e":"2 minutes"},"schema":{"@context":"https:\/\/schema.org","@graph":[{"@type":"Article","@id":"https:\/\/www.africa-press.net\/senegal\/politique\/diomaye-president-ce-que-sonko-demande-aux-allies#article","isPartOf":{"@id":"https:\/\/www.africa-press.net\/senegal\/politique\/diomaye-president-ce-que-sonko-demande-aux-allies"},"author":{"name":"cfeditorfr","@id":"https:\/\/www.africa-press.net\/senegal\/#\/schema\/person\/2b1cf3cd81a31e3cd26889ca66d677f1"},"headline":"Diomaye Pr\u00e9sident : ce que Sonko demande aux alli\u00e9s","datePublished":"2024-04-08T20:07:00+00:00","dateModified":"2024-04-09T03:35:34+00:00","mainEntityOfPage":{"@id":"https:\/\/www.africa-press.net\/senegal\/politique\/diomaye-president-ce-que-sonko-demande-aux-allies"},"wordCount":269,"commentCount":0,"image":{"@id":"https:\/\/www.africa-press.net\/senegal\/politique\/diomaye-president-ce-que-sonko-demande-aux-allies#primaryimage"},"thumbnailUrl":"https:\/\/static.africa-press.net\/senegal\/sites\/13\/2024\/04\/sm_1712617460.149951.jpg","keywords":["Africa Press","Africa Press-Senegal","Senegal"],"articleSection":["Politique","Top Nouvelles","Toutes les actualit\u00e9s"],"inLanguage":"fr-FR","potentialAction":[{"@type":"CommentAction","name":"Comment","target":["https:\/\/www.africa-press.net\/senegal\/politique\/diomaye-president-ce-que-sonko-demande-aux-allies#respond"]}]},{"@type":"WebPage","@id":"https:\/\/www.africa-press.net\/senegal\/politique\/diomaye-president-ce-que-sonko-demande-aux-allies","url":"https:\/\/www.africa-press.net\/senegal\/politique\/diomaye-president-ce-que-sonko-demande-aux-allies","name":"Diomaye Pr\u00e9sident : ce que Sonko demande aux alli\u00e9s - Senegal","isPartOf":{"@id":"https:\/\/www.africa-press.net\/senegal\/#website"},"primaryImageOfPage":{"@id":"https:\/\/www.africa-press.net\/senegal\/politique\/diomaye-president-ce-que-sonko-demande-aux-allies#primaryimage"},"image":{"@id":"https:\/\/www.africa-press.net\/senegal\/politique\/diomaye-president-ce-que-sonko-demande-aux-allies#primaryimage"},"thumbnailUrl":"https:\/\/static.africa-press.net\/senegal\/sites\/13\/2024\/04\/sm_1712617460.149951.jpg","datePublished":"2024-04-08T20:07:00+00:00","dateModified":"2024-04-09T03:35:34+00:00","author":{"@id":"https:\/\/www.africa-press.net\/senegal\/#\/schema\/person\/2b1cf3cd81a31e3cd26889ca66d677f1"},"description":"Lors de la rencontre entre le Pre\u0301sident Diomaye Faye et les leaders de la coalition qui a de\u0301fendu sa candidature, same ...","breadcrumb":{"@id":"https:\/\/www.africa-press.net\/senegal\/politique\/diomaye-president-ce-que-sonko-demande-aux-allies#breadcrumb"},"inLanguage":"fr-FR","potentialAction":[{"@type":"ReadAction","target":["https:\/\/www.africa-press.net\/senegal\/politique\/diomaye-president-ce-que-sonko-demande-aux-allies"]}]},{"@type":"ImageObject","inLanguage":"fr-FR","@id":"https:\/\/www.africa-press.net\/senegal\/politique\/diomaye-president-ce-que-sonko-demande-aux-allies#primaryimage","url":"https:\/\/static.africa-press.net\/senegal\/sites\/13\/2024\/04\/sm_1712617460.149951.jpg","contentUrl":"https:\/\/static.africa-press.net\/senegal\/sites\/13\/2024\/04\/sm_1712617460.149951.jpg","width":1218,"height":592,"caption":"Diomaye Pr\u00e9sident : ce que Sonko demande aux alli\u00e9s"},{"@type":"BreadcrumbList","@id":"https:\/\/www.africa-press.net\/senegal\/politique\/diomaye-president-ce-que-sonko-demande-aux-allies#breadcrumb","itemListElement":[{"@type":"ListItem","position":1,"name":"Accueil","item":"https:\/\/www.africa-press.net\/senegal\/"},{"@type":"ListItem","position":2,"name":"Diomaye Pr\u00e9sident : ce que Sonko demande aux alli\u00e9s"}]},{"@type":"WebSite","@id":"https:\/\/www.africa-press.net\/senegal\/#website","url":"https:\/\/www.africa-press.net\/senegal\/","name":"Africa Press | Senegal | Homepage","description":"Just another Africa News Agency Sites site","potentialAction":[{"@type":"SearchAction","target":{"@type":"EntryPoint","urlTemplate":"https:\/\/www.africa-press.net\/senegal\/?s={search_term_string}"},"query-input":{"@type":"PropertyValueSpecification","valueRequired":true,"valueName":"search_term_string"}}],"inLanguage":"fr-FR"},{"@type":"Person","@id":"https:\/\/www.africa-press.net\/senegal\/#\/schema\/person\/2b1cf3cd81a31e3cd26889ca66d677f1","name":"cfeditorfr","url":"https:\/\/www.africa-press.net\/senegal\/author\/cfeditorfr"}]}},"_links":{"self":[{"href":"https:\/\/www.africa-press.net\/senegal\/wp-json\/wp\/v2\/posts\/58008","targetHints":{"allow":["GET"]}}],"collection":[{"href":"https:\/\/www.africa-press.net\/senegal\/wp-json\/wp\/v2\/posts"}],"about":[{"href":"https:\/\/www.africa-press.net\/senegal\/wp-json\/wp\/v2\/types\/post"}],"author":[{"embeddable":true,"href":"https:\/\/www.africa-press.net\/senegal\/wp-json\/wp\/v2\/users\/82"}],"replies":[{"embeddable":true,"href":"https:\/\/www.africa-press.net\/senegal\/wp-json\/wp\/v2\/comments?post=58008"}],"version-history":[{"count":0,"href":"https:\/\/www.africa-press.net\/senegal\/wp-json\/wp\/v2\/posts\/58008\/revisions"}],"wp:featuredmedia":[{"embeddable":true,"href":"https:\/\/www.africa-press.net\/senegal\/wp-json\/wp\/v2\/media\/58007"}],"wp:attachment":[{"href":"https:\/\/www.africa-press.net\/senegal\/wp-json\/wp\/v2\/media?parent=58008"}],"wp:term":[{"taxonomy":"category","embeddable":true,"href":"https:\/\/www.africa-press.net\/senegal\/wp-json\/wp\/v2\/categories?post=58008"},{"taxonomy":"post_tag","embeddable":true,"href":"https:\/\/www.africa-press.net\/senegal\/wp-json\/wp\/v2\/tags?post=58008"}],"curies":[{"name":"wp","href":"https:\/\/api.w.org\/{rel}","templated":true}]}}