{"id":58219,"date":"2024-04-15T13:00:00","date_gmt":"2024-04-15T13:00:00","guid":{"rendered":"https:\/\/www.africa-press.net\/senegal\/politique\/baisse-du-loyer-ce-que-bassirou-diomaye-faye-compte-faire"},"modified":"2024-04-16T03:47:32","modified_gmt":"2024-04-16T03:47:32","slug":"baisse-du-loyer-ce-que-bassirou-diomaye-faye-compte-faire","status":"publish","type":"post","link":"https:\/\/www.africa-press.net\/senegal\/politique\/baisse-du-loyer-ce-que-bassirou-diomaye-faye-compte-faire","title":{"rendered":"Baisse du loyer : Ce que Bassirou Diomaye Faye compte faire"},"content":{"rendered":"<p><span style=\"color: #ff6600\"><strong>Africa-Press &#8211; Senegal. <\/strong><\/span>Il y a plusieurs mois, le pre\u0301sident Macky Sall avait re\u0301duit le prix du loyer. Mais, pour autant, le loyer reste toujours cher. Arrive\u0301 au pouvoir il y a 3 semaines, Bassirou Diomaye Faye compte lui aussi re\u0301duire les cou\u0302ts du loyer.<\/p>\n<p>Comme rapporte\u0301 par Igfm, Momath Talla Ndao, nouveau Secre\u0301taire d&rsquo;Etat a\u0300 l&rsquo;Urbanisme et au Logement, a explique\u0301 comment le gouvernement de Diomaye compte s&rsquo;y prendre pour baisser les prix du loyer. Pour lui, il y a deux me\u0301thodes: alle\u0301ger les taxes et impo\u0302ts aux promoteurs immobiliers pour cre\u0301er un effet domino sur les prix, mais aussi inonder le marche\u0301 d&rsquo;offres de logements pour rendre la demande moins importante.<\/p>\n<p>\u00ab\u00a0Concernant la baisse du cou\u0302t du loyer, il faut noter que l&rsquo;ancien re\u0301gime a essaye\u0301 en termes de solutions. Mais nous, nous sommes la\u0300 avec un programme qui va reposer sur un certain nombre de dispositifs et de me\u0301canismes. Je pense que c&rsquo;est la\u0300 ou\u0300 l&rsquo;ancien re\u0301gime avait pe\u0301che\u0301, surtout avec l&rsquo;absence de me\u0301canismes re\u0301els et de dispositifs d&rsquo;une politique claire, capable de re\u0301pondre aux attentes des citoyens se\u0301ne\u0301galais. En termes d&rsquo;offres, nous allons mettre en place un dispositif permettant de pouvoir jouer sur des leviers, tels que la Tva et d&rsquo;autres me\u0301canismes financiers, dans le but de permettre aux promoteurs immobiliers, de pouvoir sentir un alle\u0301gement sur les impo\u0302ts et taxes, afin qu&rsquo;ils baissent le cou\u0302t du loyer\u00a0\u00bb, dit-il, dans un premier temps.<\/p>\n<p>Selon le Secre\u0301taire d&rsquo;Etat, inonder le marche\u0301 de logements va e\u0301galement jouer sur la baisse des prix. \u00ab\u00a0Au-dela\u0300 de ces taxes et impo\u0302ts, nous allons travailler sur la Sn Hlm, la Sicap. Ces structures vont nous permettre de pouvoir augmenter l&rsquo;offre. Car, en re\u0301alite\u0301, le loyer est un marche\u0301 de l&rsquo;offre et de la demande. L&rsquo;Etat doit inonder le marche\u0301 d&rsquo;une offre permettant d&rsquo;entrai\u0302ner une re\u0301duction du cou\u0302t loyer, sans cela, il nous sera difficile d&rsquo;avoir les re\u0301sultats escompte\u0301s\u00a0\u00bb, a-t-il explique\u0301.<\/p>\n<p>Selon Momath Talla Ndao, les dispositifs ne\u0301cessaires seront mis en place pour re\u0301gulariser la question du loyer de manie\u0300re tre\u0300s intelligente dans les meilleurs de\u0301lais, sans faire de politique politicienne.<\/p>\n<p><strong>Pour plus d&rsquo;informations et d&rsquo;analyses sur la <a href=\"https:\/\/www.africa-press.net\/senegal\">Senegal<\/a>, suivez <a href=\"https:\/\/www.africa-press.net\/\">Africa-Press<\/a><\/strong><\/p>\n","protected":false},"excerpt":{"rendered":"<p>Africa-Press &#8211; Senegal. Il y a plusieurs mois, le pre\u0301sident Macky Sall avait re\u0301duit le prix du loyer. Mais, pour autant, le loyer reste toujours cher. Arrive\u0301 au pouvoir il y a 3 semaines, Bassirou Diomaye Faye compte lui aussi re\u0301duire les cou\u0302ts du loyer. Comme rapporte\u0301 par Igfm, Momath Talla Ndao, nouveau Secre\u0301taire d&rsquo;Etat [&hellip;]<\/p>\n","protected":false},"author":82,"featured_media":58218,"comment_status":"open","ping_status":"closed","sticky":false,"template":"","format":"standard","meta":{"footnotes":""},"categories":[2,20,10],"tags":[43,47,44],"class_list":["post-58219","post","type-post","status-publish","format-standard","has-post-thumbnail","hentry","category-politique","category-top-nouvelles","category-toutes-les-actualites","tag-africa-press-2","tag-africa-press-senegal","tag-senegal-2"],"yoast_head":"<!-- This site is optimized with the Yoast SEO Premium plugin v26.1 (Yoast SEO v27.0) - https:\/\/yoast.com\/product\/yoast-seo-premium-wordpress\/ -->\n<title>Baisse du loyer : Ce que Bassirou Diomaye Faye compte faire - Senegal<\/title>\n<meta name=\"description\" content=\"Il y a plusieurs mois, le pre\u0301sident Macky Sall avait re\u0301duit le prix du loyer. Mais, pour autant, le loyer reste toujou ...\" \/>\n<meta name=\"robots\" content=\"index, follow, max-snippet:-1, max-image-preview:large, max-video-preview:-1\" \/>\n<link rel=\"canonical\" href=\"https:\/\/www.africa-press.net\/senegal\/politique\/baisse-du-loyer-ce-que-bassirou-diomaye-faye-compte-faire\" \/>\n<meta property=\"og:locale\" content=\"fr_FR\" \/>\n<meta property=\"og:type\" content=\"article\" \/>\n<meta property=\"og:title\" content=\"Baisse du loyer : Ce que Bassirou Diomaye Faye compte faire\" \/>\n<meta property=\"og:description\" content=\"Il y a plusieurs mois, le pre\u0301sident Macky Sall avait re\u0301duit le prix du loyer. Mais, pour autant, le loyer reste toujou ...\" \/>\n<meta property=\"og:url\" content=\"https:\/\/www.africa-press.net\/senegal\/politique\/baisse-du-loyer-ce-que-bassirou-diomaye-faye-compte-faire\" \/>\n<meta property=\"og:site_name\" content=\"Senegal\" \/>\n<meta property=\"article:published_time\" content=\"2024-04-15T13:00:00+00:00\" \/>\n<meta property=\"article:modified_time\" content=\"2024-04-16T03:47:32+00:00\" \/>\n<meta property=\"og:image\" content=\"https:\/\/static.africa-press.net\/senegal\/sites\/13\/2024\/04\/sm_1713222975.131063.jpg\" \/>\n\t<meta property=\"og:image:width\" content=\"1306\" \/>\n\t<meta property=\"og:image:height\" content=\"635\" \/>\n\t<meta property=\"og:image:type\" content=\"image\/jpeg\" \/>\n<meta name=\"author\" content=\"cfeditorfr\" \/>\n<meta name=\"twitter:card\" content=\"summary_large_image\" \/>\n<meta name=\"twitter:label1\" content=\"\u00c9crit par\" \/>\n\t<meta name=\"twitter:data1\" content=\"cfeditorfr\" \/>\n\t<meta name=\"twitter:label2\" content=\"Dur\u00e9e de lecture estim\u00e9e\" \/>\n\t<meta name=\"twitter:data2\" content=\"2 minutes\" \/>\n<script type=\"application\/ld+json\" class=\"yoast-schema-graph\">{\"@context\":\"https:\/\/schema.org\",\"@graph\":[{\"@type\":\"Article\",\"@id\":\"https:\/\/www.africa-press.net\/senegal\/politique\/baisse-du-loyer-ce-que-bassirou-diomaye-faye-compte-faire#article\",\"isPartOf\":{\"@id\":\"https:\/\/www.africa-press.net\/senegal\/politique\/baisse-du-loyer-ce-que-bassirou-diomaye-faye-compte-faire\"},\"author\":{\"name\":\"cfeditorfr\",\"@id\":\"https:\/\/www.africa-press.net\/senegal\/#\/schema\/person\/2b1cf3cd81a31e3cd26889ca66d677f1\"},\"headline\":\"Baisse du loyer : Ce que Bassirou Diomaye Faye compte faire\",\"datePublished\":\"2024-04-15T13:00:00+00:00\",\"dateModified\":\"2024-04-16T03:47:32+00:00\",\"mainEntityOfPage\":{\"@id\":\"https:\/\/www.africa-press.net\/senegal\/politique\/baisse-du-loyer-ce-que-bassirou-diomaye-faye-compte-faire\"},\"wordCount\":425,\"commentCount\":0,\"image\":{\"@id\":\"https:\/\/www.africa-press.net\/senegal\/politique\/baisse-du-loyer-ce-que-bassirou-diomaye-faye-compte-faire#primaryimage\"},\"thumbnailUrl\":\"https:\/\/static.africa-press.net\/senegal\/sites\/13\/2024\/04\/sm_1713222975.131063.jpg\",\"keywords\":[\"Africa Press\",\"Africa Press-Senegal\",\"Senegal\"],\"articleSection\":[\"Politique\",\"Top Nouvelles\",\"Toutes les actualit\u00e9s\"],\"inLanguage\":\"fr-FR\",\"potentialAction\":[{\"@type\":\"CommentAction\",\"name\":\"Comment\",\"target\":[\"https:\/\/www.africa-press.net\/senegal\/politique\/baisse-du-loyer-ce-que-bassirou-diomaye-faye-compte-faire#respond\"]}]},{\"@type\":\"WebPage\",\"@id\":\"https:\/\/www.africa-press.net\/senegal\/politique\/baisse-du-loyer-ce-que-bassirou-diomaye-faye-compte-faire\",\"url\":\"https:\/\/www.africa-press.net\/senegal\/politique\/baisse-du-loyer-ce-que-bassirou-diomaye-faye-compte-faire\",\"name\":\"Baisse du loyer : Ce que Bassirou Diomaye Faye compte faire - Senegal\",\"isPartOf\":{\"@id\":\"https:\/\/www.africa-press.net\/senegal\/#website\"},\"primaryImageOfPage\":{\"@id\":\"https:\/\/www.africa-press.net\/senegal\/politique\/baisse-du-loyer-ce-que-bassirou-diomaye-faye-compte-faire#primaryimage\"},\"image\":{\"@id\":\"https:\/\/www.africa-press.net\/senegal\/politique\/baisse-du-loyer-ce-que-bassirou-diomaye-faye-compte-faire#primaryimage\"},\"thumbnailUrl\":\"https:\/\/static.africa-press.net\/senegal\/sites\/13\/2024\/04\/sm_1713222975.131063.jpg\",\"datePublished\":\"2024-04-15T13:00:00+00:00\",\"dateModified\":\"2024-04-16T03:47:32+00:00\",\"author\":{\"@id\":\"https:\/\/www.africa-press.net\/senegal\/#\/schema\/person\/2b1cf3cd81a31e3cd26889ca66d677f1\"},\"description\":\"Il y a plusieurs mois, le pre\u0301sident Macky Sall avait re\u0301duit le prix du loyer. Mais, pour autant, le loyer reste toujou ...\",\"breadcrumb\":{\"@id\":\"https:\/\/www.africa-press.net\/senegal\/politique\/baisse-du-loyer-ce-que-bassirou-diomaye-faye-compte-faire#breadcrumb\"},\"inLanguage\":\"fr-FR\",\"potentialAction\":[{\"@type\":\"ReadAction\",\"target\":[\"https:\/\/www.africa-press.net\/senegal\/politique\/baisse-du-loyer-ce-que-bassirou-diomaye-faye-compte-faire\"]}]},{\"@type\":\"ImageObject\",\"inLanguage\":\"fr-FR\",\"@id\":\"https:\/\/www.africa-press.net\/senegal\/politique\/baisse-du-loyer-ce-que-bassirou-diomaye-faye-compte-faire#primaryimage\",\"url\":\"https:\/\/static.africa-press.net\/senegal\/sites\/13\/2024\/04\/sm_1713222975.131063.jpg\",\"contentUrl\":\"https:\/\/static.africa-press.net\/senegal\/sites\/13\/2024\/04\/sm_1713222975.131063.jpg\",\"width\":1306,\"height\":635,\"caption\":\"Baisse du loyer : Ce que Bassirou Diomaye Faye compte faire\"},{\"@type\":\"BreadcrumbList\",\"@id\":\"https:\/\/www.africa-press.net\/senegal\/politique\/baisse-du-loyer-ce-que-bassirou-diomaye-faye-compte-faire#breadcrumb\",\"itemListElement\":[{\"@type\":\"ListItem\",\"position\":1,\"name\":\"Accueil\",\"item\":\"https:\/\/www.africa-press.net\/senegal\/\"},{\"@type\":\"ListItem\",\"position\":2,\"name\":\"Baisse du loyer : Ce que Bassirou Diomaye Faye compte faire\"}]},{\"@type\":\"WebSite\",\"@id\":\"https:\/\/www.africa-press.net\/senegal\/#website\",\"url\":\"https:\/\/www.africa-press.net\/senegal\/\",\"name\":\"Africa Press | Senegal | Homepage\",\"description\":\"Just another Africa News Agency Sites site\",\"potentialAction\":[{\"@type\":\"SearchAction\",\"target\":{\"@type\":\"EntryPoint\",\"urlTemplate\":\"https:\/\/www.africa-press.net\/senegal\/?s={search_term_string}\"},\"query-input\":{\"@type\":\"PropertyValueSpecification\",\"valueRequired\":true,\"valueName\":\"search_term_string\"}}],\"inLanguage\":\"fr-FR\"},{\"@type\":\"Person\",\"@id\":\"https:\/\/www.africa-press.net\/senegal\/#\/schema\/person\/2b1cf3cd81a31e3cd26889ca66d677f1\",\"name\":\"cfeditorfr\",\"url\":\"https:\/\/www.africa-press.net\/senegal\/author\/cfeditorfr\"}]}<\/script>\n<!-- \/ Yoast SEO Premium plugin. -->","yoast_head_json":{"title":"Baisse du loyer : Ce que Bassirou Diomaye Faye compte faire - Senegal","description":"Il y a plusieurs mois, le pre\u0301sident Macky Sall avait re\u0301duit le prix du loyer. Mais, pour autant, le loyer reste toujou ...","robots":{"index":"index","follow":"follow","max-snippet":"max-snippet:-1","max-image-preview":"max-image-preview:large","max-video-preview":"max-video-preview:-1"},"canonical":"https:\/\/www.africa-press.net\/senegal\/politique\/baisse-du-loyer-ce-que-bassirou-diomaye-faye-compte-faire","og_locale":"fr_FR","og_type":"article","og_title":"Baisse du loyer : Ce que Bassirou Diomaye Faye compte faire","og_description":"Il y a plusieurs mois, le pre\u0301sident Macky Sall avait re\u0301duit le prix du loyer. Mais, pour autant, le loyer reste toujou ...","og_url":"https:\/\/www.africa-press.net\/senegal\/politique\/baisse-du-loyer-ce-que-bassirou-diomaye-faye-compte-faire","og_site_name":"Senegal","article_published_time":"2024-04-15T13:00:00+00:00","article_modified_time":"2024-04-16T03:47:32+00:00","og_image":[{"width":1306,"height":635,"url":"https:\/\/static.africa-press.net\/senegal\/sites\/13\/2024\/04\/sm_1713222975.131063.jpg","type":"image\/jpeg"}],"author":"cfeditorfr","twitter_card":"summary_large_image","twitter_misc":{"\u00c9crit par":"cfeditorfr","Dur\u00e9e de lecture estim\u00e9e":"2 minutes"},"schema":{"@context":"https:\/\/schema.org","@graph":[{"@type":"Article","@id":"https:\/\/www.africa-press.net\/senegal\/politique\/baisse-du-loyer-ce-que-bassirou-diomaye-faye-compte-faire#article","isPartOf":{"@id":"https:\/\/www.africa-press.net\/senegal\/politique\/baisse-du-loyer-ce-que-bassirou-diomaye-faye-compte-faire"},"author":{"name":"cfeditorfr","@id":"https:\/\/www.africa-press.net\/senegal\/#\/schema\/person\/2b1cf3cd81a31e3cd26889ca66d677f1"},"headline":"Baisse du loyer : Ce que Bassirou Diomaye Faye compte faire","datePublished":"2024-04-15T13:00:00+00:00","dateModified":"2024-04-16T03:47:32+00:00","mainEntityOfPage":{"@id":"https:\/\/www.africa-press.net\/senegal\/politique\/baisse-du-loyer-ce-que-bassirou-diomaye-faye-compte-faire"},"wordCount":425,"commentCount":0,"image":{"@id":"https:\/\/www.africa-press.net\/senegal\/politique\/baisse-du-loyer-ce-que-bassirou-diomaye-faye-compte-faire#primaryimage"},"thumbnailUrl":"https:\/\/static.africa-press.net\/senegal\/sites\/13\/2024\/04\/sm_1713222975.131063.jpg","keywords":["Africa Press","Africa Press-Senegal","Senegal"],"articleSection":["Politique","Top Nouvelles","Toutes les actualit\u00e9s"],"inLanguage":"fr-FR","potentialAction":[{"@type":"CommentAction","name":"Comment","target":["https:\/\/www.africa-press.net\/senegal\/politique\/baisse-du-loyer-ce-que-bassirou-diomaye-faye-compte-faire#respond"]}]},{"@type":"WebPage","@id":"https:\/\/www.africa-press.net\/senegal\/politique\/baisse-du-loyer-ce-que-bassirou-diomaye-faye-compte-faire","url":"https:\/\/www.africa-press.net\/senegal\/politique\/baisse-du-loyer-ce-que-bassirou-diomaye-faye-compte-faire","name":"Baisse du loyer : Ce que Bassirou Diomaye Faye compte faire - Senegal","isPartOf":{"@id":"https:\/\/www.africa-press.net\/senegal\/#website"},"primaryImageOfPage":{"@id":"https:\/\/www.africa-press.net\/senegal\/politique\/baisse-du-loyer-ce-que-bassirou-diomaye-faye-compte-faire#primaryimage"},"image":{"@id":"https:\/\/www.africa-press.net\/senegal\/politique\/baisse-du-loyer-ce-que-bassirou-diomaye-faye-compte-faire#primaryimage"},"thumbnailUrl":"https:\/\/static.africa-press.net\/senegal\/sites\/13\/2024\/04\/sm_1713222975.131063.jpg","datePublished":"2024-04-15T13:00:00+00:00","dateModified":"2024-04-16T03:47:32+00:00","author":{"@id":"https:\/\/www.africa-press.net\/senegal\/#\/schema\/person\/2b1cf3cd81a31e3cd26889ca66d677f1"},"description":"Il y a plusieurs mois, le pre\u0301sident Macky Sall avait re\u0301duit le prix du loyer. Mais, pour autant, le loyer reste toujou ...","breadcrumb":{"@id":"https:\/\/www.africa-press.net\/senegal\/politique\/baisse-du-loyer-ce-que-bassirou-diomaye-faye-compte-faire#breadcrumb"},"inLanguage":"fr-FR","potentialAction":[{"@type":"ReadAction","target":["https:\/\/www.africa-press.net\/senegal\/politique\/baisse-du-loyer-ce-que-bassirou-diomaye-faye-compte-faire"]}]},{"@type":"ImageObject","inLanguage":"fr-FR","@id":"https:\/\/www.africa-press.net\/senegal\/politique\/baisse-du-loyer-ce-que-bassirou-diomaye-faye-compte-faire#primaryimage","url":"https:\/\/static.africa-press.net\/senegal\/sites\/13\/2024\/04\/sm_1713222975.131063.jpg","contentUrl":"https:\/\/static.africa-press.net\/senegal\/sites\/13\/2024\/04\/sm_1713222975.131063.jpg","width":1306,"height":635,"caption":"Baisse du loyer : Ce que Bassirou Diomaye Faye compte faire"},{"@type":"BreadcrumbList","@id":"https:\/\/www.africa-press.net\/senegal\/politique\/baisse-du-loyer-ce-que-bassirou-diomaye-faye-compte-faire#breadcrumb","itemListElement":[{"@type":"ListItem","position":1,"name":"Accueil","item":"https:\/\/www.africa-press.net\/senegal\/"},{"@type":"ListItem","position":2,"name":"Baisse du loyer : Ce que Bassirou Diomaye Faye compte faire"}]},{"@type":"WebSite","@id":"https:\/\/www.africa-press.net\/senegal\/#website","url":"https:\/\/www.africa-press.net\/senegal\/","name":"Africa Press | Senegal | Homepage","description":"Just another Africa News Agency Sites site","potentialAction":[{"@type":"SearchAction","target":{"@type":"EntryPoint","urlTemplate":"https:\/\/www.africa-press.net\/senegal\/?s={search_term_string}"},"query-input":{"@type":"PropertyValueSpecification","valueRequired":true,"valueName":"search_term_string"}}],"inLanguage":"fr-FR"},{"@type":"Person","@id":"https:\/\/www.africa-press.net\/senegal\/#\/schema\/person\/2b1cf3cd81a31e3cd26889ca66d677f1","name":"cfeditorfr","url":"https:\/\/www.africa-press.net\/senegal\/author\/cfeditorfr"}]}},"_links":{"self":[{"href":"https:\/\/www.africa-press.net\/senegal\/wp-json\/wp\/v2\/posts\/58219","targetHints":{"allow":["GET"]}}],"collection":[{"href":"https:\/\/www.africa-press.net\/senegal\/wp-json\/wp\/v2\/posts"}],"about":[{"href":"https:\/\/www.africa-press.net\/senegal\/wp-json\/wp\/v2\/types\/post"}],"author":[{"embeddable":true,"href":"https:\/\/www.africa-press.net\/senegal\/wp-json\/wp\/v2\/users\/82"}],"replies":[{"embeddable":true,"href":"https:\/\/www.africa-press.net\/senegal\/wp-json\/wp\/v2\/comments?post=58219"}],"version-history":[{"count":0,"href":"https:\/\/www.africa-press.net\/senegal\/wp-json\/wp\/v2\/posts\/58219\/revisions"}],"wp:featuredmedia":[{"embeddable":true,"href":"https:\/\/www.africa-press.net\/senegal\/wp-json\/wp\/v2\/media\/58218"}],"wp:attachment":[{"href":"https:\/\/www.africa-press.net\/senegal\/wp-json\/wp\/v2\/media?parent=58219"}],"wp:term":[{"taxonomy":"category","embeddable":true,"href":"https:\/\/www.africa-press.net\/senegal\/wp-json\/wp\/v2\/categories?post=58219"},{"taxonomy":"post_tag","embeddable":true,"href":"https:\/\/www.africa-press.net\/senegal\/wp-json\/wp\/v2\/tags?post=58219"}],"curies":[{"name":"wp","href":"https:\/\/api.w.org\/{rel}","templated":true}]}}