{"id":58228,"date":"2024-04-15T12:00:00","date_gmt":"2024-04-15T12:00:00","guid":{"rendered":"https:\/\/www.africa-press.net\/senegal\/politique\/les-lignes-vont-bouger-kako-nubukpo-content-de-la-posture-de-diomaye-faye-sur-le-franc-cfa"},"modified":"2024-04-16T03:49:04","modified_gmt":"2024-04-16T03:49:04","slug":"les-lignes-vont-bouger-kako-nubukpo-content-de-la-posture-de-diomaye-faye-sur-le-franc-cfa","status":"publish","type":"post","link":"https:\/\/www.africa-press.net\/senegal\/politique\/les-lignes-vont-bouger-kako-nubukpo-content-de-la-posture-de-diomaye-faye-sur-le-franc-cfa","title":{"rendered":"Les lignes vont bouger\u00a0\u00bb, Kako Nubukpo content de la posture de Diomaye Faye sur le Franc CFA"},"content":{"rendered":"<p><span style=\"color: #ff6600\"><strong>Africa-Press &#8211; Senegal. <\/strong><\/span>Plusieurs e\u0301conomistes africains ont soutenu la sortie du Franc Cfa et la cre\u0301ation d&rsquo;une monnaie commune aux pays de l&rsquo;UEMOA. Parmi eux figure Kako Nubukpo, e\u0301conomiste togolais, commissaire de l&rsquo;UEMOA et connu comme l&rsquo;un des principaux pourfendeurs du Franc CFA.<\/p>\n<p>Interroge\u0301 par Jeune Afrique, celui qui fut ministre au Togo et aujourd&rsquo;hui l&rsquo;un des principaux contestataires des re\u0301formes lance\u0301es par Faure Gnassingbe\u0301 juge que l&rsquo;arrive\u0301e de Bassirou Diomaye Faye pourrait e\u0302tre un tournant pour la sortie du Franc CFA.<\/p>\n<p>\u00ab\u00a0Je pense que les lignes vont bouger dans l\u2019espace Uemoa. Le Se\u0301ne\u0301gal est la deuxie\u0300me e\u0301conomie de notre union apre\u0300s la Co\u0302te d\u2019Ivoire. Par conse\u0301quent, quand son pre\u0301sident pose officiellement la question du franc, d\u2019emble\u0301e le sujet devient cre\u0301dible. Apre\u0300s, les re\u0301formes se feront-elles dans le cadre communautaire ou en dehors ? J\u2019ai cru comprendre que la position des nouvelles autorite\u0301s se\u0301ne\u0301galaises e\u0301tait d\u2019essayer de faire des re\u0301formes au sein de la Cedeao et de l\u2019Uemoa. Si celles-ci n\u2019aboutissent pas, elles ne s\u2019interdisent pas de sortir du franc CFA\u00a0\u00bb, a-t-il de\u0301clare\u0301.<\/p>\n<p>De plus, selon lui, les 3 pays de l&rsquo;AES (Burkina, Mali et Niger) ont pose\u0301 les premie\u0300res bases pour la re\u0301forme du Franc CFA. \u00ab\u00a0Ce n\u2019est pas anodin car les trois E\u0301tats de l\u2019Alliance des E\u0301tats du Sahel (AES) \u2013 Mali, Burkina Faso et Niger \u2013 montrent aussi des velle\u0301ite\u0301s de sortie. En tout cas, au mois de novembre 2023, le Conseil des ministres de l\u2019AES a dit explicitement qu\u2019ils allaient cre\u0301er leur propre union e\u0301conomique et mone\u0301taire et mettre en place un fonds de stabilisation. Cela cre\u0301e ainsi le contexte pour des re\u0301formes\u00a0\u00bb, a-t-il ajoute\u0301.<\/p>\n<p><strong>Pour plus d&rsquo;informations et d&rsquo;analyses sur la <a href=\"https:\/\/www.africa-press.net\/senegal\">Senegal<\/a>, suivez <a href=\"https:\/\/www.africa-press.net\/\">Africa-Press<\/a><\/strong><\/p>\n","protected":false},"excerpt":{"rendered":"<p>Africa-Press &#8211; Senegal. Plusieurs e\u0301conomistes africains ont soutenu la sortie du Franc Cfa et la cre\u0301ation d&rsquo;une monnaie commune aux pays de l&rsquo;UEMOA. Parmi eux figure Kako Nubukpo, e\u0301conomiste togolais, commissaire de l&rsquo;UEMOA et connu comme l&rsquo;un des principaux pourfendeurs du Franc CFA. Interroge\u0301 par Jeune Afrique, celui qui fut ministre au Togo et aujourd&rsquo;hui [&hellip;]<\/p>\n","protected":false},"author":82,"featured_media":58226,"comment_status":"open","ping_status":"closed","sticky":false,"template":"","format":"standard","meta":{"footnotes":""},"categories":[2,20,10],"tags":[43,47,44],"class_list":["post-58228","post","type-post","status-publish","format-standard","has-post-thumbnail","hentry","category-politique","category-top-nouvelles","category-toutes-les-actualites","tag-africa-press-2","tag-africa-press-senegal","tag-senegal-2"],"yoast_head":"<!-- This site is optimized with the Yoast SEO Premium plugin v26.1 (Yoast SEO v27.0) - https:\/\/yoast.com\/product\/yoast-seo-premium-wordpress\/ -->\n<title>Les lignes vont bouger&quot;, Kako Nubukpo content de la posture de Diomaye Faye sur le Franc CFA - Senegal<\/title>\n<meta name=\"description\" content=\"Plusieurs e\u0301conomistes africains ont soutenu la sortie du Franc Cfa et la cre\u0301ation d&#039;une monnaie commune aux pays de l&#039; ...\" \/>\n<meta name=\"robots\" content=\"index, follow, max-snippet:-1, max-image-preview:large, max-video-preview:-1\" \/>\n<link rel=\"canonical\" href=\"https:\/\/www.africa-press.net\/senegal\/politique\/les-lignes-vont-bouger-kako-nubukpo-content-de-la-posture-de-diomaye-faye-sur-le-franc-cfa\" \/>\n<meta property=\"og:locale\" content=\"fr_FR\" \/>\n<meta property=\"og:type\" content=\"article\" \/>\n<meta property=\"og:title\" content=\"Les lignes vont bouger&quot;, Kako Nubukpo content de la posture de Diomaye Faye sur le Franc CFA\" \/>\n<meta property=\"og:description\" content=\"Plusieurs e\u0301conomistes africains ont soutenu la sortie du Franc Cfa et la cre\u0301ation d&#039;une monnaie commune aux pays de l&#039; ...\" \/>\n<meta property=\"og:url\" content=\"https:\/\/www.africa-press.net\/senegal\/politique\/les-lignes-vont-bouger-kako-nubukpo-content-de-la-posture-de-diomaye-faye-sur-le-franc-cfa\" \/>\n<meta property=\"og:site_name\" content=\"Senegal\" \/>\n<meta property=\"article:published_time\" content=\"2024-04-15T12:00:00+00:00\" \/>\n<meta property=\"article:modified_time\" content=\"2024-04-16T03:49:04+00:00\" \/>\n<meta property=\"og:image\" content=\"https:\/\/static.africa-press.net\/senegal\/sites\/13\/2024\/04\/sm_1713223048.527361.jpg\" \/>\n\t<meta property=\"og:image:width\" content=\"1297\" \/>\n\t<meta property=\"og:image:height\" content=\"634\" \/>\n\t<meta property=\"og:image:type\" content=\"image\/jpeg\" \/>\n<meta name=\"author\" content=\"cfeditorfr\" \/>\n<meta name=\"twitter:card\" content=\"summary_large_image\" \/>\n<meta name=\"twitter:label1\" content=\"\u00c9crit par\" \/>\n\t<meta name=\"twitter:data1\" content=\"cfeditorfr\" \/>\n\t<meta name=\"twitter:label2\" content=\"Dur\u00e9e de lecture estim\u00e9e\" \/>\n\t<meta name=\"twitter:data2\" content=\"2 minutes\" \/>\n<script type=\"application\/ld+json\" class=\"yoast-schema-graph\">{\"@context\":\"https:\/\/schema.org\",\"@graph\":[{\"@type\":\"Article\",\"@id\":\"https:\/\/www.africa-press.net\/senegal\/politique\/les-lignes-vont-bouger-kako-nubukpo-content-de-la-posture-de-diomaye-faye-sur-le-franc-cfa#article\",\"isPartOf\":{\"@id\":\"https:\/\/www.africa-press.net\/senegal\/politique\/les-lignes-vont-bouger-kako-nubukpo-content-de-la-posture-de-diomaye-faye-sur-le-franc-cfa\"},\"author\":{\"name\":\"cfeditorfr\",\"@id\":\"https:\/\/www.africa-press.net\/senegal\/#\/schema\/person\/2b1cf3cd81a31e3cd26889ca66d677f1\"},\"headline\":\"Les lignes vont bouger\u00a0\u00bb, Kako Nubukpo content de la posture de Diomaye Faye sur le Franc CFA\",\"datePublished\":\"2024-04-15T12:00:00+00:00\",\"dateModified\":\"2024-04-16T03:49:04+00:00\",\"mainEntityOfPage\":{\"@id\":\"https:\/\/www.africa-press.net\/senegal\/politique\/les-lignes-vont-bouger-kako-nubukpo-content-de-la-posture-de-diomaye-faye-sur-le-franc-cfa\"},\"wordCount\":349,\"commentCount\":0,\"image\":{\"@id\":\"https:\/\/www.africa-press.net\/senegal\/politique\/les-lignes-vont-bouger-kako-nubukpo-content-de-la-posture-de-diomaye-faye-sur-le-franc-cfa#primaryimage\"},\"thumbnailUrl\":\"https:\/\/static.africa-press.net\/senegal\/sites\/13\/2024\/04\/sm_1713223048.527361.jpg\",\"keywords\":[\"Africa Press\",\"Africa Press-Senegal\",\"Senegal\"],\"articleSection\":[\"Politique\",\"Top Nouvelles\",\"Toutes les actualit\u00e9s\"],\"inLanguage\":\"fr-FR\",\"potentialAction\":[{\"@type\":\"CommentAction\",\"name\":\"Comment\",\"target\":[\"https:\/\/www.africa-press.net\/senegal\/politique\/les-lignes-vont-bouger-kako-nubukpo-content-de-la-posture-de-diomaye-faye-sur-le-franc-cfa#respond\"]}]},{\"@type\":\"WebPage\",\"@id\":\"https:\/\/www.africa-press.net\/senegal\/politique\/les-lignes-vont-bouger-kako-nubukpo-content-de-la-posture-de-diomaye-faye-sur-le-franc-cfa\",\"url\":\"https:\/\/www.africa-press.net\/senegal\/politique\/les-lignes-vont-bouger-kako-nubukpo-content-de-la-posture-de-diomaye-faye-sur-le-franc-cfa\",\"name\":\"Les lignes vont bouger\\\", Kako Nubukpo content de la posture de Diomaye Faye sur le Franc CFA - Senegal\",\"isPartOf\":{\"@id\":\"https:\/\/www.africa-press.net\/senegal\/#website\"},\"primaryImageOfPage\":{\"@id\":\"https:\/\/www.africa-press.net\/senegal\/politique\/les-lignes-vont-bouger-kako-nubukpo-content-de-la-posture-de-diomaye-faye-sur-le-franc-cfa#primaryimage\"},\"image\":{\"@id\":\"https:\/\/www.africa-press.net\/senegal\/politique\/les-lignes-vont-bouger-kako-nubukpo-content-de-la-posture-de-diomaye-faye-sur-le-franc-cfa#primaryimage\"},\"thumbnailUrl\":\"https:\/\/static.africa-press.net\/senegal\/sites\/13\/2024\/04\/sm_1713223048.527361.jpg\",\"datePublished\":\"2024-04-15T12:00:00+00:00\",\"dateModified\":\"2024-04-16T03:49:04+00:00\",\"author\":{\"@id\":\"https:\/\/www.africa-press.net\/senegal\/#\/schema\/person\/2b1cf3cd81a31e3cd26889ca66d677f1\"},\"description\":\"Plusieurs e\u0301conomistes africains ont soutenu la sortie du Franc Cfa et la cre\u0301ation d'une monnaie commune aux pays de l' ...\",\"breadcrumb\":{\"@id\":\"https:\/\/www.africa-press.net\/senegal\/politique\/les-lignes-vont-bouger-kako-nubukpo-content-de-la-posture-de-diomaye-faye-sur-le-franc-cfa#breadcrumb\"},\"inLanguage\":\"fr-FR\",\"potentialAction\":[{\"@type\":\"ReadAction\",\"target\":[\"https:\/\/www.africa-press.net\/senegal\/politique\/les-lignes-vont-bouger-kako-nubukpo-content-de-la-posture-de-diomaye-faye-sur-le-franc-cfa\"]}]},{\"@type\":\"ImageObject\",\"inLanguage\":\"fr-FR\",\"@id\":\"https:\/\/www.africa-press.net\/senegal\/politique\/les-lignes-vont-bouger-kako-nubukpo-content-de-la-posture-de-diomaye-faye-sur-le-franc-cfa#primaryimage\",\"url\":\"https:\/\/static.africa-press.net\/senegal\/sites\/13\/2024\/04\/sm_1713223048.527361.jpg\",\"contentUrl\":\"https:\/\/static.africa-press.net\/senegal\/sites\/13\/2024\/04\/sm_1713223048.527361.jpg\",\"width\":1297,\"height\":634,\"caption\":\"Les lignes vont bouger\\\", Kako Nubukpo content de la posture de Diomaye Faye sur le Franc CFA\"},{\"@type\":\"BreadcrumbList\",\"@id\":\"https:\/\/www.africa-press.net\/senegal\/politique\/les-lignes-vont-bouger-kako-nubukpo-content-de-la-posture-de-diomaye-faye-sur-le-franc-cfa#breadcrumb\",\"itemListElement\":[{\"@type\":\"ListItem\",\"position\":1,\"name\":\"Accueil\",\"item\":\"https:\/\/www.africa-press.net\/senegal\/\"},{\"@type\":\"ListItem\",\"position\":2,\"name\":\"Les lignes vont bouger&#8221;, Kako Nubukpo content de la posture de Diomaye Faye sur le Franc CFA\"}]},{\"@type\":\"WebSite\",\"@id\":\"https:\/\/www.africa-press.net\/senegal\/#website\",\"url\":\"https:\/\/www.africa-press.net\/senegal\/\",\"name\":\"Africa Press | Senegal | Homepage\",\"description\":\"Just another Africa News Agency Sites site\",\"potentialAction\":[{\"@type\":\"SearchAction\",\"target\":{\"@type\":\"EntryPoint\",\"urlTemplate\":\"https:\/\/www.africa-press.net\/senegal\/?s={search_term_string}\"},\"query-input\":{\"@type\":\"PropertyValueSpecification\",\"valueRequired\":true,\"valueName\":\"search_term_string\"}}],\"inLanguage\":\"fr-FR\"},{\"@type\":\"Person\",\"@id\":\"https:\/\/www.africa-press.net\/senegal\/#\/schema\/person\/2b1cf3cd81a31e3cd26889ca66d677f1\",\"name\":\"cfeditorfr\",\"url\":\"https:\/\/www.africa-press.net\/senegal\/author\/cfeditorfr\"}]}<\/script>\n<!-- \/ Yoast SEO Premium plugin. -->","yoast_head_json":{"title":"Les lignes vont bouger\", Kako Nubukpo content de la posture de Diomaye Faye sur le Franc CFA - Senegal","description":"Plusieurs e\u0301conomistes africains ont soutenu la sortie du Franc Cfa et la cre\u0301ation d'une monnaie commune aux pays de l' ...","robots":{"index":"index","follow":"follow","max-snippet":"max-snippet:-1","max-image-preview":"max-image-preview:large","max-video-preview":"max-video-preview:-1"},"canonical":"https:\/\/www.africa-press.net\/senegal\/politique\/les-lignes-vont-bouger-kako-nubukpo-content-de-la-posture-de-diomaye-faye-sur-le-franc-cfa","og_locale":"fr_FR","og_type":"article","og_title":"Les lignes vont bouger\", Kako Nubukpo content de la posture de Diomaye Faye sur le Franc CFA","og_description":"Plusieurs e\u0301conomistes africains ont soutenu la sortie du Franc Cfa et la cre\u0301ation d'une monnaie commune aux pays de l' ...","og_url":"https:\/\/www.africa-press.net\/senegal\/politique\/les-lignes-vont-bouger-kako-nubukpo-content-de-la-posture-de-diomaye-faye-sur-le-franc-cfa","og_site_name":"Senegal","article_published_time":"2024-04-15T12:00:00+00:00","article_modified_time":"2024-04-16T03:49:04+00:00","og_image":[{"width":1297,"height":634,"url":"https:\/\/static.africa-press.net\/senegal\/sites\/13\/2024\/04\/sm_1713223048.527361.jpg","type":"image\/jpeg"}],"author":"cfeditorfr","twitter_card":"summary_large_image","twitter_misc":{"\u00c9crit par":"cfeditorfr","Dur\u00e9e de lecture estim\u00e9e":"2 minutes"},"schema":{"@context":"https:\/\/schema.org","@graph":[{"@type":"Article","@id":"https:\/\/www.africa-press.net\/senegal\/politique\/les-lignes-vont-bouger-kako-nubukpo-content-de-la-posture-de-diomaye-faye-sur-le-franc-cfa#article","isPartOf":{"@id":"https:\/\/www.africa-press.net\/senegal\/politique\/les-lignes-vont-bouger-kako-nubukpo-content-de-la-posture-de-diomaye-faye-sur-le-franc-cfa"},"author":{"name":"cfeditorfr","@id":"https:\/\/www.africa-press.net\/senegal\/#\/schema\/person\/2b1cf3cd81a31e3cd26889ca66d677f1"},"headline":"Les lignes vont bouger\u00a0\u00bb, Kako Nubukpo content de la posture de Diomaye Faye sur le Franc CFA","datePublished":"2024-04-15T12:00:00+00:00","dateModified":"2024-04-16T03:49:04+00:00","mainEntityOfPage":{"@id":"https:\/\/www.africa-press.net\/senegal\/politique\/les-lignes-vont-bouger-kako-nubukpo-content-de-la-posture-de-diomaye-faye-sur-le-franc-cfa"},"wordCount":349,"commentCount":0,"image":{"@id":"https:\/\/www.africa-press.net\/senegal\/politique\/les-lignes-vont-bouger-kako-nubukpo-content-de-la-posture-de-diomaye-faye-sur-le-franc-cfa#primaryimage"},"thumbnailUrl":"https:\/\/static.africa-press.net\/senegal\/sites\/13\/2024\/04\/sm_1713223048.527361.jpg","keywords":["Africa Press","Africa Press-Senegal","Senegal"],"articleSection":["Politique","Top Nouvelles","Toutes les actualit\u00e9s"],"inLanguage":"fr-FR","potentialAction":[{"@type":"CommentAction","name":"Comment","target":["https:\/\/www.africa-press.net\/senegal\/politique\/les-lignes-vont-bouger-kako-nubukpo-content-de-la-posture-de-diomaye-faye-sur-le-franc-cfa#respond"]}]},{"@type":"WebPage","@id":"https:\/\/www.africa-press.net\/senegal\/politique\/les-lignes-vont-bouger-kako-nubukpo-content-de-la-posture-de-diomaye-faye-sur-le-franc-cfa","url":"https:\/\/www.africa-press.net\/senegal\/politique\/les-lignes-vont-bouger-kako-nubukpo-content-de-la-posture-de-diomaye-faye-sur-le-franc-cfa","name":"Les lignes vont bouger\", Kako Nubukpo content de la posture de Diomaye Faye sur le Franc CFA - Senegal","isPartOf":{"@id":"https:\/\/www.africa-press.net\/senegal\/#website"},"primaryImageOfPage":{"@id":"https:\/\/www.africa-press.net\/senegal\/politique\/les-lignes-vont-bouger-kako-nubukpo-content-de-la-posture-de-diomaye-faye-sur-le-franc-cfa#primaryimage"},"image":{"@id":"https:\/\/www.africa-press.net\/senegal\/politique\/les-lignes-vont-bouger-kako-nubukpo-content-de-la-posture-de-diomaye-faye-sur-le-franc-cfa#primaryimage"},"thumbnailUrl":"https:\/\/static.africa-press.net\/senegal\/sites\/13\/2024\/04\/sm_1713223048.527361.jpg","datePublished":"2024-04-15T12:00:00+00:00","dateModified":"2024-04-16T03:49:04+00:00","author":{"@id":"https:\/\/www.africa-press.net\/senegal\/#\/schema\/person\/2b1cf3cd81a31e3cd26889ca66d677f1"},"description":"Plusieurs e\u0301conomistes africains ont soutenu la sortie du Franc Cfa et la cre\u0301ation d'une monnaie commune aux pays de l' ...","breadcrumb":{"@id":"https:\/\/www.africa-press.net\/senegal\/politique\/les-lignes-vont-bouger-kako-nubukpo-content-de-la-posture-de-diomaye-faye-sur-le-franc-cfa#breadcrumb"},"inLanguage":"fr-FR","potentialAction":[{"@type":"ReadAction","target":["https:\/\/www.africa-press.net\/senegal\/politique\/les-lignes-vont-bouger-kako-nubukpo-content-de-la-posture-de-diomaye-faye-sur-le-franc-cfa"]}]},{"@type":"ImageObject","inLanguage":"fr-FR","@id":"https:\/\/www.africa-press.net\/senegal\/politique\/les-lignes-vont-bouger-kako-nubukpo-content-de-la-posture-de-diomaye-faye-sur-le-franc-cfa#primaryimage","url":"https:\/\/static.africa-press.net\/senegal\/sites\/13\/2024\/04\/sm_1713223048.527361.jpg","contentUrl":"https:\/\/static.africa-press.net\/senegal\/sites\/13\/2024\/04\/sm_1713223048.527361.jpg","width":1297,"height":634,"caption":"Les lignes vont bouger\", Kako Nubukpo content de la posture de Diomaye Faye sur le Franc CFA"},{"@type":"BreadcrumbList","@id":"https:\/\/www.africa-press.net\/senegal\/politique\/les-lignes-vont-bouger-kako-nubukpo-content-de-la-posture-de-diomaye-faye-sur-le-franc-cfa#breadcrumb","itemListElement":[{"@type":"ListItem","position":1,"name":"Accueil","item":"https:\/\/www.africa-press.net\/senegal\/"},{"@type":"ListItem","position":2,"name":"Les lignes vont bouger&#8221;, Kako Nubukpo content de la posture de Diomaye Faye sur le Franc CFA"}]},{"@type":"WebSite","@id":"https:\/\/www.africa-press.net\/senegal\/#website","url":"https:\/\/www.africa-press.net\/senegal\/","name":"Africa Press | Senegal | Homepage","description":"Just another Africa News Agency Sites site","potentialAction":[{"@type":"SearchAction","target":{"@type":"EntryPoint","urlTemplate":"https:\/\/www.africa-press.net\/senegal\/?s={search_term_string}"},"query-input":{"@type":"PropertyValueSpecification","valueRequired":true,"valueName":"search_term_string"}}],"inLanguage":"fr-FR"},{"@type":"Person","@id":"https:\/\/www.africa-press.net\/senegal\/#\/schema\/person\/2b1cf3cd81a31e3cd26889ca66d677f1","name":"cfeditorfr","url":"https:\/\/www.africa-press.net\/senegal\/author\/cfeditorfr"}]}},"_links":{"self":[{"href":"https:\/\/www.africa-press.net\/senegal\/wp-json\/wp\/v2\/posts\/58228","targetHints":{"allow":["GET"]}}],"collection":[{"href":"https:\/\/www.africa-press.net\/senegal\/wp-json\/wp\/v2\/posts"}],"about":[{"href":"https:\/\/www.africa-press.net\/senegal\/wp-json\/wp\/v2\/types\/post"}],"author":[{"embeddable":true,"href":"https:\/\/www.africa-press.net\/senegal\/wp-json\/wp\/v2\/users\/82"}],"replies":[{"embeddable":true,"href":"https:\/\/www.africa-press.net\/senegal\/wp-json\/wp\/v2\/comments?post=58228"}],"version-history":[{"count":0,"href":"https:\/\/www.africa-press.net\/senegal\/wp-json\/wp\/v2\/posts\/58228\/revisions"}],"wp:featuredmedia":[{"embeddable":true,"href":"https:\/\/www.africa-press.net\/senegal\/wp-json\/wp\/v2\/media\/58226"}],"wp:attachment":[{"href":"https:\/\/www.africa-press.net\/senegal\/wp-json\/wp\/v2\/media?parent=58228"}],"wp:term":[{"taxonomy":"category","embeddable":true,"href":"https:\/\/www.africa-press.net\/senegal\/wp-json\/wp\/v2\/categories?post=58228"},{"taxonomy":"post_tag","embeddable":true,"href":"https:\/\/www.africa-press.net\/senegal\/wp-json\/wp\/v2\/tags?post=58228"}],"curies":[{"name":"wp","href":"https:\/\/api.w.org\/{rel}","templated":true}]}}