{"id":60734,"date":"2024-08-01T14:00:00","date_gmt":"2024-08-01T14:00:00","guid":{"rendered":"https:\/\/www.africa-press.net\/senegal\/politique\/gestion-des-ressources-minieres-ngagne-demba-toure-mise-sur-la-formation-et-le-capital-humain"},"modified":"2024-08-03T00:23:14","modified_gmt":"2024-08-03T00:23:14","slug":"gestion-des-ressources-minieres-ngagne-demba-toure-mise-sur-la-formation-et-le-capital-humain","status":"publish","type":"post","link":"https:\/\/www.africa-press.net\/senegal\/politique\/gestion-des-ressources-minieres-ngagne-demba-toure-mise-sur-la-formation-et-le-capital-humain","title":{"rendered":"Gestion des ressources mini\u00e8res : Ngagne Demba Tour\u00e9 mise sur la formation et le capital humain"},"content":{"rendered":"<p><span style=\"color: #ff6600\"><strong>Africa-Press &#8211; Senegal. <\/strong><\/span>Le Directeur Ge\u0301ne\u0301ral de la socie\u0301te\u0301 des mines du Se\u0301ne\u0301gal (SOMISEN), Ngagne Demba Toure\u0301 a effectue\u0301 une visite ce jeudi 1er aou\u0302t a\u0300 l\u2019E\u0301cole Nationale Supe\u0301rieure des Mines et de la Ge\u0301ologie (ENSMG), re\u0301affirmant l\u2019engagement de la socie\u0301te\u0301 dans la que\u0302te de la souverainete\u0301 e\u0301conomique a\u0300 travers une utilisation strate\u0301gique des ressources minie\u0300res du Se\u0301ne\u0301gal. \u00ab Et pour ce faire, il faut de la recherche, il faut de l&rsquo;innovation, il faut l&rsquo;apport du capital humain se\u0301ne\u0301galais. D&rsquo;ou\u0300 la ne\u0301cessite\u0301 de nouer des collaborations avec l&rsquo;institut qui forme. Nous comptons sur le capital humain se\u0301ne\u0301galais. C&rsquo;est la raison pour laquelle nous avons senti la ne\u0301cessite\u0301 de venir effectuer cette visite qui est le de\u0301but d&rsquo;une collaboration\u00bb a souligne\u0301 M. Toure\u0301.<\/p>\n<p>Ainsi, le DG de la SOMISEN a profite\u0301 de cette visite pour annoncer que l\u2019 ENSMG \u00ab sera le grenier de la Compagnie Minie\u0300re Nationale, qui sera le re\u0301ceptacle pour e\u0302tre le bras ope\u0301rationnel de l&rsquo;E\u0301tat dans le secteur minier et re\u0301aliser les objectifs de de\u0301veloppement tels que dicte\u0301s dans le cadre du projet de transformation syste\u0301mique \u00bb. Ceci, apre\u0300s une signature officielle d\u2019une future convention entre la SOMISEN et l\u2019 ENSMG.<\/p>\n<p>Revenant sur les objectifs strate\u0301giques cle\u0301s pour arriver a\u0300 une souverainete\u0301 e\u0301conomique gra\u0302ce a\u0300 l\u2019utilisation des ressources minie\u0300res, M. Toure\u0301 a liste\u0301 entre autres l&rsquo;industrie, l&rsquo;agriculture, la transition e\u0301nerge\u0301tique, et les services et la technologie. En effet, Ngagne Demba Toure\u0301 a insiste\u0301 sur la ne\u0301cessite\u0301 de mobiliser les ressources mine\u0301rales pour soutenir une industrialisation, moteur de la transformation e\u0301conomique. \u00ab L&rsquo;industrie, ce sont trois sous-secteurs: il y a l&rsquo;industrie de la loi alimentaire, il y a l&rsquo;industrie manufacturable et les industries extractives. Donc, il faut identifier les matie\u0300res premie\u0300res dont l&rsquo;industrie se\u0301ne\u0301galaise aura besoin. Parce que, pour que l&rsquo;industrie soit vivante, viable et cognitive dans ce pays, il faut entre autres des matie\u0300res premie\u0300res. Il faut se\u0301curiser l&rsquo;approvisionnement des matie\u0300res premie\u0300res \u00bb a explique\u0301 le Dg de SOMISEN SA.<\/p>\n<p>E\u0301voquant le secteur agricole, M. Toure\u0301 a e\u0301voque\u0301 les importations alimentaires massives du Se\u0301ne\u0301gal et l\u2019urgence d\u2019explorer davantage les ressources comme le phosphate pour re\u0301duire cette de\u0301pendance. \u00ab Pour atteindre la souverainete\u0301 alimentaire, il faut une mai\u0302trise re\u0301elle sur les intrants et les engrais. Or, nous avons du phosphate dans notre sous-sol. Qu&rsquo;est-ce qu&rsquo;il faut faire ? Voila\u0300 la\u0300 ou\u0300 le focus doit e\u0302tre mis. Dans le cadre de la transition e\u0301nerge\u0301tique, les mine\u0301raux strate\u0301giques, les mine\u0301raux critiques, les mine\u0301raux rares, le lithium, le cuivre, le mangane\u0300se, le cobalt. Aujourd&rsquo;hui, la SOMISEN a un important projet d&rsquo;exploration de ces substances mine\u0301rales qui sont importantes et dont la demande dans le monde sera augmente\u0301e par six a\u0300 l&rsquo;horizon 2035 \u00bb a affirme\u0301 Ngagne Demba Toure\u0301.<\/p>\n<p>Le directeur de l\u2019E\u0301cole nationale supe\u0301rieure des mines et de la ge\u0301ologie, Mouhamadane Die\u0300ne a quant a\u0300 lui approuve\u0301 cette visite et a expose\u0301 les de\u0301fis de l\u2019ex Institut des sciences de la terre. \u00ab C\u2019est un plaisir d\u2019accueillir le Dg de la SOMISEN au sein de notre institut. Cela montre la volonte\u0301 des nouvelles autorite\u0301s a\u0300 faire de\u0301velopper le secteur et on espe\u0300re qu\u2019elles nous apporteront les accompagnements ne\u0301cessaires pour re\u0301nover cette e\u0301cole et renforcer nos disciplines \u00bb ainsi s\u2019est exprime\u0301 M. Die\u0300ne.<\/p>\n<p>Cre\u0301e\u0301e en 1980 comme Institut de la Faculte\u0301 des Sciences et Techniques, l\u2019E\u0301cole Nationale Supe\u0301rieure des Mines et de la Ge\u0301ologie (ENSMG) a forme\u0301 plus de 400 inge\u0301nieurs se\u0301ne\u0301galais africains dans divers me\u0301tiers des ge\u0301osciences. Les domaines de formation et d&rsquo;insertion des diplo\u0302me\u0301s de l&rsquo;ENSMG (ex IST) sont entre autres l\u2019exploitation minie\u0300re, le traitement, l&rsquo;enrichissement et la transformation des minerais, la ge\u0301ologie et l&rsquo;exploration minie\u0300re et pe\u0301trolie\u0300re&#8230;<\/p>\n<p><strong>Pour plus d&rsquo;informations et d&rsquo;analyses sur la Senegal, suivez Africa-Press<\/strong><\/p>\n","protected":false},"excerpt":{"rendered":"<p>Africa-Press &#8211; Senegal. Le Directeur Ge\u0301ne\u0301ral de la socie\u0301te\u0301 des mines du Se\u0301ne\u0301gal (SOMISEN), Ngagne Demba Toure\u0301 a effectue\u0301 une visite ce jeudi 1er aou\u0302t a\u0300 l\u2019E\u0301cole Nationale Supe\u0301rieure des Mines et de la Ge\u0301ologie (ENSMG), re\u0301affirmant l\u2019engagement de la socie\u0301te\u0301 dans la que\u0302te de la souverainete\u0301 e\u0301conomique a\u0300 travers une utilisation strate\u0301gique des ressources [&hellip;]<\/p>\n","protected":false},"author":82,"featured_media":60733,"comment_status":"open","ping_status":"closed","sticky":false,"template":"","format":"standard","meta":{"footnotes":""},"categories":[3,2,20,10],"tags":[4285,4284,44],"class_list":["post-60734","post","type-post","status-publish","format-standard","has-post-thumbnail","hentry","category-economie","category-politique","category-top-nouvelles","category-toutes-les-actualites","tag-gestion-des-ressources-minieres","tag-ngagne-demba-toure","tag-senegal-2"],"yoast_head":"<!-- This site is optimized with the Yoast SEO Premium plugin v26.1 (Yoast SEO v27.0) - https:\/\/yoast.com\/product\/yoast-seo-premium-wordpress\/ -->\n<title>Gestion des ressources mini\u00e8res : Ngagne Demba Tour\u00e9 mise sur la formation et le capital humain - Senegal<\/title>\n<meta name=\"description\" content=\"Le Directeur Ge\u0301ne\u0301ral de la socie\u0301te\u0301 des mines du Se\u0301ne\u0301gal (SOMISEN), Ngagne Demba Toure\u0301 a effectue\u0301 une visite ce j ...\" \/>\n<meta name=\"robots\" content=\"index, follow, max-snippet:-1, max-image-preview:large, max-video-preview:-1\" \/>\n<link rel=\"canonical\" href=\"https:\/\/www.africa-press.net\/senegal\/politique\/gestion-des-ressources-minieres-ngagne-demba-toure-mise-sur-la-formation-et-le-capital-humain\" \/>\n<meta property=\"og:locale\" content=\"fr_FR\" \/>\n<meta property=\"og:type\" content=\"article\" \/>\n<meta property=\"og:title\" content=\"Gestion des ressources mini\u00e8res : Ngagne Demba Tour\u00e9 mise sur la formation et le capital humain\" \/>\n<meta property=\"og:description\" content=\"Le Directeur Ge\u0301ne\u0301ral de la socie\u0301te\u0301 des mines du Se\u0301ne\u0301gal (SOMISEN), Ngagne Demba Toure\u0301 a effectue\u0301 une visite ce j ...\" \/>\n<meta property=\"og:url\" content=\"https:\/\/www.africa-press.net\/senegal\/politique\/gestion-des-ressources-minieres-ngagne-demba-toure-mise-sur-la-formation-et-le-capital-humain\" \/>\n<meta property=\"og:site_name\" content=\"Senegal\" \/>\n<meta property=\"article:published_time\" content=\"2024-08-01T14:00:00+00:00\" \/>\n<meta property=\"article:modified_time\" content=\"2024-08-03T00:23:14+00:00\" \/>\n<meta property=\"og:image\" content=\"https:\/\/static.africa-press.net\/senegal\/sites\/13\/2024\/08\/sm_1722541238.723566.jpg\" \/>\n\t<meta property=\"og:image:width\" content=\"1265\" \/>\n\t<meta property=\"og:image:height\" content=\"611\" \/>\n\t<meta property=\"og:image:type\" content=\"image\/jpeg\" \/>\n<meta name=\"author\" content=\"cfeditorfr\" \/>\n<meta name=\"twitter:card\" content=\"summary_large_image\" \/>\n<meta name=\"twitter:label1\" content=\"\u00c9crit par\" \/>\n\t<meta name=\"twitter:data1\" content=\"cfeditorfr\" \/>\n\t<meta name=\"twitter:label2\" content=\"Dur\u00e9e de lecture estim\u00e9e\" \/>\n\t<meta name=\"twitter:data2\" content=\"4 minutes\" \/>\n<script type=\"application\/ld+json\" class=\"yoast-schema-graph\">{\"@context\":\"https:\/\/schema.org\",\"@graph\":[{\"@type\":\"Article\",\"@id\":\"https:\/\/www.africa-press.net\/senegal\/politique\/gestion-des-ressources-minieres-ngagne-demba-toure-mise-sur-la-formation-et-le-capital-humain#article\",\"isPartOf\":{\"@id\":\"https:\/\/www.africa-press.net\/senegal\/politique\/gestion-des-ressources-minieres-ngagne-demba-toure-mise-sur-la-formation-et-le-capital-humain\"},\"author\":{\"name\":\"cfeditorfr\",\"@id\":\"https:\/\/www.africa-press.net\/senegal\/#\/schema\/person\/2b1cf3cd81a31e3cd26889ca66d677f1\"},\"headline\":\"Gestion des ressources mini\u00e8res : Ngagne Demba Tour\u00e9 mise sur la formation et le capital humain\",\"datePublished\":\"2024-08-01T14:00:00+00:00\",\"dateModified\":\"2024-08-03T00:23:14+00:00\",\"mainEntityOfPage\":{\"@id\":\"https:\/\/www.africa-press.net\/senegal\/politique\/gestion-des-ressources-minieres-ngagne-demba-toure-mise-sur-la-formation-et-le-capital-humain\"},\"wordCount\":751,\"commentCount\":0,\"image\":{\"@id\":\"https:\/\/www.africa-press.net\/senegal\/politique\/gestion-des-ressources-minieres-ngagne-demba-toure-mise-sur-la-formation-et-le-capital-humain#primaryimage\"},\"thumbnailUrl\":\"https:\/\/static.africa-press.net\/senegal\/sites\/13\/2024\/08\/sm_1722541238.723566.jpg\",\"keywords\":[\"Gestion des ressources minieres\",\"Ngagne Demba Toure\",\"Senegal\"],\"articleSection\":[\"\u00c9conomie\",\"Politique\",\"Top Nouvelles\",\"Toutes les actualit\u00e9s\"],\"inLanguage\":\"fr-FR\",\"potentialAction\":[{\"@type\":\"CommentAction\",\"name\":\"Comment\",\"target\":[\"https:\/\/www.africa-press.net\/senegal\/politique\/gestion-des-ressources-minieres-ngagne-demba-toure-mise-sur-la-formation-et-le-capital-humain#respond\"]}]},{\"@type\":\"WebPage\",\"@id\":\"https:\/\/www.africa-press.net\/senegal\/politique\/gestion-des-ressources-minieres-ngagne-demba-toure-mise-sur-la-formation-et-le-capital-humain\",\"url\":\"https:\/\/www.africa-press.net\/senegal\/politique\/gestion-des-ressources-minieres-ngagne-demba-toure-mise-sur-la-formation-et-le-capital-humain\",\"name\":\"Gestion des ressources mini\u00e8res : Ngagne Demba Tour\u00e9 mise sur la formation et le capital humain - Senegal\",\"isPartOf\":{\"@id\":\"https:\/\/www.africa-press.net\/senegal\/#website\"},\"primaryImageOfPage\":{\"@id\":\"https:\/\/www.africa-press.net\/senegal\/politique\/gestion-des-ressources-minieres-ngagne-demba-toure-mise-sur-la-formation-et-le-capital-humain#primaryimage\"},\"image\":{\"@id\":\"https:\/\/www.africa-press.net\/senegal\/politique\/gestion-des-ressources-minieres-ngagne-demba-toure-mise-sur-la-formation-et-le-capital-humain#primaryimage\"},\"thumbnailUrl\":\"https:\/\/static.africa-press.net\/senegal\/sites\/13\/2024\/08\/sm_1722541238.723566.jpg\",\"datePublished\":\"2024-08-01T14:00:00+00:00\",\"dateModified\":\"2024-08-03T00:23:14+00:00\",\"author\":{\"@id\":\"https:\/\/www.africa-press.net\/senegal\/#\/schema\/person\/2b1cf3cd81a31e3cd26889ca66d677f1\"},\"description\":\"Le Directeur Ge\u0301ne\u0301ral de la socie\u0301te\u0301 des mines du Se\u0301ne\u0301gal (SOMISEN), Ngagne Demba Toure\u0301 a effectue\u0301 une visite ce j ...\",\"breadcrumb\":{\"@id\":\"https:\/\/www.africa-press.net\/senegal\/politique\/gestion-des-ressources-minieres-ngagne-demba-toure-mise-sur-la-formation-et-le-capital-humain#breadcrumb\"},\"inLanguage\":\"fr-FR\",\"potentialAction\":[{\"@type\":\"ReadAction\",\"target\":[\"https:\/\/www.africa-press.net\/senegal\/politique\/gestion-des-ressources-minieres-ngagne-demba-toure-mise-sur-la-formation-et-le-capital-humain\"]}]},{\"@type\":\"ImageObject\",\"inLanguage\":\"fr-FR\",\"@id\":\"https:\/\/www.africa-press.net\/senegal\/politique\/gestion-des-ressources-minieres-ngagne-demba-toure-mise-sur-la-formation-et-le-capital-humain#primaryimage\",\"url\":\"https:\/\/static.africa-press.net\/senegal\/sites\/13\/2024\/08\/sm_1722541238.723566.jpg\",\"contentUrl\":\"https:\/\/static.africa-press.net\/senegal\/sites\/13\/2024\/08\/sm_1722541238.723566.jpg\",\"width\":1265,\"height\":611,\"caption\":\"Gestion des ressources mini\u00e8res : Ngagne Demba Tour\u00e9 mise sur la formation et le capital humain\"},{\"@type\":\"BreadcrumbList\",\"@id\":\"https:\/\/www.africa-press.net\/senegal\/politique\/gestion-des-ressources-minieres-ngagne-demba-toure-mise-sur-la-formation-et-le-capital-humain#breadcrumb\",\"itemListElement\":[{\"@type\":\"ListItem\",\"position\":1,\"name\":\"Accueil\",\"item\":\"https:\/\/www.africa-press.net\/senegal\/\"},{\"@type\":\"ListItem\",\"position\":2,\"name\":\"Gestion des ressources mini\u00e8res : Ngagne Demba Tour\u00e9 mise sur la formation et le capital humain\"}]},{\"@type\":\"WebSite\",\"@id\":\"https:\/\/www.africa-press.net\/senegal\/#website\",\"url\":\"https:\/\/www.africa-press.net\/senegal\/\",\"name\":\"Africa Press | Senegal | Homepage\",\"description\":\"Just another Africa News Agency Sites site\",\"potentialAction\":[{\"@type\":\"SearchAction\",\"target\":{\"@type\":\"EntryPoint\",\"urlTemplate\":\"https:\/\/www.africa-press.net\/senegal\/?s={search_term_string}\"},\"query-input\":{\"@type\":\"PropertyValueSpecification\",\"valueRequired\":true,\"valueName\":\"search_term_string\"}}],\"inLanguage\":\"fr-FR\"},{\"@type\":\"Person\",\"@id\":\"https:\/\/www.africa-press.net\/senegal\/#\/schema\/person\/2b1cf3cd81a31e3cd26889ca66d677f1\",\"name\":\"cfeditorfr\",\"url\":\"https:\/\/www.africa-press.net\/senegal\/author\/cfeditorfr\"}]}<\/script>\n<!-- \/ Yoast SEO Premium plugin. -->","yoast_head_json":{"title":"Gestion des ressources mini\u00e8res : Ngagne Demba Tour\u00e9 mise sur la formation et le capital humain - Senegal","description":"Le Directeur Ge\u0301ne\u0301ral de la socie\u0301te\u0301 des mines du Se\u0301ne\u0301gal (SOMISEN), Ngagne Demba Toure\u0301 a effectue\u0301 une visite ce j ...","robots":{"index":"index","follow":"follow","max-snippet":"max-snippet:-1","max-image-preview":"max-image-preview:large","max-video-preview":"max-video-preview:-1"},"canonical":"https:\/\/www.africa-press.net\/senegal\/politique\/gestion-des-ressources-minieres-ngagne-demba-toure-mise-sur-la-formation-et-le-capital-humain","og_locale":"fr_FR","og_type":"article","og_title":"Gestion des ressources mini\u00e8res : Ngagne Demba Tour\u00e9 mise sur la formation et le capital humain","og_description":"Le Directeur Ge\u0301ne\u0301ral de la socie\u0301te\u0301 des mines du Se\u0301ne\u0301gal (SOMISEN), Ngagne Demba Toure\u0301 a effectue\u0301 une visite ce j ...","og_url":"https:\/\/www.africa-press.net\/senegal\/politique\/gestion-des-ressources-minieres-ngagne-demba-toure-mise-sur-la-formation-et-le-capital-humain","og_site_name":"Senegal","article_published_time":"2024-08-01T14:00:00+00:00","article_modified_time":"2024-08-03T00:23:14+00:00","og_image":[{"width":1265,"height":611,"url":"https:\/\/static.africa-press.net\/senegal\/sites\/13\/2024\/08\/sm_1722541238.723566.jpg","type":"image\/jpeg"}],"author":"cfeditorfr","twitter_card":"summary_large_image","twitter_misc":{"\u00c9crit par":"cfeditorfr","Dur\u00e9e de lecture estim\u00e9e":"4 minutes"},"schema":{"@context":"https:\/\/schema.org","@graph":[{"@type":"Article","@id":"https:\/\/www.africa-press.net\/senegal\/politique\/gestion-des-ressources-minieres-ngagne-demba-toure-mise-sur-la-formation-et-le-capital-humain#article","isPartOf":{"@id":"https:\/\/www.africa-press.net\/senegal\/politique\/gestion-des-ressources-minieres-ngagne-demba-toure-mise-sur-la-formation-et-le-capital-humain"},"author":{"name":"cfeditorfr","@id":"https:\/\/www.africa-press.net\/senegal\/#\/schema\/person\/2b1cf3cd81a31e3cd26889ca66d677f1"},"headline":"Gestion des ressources mini\u00e8res : Ngagne Demba Tour\u00e9 mise sur la formation et le capital humain","datePublished":"2024-08-01T14:00:00+00:00","dateModified":"2024-08-03T00:23:14+00:00","mainEntityOfPage":{"@id":"https:\/\/www.africa-press.net\/senegal\/politique\/gestion-des-ressources-minieres-ngagne-demba-toure-mise-sur-la-formation-et-le-capital-humain"},"wordCount":751,"commentCount":0,"image":{"@id":"https:\/\/www.africa-press.net\/senegal\/politique\/gestion-des-ressources-minieres-ngagne-demba-toure-mise-sur-la-formation-et-le-capital-humain#primaryimage"},"thumbnailUrl":"https:\/\/static.africa-press.net\/senegal\/sites\/13\/2024\/08\/sm_1722541238.723566.jpg","keywords":["Gestion des ressources minieres","Ngagne Demba Toure","Senegal"],"articleSection":["\u00c9conomie","Politique","Top Nouvelles","Toutes les actualit\u00e9s"],"inLanguage":"fr-FR","potentialAction":[{"@type":"CommentAction","name":"Comment","target":["https:\/\/www.africa-press.net\/senegal\/politique\/gestion-des-ressources-minieres-ngagne-demba-toure-mise-sur-la-formation-et-le-capital-humain#respond"]}]},{"@type":"WebPage","@id":"https:\/\/www.africa-press.net\/senegal\/politique\/gestion-des-ressources-minieres-ngagne-demba-toure-mise-sur-la-formation-et-le-capital-humain","url":"https:\/\/www.africa-press.net\/senegal\/politique\/gestion-des-ressources-minieres-ngagne-demba-toure-mise-sur-la-formation-et-le-capital-humain","name":"Gestion des ressources mini\u00e8res : Ngagne Demba Tour\u00e9 mise sur la formation et le capital humain - Senegal","isPartOf":{"@id":"https:\/\/www.africa-press.net\/senegal\/#website"},"primaryImageOfPage":{"@id":"https:\/\/www.africa-press.net\/senegal\/politique\/gestion-des-ressources-minieres-ngagne-demba-toure-mise-sur-la-formation-et-le-capital-humain#primaryimage"},"image":{"@id":"https:\/\/www.africa-press.net\/senegal\/politique\/gestion-des-ressources-minieres-ngagne-demba-toure-mise-sur-la-formation-et-le-capital-humain#primaryimage"},"thumbnailUrl":"https:\/\/static.africa-press.net\/senegal\/sites\/13\/2024\/08\/sm_1722541238.723566.jpg","datePublished":"2024-08-01T14:00:00+00:00","dateModified":"2024-08-03T00:23:14+00:00","author":{"@id":"https:\/\/www.africa-press.net\/senegal\/#\/schema\/person\/2b1cf3cd81a31e3cd26889ca66d677f1"},"description":"Le Directeur Ge\u0301ne\u0301ral de la socie\u0301te\u0301 des mines du Se\u0301ne\u0301gal (SOMISEN), Ngagne Demba Toure\u0301 a effectue\u0301 une visite ce j ...","breadcrumb":{"@id":"https:\/\/www.africa-press.net\/senegal\/politique\/gestion-des-ressources-minieres-ngagne-demba-toure-mise-sur-la-formation-et-le-capital-humain#breadcrumb"},"inLanguage":"fr-FR","potentialAction":[{"@type":"ReadAction","target":["https:\/\/www.africa-press.net\/senegal\/politique\/gestion-des-ressources-minieres-ngagne-demba-toure-mise-sur-la-formation-et-le-capital-humain"]}]},{"@type":"ImageObject","inLanguage":"fr-FR","@id":"https:\/\/www.africa-press.net\/senegal\/politique\/gestion-des-ressources-minieres-ngagne-demba-toure-mise-sur-la-formation-et-le-capital-humain#primaryimage","url":"https:\/\/static.africa-press.net\/senegal\/sites\/13\/2024\/08\/sm_1722541238.723566.jpg","contentUrl":"https:\/\/static.africa-press.net\/senegal\/sites\/13\/2024\/08\/sm_1722541238.723566.jpg","width":1265,"height":611,"caption":"Gestion des ressources mini\u00e8res : Ngagne Demba Tour\u00e9 mise sur la formation et le capital humain"},{"@type":"BreadcrumbList","@id":"https:\/\/www.africa-press.net\/senegal\/politique\/gestion-des-ressources-minieres-ngagne-demba-toure-mise-sur-la-formation-et-le-capital-humain#breadcrumb","itemListElement":[{"@type":"ListItem","position":1,"name":"Accueil","item":"https:\/\/www.africa-press.net\/senegal\/"},{"@type":"ListItem","position":2,"name":"Gestion des ressources mini\u00e8res : Ngagne Demba Tour\u00e9 mise sur la formation et le capital humain"}]},{"@type":"WebSite","@id":"https:\/\/www.africa-press.net\/senegal\/#website","url":"https:\/\/www.africa-press.net\/senegal\/","name":"Africa Press | Senegal | Homepage","description":"Just another Africa News Agency Sites site","potentialAction":[{"@type":"SearchAction","target":{"@type":"EntryPoint","urlTemplate":"https:\/\/www.africa-press.net\/senegal\/?s={search_term_string}"},"query-input":{"@type":"PropertyValueSpecification","valueRequired":true,"valueName":"search_term_string"}}],"inLanguage":"fr-FR"},{"@type":"Person","@id":"https:\/\/www.africa-press.net\/senegal\/#\/schema\/person\/2b1cf3cd81a31e3cd26889ca66d677f1","name":"cfeditorfr","url":"https:\/\/www.africa-press.net\/senegal\/author\/cfeditorfr"}]}},"_links":{"self":[{"href":"https:\/\/www.africa-press.net\/senegal\/wp-json\/wp\/v2\/posts\/60734","targetHints":{"allow":["GET"]}}],"collection":[{"href":"https:\/\/www.africa-press.net\/senegal\/wp-json\/wp\/v2\/posts"}],"about":[{"href":"https:\/\/www.africa-press.net\/senegal\/wp-json\/wp\/v2\/types\/post"}],"author":[{"embeddable":true,"href":"https:\/\/www.africa-press.net\/senegal\/wp-json\/wp\/v2\/users\/82"}],"replies":[{"embeddable":true,"href":"https:\/\/www.africa-press.net\/senegal\/wp-json\/wp\/v2\/comments?post=60734"}],"version-history":[{"count":0,"href":"https:\/\/www.africa-press.net\/senegal\/wp-json\/wp\/v2\/posts\/60734\/revisions"}],"wp:featuredmedia":[{"embeddable":true,"href":"https:\/\/www.africa-press.net\/senegal\/wp-json\/wp\/v2\/media\/60733"}],"wp:attachment":[{"href":"https:\/\/www.africa-press.net\/senegal\/wp-json\/wp\/v2\/media?parent=60734"}],"wp:term":[{"taxonomy":"category","embeddable":true,"href":"https:\/\/www.africa-press.net\/senegal\/wp-json\/wp\/v2\/categories?post=60734"},{"taxonomy":"post_tag","embeddable":true,"href":"https:\/\/www.africa-press.net\/senegal\/wp-json\/wp\/v2\/tags?post=60734"}],"curies":[{"name":"wp","href":"https:\/\/api.w.org\/{rel}","templated":true}]}}