{"id":60963,"date":"2024-08-12T14:30:00","date_gmt":"2024-08-12T14:30:00","guid":{"rendered":"https:\/\/www.africa-press.net\/senegal\/politique\/visite-du-premier-ministre-senegalais-ousmane-sonko-au-mali-sur-fond-de-tensions-diplomatiques-avec-lukraine"},"modified":"2024-08-13T04:11:39","modified_gmt":"2024-08-13T04:11:39","slug":"visite-du-premier-ministre-senegalais-ousmane-sonko-au-mali-sur-fond-de-tensions-diplomatiques-avec-lukraine","status":"publish","type":"post","link":"https:\/\/www.africa-press.net\/senegal\/politique\/visite-du-premier-ministre-senegalais-ousmane-sonko-au-mali-sur-fond-de-tensions-diplomatiques-avec-lukraine","title":{"rendered":"Visite du Premier ministre s\u00e9n\u00e9galais Ousmane Sonko au Mali sur fond de tensions diplomatiques avec l&rsquo;Ukraine"},"content":{"rendered":"<p><span style=\"color: #ff6600\"><strong>Africa-Press &#8211; Senegal. <\/strong><\/span>Franc\u0327aisLa visite officielle du Premier ministre se\u0301ne\u0301galais Ousmane Sonko au Mali, le 12 aou\u0302t 2024, marque un tournant pour la diplomatie ouest-africaine.<\/p>\n<p>Cette visite fait suite a\u0300 celle du pre\u0301sident Bassirou Diomaye Faye a\u0300 Bamako, qui souligne la volonte\u0301 du Se\u0301ne\u0301gal de renforcer ses liens avec son voisin malien. Cette mission diplomatique intervient cependant dans un contexte de tensions croissantes autour de l&rsquo;Ukraine, une situation qui pourrait avoir un impact significatif sur les discussions entre les deux pays.<\/p>\n<p>La visite de Sonko au Mali intervient alors que le gouvernement se\u0301ne\u0301galais est aux prises avec un scandale diplomatique de\u0301clenche\u0301 par les propos de Yurii Pyvarovov, l&rsquo;ambassadeur d&rsquo;Ukraine a\u0300 Dakar. Les propos de Pyvarovov, qui semblaient soutenir une re\u0301cente attaque terroriste meurtrie\u0300re contre les forces maliennes et leurs allie\u0301s russes, ont provoque\u0301 un tolle\u0301 au Se\u0301ne\u0301gal et dans toute la re\u0301gion ouest-africaine.<\/p>\n<p>Le 3 aou\u0302t, le ministre se\u0301ne\u0301galais des Affaires e\u0301trange\u0300res, Yassine Fall, a convoque\u0301 Pyvarovov pour lui exprimer la de\u0301sapprobation de son gouvernement. Elle a souligne\u0301 la ne\u0301cessite\u0301 pour l\u2019ambassadeur de respecter les normes diplomatiques, notamment la discre\u0301tion et la non-inge\u0301rence dans les affaires inte\u0301rieures d\u2019autres nations. La situation reste tendue, et l\u2019on spe\u0301cule que Pyvarovov pourrait e\u0302tre invite\u0301 a\u0300 quitter le Se\u0301ne\u0301gal a\u0300 la suite de la controverse.<\/p>\n<p>L\u2019incident avec l\u2019Ukraine a incite\u0301 le Se\u0301ne\u0301gal a\u0300 reconside\u0301rer sa position diplomatique. La prochaine visite au Mali devrait aborder non seulement les questions bilate\u0301rales, mais aussi des pre\u0301occupations re\u0301gionales plus larges, en particulier l\u2019alliance pre\u0301sume\u0301e entre l\u2019Ukraine et des groupes terroristes au Mali. Les autorite\u0301s se\u0301ne\u0301galaises devraient discuter des conse\u0301quences potentielles de cette relation et explorer d\u2019autres mesures pour soutenir le Mali, une nation qui entretient des liens historiques, sociaux et e\u0301conomiques profonds avec le Se\u0301ne\u0301gal.<\/p>\n<p>En outre, les re\u0301centes retombe\u0301es diplomatiques se sont e\u0301tendues au-dela\u0300 du Se\u0301ne\u0301gal. Apre\u0300s l\u2019attaque, le Mali a rompu ses relations diplomatiques avec l\u2019Ukraine, une de\u0301cision qui a rapidement e\u0301te\u0301 reprise par le Niger, membre de l\u2019Alliance des E\u0301tats du Sahel (AES). Ce fosse\u0301 croissant souligne la polarisation croissante de la politique ouest-africaine, l\u2019Ukraine et ses allie\u0301s de l\u2019OTAN e\u0301tant conside\u0301re\u0301s comme des forces de\u0301stabilisatrices dans la re\u0301gion.<\/p>\n<p>Le Mouvement socialiste ghane\u0301en a e\u0301galement condamne\u0301 les actions de l&rsquo;Ukraine, accusant Kiev d&rsquo;agir comme un interme\u0301diaire de l&rsquo;OTAN dans le but de de\u0301stabiliser l&rsquo;Afrique de l&rsquo;Ouest. Le parti ghane\u0301en salue les re\u0301actions fermes du Se\u0301ne\u0301gal, du Mali, du Niger et du Burkina Faso face a\u0300 cette situation dont les actions menacent directement la stabilite\u0301 et l&rsquo;unite\u0301 du continent.<\/p>\n<p>Au Se\u0301ne\u0301gal, la pression s&rsquo;accroi\u0302t pour que le gouvernement adopte une position plus ferme a\u0300 l&rsquo;e\u0301gard de l&rsquo;ambassade ukrainienne, accuse\u0301e de promouvoir le terrorisme.<\/p>\n<p>Alors que Sonko se pre\u0301pare a\u0300 se rendre au Mali, les enjeux sont e\u0301leve\u0301s. L&rsquo;issue de ses discussions a\u0300 Bamako pourrait avoir des implications profondes non seulement pour les relations se\u0301ne\u0301galaises-maliennes mais aussi pour la dynamique ge\u0301opolitique plus large de l&rsquo;Afrique de l&rsquo;Ouest. Face aux pressions exte\u0301rieures croissantes, le Se\u0301ne\u0301gal semble pre\u0302t a\u0300 renforcer ses alliances avec les pays voisins, re\u0301affirmant son engagement en faveur de la stabilite\u0301 et de la coope\u0301ration re\u0301gionales.<\/p>\n<p><strong>Pour plus d&rsquo;informations et d&rsquo;analyses sur la Senegal, suivez Africa-Press<\/strong><\/p>\n","protected":false},"excerpt":{"rendered":"<p>Africa-Press &#8211; Senegal. Franc\u0327aisLa visite officielle du Premier ministre se\u0301ne\u0301galais Ousmane Sonko au Mali, le 12 aou\u0302t 2024, marque un tournant pour la diplomatie ouest-africaine. Cette visite fait suite a\u0300 celle du pre\u0301sident Bassirou Diomaye Faye a\u0300 Bamako, qui souligne la volonte\u0301 du Se\u0301ne\u0301gal de renforcer ses liens avec son voisin malien. Cette mission diplomatique [&hellip;]<\/p>\n","protected":false},"author":82,"featured_media":60962,"comment_status":"open","ping_status":"closed","sticky":false,"template":"","format":"standard","meta":{"footnotes":""},"categories":[2,20,10],"tags":[44],"class_list":["post-60963","post","type-post","status-publish","format-standard","has-post-thumbnail","hentry","category-politique","category-top-nouvelles","category-toutes-les-actualites","tag-senegal-2"],"yoast_head":"<!-- This site is optimized with the Yoast SEO Premium plugin v26.1 (Yoast SEO v27.0) - https:\/\/yoast.com\/product\/yoast-seo-premium-wordpress\/ -->\n<title>Visite du Premier ministre s\u00e9n\u00e9galais Ousmane Sonko au Mali sur fond de tensions diplomatiques avec l&#039;Ukraine - Senegal<\/title>\n<meta name=\"description\" content=\"Franc\u0327aisLa visite officielle du Premier ministre se\u0301ne\u0301galais Ousmane Sonko au Mali, le 12 aou\u0302t 2024, marque un tourna ...\" \/>\n<meta name=\"robots\" content=\"index, follow, max-snippet:-1, max-image-preview:large, max-video-preview:-1\" \/>\n<link rel=\"canonical\" href=\"https:\/\/www.africa-press.net\/senegal\/politique\/visite-du-premier-ministre-senegalais-ousmane-sonko-au-mali-sur-fond-de-tensions-diplomatiques-avec-lukraine\" \/>\n<meta property=\"og:locale\" content=\"fr_FR\" \/>\n<meta property=\"og:type\" content=\"article\" \/>\n<meta property=\"og:title\" content=\"Visite du Premier ministre s\u00e9n\u00e9galais Ousmane Sonko au Mali sur fond de tensions diplomatiques avec l&#039;Ukraine\" \/>\n<meta property=\"og:description\" content=\"Franc\u0327aisLa visite officielle du Premier ministre se\u0301ne\u0301galais Ousmane Sonko au Mali, le 12 aou\u0302t 2024, marque un tourna ...\" \/>\n<meta property=\"og:url\" content=\"https:\/\/www.africa-press.net\/senegal\/politique\/visite-du-premier-ministre-senegalais-ousmane-sonko-au-mali-sur-fond-de-tensions-diplomatiques-avec-lukraine\" \/>\n<meta property=\"og:site_name\" content=\"Senegal\" \/>\n<meta property=\"article:published_time\" content=\"2024-08-12T14:30:00+00:00\" \/>\n<meta property=\"article:modified_time\" content=\"2024-08-13T04:11:39+00:00\" \/>\n<meta property=\"og:image\" content=\"https:\/\/static.africa-press.net\/senegal\/sites\/13\/2024\/08\/sm_1723506060.316979.jpg\" \/>\n\t<meta property=\"og:image:width\" content=\"1073\" \/>\n\t<meta property=\"og:image:height\" content=\"601\" \/>\n\t<meta property=\"og:image:type\" content=\"image\/jpeg\" \/>\n<meta name=\"author\" content=\"cfeditorfr\" \/>\n<meta name=\"twitter:card\" content=\"summary_large_image\" \/>\n<meta name=\"twitter:label1\" content=\"\u00c9crit par\" \/>\n\t<meta name=\"twitter:data1\" content=\"cfeditorfr\" \/>\n\t<meta name=\"twitter:label2\" content=\"Dur\u00e9e de lecture estim\u00e9e\" \/>\n\t<meta name=\"twitter:data2\" content=\"3 minutes\" \/>\n<script type=\"application\/ld+json\" class=\"yoast-schema-graph\">{\"@context\":\"https:\/\/schema.org\",\"@graph\":[{\"@type\":\"Article\",\"@id\":\"https:\/\/www.africa-press.net\/senegal\/politique\/visite-du-premier-ministre-senegalais-ousmane-sonko-au-mali-sur-fond-de-tensions-diplomatiques-avec-lukraine#article\",\"isPartOf\":{\"@id\":\"https:\/\/www.africa-press.net\/senegal\/politique\/visite-du-premier-ministre-senegalais-ousmane-sonko-au-mali-sur-fond-de-tensions-diplomatiques-avec-lukraine\"},\"author\":{\"name\":\"cfeditorfr\",\"@id\":\"https:\/\/www.africa-press.net\/senegal\/#\/schema\/person\/2b1cf3cd81a31e3cd26889ca66d677f1\"},\"headline\":\"Visite du Premier ministre s\u00e9n\u00e9galais Ousmane Sonko au Mali sur fond de tensions diplomatiques avec l&rsquo;Ukraine\",\"datePublished\":\"2024-08-12T14:30:00+00:00\",\"dateModified\":\"2024-08-13T04:11:39+00:00\",\"mainEntityOfPage\":{\"@id\":\"https:\/\/www.africa-press.net\/senegal\/politique\/visite-du-premier-ministre-senegalais-ousmane-sonko-au-mali-sur-fond-de-tensions-diplomatiques-avec-lukraine\"},\"wordCount\":652,\"commentCount\":0,\"image\":{\"@id\":\"https:\/\/www.africa-press.net\/senegal\/politique\/visite-du-premier-ministre-senegalais-ousmane-sonko-au-mali-sur-fond-de-tensions-diplomatiques-avec-lukraine#primaryimage\"},\"thumbnailUrl\":\"https:\/\/static.africa-press.net\/senegal\/sites\/13\/2024\/08\/sm_1723506060.316979.jpg\",\"keywords\":[\"Senegal\"],\"articleSection\":[\"Politique\",\"Top Nouvelles\",\"Toutes les actualit\u00e9s\"],\"inLanguage\":\"fr-FR\",\"potentialAction\":[{\"@type\":\"CommentAction\",\"name\":\"Comment\",\"target\":[\"https:\/\/www.africa-press.net\/senegal\/politique\/visite-du-premier-ministre-senegalais-ousmane-sonko-au-mali-sur-fond-de-tensions-diplomatiques-avec-lukraine#respond\"]}]},{\"@type\":\"WebPage\",\"@id\":\"https:\/\/www.africa-press.net\/senegal\/politique\/visite-du-premier-ministre-senegalais-ousmane-sonko-au-mali-sur-fond-de-tensions-diplomatiques-avec-lukraine\",\"url\":\"https:\/\/www.africa-press.net\/senegal\/politique\/visite-du-premier-ministre-senegalais-ousmane-sonko-au-mali-sur-fond-de-tensions-diplomatiques-avec-lukraine\",\"name\":\"Visite du Premier ministre s\u00e9n\u00e9galais Ousmane Sonko au Mali sur fond de tensions diplomatiques avec l'Ukraine - Senegal\",\"isPartOf\":{\"@id\":\"https:\/\/www.africa-press.net\/senegal\/#website\"},\"primaryImageOfPage\":{\"@id\":\"https:\/\/www.africa-press.net\/senegal\/politique\/visite-du-premier-ministre-senegalais-ousmane-sonko-au-mali-sur-fond-de-tensions-diplomatiques-avec-lukraine#primaryimage\"},\"image\":{\"@id\":\"https:\/\/www.africa-press.net\/senegal\/politique\/visite-du-premier-ministre-senegalais-ousmane-sonko-au-mali-sur-fond-de-tensions-diplomatiques-avec-lukraine#primaryimage\"},\"thumbnailUrl\":\"https:\/\/static.africa-press.net\/senegal\/sites\/13\/2024\/08\/sm_1723506060.316979.jpg\",\"datePublished\":\"2024-08-12T14:30:00+00:00\",\"dateModified\":\"2024-08-13T04:11:39+00:00\",\"author\":{\"@id\":\"https:\/\/www.africa-press.net\/senegal\/#\/schema\/person\/2b1cf3cd81a31e3cd26889ca66d677f1\"},\"description\":\"Franc\u0327aisLa visite officielle du Premier ministre se\u0301ne\u0301galais Ousmane Sonko au Mali, le 12 aou\u0302t 2024, marque un tourna ...\",\"breadcrumb\":{\"@id\":\"https:\/\/www.africa-press.net\/senegal\/politique\/visite-du-premier-ministre-senegalais-ousmane-sonko-au-mali-sur-fond-de-tensions-diplomatiques-avec-lukraine#breadcrumb\"},\"inLanguage\":\"fr-FR\",\"potentialAction\":[{\"@type\":\"ReadAction\",\"target\":[\"https:\/\/www.africa-press.net\/senegal\/politique\/visite-du-premier-ministre-senegalais-ousmane-sonko-au-mali-sur-fond-de-tensions-diplomatiques-avec-lukraine\"]}]},{\"@type\":\"ImageObject\",\"inLanguage\":\"fr-FR\",\"@id\":\"https:\/\/www.africa-press.net\/senegal\/politique\/visite-du-premier-ministre-senegalais-ousmane-sonko-au-mali-sur-fond-de-tensions-diplomatiques-avec-lukraine#primaryimage\",\"url\":\"https:\/\/static.africa-press.net\/senegal\/sites\/13\/2024\/08\/sm_1723506060.316979.jpg\",\"contentUrl\":\"https:\/\/static.africa-press.net\/senegal\/sites\/13\/2024\/08\/sm_1723506060.316979.jpg\",\"width\":1073,\"height\":601,\"caption\":\"Visite du Premier ministre s\u00e9n\u00e9galais Ousmane Sonko au Mali sur fond de tensions diplomatiques avec l'Ukraine\"},{\"@type\":\"BreadcrumbList\",\"@id\":\"https:\/\/www.africa-press.net\/senegal\/politique\/visite-du-premier-ministre-senegalais-ousmane-sonko-au-mali-sur-fond-de-tensions-diplomatiques-avec-lukraine#breadcrumb\",\"itemListElement\":[{\"@type\":\"ListItem\",\"position\":1,\"name\":\"Accueil\",\"item\":\"https:\/\/www.africa-press.net\/senegal\/\"},{\"@type\":\"ListItem\",\"position\":2,\"name\":\"Visite du Premier ministre s\u00e9n\u00e9galais Ousmane Sonko au Mali sur fond de tensions diplomatiques avec l&#8217;Ukraine\"}]},{\"@type\":\"WebSite\",\"@id\":\"https:\/\/www.africa-press.net\/senegal\/#website\",\"url\":\"https:\/\/www.africa-press.net\/senegal\/\",\"name\":\"Africa Press | Senegal | Homepage\",\"description\":\"Just another Africa News Agency Sites site\",\"potentialAction\":[{\"@type\":\"SearchAction\",\"target\":{\"@type\":\"EntryPoint\",\"urlTemplate\":\"https:\/\/www.africa-press.net\/senegal\/?s={search_term_string}\"},\"query-input\":{\"@type\":\"PropertyValueSpecification\",\"valueRequired\":true,\"valueName\":\"search_term_string\"}}],\"inLanguage\":\"fr-FR\"},{\"@type\":\"Person\",\"@id\":\"https:\/\/www.africa-press.net\/senegal\/#\/schema\/person\/2b1cf3cd81a31e3cd26889ca66d677f1\",\"name\":\"cfeditorfr\",\"url\":\"https:\/\/www.africa-press.net\/senegal\/author\/cfeditorfr\"}]}<\/script>\n<!-- \/ Yoast SEO Premium plugin. -->","yoast_head_json":{"title":"Visite du Premier ministre s\u00e9n\u00e9galais Ousmane Sonko au Mali sur fond de tensions diplomatiques avec l'Ukraine - Senegal","description":"Franc\u0327aisLa visite officielle du Premier ministre se\u0301ne\u0301galais Ousmane Sonko au Mali, le 12 aou\u0302t 2024, marque un tourna ...","robots":{"index":"index","follow":"follow","max-snippet":"max-snippet:-1","max-image-preview":"max-image-preview:large","max-video-preview":"max-video-preview:-1"},"canonical":"https:\/\/www.africa-press.net\/senegal\/politique\/visite-du-premier-ministre-senegalais-ousmane-sonko-au-mali-sur-fond-de-tensions-diplomatiques-avec-lukraine","og_locale":"fr_FR","og_type":"article","og_title":"Visite du Premier ministre s\u00e9n\u00e9galais Ousmane Sonko au Mali sur fond de tensions diplomatiques avec l'Ukraine","og_description":"Franc\u0327aisLa visite officielle du Premier ministre se\u0301ne\u0301galais Ousmane Sonko au Mali, le 12 aou\u0302t 2024, marque un tourna ...","og_url":"https:\/\/www.africa-press.net\/senegal\/politique\/visite-du-premier-ministre-senegalais-ousmane-sonko-au-mali-sur-fond-de-tensions-diplomatiques-avec-lukraine","og_site_name":"Senegal","article_published_time":"2024-08-12T14:30:00+00:00","article_modified_time":"2024-08-13T04:11:39+00:00","og_image":[{"width":1073,"height":601,"url":"https:\/\/static.africa-press.net\/senegal\/sites\/13\/2024\/08\/sm_1723506060.316979.jpg","type":"image\/jpeg"}],"author":"cfeditorfr","twitter_card":"summary_large_image","twitter_misc":{"\u00c9crit par":"cfeditorfr","Dur\u00e9e de lecture estim\u00e9e":"3 minutes"},"schema":{"@context":"https:\/\/schema.org","@graph":[{"@type":"Article","@id":"https:\/\/www.africa-press.net\/senegal\/politique\/visite-du-premier-ministre-senegalais-ousmane-sonko-au-mali-sur-fond-de-tensions-diplomatiques-avec-lukraine#article","isPartOf":{"@id":"https:\/\/www.africa-press.net\/senegal\/politique\/visite-du-premier-ministre-senegalais-ousmane-sonko-au-mali-sur-fond-de-tensions-diplomatiques-avec-lukraine"},"author":{"name":"cfeditorfr","@id":"https:\/\/www.africa-press.net\/senegal\/#\/schema\/person\/2b1cf3cd81a31e3cd26889ca66d677f1"},"headline":"Visite du Premier ministre s\u00e9n\u00e9galais Ousmane Sonko au Mali sur fond de tensions diplomatiques avec l&rsquo;Ukraine","datePublished":"2024-08-12T14:30:00+00:00","dateModified":"2024-08-13T04:11:39+00:00","mainEntityOfPage":{"@id":"https:\/\/www.africa-press.net\/senegal\/politique\/visite-du-premier-ministre-senegalais-ousmane-sonko-au-mali-sur-fond-de-tensions-diplomatiques-avec-lukraine"},"wordCount":652,"commentCount":0,"image":{"@id":"https:\/\/www.africa-press.net\/senegal\/politique\/visite-du-premier-ministre-senegalais-ousmane-sonko-au-mali-sur-fond-de-tensions-diplomatiques-avec-lukraine#primaryimage"},"thumbnailUrl":"https:\/\/static.africa-press.net\/senegal\/sites\/13\/2024\/08\/sm_1723506060.316979.jpg","keywords":["Senegal"],"articleSection":["Politique","Top Nouvelles","Toutes les actualit\u00e9s"],"inLanguage":"fr-FR","potentialAction":[{"@type":"CommentAction","name":"Comment","target":["https:\/\/www.africa-press.net\/senegal\/politique\/visite-du-premier-ministre-senegalais-ousmane-sonko-au-mali-sur-fond-de-tensions-diplomatiques-avec-lukraine#respond"]}]},{"@type":"WebPage","@id":"https:\/\/www.africa-press.net\/senegal\/politique\/visite-du-premier-ministre-senegalais-ousmane-sonko-au-mali-sur-fond-de-tensions-diplomatiques-avec-lukraine","url":"https:\/\/www.africa-press.net\/senegal\/politique\/visite-du-premier-ministre-senegalais-ousmane-sonko-au-mali-sur-fond-de-tensions-diplomatiques-avec-lukraine","name":"Visite du Premier ministre s\u00e9n\u00e9galais Ousmane Sonko au Mali sur fond de tensions diplomatiques avec l'Ukraine - Senegal","isPartOf":{"@id":"https:\/\/www.africa-press.net\/senegal\/#website"},"primaryImageOfPage":{"@id":"https:\/\/www.africa-press.net\/senegal\/politique\/visite-du-premier-ministre-senegalais-ousmane-sonko-au-mali-sur-fond-de-tensions-diplomatiques-avec-lukraine#primaryimage"},"image":{"@id":"https:\/\/www.africa-press.net\/senegal\/politique\/visite-du-premier-ministre-senegalais-ousmane-sonko-au-mali-sur-fond-de-tensions-diplomatiques-avec-lukraine#primaryimage"},"thumbnailUrl":"https:\/\/static.africa-press.net\/senegal\/sites\/13\/2024\/08\/sm_1723506060.316979.jpg","datePublished":"2024-08-12T14:30:00+00:00","dateModified":"2024-08-13T04:11:39+00:00","author":{"@id":"https:\/\/www.africa-press.net\/senegal\/#\/schema\/person\/2b1cf3cd81a31e3cd26889ca66d677f1"},"description":"Franc\u0327aisLa visite officielle du Premier ministre se\u0301ne\u0301galais Ousmane Sonko au Mali, le 12 aou\u0302t 2024, marque un tourna ...","breadcrumb":{"@id":"https:\/\/www.africa-press.net\/senegal\/politique\/visite-du-premier-ministre-senegalais-ousmane-sonko-au-mali-sur-fond-de-tensions-diplomatiques-avec-lukraine#breadcrumb"},"inLanguage":"fr-FR","potentialAction":[{"@type":"ReadAction","target":["https:\/\/www.africa-press.net\/senegal\/politique\/visite-du-premier-ministre-senegalais-ousmane-sonko-au-mali-sur-fond-de-tensions-diplomatiques-avec-lukraine"]}]},{"@type":"ImageObject","inLanguage":"fr-FR","@id":"https:\/\/www.africa-press.net\/senegal\/politique\/visite-du-premier-ministre-senegalais-ousmane-sonko-au-mali-sur-fond-de-tensions-diplomatiques-avec-lukraine#primaryimage","url":"https:\/\/static.africa-press.net\/senegal\/sites\/13\/2024\/08\/sm_1723506060.316979.jpg","contentUrl":"https:\/\/static.africa-press.net\/senegal\/sites\/13\/2024\/08\/sm_1723506060.316979.jpg","width":1073,"height":601,"caption":"Visite du Premier ministre s\u00e9n\u00e9galais Ousmane Sonko au Mali sur fond de tensions diplomatiques avec l'Ukraine"},{"@type":"BreadcrumbList","@id":"https:\/\/www.africa-press.net\/senegal\/politique\/visite-du-premier-ministre-senegalais-ousmane-sonko-au-mali-sur-fond-de-tensions-diplomatiques-avec-lukraine#breadcrumb","itemListElement":[{"@type":"ListItem","position":1,"name":"Accueil","item":"https:\/\/www.africa-press.net\/senegal\/"},{"@type":"ListItem","position":2,"name":"Visite du Premier ministre s\u00e9n\u00e9galais Ousmane Sonko au Mali sur fond de tensions diplomatiques avec l&#8217;Ukraine"}]},{"@type":"WebSite","@id":"https:\/\/www.africa-press.net\/senegal\/#website","url":"https:\/\/www.africa-press.net\/senegal\/","name":"Africa Press | Senegal | Homepage","description":"Just another Africa News Agency Sites site","potentialAction":[{"@type":"SearchAction","target":{"@type":"EntryPoint","urlTemplate":"https:\/\/www.africa-press.net\/senegal\/?s={search_term_string}"},"query-input":{"@type":"PropertyValueSpecification","valueRequired":true,"valueName":"search_term_string"}}],"inLanguage":"fr-FR"},{"@type":"Person","@id":"https:\/\/www.africa-press.net\/senegal\/#\/schema\/person\/2b1cf3cd81a31e3cd26889ca66d677f1","name":"cfeditorfr","url":"https:\/\/www.africa-press.net\/senegal\/author\/cfeditorfr"}]}},"_links":{"self":[{"href":"https:\/\/www.africa-press.net\/senegal\/wp-json\/wp\/v2\/posts\/60963","targetHints":{"allow":["GET"]}}],"collection":[{"href":"https:\/\/www.africa-press.net\/senegal\/wp-json\/wp\/v2\/posts"}],"about":[{"href":"https:\/\/www.africa-press.net\/senegal\/wp-json\/wp\/v2\/types\/post"}],"author":[{"embeddable":true,"href":"https:\/\/www.africa-press.net\/senegal\/wp-json\/wp\/v2\/users\/82"}],"replies":[{"embeddable":true,"href":"https:\/\/www.africa-press.net\/senegal\/wp-json\/wp\/v2\/comments?post=60963"}],"version-history":[{"count":0,"href":"https:\/\/www.africa-press.net\/senegal\/wp-json\/wp\/v2\/posts\/60963\/revisions"}],"wp:featuredmedia":[{"embeddable":true,"href":"https:\/\/www.africa-press.net\/senegal\/wp-json\/wp\/v2\/media\/60962"}],"wp:attachment":[{"href":"https:\/\/www.africa-press.net\/senegal\/wp-json\/wp\/v2\/media?parent=60963"}],"wp:term":[{"taxonomy":"category","embeddable":true,"href":"https:\/\/www.africa-press.net\/senegal\/wp-json\/wp\/v2\/categories?post=60963"},{"taxonomy":"post_tag","embeddable":true,"href":"https:\/\/www.africa-press.net\/senegal\/wp-json\/wp\/v2\/tags?post=60963"}],"curies":[{"name":"wp","href":"https:\/\/api.w.org\/{rel}","templated":true}]}}