{"id":6102,"date":"2020-09-14T14:14:05","date_gmt":"2020-09-14T14:14:05","guid":{"rendered":"https:\/\/www.africa-press.com\/senegal\/?p=6102"},"modified":"2020-09-14T14:14:05","modified_gmt":"2020-09-14T14:14:05","slug":"inondations-economie-et-faits-divers-a-la-une-de-la-presse-senegalaise","status":"publish","type":"post","link":"https:\/\/www.africa-press.net\/senegal\/politique\/inondations-economie-et-faits-divers-a-la-une-de-la-presse-senegalaise","title":{"rendered":"Inondations, \u00e9conomie et faits divers \u00e0 la Une de la presse s\u00e9n\u00e9galaise"},"content":{"rendered":"<p>Les quotidiens s\u00e9n\u00e9galais, parvenus ce samedi \u00e0 APA, traitement essentiellement de sujets en lien avec les inondations, l\u2019\u00e9conomie et les faits divers.<\/p>\n<p>\u00ab 24 heures en enfer \u00bb, barre \u00e0 sa Une le journal EnQu\u00eate qui consacre tout un dossier au quotidien des sinistr\u00e9s des inondations. \u00ab Aux quartiers Sotrac, Ousmane Mbengue et Ndoumb\u00e9lane, dans la commune de Guinaw Rail Sud, Ainoumady \u00e0 Keur Massar, l\u2019Etat est encore le grand absent. Les populations, sous les eaux, se battent comme des grenouilles pour leur survie. Ici, m\u00eame les besoins primaires comme manger, dormir, allers aux toilettes deviennent des luxes pour certaines familles \u00bb, constatent nos confr\u00e8res.<\/p>\n<p>L\u2019AS quotidien effectue \u00e9galement une \u00ab incursion dans le calvaire des sinistr\u00e9s \u00bb et soutient que \u00ab Les cons\u00e9quences des fortes pluies tomb\u00e9es le week-end dernier resteront sans doute bdans les m\u00e9moires de certains S\u00e9n\u00e9galais, plus particuli\u00e8rement chez les habitants des Parcelles Assainies Unit\u00e9 3, Unit\u00e9 2 et ceux de Camille Basse \u00bb de Keur Massar (Dakar).<\/p>\n<p>En effet, souligne le journal, \u00ab En d\u00e9pit du d\u00e9clenchement du Plan Orsec, les populations sinistr\u00e9s soutiennent que leur situation n\u2019a connu aucune am\u00e9lioration. Exc\u00e9d\u00e9es, elles somment le gouvernement de renforcer les moyens pour mettre fin au calvaire qu\u2019elles vivent depuis une semaine \u00bb.<\/p>\n<p>Rassurant, le quotidien national Le Soleil in forme qu\u2019\u00ab Un site de recasement (a \u00e9t\u00e9) am\u00e9nag\u00e9 \u00e0 Keur Massar \u00bb en soutien aux sinistr\u00e9s des inondations.<\/p>\n<p>Sous le titre \u00ab La croissance chope le virus \u00bb, Le Quotidien s\u2019int\u00e9resse \u00e0 l\u2019impact de la Covid-19 sur le Produit int\u00e9rieur brut (Pib) et \u00e9crit : \u00ab Projet\u00e9 initialement \u00e0 1,1%, le taux pourrait chuter \u00e0 -0,7% \u00bb. Walf quotidien se passe du conditionnel utilis\u00e9 par Le Quotidien et affirme que \u00ab Le S\u00e9n\u00e9gal plonge dans la r\u00e9cession \u00bb.<\/p>\n<p>L\u2019Observateur consacre sa parution du jour \u00e0 ce qu\u2019il qualifie de \u00ab Sale temps pour le CFA \u00bb et raconte \u00ab Comment la pand\u00e9mie du coronavirus a fait d\u00e9valuer la monnaie sur le march\u00e9 du change \u00bb.<\/p>\n<p>Le quotidien national Le Soleil fait l\u2019\u00e9loge de la coop\u00e9ration S\u00e9n\u00e9gal-Turquie et informe que \u00ab Deux accords de coop\u00e9ration (viennent d\u2019\u00eatre) sign\u00e9s \u00bb et que la 5\u00e8me Commission mixte se tiendra \u00ab bient\u00f4t \u00bb. La Turquie s\u2019engage \u00e9galement pour la phase 2 du Plan S\u00e9n\u00e9gal \u00e9mergent (Pse), se r\u00e9jouit Le Soleil.<\/p>\n<p>En fait divers, Vox Populi relate le \u00ab r\u00e9cit posthume d\u2019une victime d\u2019inceste \u00bb et raconte que \u00ab ce jour o\u00f9 la vie de Yacine bascula, dans sa 17\u00e8me ann\u00e9e du fait de son p\u00e8re qui lui a fait un enfant \u00bb. \u00ab Et l\u2019acte interdit entraina la mort de la victime apr\u00e8s 40 ans de souffrance \u00bb, \u00e9crivent nos confr\u00e8res.<\/p>\n","protected":false},"excerpt":{"rendered":"<p>Les quotidiens s\u00e9n\u00e9galais, parvenus ce samedi \u00e0 APA, traitement essentiellement de sujets en lien avec les inondations, l\u2019\u00e9conomie et les faits divers. \u00ab 24 heures en enfer \u00bb, barre \u00e0 sa Une le journal EnQu\u00eate qui consacre tout un dossier au quotidien des sinistr\u00e9s des inondations. \u00ab Aux quartiers Sotrac, Ousmane Mbengue et Ndoumb\u00e9lane, dans [&hellip;]<\/p>\n","protected":false},"author":82,"featured_media":6103,"comment_status":"open","ping_status":"closed","sticky":false,"template":"","format":"standard","meta":{"footnotes":""},"categories":[2,10],"tags":[],"class_list":["post-6102","post","type-post","status-publish","format-standard","has-post-thumbnail","hentry","category-politique","category-toutes-les-actualites"],"yoast_head":"<!-- This site is optimized with the Yoast SEO Premium plugin v26.1 (Yoast SEO v27.0) - https:\/\/yoast.com\/product\/yoast-seo-premium-wordpress\/ -->\n<title>Inondations, \u00e9conomie et faits divers \u00e0 la Une de la presse s\u00e9n\u00e9galaise - Senegal<\/title>\n<meta name=\"robots\" content=\"index, follow, max-snippet:-1, max-image-preview:large, max-video-preview:-1\" \/>\n<link rel=\"canonical\" href=\"https:\/\/www.africa-press.net\/senegal\/politique\/inondations-economie-et-faits-divers-a-la-une-de-la-presse-senegalaise\" \/>\n<meta property=\"og:locale\" content=\"fr_FR\" \/>\n<meta property=\"og:type\" content=\"article\" \/>\n<meta property=\"og:title\" content=\"Inondations, \u00e9conomie et faits divers \u00e0 la Une de la presse s\u00e9n\u00e9galaise\" \/>\n<meta property=\"og:description\" content=\"Les quotidiens s\u00e9n\u00e9galais, parvenus ce samedi \u00e0 APA, traitement essentiellement de sujets en lien avec les inondations, l\u2019\u00e9conomie et les faits divers. \u00ab 24 heures en enfer \u00bb, barre \u00e0 sa Une le journal EnQu\u00eate qui consacre tout un dossier au quotidien des sinistr\u00e9s des inondations. \u00ab Aux quartiers Sotrac, Ousmane Mbengue et Ndoumb\u00e9lane, dans [&hellip;]\" \/>\n<meta property=\"og:url\" content=\"https:\/\/www.africa-press.net\/senegal\/politique\/inondations-economie-et-faits-divers-a-la-une-de-la-presse-senegalaise\" \/>\n<meta property=\"og:site_name\" content=\"Senegal\" \/>\n<meta property=\"article:published_time\" content=\"2020-09-14T14:14:05+00:00\" \/>\n<meta property=\"og:image\" content=\"https:\/\/static.africa-press.net\/senegal\/sites\/13\/2020\/09\/5f5c9d77100c2726718620.jpeg\" \/>\n\t<meta property=\"og:image:width\" content=\"281\" \/>\n\t<meta property=\"og:image:height\" content=\"179\" \/>\n\t<meta property=\"og:image:type\" content=\"image\/jpeg\" \/>\n<meta name=\"author\" content=\"cfeditorfr\" \/>\n<meta name=\"twitter:card\" content=\"summary_large_image\" \/>\n<meta name=\"twitter:label1\" content=\"\u00c9crit par\" \/>\n\t<meta name=\"twitter:data1\" content=\"cfeditorfr\" \/>\n\t<meta name=\"twitter:label2\" content=\"Dur\u00e9e de lecture estim\u00e9e\" \/>\n\t<meta name=\"twitter:data2\" content=\"2 minutes\" \/>\n<script type=\"application\/ld+json\" class=\"yoast-schema-graph\">{\"@context\":\"https:\/\/schema.org\",\"@graph\":[{\"@type\":\"Article\",\"@id\":\"https:\/\/www.africa-press.net\/senegal\/politique\/inondations-economie-et-faits-divers-a-la-une-de-la-presse-senegalaise#article\",\"isPartOf\":{\"@id\":\"https:\/\/www.africa-press.net\/senegal\/politique\/inondations-economie-et-faits-divers-a-la-une-de-la-presse-senegalaise\"},\"author\":{\"name\":\"cfeditorfr\",\"@id\":\"https:\/\/www.africa-press.net\/senegal\/#\/schema\/person\/2b1cf3cd81a31e3cd26889ca66d677f1\"},\"headline\":\"Inondations, \u00e9conomie et faits divers \u00e0 la Une de la presse s\u00e9n\u00e9galaise\",\"datePublished\":\"2020-09-14T14:14:05+00:00\",\"mainEntityOfPage\":{\"@id\":\"https:\/\/www.africa-press.net\/senegal\/politique\/inondations-economie-et-faits-divers-a-la-une-de-la-presse-senegalaise\"},\"wordCount\":466,\"commentCount\":0,\"image\":{\"@id\":\"https:\/\/www.africa-press.net\/senegal\/politique\/inondations-economie-et-faits-divers-a-la-une-de-la-presse-senegalaise#primaryimage\"},\"thumbnailUrl\":\"https:\/\/static.africa-press.net\/senegal\/sites\/13\/2020\/09\/5f5c9d77100c2726718620.jpeg\",\"articleSection\":[\"Politique\",\"Toutes les actualit\u00e9s\"],\"inLanguage\":\"fr-FR\",\"potentialAction\":[{\"@type\":\"CommentAction\",\"name\":\"Comment\",\"target\":[\"https:\/\/www.africa-press.net\/senegal\/politique\/inondations-economie-et-faits-divers-a-la-une-de-la-presse-senegalaise#respond\"]}]},{\"@type\":\"WebPage\",\"@id\":\"https:\/\/www.africa-press.net\/senegal\/politique\/inondations-economie-et-faits-divers-a-la-une-de-la-presse-senegalaise\",\"url\":\"https:\/\/www.africa-press.net\/senegal\/politique\/inondations-economie-et-faits-divers-a-la-une-de-la-presse-senegalaise\",\"name\":\"Inondations, \u00e9conomie et faits divers \u00e0 la Une de la presse s\u00e9n\u00e9galaise - Senegal\",\"isPartOf\":{\"@id\":\"https:\/\/www.africa-press.net\/senegal\/#website\"},\"primaryImageOfPage\":{\"@id\":\"https:\/\/www.africa-press.net\/senegal\/politique\/inondations-economie-et-faits-divers-a-la-une-de-la-presse-senegalaise#primaryimage\"},\"image\":{\"@id\":\"https:\/\/www.africa-press.net\/senegal\/politique\/inondations-economie-et-faits-divers-a-la-une-de-la-presse-senegalaise#primaryimage\"},\"thumbnailUrl\":\"https:\/\/static.africa-press.net\/senegal\/sites\/13\/2020\/09\/5f5c9d77100c2726718620.jpeg\",\"datePublished\":\"2020-09-14T14:14:05+00:00\",\"author\":{\"@id\":\"https:\/\/www.africa-press.net\/senegal\/#\/schema\/person\/2b1cf3cd81a31e3cd26889ca66d677f1\"},\"breadcrumb\":{\"@id\":\"https:\/\/www.africa-press.net\/senegal\/politique\/inondations-economie-et-faits-divers-a-la-une-de-la-presse-senegalaise#breadcrumb\"},\"inLanguage\":\"fr-FR\",\"potentialAction\":[{\"@type\":\"ReadAction\",\"target\":[\"https:\/\/www.africa-press.net\/senegal\/politique\/inondations-economie-et-faits-divers-a-la-une-de-la-presse-senegalaise\"]}]},{\"@type\":\"ImageObject\",\"inLanguage\":\"fr-FR\",\"@id\":\"https:\/\/www.africa-press.net\/senegal\/politique\/inondations-economie-et-faits-divers-a-la-une-de-la-presse-senegalaise#primaryimage\",\"url\":\"https:\/\/static.africa-press.net\/senegal\/sites\/13\/2020\/09\/5f5c9d77100c2726718620.jpeg\",\"contentUrl\":\"https:\/\/static.africa-press.net\/senegal\/sites\/13\/2020\/09\/5f5c9d77100c2726718620.jpeg\",\"width\":281,\"height\":179},{\"@type\":\"BreadcrumbList\",\"@id\":\"https:\/\/www.africa-press.net\/senegal\/politique\/inondations-economie-et-faits-divers-a-la-une-de-la-presse-senegalaise#breadcrumb\",\"itemListElement\":[{\"@type\":\"ListItem\",\"position\":1,\"name\":\"Accueil\",\"item\":\"https:\/\/www.africa-press.net\/senegal\/\"},{\"@type\":\"ListItem\",\"position\":2,\"name\":\"Inondations, \u00e9conomie et faits divers \u00e0 la Une de la presse s\u00e9n\u00e9galaise\"}]},{\"@type\":\"WebSite\",\"@id\":\"https:\/\/www.africa-press.net\/senegal\/#website\",\"url\":\"https:\/\/www.africa-press.net\/senegal\/\",\"name\":\"Africa Press | Senegal | Homepage\",\"description\":\"Just another Africa News Agency Sites site\",\"potentialAction\":[{\"@type\":\"SearchAction\",\"target\":{\"@type\":\"EntryPoint\",\"urlTemplate\":\"https:\/\/www.africa-press.net\/senegal\/?s={search_term_string}\"},\"query-input\":{\"@type\":\"PropertyValueSpecification\",\"valueRequired\":true,\"valueName\":\"search_term_string\"}}],\"inLanguage\":\"fr-FR\"},{\"@type\":\"Person\",\"@id\":\"https:\/\/www.africa-press.net\/senegal\/#\/schema\/person\/2b1cf3cd81a31e3cd26889ca66d677f1\",\"name\":\"cfeditorfr\",\"url\":\"https:\/\/www.africa-press.net\/senegal\/author\/cfeditorfr\"}]}<\/script>\n<!-- \/ Yoast SEO Premium plugin. -->","yoast_head_json":{"title":"Inondations, \u00e9conomie et faits divers \u00e0 la Une de la presse s\u00e9n\u00e9galaise - Senegal","robots":{"index":"index","follow":"follow","max-snippet":"max-snippet:-1","max-image-preview":"max-image-preview:large","max-video-preview":"max-video-preview:-1"},"canonical":"https:\/\/www.africa-press.net\/senegal\/politique\/inondations-economie-et-faits-divers-a-la-une-de-la-presse-senegalaise","og_locale":"fr_FR","og_type":"article","og_title":"Inondations, \u00e9conomie et faits divers \u00e0 la Une de la presse s\u00e9n\u00e9galaise","og_description":"Les quotidiens s\u00e9n\u00e9galais, parvenus ce samedi \u00e0 APA, traitement essentiellement de sujets en lien avec les inondations, l\u2019\u00e9conomie et les faits divers. \u00ab 24 heures en enfer \u00bb, barre \u00e0 sa Une le journal EnQu\u00eate qui consacre tout un dossier au quotidien des sinistr\u00e9s des inondations. \u00ab Aux quartiers Sotrac, Ousmane Mbengue et Ndoumb\u00e9lane, dans [&hellip;]","og_url":"https:\/\/www.africa-press.net\/senegal\/politique\/inondations-economie-et-faits-divers-a-la-une-de-la-presse-senegalaise","og_site_name":"Senegal","article_published_time":"2020-09-14T14:14:05+00:00","og_image":[{"width":281,"height":179,"url":"https:\/\/static.africa-press.net\/senegal\/sites\/13\/2020\/09\/5f5c9d77100c2726718620.jpeg","type":"image\/jpeg"}],"author":"cfeditorfr","twitter_card":"summary_large_image","twitter_misc":{"\u00c9crit par":"cfeditorfr","Dur\u00e9e de lecture estim\u00e9e":"2 minutes"},"schema":{"@context":"https:\/\/schema.org","@graph":[{"@type":"Article","@id":"https:\/\/www.africa-press.net\/senegal\/politique\/inondations-economie-et-faits-divers-a-la-une-de-la-presse-senegalaise#article","isPartOf":{"@id":"https:\/\/www.africa-press.net\/senegal\/politique\/inondations-economie-et-faits-divers-a-la-une-de-la-presse-senegalaise"},"author":{"name":"cfeditorfr","@id":"https:\/\/www.africa-press.net\/senegal\/#\/schema\/person\/2b1cf3cd81a31e3cd26889ca66d677f1"},"headline":"Inondations, \u00e9conomie et faits divers \u00e0 la Une de la presse s\u00e9n\u00e9galaise","datePublished":"2020-09-14T14:14:05+00:00","mainEntityOfPage":{"@id":"https:\/\/www.africa-press.net\/senegal\/politique\/inondations-economie-et-faits-divers-a-la-une-de-la-presse-senegalaise"},"wordCount":466,"commentCount":0,"image":{"@id":"https:\/\/www.africa-press.net\/senegal\/politique\/inondations-economie-et-faits-divers-a-la-une-de-la-presse-senegalaise#primaryimage"},"thumbnailUrl":"https:\/\/static.africa-press.net\/senegal\/sites\/13\/2020\/09\/5f5c9d77100c2726718620.jpeg","articleSection":["Politique","Toutes les actualit\u00e9s"],"inLanguage":"fr-FR","potentialAction":[{"@type":"CommentAction","name":"Comment","target":["https:\/\/www.africa-press.net\/senegal\/politique\/inondations-economie-et-faits-divers-a-la-une-de-la-presse-senegalaise#respond"]}]},{"@type":"WebPage","@id":"https:\/\/www.africa-press.net\/senegal\/politique\/inondations-economie-et-faits-divers-a-la-une-de-la-presse-senegalaise","url":"https:\/\/www.africa-press.net\/senegal\/politique\/inondations-economie-et-faits-divers-a-la-une-de-la-presse-senegalaise","name":"Inondations, \u00e9conomie et faits divers \u00e0 la Une de la presse s\u00e9n\u00e9galaise - Senegal","isPartOf":{"@id":"https:\/\/www.africa-press.net\/senegal\/#website"},"primaryImageOfPage":{"@id":"https:\/\/www.africa-press.net\/senegal\/politique\/inondations-economie-et-faits-divers-a-la-une-de-la-presse-senegalaise#primaryimage"},"image":{"@id":"https:\/\/www.africa-press.net\/senegal\/politique\/inondations-economie-et-faits-divers-a-la-une-de-la-presse-senegalaise#primaryimage"},"thumbnailUrl":"https:\/\/static.africa-press.net\/senegal\/sites\/13\/2020\/09\/5f5c9d77100c2726718620.jpeg","datePublished":"2020-09-14T14:14:05+00:00","author":{"@id":"https:\/\/www.africa-press.net\/senegal\/#\/schema\/person\/2b1cf3cd81a31e3cd26889ca66d677f1"},"breadcrumb":{"@id":"https:\/\/www.africa-press.net\/senegal\/politique\/inondations-economie-et-faits-divers-a-la-une-de-la-presse-senegalaise#breadcrumb"},"inLanguage":"fr-FR","potentialAction":[{"@type":"ReadAction","target":["https:\/\/www.africa-press.net\/senegal\/politique\/inondations-economie-et-faits-divers-a-la-une-de-la-presse-senegalaise"]}]},{"@type":"ImageObject","inLanguage":"fr-FR","@id":"https:\/\/www.africa-press.net\/senegal\/politique\/inondations-economie-et-faits-divers-a-la-une-de-la-presse-senegalaise#primaryimage","url":"https:\/\/static.africa-press.net\/senegal\/sites\/13\/2020\/09\/5f5c9d77100c2726718620.jpeg","contentUrl":"https:\/\/static.africa-press.net\/senegal\/sites\/13\/2020\/09\/5f5c9d77100c2726718620.jpeg","width":281,"height":179},{"@type":"BreadcrumbList","@id":"https:\/\/www.africa-press.net\/senegal\/politique\/inondations-economie-et-faits-divers-a-la-une-de-la-presse-senegalaise#breadcrumb","itemListElement":[{"@type":"ListItem","position":1,"name":"Accueil","item":"https:\/\/www.africa-press.net\/senegal\/"},{"@type":"ListItem","position":2,"name":"Inondations, \u00e9conomie et faits divers \u00e0 la Une de la presse s\u00e9n\u00e9galaise"}]},{"@type":"WebSite","@id":"https:\/\/www.africa-press.net\/senegal\/#website","url":"https:\/\/www.africa-press.net\/senegal\/","name":"Africa Press | Senegal | Homepage","description":"Just another Africa News Agency Sites site","potentialAction":[{"@type":"SearchAction","target":{"@type":"EntryPoint","urlTemplate":"https:\/\/www.africa-press.net\/senegal\/?s={search_term_string}"},"query-input":{"@type":"PropertyValueSpecification","valueRequired":true,"valueName":"search_term_string"}}],"inLanguage":"fr-FR"},{"@type":"Person","@id":"https:\/\/www.africa-press.net\/senegal\/#\/schema\/person\/2b1cf3cd81a31e3cd26889ca66d677f1","name":"cfeditorfr","url":"https:\/\/www.africa-press.net\/senegal\/author\/cfeditorfr"}]}},"_links":{"self":[{"href":"https:\/\/www.africa-press.net\/senegal\/wp-json\/wp\/v2\/posts\/6102","targetHints":{"allow":["GET"]}}],"collection":[{"href":"https:\/\/www.africa-press.net\/senegal\/wp-json\/wp\/v2\/posts"}],"about":[{"href":"https:\/\/www.africa-press.net\/senegal\/wp-json\/wp\/v2\/types\/post"}],"author":[{"embeddable":true,"href":"https:\/\/www.africa-press.net\/senegal\/wp-json\/wp\/v2\/users\/82"}],"replies":[{"embeddable":true,"href":"https:\/\/www.africa-press.net\/senegal\/wp-json\/wp\/v2\/comments?post=6102"}],"version-history":[{"count":0,"href":"https:\/\/www.africa-press.net\/senegal\/wp-json\/wp\/v2\/posts\/6102\/revisions"}],"wp:featuredmedia":[{"embeddable":true,"href":"https:\/\/www.africa-press.net\/senegal\/wp-json\/wp\/v2\/media\/6103"}],"wp:attachment":[{"href":"https:\/\/www.africa-press.net\/senegal\/wp-json\/wp\/v2\/media?parent=6102"}],"wp:term":[{"taxonomy":"category","embeddable":true,"href":"https:\/\/www.africa-press.net\/senegal\/wp-json\/wp\/v2\/categories?post=6102"},{"taxonomy":"post_tag","embeddable":true,"href":"https:\/\/www.africa-press.net\/senegal\/wp-json\/wp\/v2\/tags?post=6102"}],"curies":[{"name":"wp","href":"https:\/\/api.w.org\/{rel}","templated":true}]}}