{"id":63881,"date":"2024-12-17T18:10:51","date_gmt":"2024-12-17T18:10:51","guid":{"rendered":"https:\/\/www.africa-press.net\/senegal\/politique\/ligue-1-le-havre-andre-ayew-sonne-lalarme"},"modified":"2024-12-18T00:58:26","modified_gmt":"2024-12-18T00:58:26","slug":"ligue-1-le-havre-andre-ayew-sonne-lalarme","status":"publish","type":"post","link":"https:\/\/www.africa-press.net\/senegal\/sports\/ligue-1-le-havre-andre-ayew-sonne-lalarme","title":{"rendered":"Ligue 1 \u2013 le Havre : Andr\u00e9 Ayew Sonne L\u2019Alarme"},"content":{"rendered":"<p><span style=\"color: #ff6600\"><strong>Africa-Press &#8211; Senegal. <\/strong><\/span>L\u2019attaquant du Havre, Andre\u0301 Ayew, sonne l\u2019alarme. Il convie ses coe\u0301quipiers de faire tout leur possible pour e\u0301viter de perdre les matchs a\u0300 venir contre le Stade Briochin et l\u2019Olympique de Marseille.<\/p>\n<p>En difficulte\u0301 depuis le de\u0301but de la saison, Le Havre occupe actuellement la 17e place au classement de la Ligue 1 avec seulement 12 points pris apre\u0300s 15 journe\u0301es. Il espe\u0300re retrouver le chemin de la victoire contre le Stade Briochin en Coupe de France, le samedi 21 de\u0301cembre, avant de se mesurer a\u0300 l\u2019Olympique de Marseille le 5 janvier.<\/p>\n<p>S\u2019exprimant lors d\u2019une interview d\u2019apre\u0300s-match apre\u0300s la de\u0301faite 3-0 du Havre contre Strasbourg le week-end dernier, Ayew a demande\u0301 a\u0300 ses coe\u0301quipiers de faire tout leur possible pour remporter des victoires lors des prochains matches.<\/p>\n<p>\u00ab C\u2019est vrai que ce n\u2019est pas facile mais il y a un match samedi qui est important, c\u2019est la Coupe de France et puis il y a le Ve\u0301lodrome (contre Marseille) et ce sont de gros matches et on va essayer de tout faire pour ne pas sortir de ces deux matches avec ze\u0301ro point. \u00bb<\/p>\n<p>Le Havre compte quatre victoires et onze de\u0301faites en championnat, avec 18 buts encaisse\u0301s.<\/p>\n<p><strong>Pour plus d&rsquo;informations et d&rsquo;analyses sur la <span style=\"color: #ff6600\">Senegal<\/span>, suivez <span style=\"color: #ff6600\">Africa-Press<\/span><\/strong><\/p>\n","protected":false},"excerpt":{"rendered":"<p>Africa-Press &#8211; Senegal. L\u2019attaquant du Havre, Andre\u0301 Ayew, sonne l\u2019alarme. Il convie ses coe\u0301quipiers de faire tout leur possible pour e\u0301viter de perdre les matchs a\u0300 venir contre le Stade Briochin et l\u2019Olympique de Marseille. En difficulte\u0301 depuis le de\u0301but de la saison, Le Havre occupe actuellement la 17e place au classement de la Ligue [&hellip;]<\/p>\n","protected":false},"author":82,"featured_media":63880,"comment_status":"open","ping_status":"closed","sticky":false,"template":"","format":"standard","meta":{"footnotes":""},"categories":[6,10],"tags":[44],"class_list":["post-63881","post","type-post","status-publish","format-standard","has-post-thumbnail","hentry","category-sports","category-toutes-les-actualites","tag-senegal-2"],"yoast_head":"<!-- This site is optimized with the Yoast SEO Premium plugin v26.1 (Yoast SEO v27.0) - https:\/\/yoast.com\/product\/yoast-seo-premium-wordpress\/ -->\n<title>Ligue 1 \u2013 le Havre : Andr\u00e9 Ayew Sonne L\u2019Alarme - Senegal<\/title>\n<meta name=\"description\" content=\"L\u2019attaquant du Havre, Andre\u0301 Ayew, sonne l\u2019alarme. Il convie ses coe\u0301quipiers de faire tout leur possible pour e\u0301viter d ...\" \/>\n<meta name=\"robots\" content=\"index, follow, max-snippet:-1, max-image-preview:large, max-video-preview:-1\" \/>\n<link rel=\"canonical\" href=\"https:\/\/www.africa-press.net\/senegal\/sports\/ligue-1-le-havre-andre-ayew-sonne-lalarme\" \/>\n<meta property=\"og:locale\" content=\"fr_FR\" \/>\n<meta property=\"og:type\" content=\"article\" \/>\n<meta property=\"og:title\" content=\"Ligue 1 \u2013 le Havre : Andr\u00e9 Ayew Sonne L\u2019Alarme\" \/>\n<meta property=\"og:description\" content=\"L\u2019attaquant du Havre, Andre\u0301 Ayew, sonne l\u2019alarme. Il convie ses coe\u0301quipiers de faire tout leur possible pour e\u0301viter d ...\" \/>\n<meta property=\"og:url\" content=\"https:\/\/www.africa-press.net\/senegal\/sports\/ligue-1-le-havre-andre-ayew-sonne-lalarme\" \/>\n<meta property=\"og:site_name\" content=\"Senegal\" \/>\n<meta property=\"article:published_time\" content=\"2024-12-17T18:10:51+00:00\" \/>\n<meta property=\"article:modified_time\" content=\"2024-12-18T00:58:26+00:00\" \/>\n<meta property=\"og:image\" content=\"https:\/\/static.africa-press.net\/senegal\/sites\/13\/2024\/12\/sm_1734470665.655815.jpg\" \/>\n\t<meta property=\"og:image:width\" content=\"1200\" \/>\n\t<meta property=\"og:image:height\" content=\"640\" \/>\n\t<meta property=\"og:image:type\" content=\"image\/jpeg\" \/>\n<meta name=\"author\" content=\"cfeditorfr\" \/>\n<meta name=\"twitter:card\" content=\"summary_large_image\" \/>\n<meta name=\"twitter:label1\" content=\"\u00c9crit par\" \/>\n\t<meta name=\"twitter:data1\" content=\"cfeditorfr\" \/>\n\t<meta name=\"twitter:label2\" content=\"Dur\u00e9e de lecture estim\u00e9e\" \/>\n\t<meta name=\"twitter:data2\" content=\"1 minute\" \/>\n<script type=\"application\/ld+json\" class=\"yoast-schema-graph\">{\"@context\":\"https:\/\/schema.org\",\"@graph\":[{\"@type\":\"Article\",\"@id\":\"https:\/\/www.africa-press.net\/senegal\/sports\/ligue-1-le-havre-andre-ayew-sonne-lalarme#article\",\"isPartOf\":{\"@id\":\"https:\/\/www.africa-press.net\/senegal\/sports\/ligue-1-le-havre-andre-ayew-sonne-lalarme\"},\"author\":{\"name\":\"cfeditorfr\",\"@id\":\"https:\/\/www.africa-press.net\/senegal\/#\/schema\/person\/2b1cf3cd81a31e3cd26889ca66d677f1\"},\"headline\":\"Ligue 1 \u2013 le Havre : Andr\u00e9 Ayew Sonne L\u2019Alarme\",\"datePublished\":\"2024-12-17T18:10:51+00:00\",\"dateModified\":\"2024-12-18T00:58:26+00:00\",\"mainEntityOfPage\":{\"@id\":\"https:\/\/www.africa-press.net\/senegal\/sports\/ligue-1-le-havre-andre-ayew-sonne-lalarme\"},\"wordCount\":238,\"commentCount\":0,\"image\":{\"@id\":\"https:\/\/www.africa-press.net\/senegal\/sports\/ligue-1-le-havre-andre-ayew-sonne-lalarme#primaryimage\"},\"thumbnailUrl\":\"https:\/\/static.africa-press.net\/senegal\/sites\/13\/2024\/12\/sm_1734470665.655815.jpg\",\"keywords\":[\"Senegal\"],\"articleSection\":[\"Sports\",\"Toutes les actualit\u00e9s\"],\"inLanguage\":\"fr-FR\",\"potentialAction\":[{\"@type\":\"CommentAction\",\"name\":\"Comment\",\"target\":[\"https:\/\/www.africa-press.net\/senegal\/sports\/ligue-1-le-havre-andre-ayew-sonne-lalarme#respond\"]}]},{\"@type\":\"WebPage\",\"@id\":\"https:\/\/www.africa-press.net\/senegal\/sports\/ligue-1-le-havre-andre-ayew-sonne-lalarme\",\"url\":\"https:\/\/www.africa-press.net\/senegal\/sports\/ligue-1-le-havre-andre-ayew-sonne-lalarme\",\"name\":\"Ligue 1 \u2013 le Havre : Andr\u00e9 Ayew Sonne L\u2019Alarme - Senegal\",\"isPartOf\":{\"@id\":\"https:\/\/www.africa-press.net\/senegal\/#website\"},\"primaryImageOfPage\":{\"@id\":\"https:\/\/www.africa-press.net\/senegal\/sports\/ligue-1-le-havre-andre-ayew-sonne-lalarme#primaryimage\"},\"image\":{\"@id\":\"https:\/\/www.africa-press.net\/senegal\/sports\/ligue-1-le-havre-andre-ayew-sonne-lalarme#primaryimage\"},\"thumbnailUrl\":\"https:\/\/static.africa-press.net\/senegal\/sites\/13\/2024\/12\/sm_1734470665.655815.jpg\",\"datePublished\":\"2024-12-17T18:10:51+00:00\",\"dateModified\":\"2024-12-18T00:58:26+00:00\",\"author\":{\"@id\":\"https:\/\/www.africa-press.net\/senegal\/#\/schema\/person\/2b1cf3cd81a31e3cd26889ca66d677f1\"},\"description\":\"L\u2019attaquant du Havre, Andre\u0301 Ayew, sonne l\u2019alarme. Il convie ses coe\u0301quipiers de faire tout leur possible pour e\u0301viter d ...\",\"breadcrumb\":{\"@id\":\"https:\/\/www.africa-press.net\/senegal\/sports\/ligue-1-le-havre-andre-ayew-sonne-lalarme#breadcrumb\"},\"inLanguage\":\"fr-FR\",\"potentialAction\":[{\"@type\":\"ReadAction\",\"target\":[\"https:\/\/www.africa-press.net\/senegal\/sports\/ligue-1-le-havre-andre-ayew-sonne-lalarme\"]}]},{\"@type\":\"ImageObject\",\"inLanguage\":\"fr-FR\",\"@id\":\"https:\/\/www.africa-press.net\/senegal\/sports\/ligue-1-le-havre-andre-ayew-sonne-lalarme#primaryimage\",\"url\":\"https:\/\/static.africa-press.net\/senegal\/sites\/13\/2024\/12\/sm_1734470665.655815.jpg\",\"contentUrl\":\"https:\/\/static.africa-press.net\/senegal\/sites\/13\/2024\/12\/sm_1734470665.655815.jpg\",\"width\":1200,\"height\":640,\"caption\":\"Ligue 1 \u2013 le Havre : Andr\u00e9 Ayew Sonne L\u2019Alarme\"},{\"@type\":\"BreadcrumbList\",\"@id\":\"https:\/\/www.africa-press.net\/senegal\/sports\/ligue-1-le-havre-andre-ayew-sonne-lalarme#breadcrumb\",\"itemListElement\":[{\"@type\":\"ListItem\",\"position\":1,\"name\":\"Accueil\",\"item\":\"https:\/\/www.africa-press.net\/senegal\/\"},{\"@type\":\"ListItem\",\"position\":2,\"name\":\"Ligue 1 \u2013 le Havre : Andr\u00e9 Ayew Sonne L\u2019Alarme\"}]},{\"@type\":\"WebSite\",\"@id\":\"https:\/\/www.africa-press.net\/senegal\/#website\",\"url\":\"https:\/\/www.africa-press.net\/senegal\/\",\"name\":\"Africa Press | Senegal | Homepage\",\"description\":\"Just another Africa News Agency Sites site\",\"potentialAction\":[{\"@type\":\"SearchAction\",\"target\":{\"@type\":\"EntryPoint\",\"urlTemplate\":\"https:\/\/www.africa-press.net\/senegal\/?s={search_term_string}\"},\"query-input\":{\"@type\":\"PropertyValueSpecification\",\"valueRequired\":true,\"valueName\":\"search_term_string\"}}],\"inLanguage\":\"fr-FR\"},{\"@type\":\"Person\",\"@id\":\"https:\/\/www.africa-press.net\/senegal\/#\/schema\/person\/2b1cf3cd81a31e3cd26889ca66d677f1\",\"name\":\"cfeditorfr\",\"url\":\"https:\/\/www.africa-press.net\/senegal\/author\/cfeditorfr\"}]}<\/script>\n<!-- \/ Yoast SEO Premium plugin. -->","yoast_head_json":{"title":"Ligue 1 \u2013 le Havre : Andr\u00e9 Ayew Sonne L\u2019Alarme - Senegal","description":"L\u2019attaquant du Havre, Andre\u0301 Ayew, sonne l\u2019alarme. Il convie ses coe\u0301quipiers de faire tout leur possible pour e\u0301viter d ...","robots":{"index":"index","follow":"follow","max-snippet":"max-snippet:-1","max-image-preview":"max-image-preview:large","max-video-preview":"max-video-preview:-1"},"canonical":"https:\/\/www.africa-press.net\/senegal\/sports\/ligue-1-le-havre-andre-ayew-sonne-lalarme","og_locale":"fr_FR","og_type":"article","og_title":"Ligue 1 \u2013 le Havre : Andr\u00e9 Ayew Sonne L\u2019Alarme","og_description":"L\u2019attaquant du Havre, Andre\u0301 Ayew, sonne l\u2019alarme. Il convie ses coe\u0301quipiers de faire tout leur possible pour e\u0301viter d ...","og_url":"https:\/\/www.africa-press.net\/senegal\/sports\/ligue-1-le-havre-andre-ayew-sonne-lalarme","og_site_name":"Senegal","article_published_time":"2024-12-17T18:10:51+00:00","article_modified_time":"2024-12-18T00:58:26+00:00","og_image":[{"width":1200,"height":640,"url":"https:\/\/static.africa-press.net\/senegal\/sites\/13\/2024\/12\/sm_1734470665.655815.jpg","type":"image\/jpeg"}],"author":"cfeditorfr","twitter_card":"summary_large_image","twitter_misc":{"\u00c9crit par":"cfeditorfr","Dur\u00e9e de lecture estim\u00e9e":"1 minute"},"schema":{"@context":"https:\/\/schema.org","@graph":[{"@type":"Article","@id":"https:\/\/www.africa-press.net\/senegal\/sports\/ligue-1-le-havre-andre-ayew-sonne-lalarme#article","isPartOf":{"@id":"https:\/\/www.africa-press.net\/senegal\/sports\/ligue-1-le-havre-andre-ayew-sonne-lalarme"},"author":{"name":"cfeditorfr","@id":"https:\/\/www.africa-press.net\/senegal\/#\/schema\/person\/2b1cf3cd81a31e3cd26889ca66d677f1"},"headline":"Ligue 1 \u2013 le Havre : Andr\u00e9 Ayew Sonne L\u2019Alarme","datePublished":"2024-12-17T18:10:51+00:00","dateModified":"2024-12-18T00:58:26+00:00","mainEntityOfPage":{"@id":"https:\/\/www.africa-press.net\/senegal\/sports\/ligue-1-le-havre-andre-ayew-sonne-lalarme"},"wordCount":238,"commentCount":0,"image":{"@id":"https:\/\/www.africa-press.net\/senegal\/sports\/ligue-1-le-havre-andre-ayew-sonne-lalarme#primaryimage"},"thumbnailUrl":"https:\/\/static.africa-press.net\/senegal\/sites\/13\/2024\/12\/sm_1734470665.655815.jpg","keywords":["Senegal"],"articleSection":["Sports","Toutes les actualit\u00e9s"],"inLanguage":"fr-FR","potentialAction":[{"@type":"CommentAction","name":"Comment","target":["https:\/\/www.africa-press.net\/senegal\/sports\/ligue-1-le-havre-andre-ayew-sonne-lalarme#respond"]}]},{"@type":"WebPage","@id":"https:\/\/www.africa-press.net\/senegal\/sports\/ligue-1-le-havre-andre-ayew-sonne-lalarme","url":"https:\/\/www.africa-press.net\/senegal\/sports\/ligue-1-le-havre-andre-ayew-sonne-lalarme","name":"Ligue 1 \u2013 le Havre : Andr\u00e9 Ayew Sonne L\u2019Alarme - Senegal","isPartOf":{"@id":"https:\/\/www.africa-press.net\/senegal\/#website"},"primaryImageOfPage":{"@id":"https:\/\/www.africa-press.net\/senegal\/sports\/ligue-1-le-havre-andre-ayew-sonne-lalarme#primaryimage"},"image":{"@id":"https:\/\/www.africa-press.net\/senegal\/sports\/ligue-1-le-havre-andre-ayew-sonne-lalarme#primaryimage"},"thumbnailUrl":"https:\/\/static.africa-press.net\/senegal\/sites\/13\/2024\/12\/sm_1734470665.655815.jpg","datePublished":"2024-12-17T18:10:51+00:00","dateModified":"2024-12-18T00:58:26+00:00","author":{"@id":"https:\/\/www.africa-press.net\/senegal\/#\/schema\/person\/2b1cf3cd81a31e3cd26889ca66d677f1"},"description":"L\u2019attaquant du Havre, Andre\u0301 Ayew, sonne l\u2019alarme. Il convie ses coe\u0301quipiers de faire tout leur possible pour e\u0301viter d ...","breadcrumb":{"@id":"https:\/\/www.africa-press.net\/senegal\/sports\/ligue-1-le-havre-andre-ayew-sonne-lalarme#breadcrumb"},"inLanguage":"fr-FR","potentialAction":[{"@type":"ReadAction","target":["https:\/\/www.africa-press.net\/senegal\/sports\/ligue-1-le-havre-andre-ayew-sonne-lalarme"]}]},{"@type":"ImageObject","inLanguage":"fr-FR","@id":"https:\/\/www.africa-press.net\/senegal\/sports\/ligue-1-le-havre-andre-ayew-sonne-lalarme#primaryimage","url":"https:\/\/static.africa-press.net\/senegal\/sites\/13\/2024\/12\/sm_1734470665.655815.jpg","contentUrl":"https:\/\/static.africa-press.net\/senegal\/sites\/13\/2024\/12\/sm_1734470665.655815.jpg","width":1200,"height":640,"caption":"Ligue 1 \u2013 le Havre : Andr\u00e9 Ayew Sonne L\u2019Alarme"},{"@type":"BreadcrumbList","@id":"https:\/\/www.africa-press.net\/senegal\/sports\/ligue-1-le-havre-andre-ayew-sonne-lalarme#breadcrumb","itemListElement":[{"@type":"ListItem","position":1,"name":"Accueil","item":"https:\/\/www.africa-press.net\/senegal\/"},{"@type":"ListItem","position":2,"name":"Ligue 1 \u2013 le Havre : Andr\u00e9 Ayew Sonne L\u2019Alarme"}]},{"@type":"WebSite","@id":"https:\/\/www.africa-press.net\/senegal\/#website","url":"https:\/\/www.africa-press.net\/senegal\/","name":"Africa Press | Senegal | Homepage","description":"Just another Africa News Agency Sites site","potentialAction":[{"@type":"SearchAction","target":{"@type":"EntryPoint","urlTemplate":"https:\/\/www.africa-press.net\/senegal\/?s={search_term_string}"},"query-input":{"@type":"PropertyValueSpecification","valueRequired":true,"valueName":"search_term_string"}}],"inLanguage":"fr-FR"},{"@type":"Person","@id":"https:\/\/www.africa-press.net\/senegal\/#\/schema\/person\/2b1cf3cd81a31e3cd26889ca66d677f1","name":"cfeditorfr","url":"https:\/\/www.africa-press.net\/senegal\/author\/cfeditorfr"}]}},"_links":{"self":[{"href":"https:\/\/www.africa-press.net\/senegal\/wp-json\/wp\/v2\/posts\/63881","targetHints":{"allow":["GET"]}}],"collection":[{"href":"https:\/\/www.africa-press.net\/senegal\/wp-json\/wp\/v2\/posts"}],"about":[{"href":"https:\/\/www.africa-press.net\/senegal\/wp-json\/wp\/v2\/types\/post"}],"author":[{"embeddable":true,"href":"https:\/\/www.africa-press.net\/senegal\/wp-json\/wp\/v2\/users\/82"}],"replies":[{"embeddable":true,"href":"https:\/\/www.africa-press.net\/senegal\/wp-json\/wp\/v2\/comments?post=63881"}],"version-history":[{"count":0,"href":"https:\/\/www.africa-press.net\/senegal\/wp-json\/wp\/v2\/posts\/63881\/revisions"}],"wp:featuredmedia":[{"embeddable":true,"href":"https:\/\/www.africa-press.net\/senegal\/wp-json\/wp\/v2\/media\/63880"}],"wp:attachment":[{"href":"https:\/\/www.africa-press.net\/senegal\/wp-json\/wp\/v2\/media?parent=63881"}],"wp:term":[{"taxonomy":"category","embeddable":true,"href":"https:\/\/www.africa-press.net\/senegal\/wp-json\/wp\/v2\/categories?post=63881"},{"taxonomy":"post_tag","embeddable":true,"href":"https:\/\/www.africa-press.net\/senegal\/wp-json\/wp\/v2\/tags?post=63881"}],"curies":[{"name":"wp","href":"https:\/\/api.w.org\/{rel}","templated":true}]}}