{"id":63883,"date":"2024-12-17T18:46:23","date_gmt":"2024-12-17T18:46:23","guid":{"rendered":"https:\/\/www.africa-press.net\/senegal\/politique\/le-fc-barcelone-soffre-officiellement-une-pepite-malienne"},"modified":"2024-12-18T01:00:32","modified_gmt":"2024-12-18T01:00:32","slug":"le-fc-barcelone-soffre-officiellement-une-pepite-malienne","status":"publish","type":"post","link":"https:\/\/www.africa-press.net\/senegal\/sports\/le-fc-barcelone-soffre-officiellement-une-pepite-malienne","title":{"rendered":"Le FC Barcelone S\u2019Offre Officiellement une P\u00e9pite Malienne"},"content":{"rendered":"<p><span style=\"color: #ff6600\"><strong>Africa-Press &#8211; Senegal. <\/strong><\/span><b>Le FC Barcelone continue de miser sur la jeunesse en recrutant Ibrahim Diarra, une e\u0301toile montante du football malien.<\/b><\/p>\n<p>A\u0300 18 ans, apre\u0300s avoir brille\u0301 lors de la Coupe du monde U17 2023, ou\u0300 il a remporte\u0301 le Soulier d\u2019Argent pour ses 5 buts, l\u2019ailier rejoint les Blaugranas pour un contrat jusqu\u2019en 2028.<\/p>\n<p>Diarra, qui a joue\u0301 un ro\u0302le cle\u0301 dans la belle troisie\u0300me place des Aigles du Mali, rejoint ainsi un projet ambitieux au sein du club catalan, qui a de\u0301ja\u0300 accueilli d\u2019autres talents comme Noah Darvich.<\/p>\n<p>Forme\u0301 a\u0300 l\u2019Academie Africa Foot, il est de\u0301sormais pre\u0302t a\u0300 franchir un nouveau cap dans sa carrie\u0300re europe\u0301enne.<\/p>\n<p><strong>Pour plus d&rsquo;informations et d&rsquo;analyses sur la <span style=\"color: #ff6600\">Senegal<\/span>, suivez <span style=\"color: #ff6600\">Africa-Press<\/span><\/strong><\/p>\n","protected":false},"excerpt":{"rendered":"<p>Africa-Press &#8211; Senegal. Le FC Barcelone continue de miser sur la jeunesse en recrutant Ibrahim Diarra, une e\u0301toile montante du football malien. A\u0300 18 ans, apre\u0300s avoir brille\u0301 lors de la Coupe du monde U17 2023, ou\u0300 il a remporte\u0301 le Soulier d\u2019Argent pour ses 5 buts, l\u2019ailier rejoint les Blaugranas pour un contrat jusqu\u2019en [&hellip;]<\/p>\n","protected":false},"author":82,"featured_media":63882,"comment_status":"open","ping_status":"closed","sticky":false,"template":"","format":"standard","meta":{"footnotes":""},"categories":[6,10],"tags":[44],"class_list":["post-63883","post","type-post","status-publish","format-standard","has-post-thumbnail","hentry","category-sports","category-toutes-les-actualites","tag-senegal-2"],"yoast_head":"<!-- This site is optimized with the Yoast SEO Premium plugin v26.1 (Yoast SEO v27.0) - https:\/\/yoast.com\/product\/yoast-seo-premium-wordpress\/ -->\n<title>Le FC Barcelone S\u2019Offre Officiellement une P\u00e9pite Malienne - Senegal<\/title>\n<meta name=\"description\" content=\"Le FC Barcelone continue de miser sur la jeunesse en recrutant Ibrahim Diarra, une e\u0301toile montante du football malie ...\" \/>\n<meta name=\"robots\" content=\"index, follow, max-snippet:-1, max-image-preview:large, max-video-preview:-1\" \/>\n<link rel=\"canonical\" href=\"https:\/\/www.africa-press.net\/senegal\/sports\/le-fc-barcelone-soffre-officiellement-une-pepite-malienne\" \/>\n<meta property=\"og:locale\" content=\"fr_FR\" \/>\n<meta property=\"og:type\" content=\"article\" \/>\n<meta property=\"og:title\" content=\"Le FC Barcelone S\u2019Offre Officiellement une P\u00e9pite Malienne\" \/>\n<meta property=\"og:description\" content=\"Le FC Barcelone continue de miser sur la jeunesse en recrutant Ibrahim Diarra, une e\u0301toile montante du football malie ...\" \/>\n<meta property=\"og:url\" content=\"https:\/\/www.africa-press.net\/senegal\/sports\/le-fc-barcelone-soffre-officiellement-une-pepite-malienne\" \/>\n<meta property=\"og:site_name\" content=\"Senegal\" \/>\n<meta property=\"article:published_time\" content=\"2024-12-17T18:46:23+00:00\" \/>\n<meta property=\"article:modified_time\" content=\"2024-12-18T01:00:32+00:00\" \/>\n<meta property=\"og:image\" content=\"https:\/\/static.africa-press.net\/senegal\/sites\/13\/2024\/12\/sm_1734470757.437308.jpg\" \/>\n\t<meta property=\"og:image:width\" content=\"720\" \/>\n\t<meta property=\"og:image:height\" content=\"458\" \/>\n\t<meta property=\"og:image:type\" content=\"image\/jpeg\" \/>\n<meta name=\"author\" content=\"cfeditorfr\" \/>\n<meta name=\"twitter:card\" content=\"summary_large_image\" \/>\n<meta name=\"twitter:label1\" content=\"\u00c9crit par\" \/>\n\t<meta name=\"twitter:data1\" content=\"cfeditorfr\" \/>\n\t<meta name=\"twitter:label2\" content=\"Dur\u00e9e de lecture estim\u00e9e\" \/>\n\t<meta name=\"twitter:data2\" content=\"1 minute\" \/>\n<script type=\"application\/ld+json\" class=\"yoast-schema-graph\">{\"@context\":\"https:\/\/schema.org\",\"@graph\":[{\"@type\":\"Article\",\"@id\":\"https:\/\/www.africa-press.net\/senegal\/sports\/le-fc-barcelone-soffre-officiellement-une-pepite-malienne#article\",\"isPartOf\":{\"@id\":\"https:\/\/www.africa-press.net\/senegal\/sports\/le-fc-barcelone-soffre-officiellement-une-pepite-malienne\"},\"author\":{\"name\":\"cfeditorfr\",\"@id\":\"https:\/\/www.africa-press.net\/senegal\/#\/schema\/person\/2b1cf3cd81a31e3cd26889ca66d677f1\"},\"headline\":\"Le FC Barcelone S\u2019Offre Officiellement une P\u00e9pite Malienne\",\"datePublished\":\"2024-12-17T18:46:23+00:00\",\"dateModified\":\"2024-12-18T01:00:32+00:00\",\"mainEntityOfPage\":{\"@id\":\"https:\/\/www.africa-press.net\/senegal\/sports\/le-fc-barcelone-soffre-officiellement-une-pepite-malienne\"},\"wordCount\":141,\"commentCount\":0,\"image\":{\"@id\":\"https:\/\/www.africa-press.net\/senegal\/sports\/le-fc-barcelone-soffre-officiellement-une-pepite-malienne#primaryimage\"},\"thumbnailUrl\":\"https:\/\/static.africa-press.net\/senegal\/sites\/13\/2024\/12\/sm_1734470757.437308.jpg\",\"keywords\":[\"Senegal\"],\"articleSection\":[\"Sports\",\"Toutes les actualit\u00e9s\"],\"inLanguage\":\"fr-FR\",\"potentialAction\":[{\"@type\":\"CommentAction\",\"name\":\"Comment\",\"target\":[\"https:\/\/www.africa-press.net\/senegal\/sports\/le-fc-barcelone-soffre-officiellement-une-pepite-malienne#respond\"]}]},{\"@type\":\"WebPage\",\"@id\":\"https:\/\/www.africa-press.net\/senegal\/sports\/le-fc-barcelone-soffre-officiellement-une-pepite-malienne\",\"url\":\"https:\/\/www.africa-press.net\/senegal\/sports\/le-fc-barcelone-soffre-officiellement-une-pepite-malienne\",\"name\":\"Le FC Barcelone S\u2019Offre Officiellement une P\u00e9pite Malienne - Senegal\",\"isPartOf\":{\"@id\":\"https:\/\/www.africa-press.net\/senegal\/#website\"},\"primaryImageOfPage\":{\"@id\":\"https:\/\/www.africa-press.net\/senegal\/sports\/le-fc-barcelone-soffre-officiellement-une-pepite-malienne#primaryimage\"},\"image\":{\"@id\":\"https:\/\/www.africa-press.net\/senegal\/sports\/le-fc-barcelone-soffre-officiellement-une-pepite-malienne#primaryimage\"},\"thumbnailUrl\":\"https:\/\/static.africa-press.net\/senegal\/sites\/13\/2024\/12\/sm_1734470757.437308.jpg\",\"datePublished\":\"2024-12-17T18:46:23+00:00\",\"dateModified\":\"2024-12-18T01:00:32+00:00\",\"author\":{\"@id\":\"https:\/\/www.africa-press.net\/senegal\/#\/schema\/person\/2b1cf3cd81a31e3cd26889ca66d677f1\"},\"description\":\"Le FC Barcelone continue de miser sur la jeunesse en recrutant Ibrahim Diarra, une e\u0301toile montante du football malie ...\",\"breadcrumb\":{\"@id\":\"https:\/\/www.africa-press.net\/senegal\/sports\/le-fc-barcelone-soffre-officiellement-une-pepite-malienne#breadcrumb\"},\"inLanguage\":\"fr-FR\",\"potentialAction\":[{\"@type\":\"ReadAction\",\"target\":[\"https:\/\/www.africa-press.net\/senegal\/sports\/le-fc-barcelone-soffre-officiellement-une-pepite-malienne\"]}]},{\"@type\":\"ImageObject\",\"inLanguage\":\"fr-FR\",\"@id\":\"https:\/\/www.africa-press.net\/senegal\/sports\/le-fc-barcelone-soffre-officiellement-une-pepite-malienne#primaryimage\",\"url\":\"https:\/\/static.africa-press.net\/senegal\/sites\/13\/2024\/12\/sm_1734470757.437308.jpg\",\"contentUrl\":\"https:\/\/static.africa-press.net\/senegal\/sites\/13\/2024\/12\/sm_1734470757.437308.jpg\",\"width\":720,\"height\":458,\"caption\":\"Le FC Barcelone S\u2019Offre Officiellement une P\u00e9pite Malienne\"},{\"@type\":\"BreadcrumbList\",\"@id\":\"https:\/\/www.africa-press.net\/senegal\/sports\/le-fc-barcelone-soffre-officiellement-une-pepite-malienne#breadcrumb\",\"itemListElement\":[{\"@type\":\"ListItem\",\"position\":1,\"name\":\"Accueil\",\"item\":\"https:\/\/www.africa-press.net\/senegal\/\"},{\"@type\":\"ListItem\",\"position\":2,\"name\":\"Le FC Barcelone S\u2019Offre Officiellement une P\u00e9pite Malienne\"}]},{\"@type\":\"WebSite\",\"@id\":\"https:\/\/www.africa-press.net\/senegal\/#website\",\"url\":\"https:\/\/www.africa-press.net\/senegal\/\",\"name\":\"Africa Press | Senegal | Homepage\",\"description\":\"Just another Africa News Agency Sites site\",\"potentialAction\":[{\"@type\":\"SearchAction\",\"target\":{\"@type\":\"EntryPoint\",\"urlTemplate\":\"https:\/\/www.africa-press.net\/senegal\/?s={search_term_string}\"},\"query-input\":{\"@type\":\"PropertyValueSpecification\",\"valueRequired\":true,\"valueName\":\"search_term_string\"}}],\"inLanguage\":\"fr-FR\"},{\"@type\":\"Person\",\"@id\":\"https:\/\/www.africa-press.net\/senegal\/#\/schema\/person\/2b1cf3cd81a31e3cd26889ca66d677f1\",\"name\":\"cfeditorfr\",\"url\":\"https:\/\/www.africa-press.net\/senegal\/author\/cfeditorfr\"}]}<\/script>\n<!-- \/ Yoast SEO Premium plugin. -->","yoast_head_json":{"title":"Le FC Barcelone S\u2019Offre Officiellement une P\u00e9pite Malienne - Senegal","description":"Le FC Barcelone continue de miser sur la jeunesse en recrutant Ibrahim Diarra, une e\u0301toile montante du football malie ...","robots":{"index":"index","follow":"follow","max-snippet":"max-snippet:-1","max-image-preview":"max-image-preview:large","max-video-preview":"max-video-preview:-1"},"canonical":"https:\/\/www.africa-press.net\/senegal\/sports\/le-fc-barcelone-soffre-officiellement-une-pepite-malienne","og_locale":"fr_FR","og_type":"article","og_title":"Le FC Barcelone S\u2019Offre Officiellement une P\u00e9pite Malienne","og_description":"Le FC Barcelone continue de miser sur la jeunesse en recrutant Ibrahim Diarra, une e\u0301toile montante du football malie ...","og_url":"https:\/\/www.africa-press.net\/senegal\/sports\/le-fc-barcelone-soffre-officiellement-une-pepite-malienne","og_site_name":"Senegal","article_published_time":"2024-12-17T18:46:23+00:00","article_modified_time":"2024-12-18T01:00:32+00:00","og_image":[{"width":720,"height":458,"url":"https:\/\/static.africa-press.net\/senegal\/sites\/13\/2024\/12\/sm_1734470757.437308.jpg","type":"image\/jpeg"}],"author":"cfeditorfr","twitter_card":"summary_large_image","twitter_misc":{"\u00c9crit par":"cfeditorfr","Dur\u00e9e de lecture estim\u00e9e":"1 minute"},"schema":{"@context":"https:\/\/schema.org","@graph":[{"@type":"Article","@id":"https:\/\/www.africa-press.net\/senegal\/sports\/le-fc-barcelone-soffre-officiellement-une-pepite-malienne#article","isPartOf":{"@id":"https:\/\/www.africa-press.net\/senegal\/sports\/le-fc-barcelone-soffre-officiellement-une-pepite-malienne"},"author":{"name":"cfeditorfr","@id":"https:\/\/www.africa-press.net\/senegal\/#\/schema\/person\/2b1cf3cd81a31e3cd26889ca66d677f1"},"headline":"Le FC Barcelone S\u2019Offre Officiellement une P\u00e9pite Malienne","datePublished":"2024-12-17T18:46:23+00:00","dateModified":"2024-12-18T01:00:32+00:00","mainEntityOfPage":{"@id":"https:\/\/www.africa-press.net\/senegal\/sports\/le-fc-barcelone-soffre-officiellement-une-pepite-malienne"},"wordCount":141,"commentCount":0,"image":{"@id":"https:\/\/www.africa-press.net\/senegal\/sports\/le-fc-barcelone-soffre-officiellement-une-pepite-malienne#primaryimage"},"thumbnailUrl":"https:\/\/static.africa-press.net\/senegal\/sites\/13\/2024\/12\/sm_1734470757.437308.jpg","keywords":["Senegal"],"articleSection":["Sports","Toutes les actualit\u00e9s"],"inLanguage":"fr-FR","potentialAction":[{"@type":"CommentAction","name":"Comment","target":["https:\/\/www.africa-press.net\/senegal\/sports\/le-fc-barcelone-soffre-officiellement-une-pepite-malienne#respond"]}]},{"@type":"WebPage","@id":"https:\/\/www.africa-press.net\/senegal\/sports\/le-fc-barcelone-soffre-officiellement-une-pepite-malienne","url":"https:\/\/www.africa-press.net\/senegal\/sports\/le-fc-barcelone-soffre-officiellement-une-pepite-malienne","name":"Le FC Barcelone S\u2019Offre Officiellement une P\u00e9pite Malienne - Senegal","isPartOf":{"@id":"https:\/\/www.africa-press.net\/senegal\/#website"},"primaryImageOfPage":{"@id":"https:\/\/www.africa-press.net\/senegal\/sports\/le-fc-barcelone-soffre-officiellement-une-pepite-malienne#primaryimage"},"image":{"@id":"https:\/\/www.africa-press.net\/senegal\/sports\/le-fc-barcelone-soffre-officiellement-une-pepite-malienne#primaryimage"},"thumbnailUrl":"https:\/\/static.africa-press.net\/senegal\/sites\/13\/2024\/12\/sm_1734470757.437308.jpg","datePublished":"2024-12-17T18:46:23+00:00","dateModified":"2024-12-18T01:00:32+00:00","author":{"@id":"https:\/\/www.africa-press.net\/senegal\/#\/schema\/person\/2b1cf3cd81a31e3cd26889ca66d677f1"},"description":"Le FC Barcelone continue de miser sur la jeunesse en recrutant Ibrahim Diarra, une e\u0301toile montante du football malie ...","breadcrumb":{"@id":"https:\/\/www.africa-press.net\/senegal\/sports\/le-fc-barcelone-soffre-officiellement-une-pepite-malienne#breadcrumb"},"inLanguage":"fr-FR","potentialAction":[{"@type":"ReadAction","target":["https:\/\/www.africa-press.net\/senegal\/sports\/le-fc-barcelone-soffre-officiellement-une-pepite-malienne"]}]},{"@type":"ImageObject","inLanguage":"fr-FR","@id":"https:\/\/www.africa-press.net\/senegal\/sports\/le-fc-barcelone-soffre-officiellement-une-pepite-malienne#primaryimage","url":"https:\/\/static.africa-press.net\/senegal\/sites\/13\/2024\/12\/sm_1734470757.437308.jpg","contentUrl":"https:\/\/static.africa-press.net\/senegal\/sites\/13\/2024\/12\/sm_1734470757.437308.jpg","width":720,"height":458,"caption":"Le FC Barcelone S\u2019Offre Officiellement une P\u00e9pite Malienne"},{"@type":"BreadcrumbList","@id":"https:\/\/www.africa-press.net\/senegal\/sports\/le-fc-barcelone-soffre-officiellement-une-pepite-malienne#breadcrumb","itemListElement":[{"@type":"ListItem","position":1,"name":"Accueil","item":"https:\/\/www.africa-press.net\/senegal\/"},{"@type":"ListItem","position":2,"name":"Le FC Barcelone S\u2019Offre Officiellement une P\u00e9pite Malienne"}]},{"@type":"WebSite","@id":"https:\/\/www.africa-press.net\/senegal\/#website","url":"https:\/\/www.africa-press.net\/senegal\/","name":"Africa Press | Senegal | Homepage","description":"Just another Africa News Agency Sites site","potentialAction":[{"@type":"SearchAction","target":{"@type":"EntryPoint","urlTemplate":"https:\/\/www.africa-press.net\/senegal\/?s={search_term_string}"},"query-input":{"@type":"PropertyValueSpecification","valueRequired":true,"valueName":"search_term_string"}}],"inLanguage":"fr-FR"},{"@type":"Person","@id":"https:\/\/www.africa-press.net\/senegal\/#\/schema\/person\/2b1cf3cd81a31e3cd26889ca66d677f1","name":"cfeditorfr","url":"https:\/\/www.africa-press.net\/senegal\/author\/cfeditorfr"}]}},"_links":{"self":[{"href":"https:\/\/www.africa-press.net\/senegal\/wp-json\/wp\/v2\/posts\/63883","targetHints":{"allow":["GET"]}}],"collection":[{"href":"https:\/\/www.africa-press.net\/senegal\/wp-json\/wp\/v2\/posts"}],"about":[{"href":"https:\/\/www.africa-press.net\/senegal\/wp-json\/wp\/v2\/types\/post"}],"author":[{"embeddable":true,"href":"https:\/\/www.africa-press.net\/senegal\/wp-json\/wp\/v2\/users\/82"}],"replies":[{"embeddable":true,"href":"https:\/\/www.africa-press.net\/senegal\/wp-json\/wp\/v2\/comments?post=63883"}],"version-history":[{"count":0,"href":"https:\/\/www.africa-press.net\/senegal\/wp-json\/wp\/v2\/posts\/63883\/revisions"}],"wp:featuredmedia":[{"embeddable":true,"href":"https:\/\/www.africa-press.net\/senegal\/wp-json\/wp\/v2\/media\/63882"}],"wp:attachment":[{"href":"https:\/\/www.africa-press.net\/senegal\/wp-json\/wp\/v2\/media?parent=63883"}],"wp:term":[{"taxonomy":"category","embeddable":true,"href":"https:\/\/www.africa-press.net\/senegal\/wp-json\/wp\/v2\/categories?post=63883"},{"taxonomy":"post_tag","embeddable":true,"href":"https:\/\/www.africa-press.net\/senegal\/wp-json\/wp\/v2\/tags?post=63883"}],"curies":[{"name":"wp","href":"https:\/\/api.w.org\/{rel}","templated":true}]}}