{"id":63891,"date":"2024-12-17T20:12:41","date_gmt":"2024-12-17T20:12:41","guid":{"rendered":"https:\/\/www.africa-press.net\/senegal\/politique\/ogc-nice-issiaga-camara-pourrait-partir-cet-hiver"},"modified":"2024-12-18T01:07:12","modified_gmt":"2024-12-18T01:07:12","slug":"ogc-nice-issiaga-camara-pourrait-partir-cet-hiver","status":"publish","type":"post","link":"https:\/\/www.africa-press.net\/senegal\/sports\/ogc-nice-issiaga-camara-pourrait-partir-cet-hiver","title":{"rendered":"OGC Nice : Issiaga Camara Pourrait Partir cet Hiver"},"content":{"rendered":"<p><span style=\"color: #ff6600\"><strong>Africa-Press &#8211; Senegal. <\/strong><\/span>Issiaga Camara, l\u2019un des jeunes talents montants de l\u2019OGC Nice, pourrait faire ses valises lors du prochain mercato hivernal.<\/p>\n<p>Arrive\u0301 en France a\u0300 l\u2019a\u0302ge de 12 ans, le milieu de terrain guine\u0301en a signe\u0301 son premier contrat professionnel avec les Aiglons en aou\u0302t 2024.<\/p>\n<p>Depuis le de\u0301but de la saison, il a de\u0301ja\u0300 dispute\u0301 sept matchs toutes compe\u0301titions confondues, prouvant son potentiel. Cependant, un pre\u0302t semble de\u0301sormais envisage\u0301 par le club nic\u0327ois pour lui permettre d\u2019obtenir davantage de temps de jeu.<\/p>\n<p>Plusieurs formations, en France, en Belgique et en Suisse, ont de\u0301ja\u0300 manifeste\u0301 leur inte\u0301re\u0302t pour Issiaga Camara. L\u2019ex se\u0301lectionneur de la Guine\u0301e, Kaba Diawara, a d\u2019ailleurs salue\u0301 ses qualite\u0301s en le comparant a\u0300 N\u2019Golo Kante\u0301.<\/p>\n<p><strong>Pour plus d&rsquo;informations et d&rsquo;analyses sur la <span style=\"color: #ff6600\">Senegal<\/span>, suivez <span style=\"color: #ff6600\">Africa-Press<\/span><\/strong><\/p>\n","protected":false},"excerpt":{"rendered":"<p>Africa-Press &#8211; Senegal. Issiaga Camara, l\u2019un des jeunes talents montants de l\u2019OGC Nice, pourrait faire ses valises lors du prochain mercato hivernal. Arrive\u0301 en France a\u0300 l\u2019a\u0302ge de 12 ans, le milieu de terrain guine\u0301en a signe\u0301 son premier contrat professionnel avec les Aiglons en aou\u0302t 2024. Depuis le de\u0301but de la saison, il a [&hellip;]<\/p>\n","protected":false},"author":82,"featured_media":63890,"comment_status":"open","ping_status":"closed","sticky":false,"template":"","format":"standard","meta":{"footnotes":""},"categories":[6,10],"tags":[44],"class_list":["post-63891","post","type-post","status-publish","format-standard","has-post-thumbnail","hentry","category-sports","category-toutes-les-actualites","tag-senegal-2"],"yoast_head":"<!-- This site is optimized with the Yoast SEO Premium plugin v26.1 (Yoast SEO v27.0) - https:\/\/yoast.com\/product\/yoast-seo-premium-wordpress\/ -->\n<title>OGC Nice : Issiaga Camara Pourrait Partir cet Hiver - Senegal<\/title>\n<meta name=\"description\" content=\"Issiaga Camara, l\u2019un des jeunes talents montants de l\u2019OGC Nice, pourrait faire ses valises lors du prochain mercato hive ...\" \/>\n<meta name=\"robots\" content=\"index, follow, max-snippet:-1, max-image-preview:large, max-video-preview:-1\" \/>\n<link rel=\"canonical\" href=\"https:\/\/www.africa-press.net\/senegal\/sports\/ogc-nice-issiaga-camara-pourrait-partir-cet-hiver\" \/>\n<meta property=\"og:locale\" content=\"fr_FR\" \/>\n<meta property=\"og:type\" content=\"article\" \/>\n<meta property=\"og:title\" content=\"OGC Nice : Issiaga Camara Pourrait Partir cet Hiver\" \/>\n<meta property=\"og:description\" content=\"Issiaga Camara, l\u2019un des jeunes talents montants de l\u2019OGC Nice, pourrait faire ses valises lors du prochain mercato hive ...\" \/>\n<meta property=\"og:url\" content=\"https:\/\/www.africa-press.net\/senegal\/sports\/ogc-nice-issiaga-camara-pourrait-partir-cet-hiver\" \/>\n<meta property=\"og:site_name\" content=\"Senegal\" \/>\n<meta property=\"article:published_time\" content=\"2024-12-17T20:12:41+00:00\" \/>\n<meta property=\"article:modified_time\" content=\"2024-12-18T01:07:12+00:00\" \/>\n<meta property=\"og:image\" content=\"https:\/\/static.africa-press.net\/senegal\/sites\/13\/2024\/12\/sm_1734471013.52392.jpg\" \/>\n\t<meta property=\"og:image:width\" content=\"946\" \/>\n\t<meta property=\"og:image:height\" content=\"666\" \/>\n\t<meta property=\"og:image:type\" content=\"image\/jpeg\" \/>\n<meta name=\"author\" content=\"cfeditorfr\" \/>\n<meta name=\"twitter:card\" content=\"summary_large_image\" \/>\n<meta name=\"twitter:label1\" content=\"\u00c9crit par\" \/>\n\t<meta name=\"twitter:data1\" content=\"cfeditorfr\" \/>\n\t<meta name=\"twitter:label2\" content=\"Dur\u00e9e de lecture estim\u00e9e\" \/>\n\t<meta name=\"twitter:data2\" content=\"1 minute\" \/>\n<script type=\"application\/ld+json\" class=\"yoast-schema-graph\">{\"@context\":\"https:\/\/schema.org\",\"@graph\":[{\"@type\":\"Article\",\"@id\":\"https:\/\/www.africa-press.net\/senegal\/sports\/ogc-nice-issiaga-camara-pourrait-partir-cet-hiver#article\",\"isPartOf\":{\"@id\":\"https:\/\/www.africa-press.net\/senegal\/sports\/ogc-nice-issiaga-camara-pourrait-partir-cet-hiver\"},\"author\":{\"name\":\"cfeditorfr\",\"@id\":\"https:\/\/www.africa-press.net\/senegal\/#\/schema\/person\/2b1cf3cd81a31e3cd26889ca66d677f1\"},\"headline\":\"OGC Nice : Issiaga Camara Pourrait Partir cet Hiver\",\"datePublished\":\"2024-12-17T20:12:41+00:00\",\"dateModified\":\"2024-12-18T01:07:12+00:00\",\"mainEntityOfPage\":{\"@id\":\"https:\/\/www.africa-press.net\/senegal\/sports\/ogc-nice-issiaga-camara-pourrait-partir-cet-hiver\"},\"wordCount\":159,\"commentCount\":0,\"image\":{\"@id\":\"https:\/\/www.africa-press.net\/senegal\/sports\/ogc-nice-issiaga-camara-pourrait-partir-cet-hiver#primaryimage\"},\"thumbnailUrl\":\"https:\/\/static.africa-press.net\/senegal\/sites\/13\/2024\/12\/sm_1734471013.52392.jpg\",\"keywords\":[\"Senegal\"],\"articleSection\":[\"Sports\",\"Toutes les actualit\u00e9s\"],\"inLanguage\":\"fr-FR\",\"potentialAction\":[{\"@type\":\"CommentAction\",\"name\":\"Comment\",\"target\":[\"https:\/\/www.africa-press.net\/senegal\/sports\/ogc-nice-issiaga-camara-pourrait-partir-cet-hiver#respond\"]}]},{\"@type\":\"WebPage\",\"@id\":\"https:\/\/www.africa-press.net\/senegal\/sports\/ogc-nice-issiaga-camara-pourrait-partir-cet-hiver\",\"url\":\"https:\/\/www.africa-press.net\/senegal\/sports\/ogc-nice-issiaga-camara-pourrait-partir-cet-hiver\",\"name\":\"OGC Nice : Issiaga Camara Pourrait Partir cet Hiver - Senegal\",\"isPartOf\":{\"@id\":\"https:\/\/www.africa-press.net\/senegal\/#website\"},\"primaryImageOfPage\":{\"@id\":\"https:\/\/www.africa-press.net\/senegal\/sports\/ogc-nice-issiaga-camara-pourrait-partir-cet-hiver#primaryimage\"},\"image\":{\"@id\":\"https:\/\/www.africa-press.net\/senegal\/sports\/ogc-nice-issiaga-camara-pourrait-partir-cet-hiver#primaryimage\"},\"thumbnailUrl\":\"https:\/\/static.africa-press.net\/senegal\/sites\/13\/2024\/12\/sm_1734471013.52392.jpg\",\"datePublished\":\"2024-12-17T20:12:41+00:00\",\"dateModified\":\"2024-12-18T01:07:12+00:00\",\"author\":{\"@id\":\"https:\/\/www.africa-press.net\/senegal\/#\/schema\/person\/2b1cf3cd81a31e3cd26889ca66d677f1\"},\"description\":\"Issiaga Camara, l\u2019un des jeunes talents montants de l\u2019OGC Nice, pourrait faire ses valises lors du prochain mercato hive ...\",\"breadcrumb\":{\"@id\":\"https:\/\/www.africa-press.net\/senegal\/sports\/ogc-nice-issiaga-camara-pourrait-partir-cet-hiver#breadcrumb\"},\"inLanguage\":\"fr-FR\",\"potentialAction\":[{\"@type\":\"ReadAction\",\"target\":[\"https:\/\/www.africa-press.net\/senegal\/sports\/ogc-nice-issiaga-camara-pourrait-partir-cet-hiver\"]}]},{\"@type\":\"ImageObject\",\"inLanguage\":\"fr-FR\",\"@id\":\"https:\/\/www.africa-press.net\/senegal\/sports\/ogc-nice-issiaga-camara-pourrait-partir-cet-hiver#primaryimage\",\"url\":\"https:\/\/static.africa-press.net\/senegal\/sites\/13\/2024\/12\/sm_1734471013.52392.jpg\",\"contentUrl\":\"https:\/\/static.africa-press.net\/senegal\/sites\/13\/2024\/12\/sm_1734471013.52392.jpg\",\"width\":946,\"height\":666,\"caption\":\"OGC Nice : Issiaga Camara Pourrait Partir cet Hiver\"},{\"@type\":\"BreadcrumbList\",\"@id\":\"https:\/\/www.africa-press.net\/senegal\/sports\/ogc-nice-issiaga-camara-pourrait-partir-cet-hiver#breadcrumb\",\"itemListElement\":[{\"@type\":\"ListItem\",\"position\":1,\"name\":\"Accueil\",\"item\":\"https:\/\/www.africa-press.net\/senegal\/\"},{\"@type\":\"ListItem\",\"position\":2,\"name\":\"OGC Nice : Issiaga Camara Pourrait Partir cet Hiver\"}]},{\"@type\":\"WebSite\",\"@id\":\"https:\/\/www.africa-press.net\/senegal\/#website\",\"url\":\"https:\/\/www.africa-press.net\/senegal\/\",\"name\":\"Africa Press | Senegal | Homepage\",\"description\":\"Just another Africa News Agency Sites site\",\"potentialAction\":[{\"@type\":\"SearchAction\",\"target\":{\"@type\":\"EntryPoint\",\"urlTemplate\":\"https:\/\/www.africa-press.net\/senegal\/?s={search_term_string}\"},\"query-input\":{\"@type\":\"PropertyValueSpecification\",\"valueRequired\":true,\"valueName\":\"search_term_string\"}}],\"inLanguage\":\"fr-FR\"},{\"@type\":\"Person\",\"@id\":\"https:\/\/www.africa-press.net\/senegal\/#\/schema\/person\/2b1cf3cd81a31e3cd26889ca66d677f1\",\"name\":\"cfeditorfr\",\"url\":\"https:\/\/www.africa-press.net\/senegal\/author\/cfeditorfr\"}]}<\/script>\n<!-- \/ Yoast SEO Premium plugin. -->","yoast_head_json":{"title":"OGC Nice : Issiaga Camara Pourrait Partir cet Hiver - Senegal","description":"Issiaga Camara, l\u2019un des jeunes talents montants de l\u2019OGC Nice, pourrait faire ses valises lors du prochain mercato hive ...","robots":{"index":"index","follow":"follow","max-snippet":"max-snippet:-1","max-image-preview":"max-image-preview:large","max-video-preview":"max-video-preview:-1"},"canonical":"https:\/\/www.africa-press.net\/senegal\/sports\/ogc-nice-issiaga-camara-pourrait-partir-cet-hiver","og_locale":"fr_FR","og_type":"article","og_title":"OGC Nice : Issiaga Camara Pourrait Partir cet Hiver","og_description":"Issiaga Camara, l\u2019un des jeunes talents montants de l\u2019OGC Nice, pourrait faire ses valises lors du prochain mercato hive ...","og_url":"https:\/\/www.africa-press.net\/senegal\/sports\/ogc-nice-issiaga-camara-pourrait-partir-cet-hiver","og_site_name":"Senegal","article_published_time":"2024-12-17T20:12:41+00:00","article_modified_time":"2024-12-18T01:07:12+00:00","og_image":[{"width":946,"height":666,"url":"https:\/\/static.africa-press.net\/senegal\/sites\/13\/2024\/12\/sm_1734471013.52392.jpg","type":"image\/jpeg"}],"author":"cfeditorfr","twitter_card":"summary_large_image","twitter_misc":{"\u00c9crit par":"cfeditorfr","Dur\u00e9e de lecture estim\u00e9e":"1 minute"},"schema":{"@context":"https:\/\/schema.org","@graph":[{"@type":"Article","@id":"https:\/\/www.africa-press.net\/senegal\/sports\/ogc-nice-issiaga-camara-pourrait-partir-cet-hiver#article","isPartOf":{"@id":"https:\/\/www.africa-press.net\/senegal\/sports\/ogc-nice-issiaga-camara-pourrait-partir-cet-hiver"},"author":{"name":"cfeditorfr","@id":"https:\/\/www.africa-press.net\/senegal\/#\/schema\/person\/2b1cf3cd81a31e3cd26889ca66d677f1"},"headline":"OGC Nice : Issiaga Camara Pourrait Partir cet Hiver","datePublished":"2024-12-17T20:12:41+00:00","dateModified":"2024-12-18T01:07:12+00:00","mainEntityOfPage":{"@id":"https:\/\/www.africa-press.net\/senegal\/sports\/ogc-nice-issiaga-camara-pourrait-partir-cet-hiver"},"wordCount":159,"commentCount":0,"image":{"@id":"https:\/\/www.africa-press.net\/senegal\/sports\/ogc-nice-issiaga-camara-pourrait-partir-cet-hiver#primaryimage"},"thumbnailUrl":"https:\/\/static.africa-press.net\/senegal\/sites\/13\/2024\/12\/sm_1734471013.52392.jpg","keywords":["Senegal"],"articleSection":["Sports","Toutes les actualit\u00e9s"],"inLanguage":"fr-FR","potentialAction":[{"@type":"CommentAction","name":"Comment","target":["https:\/\/www.africa-press.net\/senegal\/sports\/ogc-nice-issiaga-camara-pourrait-partir-cet-hiver#respond"]}]},{"@type":"WebPage","@id":"https:\/\/www.africa-press.net\/senegal\/sports\/ogc-nice-issiaga-camara-pourrait-partir-cet-hiver","url":"https:\/\/www.africa-press.net\/senegal\/sports\/ogc-nice-issiaga-camara-pourrait-partir-cet-hiver","name":"OGC Nice : Issiaga Camara Pourrait Partir cet Hiver - Senegal","isPartOf":{"@id":"https:\/\/www.africa-press.net\/senegal\/#website"},"primaryImageOfPage":{"@id":"https:\/\/www.africa-press.net\/senegal\/sports\/ogc-nice-issiaga-camara-pourrait-partir-cet-hiver#primaryimage"},"image":{"@id":"https:\/\/www.africa-press.net\/senegal\/sports\/ogc-nice-issiaga-camara-pourrait-partir-cet-hiver#primaryimage"},"thumbnailUrl":"https:\/\/static.africa-press.net\/senegal\/sites\/13\/2024\/12\/sm_1734471013.52392.jpg","datePublished":"2024-12-17T20:12:41+00:00","dateModified":"2024-12-18T01:07:12+00:00","author":{"@id":"https:\/\/www.africa-press.net\/senegal\/#\/schema\/person\/2b1cf3cd81a31e3cd26889ca66d677f1"},"description":"Issiaga Camara, l\u2019un des jeunes talents montants de l\u2019OGC Nice, pourrait faire ses valises lors du prochain mercato hive ...","breadcrumb":{"@id":"https:\/\/www.africa-press.net\/senegal\/sports\/ogc-nice-issiaga-camara-pourrait-partir-cet-hiver#breadcrumb"},"inLanguage":"fr-FR","potentialAction":[{"@type":"ReadAction","target":["https:\/\/www.africa-press.net\/senegal\/sports\/ogc-nice-issiaga-camara-pourrait-partir-cet-hiver"]}]},{"@type":"ImageObject","inLanguage":"fr-FR","@id":"https:\/\/www.africa-press.net\/senegal\/sports\/ogc-nice-issiaga-camara-pourrait-partir-cet-hiver#primaryimage","url":"https:\/\/static.africa-press.net\/senegal\/sites\/13\/2024\/12\/sm_1734471013.52392.jpg","contentUrl":"https:\/\/static.africa-press.net\/senegal\/sites\/13\/2024\/12\/sm_1734471013.52392.jpg","width":946,"height":666,"caption":"OGC Nice : Issiaga Camara Pourrait Partir cet Hiver"},{"@type":"BreadcrumbList","@id":"https:\/\/www.africa-press.net\/senegal\/sports\/ogc-nice-issiaga-camara-pourrait-partir-cet-hiver#breadcrumb","itemListElement":[{"@type":"ListItem","position":1,"name":"Accueil","item":"https:\/\/www.africa-press.net\/senegal\/"},{"@type":"ListItem","position":2,"name":"OGC Nice : Issiaga Camara Pourrait Partir cet Hiver"}]},{"@type":"WebSite","@id":"https:\/\/www.africa-press.net\/senegal\/#website","url":"https:\/\/www.africa-press.net\/senegal\/","name":"Africa Press | Senegal | Homepage","description":"Just another Africa News Agency Sites site","potentialAction":[{"@type":"SearchAction","target":{"@type":"EntryPoint","urlTemplate":"https:\/\/www.africa-press.net\/senegal\/?s={search_term_string}"},"query-input":{"@type":"PropertyValueSpecification","valueRequired":true,"valueName":"search_term_string"}}],"inLanguage":"fr-FR"},{"@type":"Person","@id":"https:\/\/www.africa-press.net\/senegal\/#\/schema\/person\/2b1cf3cd81a31e3cd26889ca66d677f1","name":"cfeditorfr","url":"https:\/\/www.africa-press.net\/senegal\/author\/cfeditorfr"}]}},"_links":{"self":[{"href":"https:\/\/www.africa-press.net\/senegal\/wp-json\/wp\/v2\/posts\/63891","targetHints":{"allow":["GET"]}}],"collection":[{"href":"https:\/\/www.africa-press.net\/senegal\/wp-json\/wp\/v2\/posts"}],"about":[{"href":"https:\/\/www.africa-press.net\/senegal\/wp-json\/wp\/v2\/types\/post"}],"author":[{"embeddable":true,"href":"https:\/\/www.africa-press.net\/senegal\/wp-json\/wp\/v2\/users\/82"}],"replies":[{"embeddable":true,"href":"https:\/\/www.africa-press.net\/senegal\/wp-json\/wp\/v2\/comments?post=63891"}],"version-history":[{"count":0,"href":"https:\/\/www.africa-press.net\/senegal\/wp-json\/wp\/v2\/posts\/63891\/revisions"}],"wp:featuredmedia":[{"embeddable":true,"href":"https:\/\/www.africa-press.net\/senegal\/wp-json\/wp\/v2\/media\/63890"}],"wp:attachment":[{"href":"https:\/\/www.africa-press.net\/senegal\/wp-json\/wp\/v2\/media?parent=63891"}],"wp:term":[{"taxonomy":"category","embeddable":true,"href":"https:\/\/www.africa-press.net\/senegal\/wp-json\/wp\/v2\/categories?post=63891"},{"taxonomy":"post_tag","embeddable":true,"href":"https:\/\/www.africa-press.net\/senegal\/wp-json\/wp\/v2\/tags?post=63891"}],"curies":[{"name":"wp","href":"https:\/\/api.w.org\/{rel}","templated":true}]}}