{"id":63897,"date":"2024-12-17T21:11:53","date_gmt":"2024-12-17T21:11:53","guid":{"rendered":"https:\/\/www.africa-press.net\/senegal\/politique\/crystal-palace-ismaila-sarr-voit-grand-objectif-ligue-des-champions"},"modified":"2024-12-18T01:11:37","modified_gmt":"2024-12-18T01:11:37","slug":"crystal-palace-ismaila-sarr-voit-grand-objectif-ligue-des-champions","status":"publish","type":"post","link":"https:\/\/www.africa-press.net\/senegal\/sports\/crystal-palace-ismaila-sarr-voit-grand-objectif-ligue-des-champions","title":{"rendered":"Crystal Palace : Isma\u00efla Sarr Voit Grand, Objectif Ligue des Champions"},"content":{"rendered":"<p><span style=\"color: #ff6600\"><strong>Africa-Press &#8211; Senegal. <\/strong><\/span>Apre\u0300s avoir signe\u0301 avec Crystal Palace cet e\u0301te\u0301, Ismai\u0308la Sarr affiche une grande de\u0301termination pour l\u2019avenir. L\u2019attaquant se\u0301ne\u0301galais, qui a de\u0301ja\u0300 gou\u0302te\u0301 aux compe\u0301titions europe\u0301ennes avec Rennes, n\u2019a jamais eu l\u2019opportunite\u0301 de jouer en Ligue des Champions.<\/p>\n<p>Dans une re\u0301cente interview a\u0300 l\u2019APS, Sarr a exprime\u0301 son de\u0301sir de franchir ce cap.<\/p>\n<p>\u00ab Je suis venu a\u0300 Crystal Palace avec l\u2019ambition de hisser le club le plus haut possible au classement. Comme vous le savez, je n\u2019ai encore jamais dispute\u0301 la Ligue des Champions. J\u2019ai de\u0301ja\u0300 joue\u0301 la Ligue Europa, mais la Ligue des Champions reste mon plus grand re\u0302ve, car je pense me\u0301riter d\u2019y jouer. Je donnerai tout pour re\u0301aliser ce re\u0302ve \u00bb, a-t-il de\u0301clare\u0301.<\/p>\n<p>Son re\u0301cent double\u0301 contre Brighton montre qu\u2019il est en pleine forme, et avec cette nouvelle confiance, l\u2019international se\u0301ne\u0301galais espe\u0300re aider son club a\u0300 atteindre ses ambitions et a\u0300 de\u0301crocher une place en C1.<\/p>\n<p>Mais le chemin est encore tre\u0300s loin, puisque Crystal Palace est actuellement 15e de Premier League et aura toutes les difficulte\u0301s du monde a\u0300 e\u0302tre dans le big four a\u0300 la fin de la saison.<\/p>\n<p><strong>Pour plus d&rsquo;informations et d&rsquo;analyses sur la <span style=\"color: #ff6600\">Senegal<\/span>, suivez <span style=\"color: #ff6600\">Africa-Press<\/span><\/strong><\/p>\n","protected":false},"excerpt":{"rendered":"<p>Africa-Press &#8211; Senegal. Apre\u0300s avoir signe\u0301 avec Crystal Palace cet e\u0301te\u0301, Ismai\u0308la Sarr affiche une grande de\u0301termination pour l\u2019avenir. L\u2019attaquant se\u0301ne\u0301galais, qui a de\u0301ja\u0300 gou\u0302te\u0301 aux compe\u0301titions europe\u0301ennes avec Rennes, n\u2019a jamais eu l\u2019opportunite\u0301 de jouer en Ligue des Champions. Dans une re\u0301cente interview a\u0300 l\u2019APS, Sarr a exprime\u0301 son de\u0301sir de franchir ce cap. [&hellip;]<\/p>\n","protected":false},"author":82,"featured_media":63896,"comment_status":"open","ping_status":"closed","sticky":false,"template":"","format":"standard","meta":{"footnotes":""},"categories":[6,10],"tags":[44],"class_list":["post-63897","post","type-post","status-publish","format-standard","has-post-thumbnail","hentry","category-sports","category-toutes-les-actualites","tag-senegal-2"],"yoast_head":"<!-- This site is optimized with the Yoast SEO Premium plugin v26.1 (Yoast SEO v27.0) - https:\/\/yoast.com\/product\/yoast-seo-premium-wordpress\/ -->\n<title>Crystal Palace : Isma\u00efla Sarr Voit Grand, Objectif Ligue des Champions - Senegal<\/title>\n<meta name=\"description\" content=\"Apre\u0300s avoir signe\u0301 avec Crystal Palace cet e\u0301te\u0301, Ismai\u0308la Sarr affiche une grande de\u0301termination pour l\u2019avenir. L\u2019atta ...\" \/>\n<meta name=\"robots\" content=\"index, follow, max-snippet:-1, max-image-preview:large, max-video-preview:-1\" \/>\n<link rel=\"canonical\" href=\"https:\/\/www.africa-press.net\/senegal\/sports\/crystal-palace-ismaila-sarr-voit-grand-objectif-ligue-des-champions\" \/>\n<meta property=\"og:locale\" content=\"fr_FR\" \/>\n<meta property=\"og:type\" content=\"article\" \/>\n<meta property=\"og:title\" content=\"Crystal Palace : Isma\u00efla Sarr Voit Grand, Objectif Ligue des Champions\" \/>\n<meta property=\"og:description\" content=\"Apre\u0300s avoir signe\u0301 avec Crystal Palace cet e\u0301te\u0301, Ismai\u0308la Sarr affiche une grande de\u0301termination pour l\u2019avenir. L\u2019atta ...\" \/>\n<meta property=\"og:url\" content=\"https:\/\/www.africa-press.net\/senegal\/sports\/crystal-palace-ismaila-sarr-voit-grand-objectif-ligue-des-champions\" \/>\n<meta property=\"og:site_name\" content=\"Senegal\" \/>\n<meta property=\"article:published_time\" content=\"2024-12-17T21:11:53+00:00\" \/>\n<meta property=\"article:modified_time\" content=\"2024-12-18T01:11:37+00:00\" \/>\n<meta property=\"og:image\" content=\"https:\/\/static.africa-press.net\/senegal\/sites\/13\/2024\/12\/sm_1734471199.626606.jpg\" \/>\n\t<meta property=\"og:image:width\" content=\"1024\" \/>\n\t<meta property=\"og:image:height\" content=\"724\" \/>\n\t<meta property=\"og:image:type\" content=\"image\/jpeg\" \/>\n<meta name=\"author\" content=\"cfeditorfr\" \/>\n<meta name=\"twitter:card\" content=\"summary_large_image\" \/>\n<meta name=\"twitter:label1\" content=\"\u00c9crit par\" \/>\n\t<meta name=\"twitter:data1\" content=\"cfeditorfr\" \/>\n\t<meta name=\"twitter:label2\" content=\"Dur\u00e9e de lecture estim\u00e9e\" \/>\n\t<meta name=\"twitter:data2\" content=\"2 minutes\" \/>\n<script type=\"application\/ld+json\" class=\"yoast-schema-graph\">{\"@context\":\"https:\/\/schema.org\",\"@graph\":[{\"@type\":\"Article\",\"@id\":\"https:\/\/www.africa-press.net\/senegal\/sports\/crystal-palace-ismaila-sarr-voit-grand-objectif-ligue-des-champions#article\",\"isPartOf\":{\"@id\":\"https:\/\/www.africa-press.net\/senegal\/sports\/crystal-palace-ismaila-sarr-voit-grand-objectif-ligue-des-champions\"},\"author\":{\"name\":\"cfeditorfr\",\"@id\":\"https:\/\/www.africa-press.net\/senegal\/#\/schema\/person\/2b1cf3cd81a31e3cd26889ca66d677f1\"},\"headline\":\"Crystal Palace : Isma\u00efla Sarr Voit Grand, Objectif Ligue des Champions\",\"datePublished\":\"2024-12-17T21:11:53+00:00\",\"dateModified\":\"2024-12-18T01:11:37+00:00\",\"mainEntityOfPage\":{\"@id\":\"https:\/\/www.africa-press.net\/senegal\/sports\/crystal-palace-ismaila-sarr-voit-grand-objectif-ligue-des-champions\"},\"wordCount\":245,\"commentCount\":0,\"image\":{\"@id\":\"https:\/\/www.africa-press.net\/senegal\/sports\/crystal-palace-ismaila-sarr-voit-grand-objectif-ligue-des-champions#primaryimage\"},\"thumbnailUrl\":\"https:\/\/static.africa-press.net\/senegal\/sites\/13\/2024\/12\/sm_1734471199.626606.jpg\",\"keywords\":[\"Senegal\"],\"articleSection\":[\"Sports\",\"Toutes les actualit\u00e9s\"],\"inLanguage\":\"fr-FR\",\"potentialAction\":[{\"@type\":\"CommentAction\",\"name\":\"Comment\",\"target\":[\"https:\/\/www.africa-press.net\/senegal\/sports\/crystal-palace-ismaila-sarr-voit-grand-objectif-ligue-des-champions#respond\"]}]},{\"@type\":\"WebPage\",\"@id\":\"https:\/\/www.africa-press.net\/senegal\/sports\/crystal-palace-ismaila-sarr-voit-grand-objectif-ligue-des-champions\",\"url\":\"https:\/\/www.africa-press.net\/senegal\/sports\/crystal-palace-ismaila-sarr-voit-grand-objectif-ligue-des-champions\",\"name\":\"Crystal Palace : Isma\u00efla Sarr Voit Grand, Objectif Ligue des Champions - Senegal\",\"isPartOf\":{\"@id\":\"https:\/\/www.africa-press.net\/senegal\/#website\"},\"primaryImageOfPage\":{\"@id\":\"https:\/\/www.africa-press.net\/senegal\/sports\/crystal-palace-ismaila-sarr-voit-grand-objectif-ligue-des-champions#primaryimage\"},\"image\":{\"@id\":\"https:\/\/www.africa-press.net\/senegal\/sports\/crystal-palace-ismaila-sarr-voit-grand-objectif-ligue-des-champions#primaryimage\"},\"thumbnailUrl\":\"https:\/\/static.africa-press.net\/senegal\/sites\/13\/2024\/12\/sm_1734471199.626606.jpg\",\"datePublished\":\"2024-12-17T21:11:53+00:00\",\"dateModified\":\"2024-12-18T01:11:37+00:00\",\"author\":{\"@id\":\"https:\/\/www.africa-press.net\/senegal\/#\/schema\/person\/2b1cf3cd81a31e3cd26889ca66d677f1\"},\"description\":\"Apre\u0300s avoir signe\u0301 avec Crystal Palace cet e\u0301te\u0301, Ismai\u0308la Sarr affiche une grande de\u0301termination pour l\u2019avenir. L\u2019atta ...\",\"breadcrumb\":{\"@id\":\"https:\/\/www.africa-press.net\/senegal\/sports\/crystal-palace-ismaila-sarr-voit-grand-objectif-ligue-des-champions#breadcrumb\"},\"inLanguage\":\"fr-FR\",\"potentialAction\":[{\"@type\":\"ReadAction\",\"target\":[\"https:\/\/www.africa-press.net\/senegal\/sports\/crystal-palace-ismaila-sarr-voit-grand-objectif-ligue-des-champions\"]}]},{\"@type\":\"ImageObject\",\"inLanguage\":\"fr-FR\",\"@id\":\"https:\/\/www.africa-press.net\/senegal\/sports\/crystal-palace-ismaila-sarr-voit-grand-objectif-ligue-des-champions#primaryimage\",\"url\":\"https:\/\/static.africa-press.net\/senegal\/sites\/13\/2024\/12\/sm_1734471199.626606.jpg\",\"contentUrl\":\"https:\/\/static.africa-press.net\/senegal\/sites\/13\/2024\/12\/sm_1734471199.626606.jpg\",\"width\":1024,\"height\":724,\"caption\":\"Crystal Palace : Isma\u00efla Sarr Voit Grand, Objectif Ligue des Champions\"},{\"@type\":\"BreadcrumbList\",\"@id\":\"https:\/\/www.africa-press.net\/senegal\/sports\/crystal-palace-ismaila-sarr-voit-grand-objectif-ligue-des-champions#breadcrumb\",\"itemListElement\":[{\"@type\":\"ListItem\",\"position\":1,\"name\":\"Accueil\",\"item\":\"https:\/\/www.africa-press.net\/senegal\/\"},{\"@type\":\"ListItem\",\"position\":2,\"name\":\"Crystal Palace : Isma\u00efla Sarr Voit Grand, Objectif Ligue des Champions\"}]},{\"@type\":\"WebSite\",\"@id\":\"https:\/\/www.africa-press.net\/senegal\/#website\",\"url\":\"https:\/\/www.africa-press.net\/senegal\/\",\"name\":\"Africa Press | Senegal | Homepage\",\"description\":\"Just another Africa News Agency Sites site\",\"potentialAction\":[{\"@type\":\"SearchAction\",\"target\":{\"@type\":\"EntryPoint\",\"urlTemplate\":\"https:\/\/www.africa-press.net\/senegal\/?s={search_term_string}\"},\"query-input\":{\"@type\":\"PropertyValueSpecification\",\"valueRequired\":true,\"valueName\":\"search_term_string\"}}],\"inLanguage\":\"fr-FR\"},{\"@type\":\"Person\",\"@id\":\"https:\/\/www.africa-press.net\/senegal\/#\/schema\/person\/2b1cf3cd81a31e3cd26889ca66d677f1\",\"name\":\"cfeditorfr\",\"url\":\"https:\/\/www.africa-press.net\/senegal\/author\/cfeditorfr\"}]}<\/script>\n<!-- \/ Yoast SEO Premium plugin. -->","yoast_head_json":{"title":"Crystal Palace : Isma\u00efla Sarr Voit Grand, Objectif Ligue des Champions - Senegal","description":"Apre\u0300s avoir signe\u0301 avec Crystal Palace cet e\u0301te\u0301, Ismai\u0308la Sarr affiche une grande de\u0301termination pour l\u2019avenir. L\u2019atta ...","robots":{"index":"index","follow":"follow","max-snippet":"max-snippet:-1","max-image-preview":"max-image-preview:large","max-video-preview":"max-video-preview:-1"},"canonical":"https:\/\/www.africa-press.net\/senegal\/sports\/crystal-palace-ismaila-sarr-voit-grand-objectif-ligue-des-champions","og_locale":"fr_FR","og_type":"article","og_title":"Crystal Palace : Isma\u00efla Sarr Voit Grand, Objectif Ligue des Champions","og_description":"Apre\u0300s avoir signe\u0301 avec Crystal Palace cet e\u0301te\u0301, Ismai\u0308la Sarr affiche une grande de\u0301termination pour l\u2019avenir. L\u2019atta ...","og_url":"https:\/\/www.africa-press.net\/senegal\/sports\/crystal-palace-ismaila-sarr-voit-grand-objectif-ligue-des-champions","og_site_name":"Senegal","article_published_time":"2024-12-17T21:11:53+00:00","article_modified_time":"2024-12-18T01:11:37+00:00","og_image":[{"width":1024,"height":724,"url":"https:\/\/static.africa-press.net\/senegal\/sites\/13\/2024\/12\/sm_1734471199.626606.jpg","type":"image\/jpeg"}],"author":"cfeditorfr","twitter_card":"summary_large_image","twitter_misc":{"\u00c9crit par":"cfeditorfr","Dur\u00e9e de lecture estim\u00e9e":"2 minutes"},"schema":{"@context":"https:\/\/schema.org","@graph":[{"@type":"Article","@id":"https:\/\/www.africa-press.net\/senegal\/sports\/crystal-palace-ismaila-sarr-voit-grand-objectif-ligue-des-champions#article","isPartOf":{"@id":"https:\/\/www.africa-press.net\/senegal\/sports\/crystal-palace-ismaila-sarr-voit-grand-objectif-ligue-des-champions"},"author":{"name":"cfeditorfr","@id":"https:\/\/www.africa-press.net\/senegal\/#\/schema\/person\/2b1cf3cd81a31e3cd26889ca66d677f1"},"headline":"Crystal Palace : Isma\u00efla Sarr Voit Grand, Objectif Ligue des Champions","datePublished":"2024-12-17T21:11:53+00:00","dateModified":"2024-12-18T01:11:37+00:00","mainEntityOfPage":{"@id":"https:\/\/www.africa-press.net\/senegal\/sports\/crystal-palace-ismaila-sarr-voit-grand-objectif-ligue-des-champions"},"wordCount":245,"commentCount":0,"image":{"@id":"https:\/\/www.africa-press.net\/senegal\/sports\/crystal-palace-ismaila-sarr-voit-grand-objectif-ligue-des-champions#primaryimage"},"thumbnailUrl":"https:\/\/static.africa-press.net\/senegal\/sites\/13\/2024\/12\/sm_1734471199.626606.jpg","keywords":["Senegal"],"articleSection":["Sports","Toutes les actualit\u00e9s"],"inLanguage":"fr-FR","potentialAction":[{"@type":"CommentAction","name":"Comment","target":["https:\/\/www.africa-press.net\/senegal\/sports\/crystal-palace-ismaila-sarr-voit-grand-objectif-ligue-des-champions#respond"]}]},{"@type":"WebPage","@id":"https:\/\/www.africa-press.net\/senegal\/sports\/crystal-palace-ismaila-sarr-voit-grand-objectif-ligue-des-champions","url":"https:\/\/www.africa-press.net\/senegal\/sports\/crystal-palace-ismaila-sarr-voit-grand-objectif-ligue-des-champions","name":"Crystal Palace : Isma\u00efla Sarr Voit Grand, Objectif Ligue des Champions - Senegal","isPartOf":{"@id":"https:\/\/www.africa-press.net\/senegal\/#website"},"primaryImageOfPage":{"@id":"https:\/\/www.africa-press.net\/senegal\/sports\/crystal-palace-ismaila-sarr-voit-grand-objectif-ligue-des-champions#primaryimage"},"image":{"@id":"https:\/\/www.africa-press.net\/senegal\/sports\/crystal-palace-ismaila-sarr-voit-grand-objectif-ligue-des-champions#primaryimage"},"thumbnailUrl":"https:\/\/static.africa-press.net\/senegal\/sites\/13\/2024\/12\/sm_1734471199.626606.jpg","datePublished":"2024-12-17T21:11:53+00:00","dateModified":"2024-12-18T01:11:37+00:00","author":{"@id":"https:\/\/www.africa-press.net\/senegal\/#\/schema\/person\/2b1cf3cd81a31e3cd26889ca66d677f1"},"description":"Apre\u0300s avoir signe\u0301 avec Crystal Palace cet e\u0301te\u0301, Ismai\u0308la Sarr affiche une grande de\u0301termination pour l\u2019avenir. L\u2019atta ...","breadcrumb":{"@id":"https:\/\/www.africa-press.net\/senegal\/sports\/crystal-palace-ismaila-sarr-voit-grand-objectif-ligue-des-champions#breadcrumb"},"inLanguage":"fr-FR","potentialAction":[{"@type":"ReadAction","target":["https:\/\/www.africa-press.net\/senegal\/sports\/crystal-palace-ismaila-sarr-voit-grand-objectif-ligue-des-champions"]}]},{"@type":"ImageObject","inLanguage":"fr-FR","@id":"https:\/\/www.africa-press.net\/senegal\/sports\/crystal-palace-ismaila-sarr-voit-grand-objectif-ligue-des-champions#primaryimage","url":"https:\/\/static.africa-press.net\/senegal\/sites\/13\/2024\/12\/sm_1734471199.626606.jpg","contentUrl":"https:\/\/static.africa-press.net\/senegal\/sites\/13\/2024\/12\/sm_1734471199.626606.jpg","width":1024,"height":724,"caption":"Crystal Palace : Isma\u00efla Sarr Voit Grand, Objectif Ligue des Champions"},{"@type":"BreadcrumbList","@id":"https:\/\/www.africa-press.net\/senegal\/sports\/crystal-palace-ismaila-sarr-voit-grand-objectif-ligue-des-champions#breadcrumb","itemListElement":[{"@type":"ListItem","position":1,"name":"Accueil","item":"https:\/\/www.africa-press.net\/senegal\/"},{"@type":"ListItem","position":2,"name":"Crystal Palace : Isma\u00efla Sarr Voit Grand, Objectif Ligue des Champions"}]},{"@type":"WebSite","@id":"https:\/\/www.africa-press.net\/senegal\/#website","url":"https:\/\/www.africa-press.net\/senegal\/","name":"Africa Press | Senegal | Homepage","description":"Just another Africa News Agency Sites site","potentialAction":[{"@type":"SearchAction","target":{"@type":"EntryPoint","urlTemplate":"https:\/\/www.africa-press.net\/senegal\/?s={search_term_string}"},"query-input":{"@type":"PropertyValueSpecification","valueRequired":true,"valueName":"search_term_string"}}],"inLanguage":"fr-FR"},{"@type":"Person","@id":"https:\/\/www.africa-press.net\/senegal\/#\/schema\/person\/2b1cf3cd81a31e3cd26889ca66d677f1","name":"cfeditorfr","url":"https:\/\/www.africa-press.net\/senegal\/author\/cfeditorfr"}]}},"_links":{"self":[{"href":"https:\/\/www.africa-press.net\/senegal\/wp-json\/wp\/v2\/posts\/63897","targetHints":{"allow":["GET"]}}],"collection":[{"href":"https:\/\/www.africa-press.net\/senegal\/wp-json\/wp\/v2\/posts"}],"about":[{"href":"https:\/\/www.africa-press.net\/senegal\/wp-json\/wp\/v2\/types\/post"}],"author":[{"embeddable":true,"href":"https:\/\/www.africa-press.net\/senegal\/wp-json\/wp\/v2\/users\/82"}],"replies":[{"embeddable":true,"href":"https:\/\/www.africa-press.net\/senegal\/wp-json\/wp\/v2\/comments?post=63897"}],"version-history":[{"count":0,"href":"https:\/\/www.africa-press.net\/senegal\/wp-json\/wp\/v2\/posts\/63897\/revisions"}],"wp:featuredmedia":[{"embeddable":true,"href":"https:\/\/www.africa-press.net\/senegal\/wp-json\/wp\/v2\/media\/63896"}],"wp:attachment":[{"href":"https:\/\/www.africa-press.net\/senegal\/wp-json\/wp\/v2\/media?parent=63897"}],"wp:term":[{"taxonomy":"category","embeddable":true,"href":"https:\/\/www.africa-press.net\/senegal\/wp-json\/wp\/v2\/categories?post=63897"},{"taxonomy":"post_tag","embeddable":true,"href":"https:\/\/www.africa-press.net\/senegal\/wp-json\/wp\/v2\/tags?post=63897"}],"curies":[{"name":"wp","href":"https:\/\/api.w.org\/{rel}","templated":true}]}}