{"id":63921,"date":"2024-12-17T23:22:02","date_gmt":"2024-12-17T23:22:02","guid":{"rendered":"https:\/\/www.africa-press.net\/senegal\/politique\/salah-prolonge-a-liverpool-kun-aguero-calme-le-jeu"},"modified":"2024-12-18T01:16:06","modified_gmt":"2024-12-18T01:16:06","slug":"salah-prolonge-a-liverpool-kun-aguero-calme-le-jeu","status":"publish","type":"post","link":"https:\/\/www.africa-press.net\/senegal\/sports\/salah-prolonge-a-liverpool-kun-aguero-calme-le-jeu","title":{"rendered":"Salah Prolong\u00e9 \u00e0 Liverpool ? Kun Ag\u00fcero Calme le Jeu !"},"content":{"rendered":"<p><span style=\"color: #ff6600\"><strong>Africa-Press &#8211; Senegal. <\/strong><\/span>L\u2019ailier e\u0301gyptien, Mohamed Salah, aurait signe\u0301 une prolongation de deux ans avec Liverpool, selon une le\u0301gende de Man City et de la Premier League.L\u2019avenir de Salah a\u0300 Liverpool est incertain, son contrat arrivant a\u0300 expiration a\u0300 la fin de cette saison. Alors que les spe\u0301culations vont bon train, Agu\u0308ero tente de dissiper tous les doutes, affirmant que l\u2019attaquant e\u0301gyptien a conclu l\u2019accord et restera a\u0300 Anfield.<\/p>\n<p>\u00ab J\u2019ai donc lu un peu a\u0300 ce sujet au cours des dernie\u0300res heures. D\u2019apre\u0300s ce que j\u2019ai compris, Salah a renouvele\u0301 son contrat avec Liverpool pour deux saisons supple\u0301mentaires. Je pense que cela devrait dissiper tous les doutes sur son avenir\u00bb, a de\u0301clare\u0301 Aguero a\u0300 Stake.com, selon FourFourTwo.<\/p>\n<p>\u00ab Il reste un joueur cle\u0301 et un nouveau contrat est la meilleure nouvelle que Liverpool puisse recevoir \u00bb, pense Agu\u0308ero sur Mo Salah, qui a remporte\u0301 la Premier League, la Ligue des champions, la Coupe du monde des clubs, la FA Cup et la Carabao Cup avec Liverpool depuis son arrive\u0301e en provenance de la Roma en 2017.<\/p>\n<p>Salah a marque\u0301 227 buts en 372 apparitions toutes compe\u0301titions confondues pour les Reds, dont 44 en Ligue des champions, le record pour un club anglais. Avec 9 passes de\u0301cisives et 13 buts de\u0301ja\u0300 cette saison, il rend l\u2019ide\u0301e de le laisser partir gratuitement tre\u0300s difficile a\u0300 avaler.<\/p>\n<p><strong>Pour plus d&rsquo;informations et d&rsquo;analyses sur la <span style=\"color: #ff6600\">Senegal<\/span>, suivez <span style=\"color: #ff6600\">Africa-Press<\/span><\/strong><\/p>\n","protected":false},"excerpt":{"rendered":"<p>Africa-Press &#8211; Senegal. L\u2019ailier e\u0301gyptien, Mohamed Salah, aurait signe\u0301 une prolongation de deux ans avec Liverpool, selon une le\u0301gende de Man City et de la Premier League.L\u2019avenir de Salah a\u0300 Liverpool est incertain, son contrat arrivant a\u0300 expiration a\u0300 la fin de cette saison. Alors que les spe\u0301culations vont bon train, Agu\u0308ero tente de dissiper [&hellip;]<\/p>\n","protected":false},"author":82,"featured_media":63920,"comment_status":"open","ping_status":"closed","sticky":false,"template":"","format":"standard","meta":{"footnotes":""},"categories":[6,10],"tags":[44],"class_list":["post-63921","post","type-post","status-publish","format-standard","has-post-thumbnail","hentry","category-sports","category-toutes-les-actualites","tag-senegal-2"],"yoast_head":"<!-- This site is optimized with the Yoast SEO Premium plugin v26.1 (Yoast SEO v27.0) - https:\/\/yoast.com\/product\/yoast-seo-premium-wordpress\/ -->\n<title>Salah Prolong\u00e9 \u00e0 Liverpool ? Kun Ag\u00fcero Calme le Jeu ! - Senegal<\/title>\n<meta name=\"description\" content=\"L\u2019ailier e\u0301gyptien, Mohamed Salah, aurait signe\u0301 une prolongation de deux ans avec Liverpool, selon une le\u0301gende de Man ...\" \/>\n<meta name=\"robots\" content=\"index, follow, max-snippet:-1, max-image-preview:large, max-video-preview:-1\" \/>\n<link rel=\"canonical\" href=\"https:\/\/www.africa-press.net\/senegal\/sports\/salah-prolonge-a-liverpool-kun-aguero-calme-le-jeu\" \/>\n<meta property=\"og:locale\" content=\"fr_FR\" \/>\n<meta property=\"og:type\" content=\"article\" \/>\n<meta property=\"og:title\" content=\"Salah Prolong\u00e9 \u00e0 Liverpool ? Kun Ag\u00fcero Calme le Jeu !\" \/>\n<meta property=\"og:description\" content=\"L\u2019ailier e\u0301gyptien, Mohamed Salah, aurait signe\u0301 une prolongation de deux ans avec Liverpool, selon une le\u0301gende de Man ...\" \/>\n<meta property=\"og:url\" content=\"https:\/\/www.africa-press.net\/senegal\/sports\/salah-prolonge-a-liverpool-kun-aguero-calme-le-jeu\" \/>\n<meta property=\"og:site_name\" content=\"Senegal\" \/>\n<meta property=\"article:published_time\" content=\"2024-12-17T23:22:02+00:00\" \/>\n<meta property=\"article:modified_time\" content=\"2024-12-18T01:16:06+00:00\" \/>\n<meta property=\"og:image\" content=\"https:\/\/static.africa-press.net\/senegal\/sites\/13\/2024\/12\/sm_1734471440.626099.jpg\" \/>\n\t<meta property=\"og:image:width\" content=\"720\" \/>\n\t<meta property=\"og:image:height\" content=\"478\" \/>\n\t<meta property=\"og:image:type\" content=\"image\/jpeg\" \/>\n<meta name=\"author\" content=\"cfeditorfr\" \/>\n<meta name=\"twitter:card\" content=\"summary_large_image\" \/>\n<meta name=\"twitter:label1\" content=\"\u00c9crit par\" \/>\n\t<meta name=\"twitter:data1\" content=\"cfeditorfr\" \/>\n\t<meta name=\"twitter:label2\" content=\"Dur\u00e9e de lecture estim\u00e9e\" \/>\n\t<meta name=\"twitter:data2\" content=\"2 minutes\" \/>\n<script type=\"application\/ld+json\" class=\"yoast-schema-graph\">{\"@context\":\"https:\/\/schema.org\",\"@graph\":[{\"@type\":\"Article\",\"@id\":\"https:\/\/www.africa-press.net\/senegal\/sports\/salah-prolonge-a-liverpool-kun-aguero-calme-le-jeu#article\",\"isPartOf\":{\"@id\":\"https:\/\/www.africa-press.net\/senegal\/sports\/salah-prolonge-a-liverpool-kun-aguero-calme-le-jeu\"},\"author\":{\"name\":\"cfeditorfr\",\"@id\":\"https:\/\/www.africa-press.net\/senegal\/#\/schema\/person\/2b1cf3cd81a31e3cd26889ca66d677f1\"},\"headline\":\"Salah Prolong\u00e9 \u00e0 Liverpool ? Kun Ag\u00fcero Calme le Jeu !\",\"datePublished\":\"2024-12-17T23:22:02+00:00\",\"dateModified\":\"2024-12-18T01:16:06+00:00\",\"mainEntityOfPage\":{\"@id\":\"https:\/\/www.africa-press.net\/senegal\/sports\/salah-prolonge-a-liverpool-kun-aguero-calme-le-jeu\"},\"wordCount\":263,\"commentCount\":0,\"image\":{\"@id\":\"https:\/\/www.africa-press.net\/senegal\/sports\/salah-prolonge-a-liverpool-kun-aguero-calme-le-jeu#primaryimage\"},\"thumbnailUrl\":\"https:\/\/static.africa-press.net\/senegal\/sites\/13\/2024\/12\/sm_1734471440.626099.jpg\",\"keywords\":[\"Senegal\"],\"articleSection\":[\"Sports\",\"Toutes les actualit\u00e9s\"],\"inLanguage\":\"fr-FR\",\"potentialAction\":[{\"@type\":\"CommentAction\",\"name\":\"Comment\",\"target\":[\"https:\/\/www.africa-press.net\/senegal\/sports\/salah-prolonge-a-liverpool-kun-aguero-calme-le-jeu#respond\"]}]},{\"@type\":\"WebPage\",\"@id\":\"https:\/\/www.africa-press.net\/senegal\/sports\/salah-prolonge-a-liverpool-kun-aguero-calme-le-jeu\",\"url\":\"https:\/\/www.africa-press.net\/senegal\/sports\/salah-prolonge-a-liverpool-kun-aguero-calme-le-jeu\",\"name\":\"Salah Prolong\u00e9 \u00e0 Liverpool ? Kun Ag\u00fcero Calme le Jeu ! - Senegal\",\"isPartOf\":{\"@id\":\"https:\/\/www.africa-press.net\/senegal\/#website\"},\"primaryImageOfPage\":{\"@id\":\"https:\/\/www.africa-press.net\/senegal\/sports\/salah-prolonge-a-liverpool-kun-aguero-calme-le-jeu#primaryimage\"},\"image\":{\"@id\":\"https:\/\/www.africa-press.net\/senegal\/sports\/salah-prolonge-a-liverpool-kun-aguero-calme-le-jeu#primaryimage\"},\"thumbnailUrl\":\"https:\/\/static.africa-press.net\/senegal\/sites\/13\/2024\/12\/sm_1734471440.626099.jpg\",\"datePublished\":\"2024-12-17T23:22:02+00:00\",\"dateModified\":\"2024-12-18T01:16:06+00:00\",\"author\":{\"@id\":\"https:\/\/www.africa-press.net\/senegal\/#\/schema\/person\/2b1cf3cd81a31e3cd26889ca66d677f1\"},\"description\":\"L\u2019ailier e\u0301gyptien, Mohamed Salah, aurait signe\u0301 une prolongation de deux ans avec Liverpool, selon une le\u0301gende de Man ...\",\"breadcrumb\":{\"@id\":\"https:\/\/www.africa-press.net\/senegal\/sports\/salah-prolonge-a-liverpool-kun-aguero-calme-le-jeu#breadcrumb\"},\"inLanguage\":\"fr-FR\",\"potentialAction\":[{\"@type\":\"ReadAction\",\"target\":[\"https:\/\/www.africa-press.net\/senegal\/sports\/salah-prolonge-a-liverpool-kun-aguero-calme-le-jeu\"]}]},{\"@type\":\"ImageObject\",\"inLanguage\":\"fr-FR\",\"@id\":\"https:\/\/www.africa-press.net\/senegal\/sports\/salah-prolonge-a-liverpool-kun-aguero-calme-le-jeu#primaryimage\",\"url\":\"https:\/\/static.africa-press.net\/senegal\/sites\/13\/2024\/12\/sm_1734471440.626099.jpg\",\"contentUrl\":\"https:\/\/static.africa-press.net\/senegal\/sites\/13\/2024\/12\/sm_1734471440.626099.jpg\",\"width\":720,\"height\":478,\"caption\":\"Salah Prolong\u00e9 \u00e0 Liverpool ? Kun Ag\u00fcero Calme le Jeu !\"},{\"@type\":\"BreadcrumbList\",\"@id\":\"https:\/\/www.africa-press.net\/senegal\/sports\/salah-prolonge-a-liverpool-kun-aguero-calme-le-jeu#breadcrumb\",\"itemListElement\":[{\"@type\":\"ListItem\",\"position\":1,\"name\":\"Accueil\",\"item\":\"https:\/\/www.africa-press.net\/senegal\/\"},{\"@type\":\"ListItem\",\"position\":2,\"name\":\"Salah Prolong\u00e9 \u00e0 Liverpool ? Kun Ag\u00fcero Calme le Jeu !\"}]},{\"@type\":\"WebSite\",\"@id\":\"https:\/\/www.africa-press.net\/senegal\/#website\",\"url\":\"https:\/\/www.africa-press.net\/senegal\/\",\"name\":\"Africa Press | Senegal | Homepage\",\"description\":\"Just another Africa News Agency Sites site\",\"potentialAction\":[{\"@type\":\"SearchAction\",\"target\":{\"@type\":\"EntryPoint\",\"urlTemplate\":\"https:\/\/www.africa-press.net\/senegal\/?s={search_term_string}\"},\"query-input\":{\"@type\":\"PropertyValueSpecification\",\"valueRequired\":true,\"valueName\":\"search_term_string\"}}],\"inLanguage\":\"fr-FR\"},{\"@type\":\"Person\",\"@id\":\"https:\/\/www.africa-press.net\/senegal\/#\/schema\/person\/2b1cf3cd81a31e3cd26889ca66d677f1\",\"name\":\"cfeditorfr\",\"url\":\"https:\/\/www.africa-press.net\/senegal\/author\/cfeditorfr\"}]}<\/script>\n<!-- \/ Yoast SEO Premium plugin. -->","yoast_head_json":{"title":"Salah Prolong\u00e9 \u00e0 Liverpool ? Kun Ag\u00fcero Calme le Jeu ! - Senegal","description":"L\u2019ailier e\u0301gyptien, Mohamed Salah, aurait signe\u0301 une prolongation de deux ans avec Liverpool, selon une le\u0301gende de Man ...","robots":{"index":"index","follow":"follow","max-snippet":"max-snippet:-1","max-image-preview":"max-image-preview:large","max-video-preview":"max-video-preview:-1"},"canonical":"https:\/\/www.africa-press.net\/senegal\/sports\/salah-prolonge-a-liverpool-kun-aguero-calme-le-jeu","og_locale":"fr_FR","og_type":"article","og_title":"Salah Prolong\u00e9 \u00e0 Liverpool ? Kun Ag\u00fcero Calme le Jeu !","og_description":"L\u2019ailier e\u0301gyptien, Mohamed Salah, aurait signe\u0301 une prolongation de deux ans avec Liverpool, selon une le\u0301gende de Man ...","og_url":"https:\/\/www.africa-press.net\/senegal\/sports\/salah-prolonge-a-liverpool-kun-aguero-calme-le-jeu","og_site_name":"Senegal","article_published_time":"2024-12-17T23:22:02+00:00","article_modified_time":"2024-12-18T01:16:06+00:00","og_image":[{"width":720,"height":478,"url":"https:\/\/static.africa-press.net\/senegal\/sites\/13\/2024\/12\/sm_1734471440.626099.jpg","type":"image\/jpeg"}],"author":"cfeditorfr","twitter_card":"summary_large_image","twitter_misc":{"\u00c9crit par":"cfeditorfr","Dur\u00e9e de lecture estim\u00e9e":"2 minutes"},"schema":{"@context":"https:\/\/schema.org","@graph":[{"@type":"Article","@id":"https:\/\/www.africa-press.net\/senegal\/sports\/salah-prolonge-a-liverpool-kun-aguero-calme-le-jeu#article","isPartOf":{"@id":"https:\/\/www.africa-press.net\/senegal\/sports\/salah-prolonge-a-liverpool-kun-aguero-calme-le-jeu"},"author":{"name":"cfeditorfr","@id":"https:\/\/www.africa-press.net\/senegal\/#\/schema\/person\/2b1cf3cd81a31e3cd26889ca66d677f1"},"headline":"Salah Prolong\u00e9 \u00e0 Liverpool ? Kun Ag\u00fcero Calme le Jeu !","datePublished":"2024-12-17T23:22:02+00:00","dateModified":"2024-12-18T01:16:06+00:00","mainEntityOfPage":{"@id":"https:\/\/www.africa-press.net\/senegal\/sports\/salah-prolonge-a-liverpool-kun-aguero-calme-le-jeu"},"wordCount":263,"commentCount":0,"image":{"@id":"https:\/\/www.africa-press.net\/senegal\/sports\/salah-prolonge-a-liverpool-kun-aguero-calme-le-jeu#primaryimage"},"thumbnailUrl":"https:\/\/static.africa-press.net\/senegal\/sites\/13\/2024\/12\/sm_1734471440.626099.jpg","keywords":["Senegal"],"articleSection":["Sports","Toutes les actualit\u00e9s"],"inLanguage":"fr-FR","potentialAction":[{"@type":"CommentAction","name":"Comment","target":["https:\/\/www.africa-press.net\/senegal\/sports\/salah-prolonge-a-liverpool-kun-aguero-calme-le-jeu#respond"]}]},{"@type":"WebPage","@id":"https:\/\/www.africa-press.net\/senegal\/sports\/salah-prolonge-a-liverpool-kun-aguero-calme-le-jeu","url":"https:\/\/www.africa-press.net\/senegal\/sports\/salah-prolonge-a-liverpool-kun-aguero-calme-le-jeu","name":"Salah Prolong\u00e9 \u00e0 Liverpool ? Kun Ag\u00fcero Calme le Jeu ! - Senegal","isPartOf":{"@id":"https:\/\/www.africa-press.net\/senegal\/#website"},"primaryImageOfPage":{"@id":"https:\/\/www.africa-press.net\/senegal\/sports\/salah-prolonge-a-liverpool-kun-aguero-calme-le-jeu#primaryimage"},"image":{"@id":"https:\/\/www.africa-press.net\/senegal\/sports\/salah-prolonge-a-liverpool-kun-aguero-calme-le-jeu#primaryimage"},"thumbnailUrl":"https:\/\/static.africa-press.net\/senegal\/sites\/13\/2024\/12\/sm_1734471440.626099.jpg","datePublished":"2024-12-17T23:22:02+00:00","dateModified":"2024-12-18T01:16:06+00:00","author":{"@id":"https:\/\/www.africa-press.net\/senegal\/#\/schema\/person\/2b1cf3cd81a31e3cd26889ca66d677f1"},"description":"L\u2019ailier e\u0301gyptien, Mohamed Salah, aurait signe\u0301 une prolongation de deux ans avec Liverpool, selon une le\u0301gende de Man ...","breadcrumb":{"@id":"https:\/\/www.africa-press.net\/senegal\/sports\/salah-prolonge-a-liverpool-kun-aguero-calme-le-jeu#breadcrumb"},"inLanguage":"fr-FR","potentialAction":[{"@type":"ReadAction","target":["https:\/\/www.africa-press.net\/senegal\/sports\/salah-prolonge-a-liverpool-kun-aguero-calme-le-jeu"]}]},{"@type":"ImageObject","inLanguage":"fr-FR","@id":"https:\/\/www.africa-press.net\/senegal\/sports\/salah-prolonge-a-liverpool-kun-aguero-calme-le-jeu#primaryimage","url":"https:\/\/static.africa-press.net\/senegal\/sites\/13\/2024\/12\/sm_1734471440.626099.jpg","contentUrl":"https:\/\/static.africa-press.net\/senegal\/sites\/13\/2024\/12\/sm_1734471440.626099.jpg","width":720,"height":478,"caption":"Salah Prolong\u00e9 \u00e0 Liverpool ? Kun Ag\u00fcero Calme le Jeu !"},{"@type":"BreadcrumbList","@id":"https:\/\/www.africa-press.net\/senegal\/sports\/salah-prolonge-a-liverpool-kun-aguero-calme-le-jeu#breadcrumb","itemListElement":[{"@type":"ListItem","position":1,"name":"Accueil","item":"https:\/\/www.africa-press.net\/senegal\/"},{"@type":"ListItem","position":2,"name":"Salah Prolong\u00e9 \u00e0 Liverpool ? Kun Ag\u00fcero Calme le Jeu !"}]},{"@type":"WebSite","@id":"https:\/\/www.africa-press.net\/senegal\/#website","url":"https:\/\/www.africa-press.net\/senegal\/","name":"Africa Press | Senegal | Homepage","description":"Just another Africa News Agency Sites site","potentialAction":[{"@type":"SearchAction","target":{"@type":"EntryPoint","urlTemplate":"https:\/\/www.africa-press.net\/senegal\/?s={search_term_string}"},"query-input":{"@type":"PropertyValueSpecification","valueRequired":true,"valueName":"search_term_string"}}],"inLanguage":"fr-FR"},{"@type":"Person","@id":"https:\/\/www.africa-press.net\/senegal\/#\/schema\/person\/2b1cf3cd81a31e3cd26889ca66d677f1","name":"cfeditorfr","url":"https:\/\/www.africa-press.net\/senegal\/author\/cfeditorfr"}]}},"_links":{"self":[{"href":"https:\/\/www.africa-press.net\/senegal\/wp-json\/wp\/v2\/posts\/63921","targetHints":{"allow":["GET"]}}],"collection":[{"href":"https:\/\/www.africa-press.net\/senegal\/wp-json\/wp\/v2\/posts"}],"about":[{"href":"https:\/\/www.africa-press.net\/senegal\/wp-json\/wp\/v2\/types\/post"}],"author":[{"embeddable":true,"href":"https:\/\/www.africa-press.net\/senegal\/wp-json\/wp\/v2\/users\/82"}],"replies":[{"embeddable":true,"href":"https:\/\/www.africa-press.net\/senegal\/wp-json\/wp\/v2\/comments?post=63921"}],"version-history":[{"count":0,"href":"https:\/\/www.africa-press.net\/senegal\/wp-json\/wp\/v2\/posts\/63921\/revisions"}],"wp:featuredmedia":[{"embeddable":true,"href":"https:\/\/www.africa-press.net\/senegal\/wp-json\/wp\/v2\/media\/63920"}],"wp:attachment":[{"href":"https:\/\/www.africa-press.net\/senegal\/wp-json\/wp\/v2\/media?parent=63921"}],"wp:term":[{"taxonomy":"category","embeddable":true,"href":"https:\/\/www.africa-press.net\/senegal\/wp-json\/wp\/v2\/categories?post=63921"},{"taxonomy":"post_tag","embeddable":true,"href":"https:\/\/www.africa-press.net\/senegal\/wp-json\/wp\/v2\/tags?post=63921"}],"curies":[{"name":"wp","href":"https:\/\/api.w.org\/{rel}","templated":true}]}}