{"id":63923,"date":"2024-12-17T22:16:49","date_gmt":"2024-12-17T22:16:49","guid":{"rendered":"https:\/\/www.africa-press.net\/senegal\/politique\/claudio-gomes-le-phenomene-de-palerme-en-serie-b-que-devient-il"},"modified":"2024-12-18T01:18:16","modified_gmt":"2024-12-18T01:18:16","slug":"claudio-gomes-le-phenomene-de-palerme-en-serie-b-que-devient-il","status":"publish","type":"post","link":"https:\/\/www.africa-press.net\/senegal\/sports\/claudio-gomes-le-phenomene-de-palerme-en-serie-b-que-devient-il","title":{"rendered":"Claudio Gomes, le Ph\u00e9nom\u00e8ne de Palerme en S\u00e9rie B. que Devient-Il ?"},"content":{"rendered":"<p><span style=\"color: #ff6600\"><strong>Africa-Press &#8211; Senegal. <\/strong><\/span>Forme\u0301 au Paris Saint-Germain, club ou\u0300 il a montre\u0301 l\u2019e\u0301tendue de ses capacite\u0301s techniques et de sa vision du jeu, Claudio Gomes \u2013 de son nom complet Claudio Amarildo Gomes \u2013 a attire\u0301 l\u2019attention de nombreux clubs europe\u0301ens de\u0300s ses de\u0301buts. Un jeune milieu de terrain tre\u0300s prometteur, qui fait vibrer les tifosis de Palerme depuis deux saisons, mais une question reste en suspens: quelle nationalite\u0301 sportive choisira-t-il pour repre\u0301senter les A ?<\/p>\n<p>A\u0300 l\u2019a\u0302ge de 18 ans, il de\u0301cide de franchir un cap de\u0301cisif en signant son premier contrat professionnel avec Manchester City. Cette de\u0301cision a surpris de nombreux observateurs, e\u0301tant donne\u0301 son parcours au sein du Paris Saint-Germain l\u2019un des clubs les plus prestigieux en Europe. A\u0300 City, Claudio s s\u2019est heurte\u0301 a\u0300 une concurrence fe\u0301roce, ce qui a entrave\u0301 son temps de jeu. Cependant, son potentiel ne pouvait pas e\u0302tre ignore\u0301, les Citizens l\u2019ont pre\u0302te\u0301 successivement au PSV Eindhoven (Pays-Bas) et a\u0300 Barnsley. Des pre\u0302ts qui ne se sont pas trouve\u0301 concluant et lors de son retour du co\u0302te\u0301 de Manchester il prit la de\u0301cision de quitter le club pour e\u0302tre transfe\u0301re\u0301 a\u0300 Palerme en Se\u0301rie B, ou\u0300 il a trouve\u0301 un environnement plus propice pour e\u0301clore.<\/p>\n<p>Aujourd\u2019hui, dans le championnat italien, le natif d\u2019Argenteuil s\u2019affirme comme un milieu de terrain complet, capable de re\u0301cupe\u0301rer les ballons et relancer efficacement le jeu tout en se projetant vers l\u2019avant. Ses performances re\u0301gulie\u0300res et impressionnantes suscitent de\u0301ja\u0300 l\u2019inte\u0301re\u0302t de plusieurs grandes e\u0301curies europe\u0301ennes qui voient en lui un talent de classe mondiale.<\/p>\n<p>Cependant, la carrie\u0300re internationale de Gomes reste une e\u0301nigme. Alors qu\u2019il a la possibilite\u0301 de repre\u0301senter plusieurs se\u0301lections, la France et la Guine\u0301e-Bissau. L\u2019incertitude plane et le maintien sous le feu des projecteurs. Les observateurs attendent avec impatience le moment ou\u0300 il annoncera officiellement sa nationalite\u0301 sportive. Appele\u0301 re\u0301gulie\u0300rement chez les jeunes en e\u0301quipe de France (44 se\u0301lections \u2013 des U16 a\u0300 U20), il y a une re\u0301elle opportunite\u0301 pour la se\u0301lection des Lycaons (Guine\u0301e Bissau) de re\u0301cupe\u0301rer parmi ses rangs un talent exceptionnel.<\/p>\n<p>En somme, Claudio Gomes est a\u0300 un tournant de sa carrie\u0300re, jonglant entre ses performances a\u0300 Palerme et la promesse d\u2019une carrie\u0300re internationale. Les mois a\u0300 venir seront cruciaux, et il est certain que ses choix auront un impact retentissant sur son avenir en club comme en se\u0301lection. Les fans des Lycaons sont impatients de savoir ou\u0300 cette e\u0301toile montante choisira de briller.<\/p>\n<p><strong>Pour plus d&rsquo;informations et d&rsquo;analyses sur la <span style=\"color: #ff6600\">Senegal<\/span>, suivez <span style=\"color: #ff6600\">Africa-Press<\/span><\/strong><\/p>\n","protected":false},"excerpt":{"rendered":"<p>Africa-Press &#8211; Senegal. Forme\u0301 au Paris Saint-Germain, club ou\u0300 il a montre\u0301 l\u2019e\u0301tendue de ses capacite\u0301s techniques et de sa vision du jeu, Claudio Gomes \u2013 de son nom complet Claudio Amarildo Gomes \u2013 a attire\u0301 l\u2019attention de nombreux clubs europe\u0301ens de\u0300s ses de\u0301buts. Un jeune milieu de terrain tre\u0300s prometteur, qui fait vibrer les [&hellip;]<\/p>\n","protected":false},"author":82,"featured_media":63922,"comment_status":"open","ping_status":"closed","sticky":false,"template":"","format":"standard","meta":{"footnotes":""},"categories":[6,10],"tags":[44],"class_list":["post-63923","post","type-post","status-publish","format-standard","has-post-thumbnail","hentry","category-sports","category-toutes-les-actualites","tag-senegal-2"],"yoast_head":"<!-- This site is optimized with the Yoast SEO Premium plugin v26.1 (Yoast SEO v27.0) - https:\/\/yoast.com\/product\/yoast-seo-premium-wordpress\/ -->\n<title>Claudio Gomes, le Ph\u00e9nom\u00e8ne de Palerme en S\u00e9rie B. que Devient-Il ? - Senegal<\/title>\n<meta name=\"description\" content=\"Forme\u0301 au Paris Saint-Germain, club ou\u0300 il a montre\u0301 l\u2019e\u0301tendue de ses capacite\u0301s techniques et de sa vision du jeu, Cla ...\" \/>\n<meta name=\"robots\" content=\"index, follow, max-snippet:-1, max-image-preview:large, max-video-preview:-1\" \/>\n<link rel=\"canonical\" href=\"https:\/\/www.africa-press.net\/senegal\/sports\/claudio-gomes-le-phenomene-de-palerme-en-serie-b-que-devient-il\" \/>\n<meta property=\"og:locale\" content=\"fr_FR\" \/>\n<meta property=\"og:type\" content=\"article\" \/>\n<meta property=\"og:title\" content=\"Claudio Gomes, le Ph\u00e9nom\u00e8ne de Palerme en S\u00e9rie B. que Devient-Il ?\" \/>\n<meta property=\"og:description\" content=\"Forme\u0301 au Paris Saint-Germain, club ou\u0300 il a montre\u0301 l\u2019e\u0301tendue de ses capacite\u0301s techniques et de sa vision du jeu, Cla ...\" \/>\n<meta property=\"og:url\" content=\"https:\/\/www.africa-press.net\/senegal\/sports\/claudio-gomes-le-phenomene-de-palerme-en-serie-b-que-devient-il\" \/>\n<meta property=\"og:site_name\" content=\"Senegal\" \/>\n<meta property=\"article:published_time\" content=\"2024-12-17T22:16:49+00:00\" \/>\n<meta property=\"article:modified_time\" content=\"2024-12-18T01:18:16+00:00\" \/>\n<meta property=\"og:image\" content=\"https:\/\/static.africa-press.net\/senegal\/sites\/13\/2024\/12\/sm_1734471536.094069.jpg\" \/>\n\t<meta property=\"og:image:width\" content=\"720\" \/>\n\t<meta property=\"og:image:height\" content=\"454\" \/>\n\t<meta property=\"og:image:type\" content=\"image\/jpeg\" \/>\n<meta name=\"author\" content=\"cfeditorfr\" \/>\n<meta name=\"twitter:card\" content=\"summary_large_image\" \/>\n<meta name=\"twitter:label1\" content=\"\u00c9crit par\" \/>\n\t<meta name=\"twitter:data1\" content=\"cfeditorfr\" \/>\n\t<meta name=\"twitter:label2\" content=\"Dur\u00e9e de lecture estim\u00e9e\" \/>\n\t<meta name=\"twitter:data2\" content=\"3 minutes\" \/>\n<script type=\"application\/ld+json\" class=\"yoast-schema-graph\">{\"@context\":\"https:\/\/schema.org\",\"@graph\":[{\"@type\":\"Article\",\"@id\":\"https:\/\/www.africa-press.net\/senegal\/sports\/claudio-gomes-le-phenomene-de-palerme-en-serie-b-que-devient-il#article\",\"isPartOf\":{\"@id\":\"https:\/\/www.africa-press.net\/senegal\/sports\/claudio-gomes-le-phenomene-de-palerme-en-serie-b-que-devient-il\"},\"author\":{\"name\":\"cfeditorfr\",\"@id\":\"https:\/\/www.africa-press.net\/senegal\/#\/schema\/person\/2b1cf3cd81a31e3cd26889ca66d677f1\"},\"headline\":\"Claudio Gomes, le Ph\u00e9nom\u00e8ne de Palerme en S\u00e9rie B. que Devient-Il ?\",\"datePublished\":\"2024-12-17T22:16:49+00:00\",\"dateModified\":\"2024-12-18T01:18:16+00:00\",\"mainEntityOfPage\":{\"@id\":\"https:\/\/www.africa-press.net\/senegal\/sports\/claudio-gomes-le-phenomene-de-palerme-en-serie-b-que-devient-il\"},\"wordCount\":486,\"commentCount\":0,\"image\":{\"@id\":\"https:\/\/www.africa-press.net\/senegal\/sports\/claudio-gomes-le-phenomene-de-palerme-en-serie-b-que-devient-il#primaryimage\"},\"thumbnailUrl\":\"https:\/\/static.africa-press.net\/senegal\/sites\/13\/2024\/12\/sm_1734471536.094069.jpg\",\"keywords\":[\"Senegal\"],\"articleSection\":[\"Sports\",\"Toutes les actualit\u00e9s\"],\"inLanguage\":\"fr-FR\",\"potentialAction\":[{\"@type\":\"CommentAction\",\"name\":\"Comment\",\"target\":[\"https:\/\/www.africa-press.net\/senegal\/sports\/claudio-gomes-le-phenomene-de-palerme-en-serie-b-que-devient-il#respond\"]}]},{\"@type\":\"WebPage\",\"@id\":\"https:\/\/www.africa-press.net\/senegal\/sports\/claudio-gomes-le-phenomene-de-palerme-en-serie-b-que-devient-il\",\"url\":\"https:\/\/www.africa-press.net\/senegal\/sports\/claudio-gomes-le-phenomene-de-palerme-en-serie-b-que-devient-il\",\"name\":\"Claudio Gomes, le Ph\u00e9nom\u00e8ne de Palerme en S\u00e9rie B. que Devient-Il ? - Senegal\",\"isPartOf\":{\"@id\":\"https:\/\/www.africa-press.net\/senegal\/#website\"},\"primaryImageOfPage\":{\"@id\":\"https:\/\/www.africa-press.net\/senegal\/sports\/claudio-gomes-le-phenomene-de-palerme-en-serie-b-que-devient-il#primaryimage\"},\"image\":{\"@id\":\"https:\/\/www.africa-press.net\/senegal\/sports\/claudio-gomes-le-phenomene-de-palerme-en-serie-b-que-devient-il#primaryimage\"},\"thumbnailUrl\":\"https:\/\/static.africa-press.net\/senegal\/sites\/13\/2024\/12\/sm_1734471536.094069.jpg\",\"datePublished\":\"2024-12-17T22:16:49+00:00\",\"dateModified\":\"2024-12-18T01:18:16+00:00\",\"author\":{\"@id\":\"https:\/\/www.africa-press.net\/senegal\/#\/schema\/person\/2b1cf3cd81a31e3cd26889ca66d677f1\"},\"description\":\"Forme\u0301 au Paris Saint-Germain, club ou\u0300 il a montre\u0301 l\u2019e\u0301tendue de ses capacite\u0301s techniques et de sa vision du jeu, Cla ...\",\"breadcrumb\":{\"@id\":\"https:\/\/www.africa-press.net\/senegal\/sports\/claudio-gomes-le-phenomene-de-palerme-en-serie-b-que-devient-il#breadcrumb\"},\"inLanguage\":\"fr-FR\",\"potentialAction\":[{\"@type\":\"ReadAction\",\"target\":[\"https:\/\/www.africa-press.net\/senegal\/sports\/claudio-gomes-le-phenomene-de-palerme-en-serie-b-que-devient-il\"]}]},{\"@type\":\"ImageObject\",\"inLanguage\":\"fr-FR\",\"@id\":\"https:\/\/www.africa-press.net\/senegal\/sports\/claudio-gomes-le-phenomene-de-palerme-en-serie-b-que-devient-il#primaryimage\",\"url\":\"https:\/\/static.africa-press.net\/senegal\/sites\/13\/2024\/12\/sm_1734471536.094069.jpg\",\"contentUrl\":\"https:\/\/static.africa-press.net\/senegal\/sites\/13\/2024\/12\/sm_1734471536.094069.jpg\",\"width\":720,\"height\":454,\"caption\":\"Claudio Gomes, le Ph\u00e9nom\u00e8ne de Palerme en S\u00e9rie B. que Devient-Il ?\"},{\"@type\":\"BreadcrumbList\",\"@id\":\"https:\/\/www.africa-press.net\/senegal\/sports\/claudio-gomes-le-phenomene-de-palerme-en-serie-b-que-devient-il#breadcrumb\",\"itemListElement\":[{\"@type\":\"ListItem\",\"position\":1,\"name\":\"Accueil\",\"item\":\"https:\/\/www.africa-press.net\/senegal\/\"},{\"@type\":\"ListItem\",\"position\":2,\"name\":\"Claudio Gomes, le Ph\u00e9nom\u00e8ne de Palerme en S\u00e9rie B. que Devient-Il ?\"}]},{\"@type\":\"WebSite\",\"@id\":\"https:\/\/www.africa-press.net\/senegal\/#website\",\"url\":\"https:\/\/www.africa-press.net\/senegal\/\",\"name\":\"Africa Press | Senegal | Homepage\",\"description\":\"Just another Africa News Agency Sites site\",\"potentialAction\":[{\"@type\":\"SearchAction\",\"target\":{\"@type\":\"EntryPoint\",\"urlTemplate\":\"https:\/\/www.africa-press.net\/senegal\/?s={search_term_string}\"},\"query-input\":{\"@type\":\"PropertyValueSpecification\",\"valueRequired\":true,\"valueName\":\"search_term_string\"}}],\"inLanguage\":\"fr-FR\"},{\"@type\":\"Person\",\"@id\":\"https:\/\/www.africa-press.net\/senegal\/#\/schema\/person\/2b1cf3cd81a31e3cd26889ca66d677f1\",\"name\":\"cfeditorfr\",\"url\":\"https:\/\/www.africa-press.net\/senegal\/author\/cfeditorfr\"}]}<\/script>\n<!-- \/ Yoast SEO Premium plugin. -->","yoast_head_json":{"title":"Claudio Gomes, le Ph\u00e9nom\u00e8ne de Palerme en S\u00e9rie B. que Devient-Il ? - Senegal","description":"Forme\u0301 au Paris Saint-Germain, club ou\u0300 il a montre\u0301 l\u2019e\u0301tendue de ses capacite\u0301s techniques et de sa vision du jeu, Cla ...","robots":{"index":"index","follow":"follow","max-snippet":"max-snippet:-1","max-image-preview":"max-image-preview:large","max-video-preview":"max-video-preview:-1"},"canonical":"https:\/\/www.africa-press.net\/senegal\/sports\/claudio-gomes-le-phenomene-de-palerme-en-serie-b-que-devient-il","og_locale":"fr_FR","og_type":"article","og_title":"Claudio Gomes, le Ph\u00e9nom\u00e8ne de Palerme en S\u00e9rie B. que Devient-Il ?","og_description":"Forme\u0301 au Paris Saint-Germain, club ou\u0300 il a montre\u0301 l\u2019e\u0301tendue de ses capacite\u0301s techniques et de sa vision du jeu, Cla ...","og_url":"https:\/\/www.africa-press.net\/senegal\/sports\/claudio-gomes-le-phenomene-de-palerme-en-serie-b-que-devient-il","og_site_name":"Senegal","article_published_time":"2024-12-17T22:16:49+00:00","article_modified_time":"2024-12-18T01:18:16+00:00","og_image":[{"width":720,"height":454,"url":"https:\/\/static.africa-press.net\/senegal\/sites\/13\/2024\/12\/sm_1734471536.094069.jpg","type":"image\/jpeg"}],"author":"cfeditorfr","twitter_card":"summary_large_image","twitter_misc":{"\u00c9crit par":"cfeditorfr","Dur\u00e9e de lecture estim\u00e9e":"3 minutes"},"schema":{"@context":"https:\/\/schema.org","@graph":[{"@type":"Article","@id":"https:\/\/www.africa-press.net\/senegal\/sports\/claudio-gomes-le-phenomene-de-palerme-en-serie-b-que-devient-il#article","isPartOf":{"@id":"https:\/\/www.africa-press.net\/senegal\/sports\/claudio-gomes-le-phenomene-de-palerme-en-serie-b-que-devient-il"},"author":{"name":"cfeditorfr","@id":"https:\/\/www.africa-press.net\/senegal\/#\/schema\/person\/2b1cf3cd81a31e3cd26889ca66d677f1"},"headline":"Claudio Gomes, le Ph\u00e9nom\u00e8ne de Palerme en S\u00e9rie B. que Devient-Il ?","datePublished":"2024-12-17T22:16:49+00:00","dateModified":"2024-12-18T01:18:16+00:00","mainEntityOfPage":{"@id":"https:\/\/www.africa-press.net\/senegal\/sports\/claudio-gomes-le-phenomene-de-palerme-en-serie-b-que-devient-il"},"wordCount":486,"commentCount":0,"image":{"@id":"https:\/\/www.africa-press.net\/senegal\/sports\/claudio-gomes-le-phenomene-de-palerme-en-serie-b-que-devient-il#primaryimage"},"thumbnailUrl":"https:\/\/static.africa-press.net\/senegal\/sites\/13\/2024\/12\/sm_1734471536.094069.jpg","keywords":["Senegal"],"articleSection":["Sports","Toutes les actualit\u00e9s"],"inLanguage":"fr-FR","potentialAction":[{"@type":"CommentAction","name":"Comment","target":["https:\/\/www.africa-press.net\/senegal\/sports\/claudio-gomes-le-phenomene-de-palerme-en-serie-b-que-devient-il#respond"]}]},{"@type":"WebPage","@id":"https:\/\/www.africa-press.net\/senegal\/sports\/claudio-gomes-le-phenomene-de-palerme-en-serie-b-que-devient-il","url":"https:\/\/www.africa-press.net\/senegal\/sports\/claudio-gomes-le-phenomene-de-palerme-en-serie-b-que-devient-il","name":"Claudio Gomes, le Ph\u00e9nom\u00e8ne de Palerme en S\u00e9rie B. que Devient-Il ? - Senegal","isPartOf":{"@id":"https:\/\/www.africa-press.net\/senegal\/#website"},"primaryImageOfPage":{"@id":"https:\/\/www.africa-press.net\/senegal\/sports\/claudio-gomes-le-phenomene-de-palerme-en-serie-b-que-devient-il#primaryimage"},"image":{"@id":"https:\/\/www.africa-press.net\/senegal\/sports\/claudio-gomes-le-phenomene-de-palerme-en-serie-b-que-devient-il#primaryimage"},"thumbnailUrl":"https:\/\/static.africa-press.net\/senegal\/sites\/13\/2024\/12\/sm_1734471536.094069.jpg","datePublished":"2024-12-17T22:16:49+00:00","dateModified":"2024-12-18T01:18:16+00:00","author":{"@id":"https:\/\/www.africa-press.net\/senegal\/#\/schema\/person\/2b1cf3cd81a31e3cd26889ca66d677f1"},"description":"Forme\u0301 au Paris Saint-Germain, club ou\u0300 il a montre\u0301 l\u2019e\u0301tendue de ses capacite\u0301s techniques et de sa vision du jeu, Cla ...","breadcrumb":{"@id":"https:\/\/www.africa-press.net\/senegal\/sports\/claudio-gomes-le-phenomene-de-palerme-en-serie-b-que-devient-il#breadcrumb"},"inLanguage":"fr-FR","potentialAction":[{"@type":"ReadAction","target":["https:\/\/www.africa-press.net\/senegal\/sports\/claudio-gomes-le-phenomene-de-palerme-en-serie-b-que-devient-il"]}]},{"@type":"ImageObject","inLanguage":"fr-FR","@id":"https:\/\/www.africa-press.net\/senegal\/sports\/claudio-gomes-le-phenomene-de-palerme-en-serie-b-que-devient-il#primaryimage","url":"https:\/\/static.africa-press.net\/senegal\/sites\/13\/2024\/12\/sm_1734471536.094069.jpg","contentUrl":"https:\/\/static.africa-press.net\/senegal\/sites\/13\/2024\/12\/sm_1734471536.094069.jpg","width":720,"height":454,"caption":"Claudio Gomes, le Ph\u00e9nom\u00e8ne de Palerme en S\u00e9rie B. que Devient-Il ?"},{"@type":"BreadcrumbList","@id":"https:\/\/www.africa-press.net\/senegal\/sports\/claudio-gomes-le-phenomene-de-palerme-en-serie-b-que-devient-il#breadcrumb","itemListElement":[{"@type":"ListItem","position":1,"name":"Accueil","item":"https:\/\/www.africa-press.net\/senegal\/"},{"@type":"ListItem","position":2,"name":"Claudio Gomes, le Ph\u00e9nom\u00e8ne de Palerme en S\u00e9rie B. que Devient-Il ?"}]},{"@type":"WebSite","@id":"https:\/\/www.africa-press.net\/senegal\/#website","url":"https:\/\/www.africa-press.net\/senegal\/","name":"Africa Press | Senegal | Homepage","description":"Just another Africa News Agency Sites site","potentialAction":[{"@type":"SearchAction","target":{"@type":"EntryPoint","urlTemplate":"https:\/\/www.africa-press.net\/senegal\/?s={search_term_string}"},"query-input":{"@type":"PropertyValueSpecification","valueRequired":true,"valueName":"search_term_string"}}],"inLanguage":"fr-FR"},{"@type":"Person","@id":"https:\/\/www.africa-press.net\/senegal\/#\/schema\/person\/2b1cf3cd81a31e3cd26889ca66d677f1","name":"cfeditorfr","url":"https:\/\/www.africa-press.net\/senegal\/author\/cfeditorfr"}]}},"_links":{"self":[{"href":"https:\/\/www.africa-press.net\/senegal\/wp-json\/wp\/v2\/posts\/63923","targetHints":{"allow":["GET"]}}],"collection":[{"href":"https:\/\/www.africa-press.net\/senegal\/wp-json\/wp\/v2\/posts"}],"about":[{"href":"https:\/\/www.africa-press.net\/senegal\/wp-json\/wp\/v2\/types\/post"}],"author":[{"embeddable":true,"href":"https:\/\/www.africa-press.net\/senegal\/wp-json\/wp\/v2\/users\/82"}],"replies":[{"embeddable":true,"href":"https:\/\/www.africa-press.net\/senegal\/wp-json\/wp\/v2\/comments?post=63923"}],"version-history":[{"count":0,"href":"https:\/\/www.africa-press.net\/senegal\/wp-json\/wp\/v2\/posts\/63923\/revisions"}],"wp:featuredmedia":[{"embeddable":true,"href":"https:\/\/www.africa-press.net\/senegal\/wp-json\/wp\/v2\/media\/63922"}],"wp:attachment":[{"href":"https:\/\/www.africa-press.net\/senegal\/wp-json\/wp\/v2\/media?parent=63923"}],"wp:term":[{"taxonomy":"category","embeddable":true,"href":"https:\/\/www.africa-press.net\/senegal\/wp-json\/wp\/v2\/categories?post=63923"},{"taxonomy":"post_tag","embeddable":true,"href":"https:\/\/www.africa-press.net\/senegal\/wp-json\/wp\/v2\/tags?post=63923"}],"curies":[{"name":"wp","href":"https:\/\/api.w.org\/{rel}","templated":true}]}}