{"id":63950,"date":"2024-12-18T12:45:00","date_gmt":"2024-12-18T12:45:00","guid":{"rendered":"https:\/\/www.africa-press.net\/senegal\/politique\/le-groupe-de-la-banque-africaine-de-developpement-annonce-son-projet-de-construire-un-siege-social-ultramoderne-a-abidjan"},"modified":"2024-12-18T21:41:50","modified_gmt":"2024-12-18T21:41:50","slug":"le-groupe-de-la-banque-africaine-de-developpement-annonce-son-projet-de-construire-un-siege-social-ultramoderne-a-abidjan","status":"publish","type":"post","link":"https:\/\/www.africa-press.net\/senegal\/politique\/le-groupe-de-la-banque-africaine-de-developpement-annonce-son-projet-de-construire-un-siege-social-ultramoderne-a-abidjan","title":{"rendered":"le Groupe de la Banque africaine de d\u00e9veloppement annonce son projet de construire un si\u00e8ge social ultramoderne \u00e0 Abidjan"},"content":{"rendered":"<p><span style=\"color: #ff6600\"><strong>Africa-Press &#8211; Senegal. <\/strong><\/span>Les conseils d\u2019administration du Groupe de la Banque africaine de de\u0301veloppement ont approuve\u0301 le 16 de\u0301cembre 2024, la proposition de la direction de la Banque pour la construction d\u2019un ba\u0302timent moderne et a\u0300 la pointe de la technologie destine\u0301 a\u0300 accueillir son sie\u0300ge social a\u0300 Abidjan, capitale e\u0301conomique de la Co\u0302te d\u2019Ivoire.<\/p>\n<p>Les administrateurs ont approuve\u0301 la proposition a\u0300 l\u2019unanimite\u0301, soulignant l\u2019importance pour la Banque de maintenir sa forte pre\u0301sence a\u0300 Abidjan et d\u2019investir dans un environnement de travail favorable au bien-e\u0302tre de son personnel.<\/p>\n<p>Le pre\u0301sident du Groupe de la Banque africaine de de\u0301veloppement et pre\u0301sident des Conseils d\u2019administration, M. Akinwumi Adesina, s\u2019est fe\u0301licite\u0301 de la de\u0301cision des conseils d\u2019administration, la qualifiant d\u2019\u00ab historique pour le personnel de la Banque, pour la Banque elle-me\u0302me, pour la Co\u0302te d\u2019Ivoire et pour l\u2019Afrique, car elle envoie un message clair que la Banque africaine de de\u0301veloppement, en tant que premie\u0300re institution financie\u0300re d\u2019Afrique, me\u0301rite un sie\u0300ge a\u0300 la hauteur de sa re\u0301putation mondiale. \u00bb<\/p>\n<p>\u00ab C\u2019est un grand jour pour le Groupe de la Banque africaine de de\u0301veloppement. Il marque la concre\u0301tisation d\u2019une vision que j\u2019avais lors de mon e\u0301lection a\u0300 la pre\u0301sidence en 2015, celle de doter la Banque d\u2019un sie\u0300ge digne de son rang a\u0300 Abidjan. Cela refle\u0300te notre aspiration collective a\u0300 ame\u0301liorer l\u2019ensemble de nos ope\u0301rations, le bien-e\u0302tre du personnel et des Conseils, a\u0300 offrir une expe\u0301rience professionnelle de classe mondiale et a\u0300 renforcer la productivite\u0301 de la Banque, pour acce\u0301le\u0301rer le de\u0301veloppement de l\u2019Afrique \u00bb, a de\u0301clare\u0301 M. Adesina.<\/p>\n<p>Le nouveau ba\u0302timent, qui sera e\u0301rige\u0301 sur le site du sie\u0300ge actuel, mettra en valeur l\u2019innovation architecturale a\u0300 travers sa conception e\u0301coe\u0301nerge\u0301tique et ses dispositifs de se\u0301curite\u0301 avance\u0301s, marquant un nouveau chapitre dans la pre\u0301sence du Groupe de la Banque africaine de de\u0301veloppement a\u0300 Abidjan.<\/p>\n<p>Le nouveau sie\u0300ge disposera e\u0301galement d\u2019installations modernes de\u0301die\u0301es a\u0300 l\u2019accueil et aux e\u0301changes avec les actionnaires et les parties prenantes, dans un environnement de travail refle\u0301tant l\u2019engagement de la Banque en faveur de la croissance verte, de l\u2019efficacite\u0301 e\u0301nerge\u0301tique et de la se\u0301curite\u0301.<\/p>\n<p>Le doyen des membres des conseils d\u2019administration du Groupe de la Banque, M. Adama Kone\u0301, l\u2019administrateur repre\u0301sentant la Co\u0302te d\u2019Ivoire aux conseils d\u2019administration, a remis a\u0300 M. Adesina le titre foncier du site e\u0301mis par le gouvernement.<\/p>\n<p>M. Adesina a exprime\u0301 sa gratitude au pre\u0301sident de la Re\u0301publique de Co\u0302te d\u2019Ivoire Alassane Ouattara et au gouvernement ivoirien pour leur ferme soutien a\u0300 la Banque, soulignant que \u00ab la de\u0301cision prise aujourd\u2019hui par nos conseils d\u2019administration montre l\u2019ancrage pe\u0301renne de la Banque en Co\u0302te d\u2019Ivoire, notre maison, aujourd\u2019hui comme demain. Nous comptons sur le soutien re\u0301solu du gouvernement ivoirien pour nous accompagner dans ce projet historique. \u00bb<\/p>\n<p><strong>Pour plus d&rsquo;informations et d&rsquo;analyses sur la <span style=\"color: #ff6600\">Senegal<\/span>, suivez <span style=\"color: #ff6600\">Africa-Press<\/span><\/strong><\/p>\n","protected":false},"excerpt":{"rendered":"<p>Africa-Press &#8211; Senegal. Les conseils d\u2019administration du Groupe de la Banque africaine de de\u0301veloppement ont approuve\u0301 le 16 de\u0301cembre 2024, la proposition de la direction de la Banque pour la construction d\u2019un ba\u0302timent moderne et a\u0300 la pointe de la technologie destine\u0301 a\u0300 accueillir son sie\u0300ge social a\u0300 Abidjan, capitale e\u0301conomique de la Co\u0302te d\u2019Ivoire. [&hellip;]<\/p>\n","protected":false},"author":82,"featured_media":63949,"comment_status":"open","ping_status":"closed","sticky":false,"template":"","format":"standard","meta":{"footnotes":""},"categories":[3,2,10],"tags":[44],"class_list":["post-63950","post","type-post","status-publish","format-standard","has-post-thumbnail","hentry","category-economie","category-politique","category-toutes-les-actualites","tag-senegal-2"],"yoast_head":"<!-- This site is optimized with the Yoast SEO Premium plugin v26.1 (Yoast SEO v27.0) - https:\/\/yoast.com\/product\/yoast-seo-premium-wordpress\/ -->\n<title>le Groupe de la Banque africaine de d\u00e9veloppement annonce son projet de construire un si\u00e8ge social ultramoderne \u00e0 Abidjan - Senegal<\/title>\n<meta name=\"description\" content=\"Les conseils d\u2019administration du Groupe de la Banque africaine de de\u0301veloppement ont approuve\u0301 le 16 de\u0301cembre 2024, la ...\" \/>\n<meta name=\"robots\" content=\"index, follow, max-snippet:-1, max-image-preview:large, max-video-preview:-1\" \/>\n<link rel=\"canonical\" href=\"https:\/\/www.africa-press.net\/senegal\/politique\/le-groupe-de-la-banque-africaine-de-developpement-annonce-son-projet-de-construire-un-siege-social-ultramoderne-a-abidjan\" \/>\n<meta property=\"og:locale\" content=\"fr_FR\" \/>\n<meta property=\"og:type\" content=\"article\" \/>\n<meta property=\"og:title\" content=\"le Groupe de la Banque africaine de d\u00e9veloppement annonce son projet de construire un si\u00e8ge social ultramoderne \u00e0 Abidjan\" \/>\n<meta property=\"og:description\" content=\"Les conseils d\u2019administration du Groupe de la Banque africaine de de\u0301veloppement ont approuve\u0301 le 16 de\u0301cembre 2024, la ...\" \/>\n<meta property=\"og:url\" content=\"https:\/\/www.africa-press.net\/senegal\/politique\/le-groupe-de-la-banque-africaine-de-developpement-annonce-son-projet-de-construire-un-siege-social-ultramoderne-a-abidjan\" \/>\n<meta property=\"og:site_name\" content=\"Senegal\" \/>\n<meta property=\"article:published_time\" content=\"2024-12-18T12:45:00+00:00\" \/>\n<meta property=\"article:modified_time\" content=\"2024-12-18T21:41:50+00:00\" \/>\n<meta property=\"og:image\" content=\"https:\/\/static.africa-press.net\/senegal\/sites\/13\/2024\/12\/sm_1734586823.767516.jpg\" \/>\n\t<meta property=\"og:image:width\" content=\"720\" \/>\n\t<meta property=\"og:image:height\" content=\"406\" \/>\n\t<meta property=\"og:image:type\" content=\"image\/jpeg\" \/>\n<meta name=\"author\" content=\"cfeditorfr\" \/>\n<meta name=\"twitter:card\" content=\"summary_large_image\" \/>\n<meta name=\"twitter:label1\" content=\"\u00c9crit par\" \/>\n\t<meta name=\"twitter:data1\" content=\"cfeditorfr\" \/>\n\t<meta name=\"twitter:label2\" content=\"Dur\u00e9e de lecture estim\u00e9e\" \/>\n\t<meta name=\"twitter:data2\" content=\"3 minutes\" \/>\n<script type=\"application\/ld+json\" class=\"yoast-schema-graph\">{\"@context\":\"https:\/\/schema.org\",\"@graph\":[{\"@type\":\"Article\",\"@id\":\"https:\/\/www.africa-press.net\/senegal\/politique\/le-groupe-de-la-banque-africaine-de-developpement-annonce-son-projet-de-construire-un-siege-social-ultramoderne-a-abidjan#article\",\"isPartOf\":{\"@id\":\"https:\/\/www.africa-press.net\/senegal\/politique\/le-groupe-de-la-banque-africaine-de-developpement-annonce-son-projet-de-construire-un-siege-social-ultramoderne-a-abidjan\"},\"author\":{\"name\":\"cfeditorfr\",\"@id\":\"https:\/\/www.africa-press.net\/senegal\/#\/schema\/person\/2b1cf3cd81a31e3cd26889ca66d677f1\"},\"headline\":\"le Groupe de la Banque africaine de d\u00e9veloppement annonce son projet de construire un si\u00e8ge social ultramoderne \u00e0 Abidjan\",\"datePublished\":\"2024-12-18T12:45:00+00:00\",\"dateModified\":\"2024-12-18T21:41:50+00:00\",\"mainEntityOfPage\":{\"@id\":\"https:\/\/www.africa-press.net\/senegal\/politique\/le-groupe-de-la-banque-africaine-de-developpement-annonce-son-projet-de-construire-un-siege-social-ultramoderne-a-abidjan\"},\"wordCount\":569,\"commentCount\":0,\"image\":{\"@id\":\"https:\/\/www.africa-press.net\/senegal\/politique\/le-groupe-de-la-banque-africaine-de-developpement-annonce-son-projet-de-construire-un-siege-social-ultramoderne-a-abidjan#primaryimage\"},\"thumbnailUrl\":\"https:\/\/static.africa-press.net\/senegal\/sites\/13\/2024\/12\/sm_1734586823.767516.jpg\",\"keywords\":[\"Senegal\"],\"articleSection\":[\"\u00c9conomie\",\"Politique\",\"Toutes les actualit\u00e9s\"],\"inLanguage\":\"fr-FR\",\"potentialAction\":[{\"@type\":\"CommentAction\",\"name\":\"Comment\",\"target\":[\"https:\/\/www.africa-press.net\/senegal\/politique\/le-groupe-de-la-banque-africaine-de-developpement-annonce-son-projet-de-construire-un-siege-social-ultramoderne-a-abidjan#respond\"]}]},{\"@type\":\"WebPage\",\"@id\":\"https:\/\/www.africa-press.net\/senegal\/politique\/le-groupe-de-la-banque-africaine-de-developpement-annonce-son-projet-de-construire-un-siege-social-ultramoderne-a-abidjan\",\"url\":\"https:\/\/www.africa-press.net\/senegal\/politique\/le-groupe-de-la-banque-africaine-de-developpement-annonce-son-projet-de-construire-un-siege-social-ultramoderne-a-abidjan\",\"name\":\"le Groupe de la Banque africaine de d\u00e9veloppement annonce son projet de construire un si\u00e8ge social ultramoderne \u00e0 Abidjan - Senegal\",\"isPartOf\":{\"@id\":\"https:\/\/www.africa-press.net\/senegal\/#website\"},\"primaryImageOfPage\":{\"@id\":\"https:\/\/www.africa-press.net\/senegal\/politique\/le-groupe-de-la-banque-africaine-de-developpement-annonce-son-projet-de-construire-un-siege-social-ultramoderne-a-abidjan#primaryimage\"},\"image\":{\"@id\":\"https:\/\/www.africa-press.net\/senegal\/politique\/le-groupe-de-la-banque-africaine-de-developpement-annonce-son-projet-de-construire-un-siege-social-ultramoderne-a-abidjan#primaryimage\"},\"thumbnailUrl\":\"https:\/\/static.africa-press.net\/senegal\/sites\/13\/2024\/12\/sm_1734586823.767516.jpg\",\"datePublished\":\"2024-12-18T12:45:00+00:00\",\"dateModified\":\"2024-12-18T21:41:50+00:00\",\"author\":{\"@id\":\"https:\/\/www.africa-press.net\/senegal\/#\/schema\/person\/2b1cf3cd81a31e3cd26889ca66d677f1\"},\"description\":\"Les conseils d\u2019administration du Groupe de la Banque africaine de de\u0301veloppement ont approuve\u0301 le 16 de\u0301cembre 2024, la ...\",\"breadcrumb\":{\"@id\":\"https:\/\/www.africa-press.net\/senegal\/politique\/le-groupe-de-la-banque-africaine-de-developpement-annonce-son-projet-de-construire-un-siege-social-ultramoderne-a-abidjan#breadcrumb\"},\"inLanguage\":\"fr-FR\",\"potentialAction\":[{\"@type\":\"ReadAction\",\"target\":[\"https:\/\/www.africa-press.net\/senegal\/politique\/le-groupe-de-la-banque-africaine-de-developpement-annonce-son-projet-de-construire-un-siege-social-ultramoderne-a-abidjan\"]}]},{\"@type\":\"ImageObject\",\"inLanguage\":\"fr-FR\",\"@id\":\"https:\/\/www.africa-press.net\/senegal\/politique\/le-groupe-de-la-banque-africaine-de-developpement-annonce-son-projet-de-construire-un-siege-social-ultramoderne-a-abidjan#primaryimage\",\"url\":\"https:\/\/static.africa-press.net\/senegal\/sites\/13\/2024\/12\/sm_1734586823.767516.jpg\",\"contentUrl\":\"https:\/\/static.africa-press.net\/senegal\/sites\/13\/2024\/12\/sm_1734586823.767516.jpg\",\"width\":720,\"height\":406,\"caption\":\"le Groupe de la Banque africaine de d\u00e9veloppement annonce son projet de construire un si\u00e8ge social ultramoderne \u00e0 Abidjan\"},{\"@type\":\"BreadcrumbList\",\"@id\":\"https:\/\/www.africa-press.net\/senegal\/politique\/le-groupe-de-la-banque-africaine-de-developpement-annonce-son-projet-de-construire-un-siege-social-ultramoderne-a-abidjan#breadcrumb\",\"itemListElement\":[{\"@type\":\"ListItem\",\"position\":1,\"name\":\"Accueil\",\"item\":\"https:\/\/www.africa-press.net\/senegal\/\"},{\"@type\":\"ListItem\",\"position\":2,\"name\":\"le Groupe de la Banque africaine de d\u00e9veloppement annonce son projet de construire un si\u00e8ge social ultramoderne \u00e0 Abidjan\"}]},{\"@type\":\"WebSite\",\"@id\":\"https:\/\/www.africa-press.net\/senegal\/#website\",\"url\":\"https:\/\/www.africa-press.net\/senegal\/\",\"name\":\"Africa Press | Senegal | Homepage\",\"description\":\"Just another Africa News Agency Sites site\",\"potentialAction\":[{\"@type\":\"SearchAction\",\"target\":{\"@type\":\"EntryPoint\",\"urlTemplate\":\"https:\/\/www.africa-press.net\/senegal\/?s={search_term_string}\"},\"query-input\":{\"@type\":\"PropertyValueSpecification\",\"valueRequired\":true,\"valueName\":\"search_term_string\"}}],\"inLanguage\":\"fr-FR\"},{\"@type\":\"Person\",\"@id\":\"https:\/\/www.africa-press.net\/senegal\/#\/schema\/person\/2b1cf3cd81a31e3cd26889ca66d677f1\",\"name\":\"cfeditorfr\",\"url\":\"https:\/\/www.africa-press.net\/senegal\/author\/cfeditorfr\"}]}<\/script>\n<!-- \/ Yoast SEO Premium plugin. -->","yoast_head_json":{"title":"le Groupe de la Banque africaine de d\u00e9veloppement annonce son projet de construire un si\u00e8ge social ultramoderne \u00e0 Abidjan - Senegal","description":"Les conseils d\u2019administration du Groupe de la Banque africaine de de\u0301veloppement ont approuve\u0301 le 16 de\u0301cembre 2024, la ...","robots":{"index":"index","follow":"follow","max-snippet":"max-snippet:-1","max-image-preview":"max-image-preview:large","max-video-preview":"max-video-preview:-1"},"canonical":"https:\/\/www.africa-press.net\/senegal\/politique\/le-groupe-de-la-banque-africaine-de-developpement-annonce-son-projet-de-construire-un-siege-social-ultramoderne-a-abidjan","og_locale":"fr_FR","og_type":"article","og_title":"le Groupe de la Banque africaine de d\u00e9veloppement annonce son projet de construire un si\u00e8ge social ultramoderne \u00e0 Abidjan","og_description":"Les conseils d\u2019administration du Groupe de la Banque africaine de de\u0301veloppement ont approuve\u0301 le 16 de\u0301cembre 2024, la ...","og_url":"https:\/\/www.africa-press.net\/senegal\/politique\/le-groupe-de-la-banque-africaine-de-developpement-annonce-son-projet-de-construire-un-siege-social-ultramoderne-a-abidjan","og_site_name":"Senegal","article_published_time":"2024-12-18T12:45:00+00:00","article_modified_time":"2024-12-18T21:41:50+00:00","og_image":[{"width":720,"height":406,"url":"https:\/\/static.africa-press.net\/senegal\/sites\/13\/2024\/12\/sm_1734586823.767516.jpg","type":"image\/jpeg"}],"author":"cfeditorfr","twitter_card":"summary_large_image","twitter_misc":{"\u00c9crit par":"cfeditorfr","Dur\u00e9e de lecture estim\u00e9e":"3 minutes"},"schema":{"@context":"https:\/\/schema.org","@graph":[{"@type":"Article","@id":"https:\/\/www.africa-press.net\/senegal\/politique\/le-groupe-de-la-banque-africaine-de-developpement-annonce-son-projet-de-construire-un-siege-social-ultramoderne-a-abidjan#article","isPartOf":{"@id":"https:\/\/www.africa-press.net\/senegal\/politique\/le-groupe-de-la-banque-africaine-de-developpement-annonce-son-projet-de-construire-un-siege-social-ultramoderne-a-abidjan"},"author":{"name":"cfeditorfr","@id":"https:\/\/www.africa-press.net\/senegal\/#\/schema\/person\/2b1cf3cd81a31e3cd26889ca66d677f1"},"headline":"le Groupe de la Banque africaine de d\u00e9veloppement annonce son projet de construire un si\u00e8ge social ultramoderne \u00e0 Abidjan","datePublished":"2024-12-18T12:45:00+00:00","dateModified":"2024-12-18T21:41:50+00:00","mainEntityOfPage":{"@id":"https:\/\/www.africa-press.net\/senegal\/politique\/le-groupe-de-la-banque-africaine-de-developpement-annonce-son-projet-de-construire-un-siege-social-ultramoderne-a-abidjan"},"wordCount":569,"commentCount":0,"image":{"@id":"https:\/\/www.africa-press.net\/senegal\/politique\/le-groupe-de-la-banque-africaine-de-developpement-annonce-son-projet-de-construire-un-siege-social-ultramoderne-a-abidjan#primaryimage"},"thumbnailUrl":"https:\/\/static.africa-press.net\/senegal\/sites\/13\/2024\/12\/sm_1734586823.767516.jpg","keywords":["Senegal"],"articleSection":["\u00c9conomie","Politique","Toutes les actualit\u00e9s"],"inLanguage":"fr-FR","potentialAction":[{"@type":"CommentAction","name":"Comment","target":["https:\/\/www.africa-press.net\/senegal\/politique\/le-groupe-de-la-banque-africaine-de-developpement-annonce-son-projet-de-construire-un-siege-social-ultramoderne-a-abidjan#respond"]}]},{"@type":"WebPage","@id":"https:\/\/www.africa-press.net\/senegal\/politique\/le-groupe-de-la-banque-africaine-de-developpement-annonce-son-projet-de-construire-un-siege-social-ultramoderne-a-abidjan","url":"https:\/\/www.africa-press.net\/senegal\/politique\/le-groupe-de-la-banque-africaine-de-developpement-annonce-son-projet-de-construire-un-siege-social-ultramoderne-a-abidjan","name":"le Groupe de la Banque africaine de d\u00e9veloppement annonce son projet de construire un si\u00e8ge social ultramoderne \u00e0 Abidjan - Senegal","isPartOf":{"@id":"https:\/\/www.africa-press.net\/senegal\/#website"},"primaryImageOfPage":{"@id":"https:\/\/www.africa-press.net\/senegal\/politique\/le-groupe-de-la-banque-africaine-de-developpement-annonce-son-projet-de-construire-un-siege-social-ultramoderne-a-abidjan#primaryimage"},"image":{"@id":"https:\/\/www.africa-press.net\/senegal\/politique\/le-groupe-de-la-banque-africaine-de-developpement-annonce-son-projet-de-construire-un-siege-social-ultramoderne-a-abidjan#primaryimage"},"thumbnailUrl":"https:\/\/static.africa-press.net\/senegal\/sites\/13\/2024\/12\/sm_1734586823.767516.jpg","datePublished":"2024-12-18T12:45:00+00:00","dateModified":"2024-12-18T21:41:50+00:00","author":{"@id":"https:\/\/www.africa-press.net\/senegal\/#\/schema\/person\/2b1cf3cd81a31e3cd26889ca66d677f1"},"description":"Les conseils d\u2019administration du Groupe de la Banque africaine de de\u0301veloppement ont approuve\u0301 le 16 de\u0301cembre 2024, la ...","breadcrumb":{"@id":"https:\/\/www.africa-press.net\/senegal\/politique\/le-groupe-de-la-banque-africaine-de-developpement-annonce-son-projet-de-construire-un-siege-social-ultramoderne-a-abidjan#breadcrumb"},"inLanguage":"fr-FR","potentialAction":[{"@type":"ReadAction","target":["https:\/\/www.africa-press.net\/senegal\/politique\/le-groupe-de-la-banque-africaine-de-developpement-annonce-son-projet-de-construire-un-siege-social-ultramoderne-a-abidjan"]}]},{"@type":"ImageObject","inLanguage":"fr-FR","@id":"https:\/\/www.africa-press.net\/senegal\/politique\/le-groupe-de-la-banque-africaine-de-developpement-annonce-son-projet-de-construire-un-siege-social-ultramoderne-a-abidjan#primaryimage","url":"https:\/\/static.africa-press.net\/senegal\/sites\/13\/2024\/12\/sm_1734586823.767516.jpg","contentUrl":"https:\/\/static.africa-press.net\/senegal\/sites\/13\/2024\/12\/sm_1734586823.767516.jpg","width":720,"height":406,"caption":"le Groupe de la Banque africaine de d\u00e9veloppement annonce son projet de construire un si\u00e8ge social ultramoderne \u00e0 Abidjan"},{"@type":"BreadcrumbList","@id":"https:\/\/www.africa-press.net\/senegal\/politique\/le-groupe-de-la-banque-africaine-de-developpement-annonce-son-projet-de-construire-un-siege-social-ultramoderne-a-abidjan#breadcrumb","itemListElement":[{"@type":"ListItem","position":1,"name":"Accueil","item":"https:\/\/www.africa-press.net\/senegal\/"},{"@type":"ListItem","position":2,"name":"le Groupe de la Banque africaine de d\u00e9veloppement annonce son projet de construire un si\u00e8ge social ultramoderne \u00e0 Abidjan"}]},{"@type":"WebSite","@id":"https:\/\/www.africa-press.net\/senegal\/#website","url":"https:\/\/www.africa-press.net\/senegal\/","name":"Africa Press | Senegal | Homepage","description":"Just another Africa News Agency Sites site","potentialAction":[{"@type":"SearchAction","target":{"@type":"EntryPoint","urlTemplate":"https:\/\/www.africa-press.net\/senegal\/?s={search_term_string}"},"query-input":{"@type":"PropertyValueSpecification","valueRequired":true,"valueName":"search_term_string"}}],"inLanguage":"fr-FR"},{"@type":"Person","@id":"https:\/\/www.africa-press.net\/senegal\/#\/schema\/person\/2b1cf3cd81a31e3cd26889ca66d677f1","name":"cfeditorfr","url":"https:\/\/www.africa-press.net\/senegal\/author\/cfeditorfr"}]}},"_links":{"self":[{"href":"https:\/\/www.africa-press.net\/senegal\/wp-json\/wp\/v2\/posts\/63950","targetHints":{"allow":["GET"]}}],"collection":[{"href":"https:\/\/www.africa-press.net\/senegal\/wp-json\/wp\/v2\/posts"}],"about":[{"href":"https:\/\/www.africa-press.net\/senegal\/wp-json\/wp\/v2\/types\/post"}],"author":[{"embeddable":true,"href":"https:\/\/www.africa-press.net\/senegal\/wp-json\/wp\/v2\/users\/82"}],"replies":[{"embeddable":true,"href":"https:\/\/www.africa-press.net\/senegal\/wp-json\/wp\/v2\/comments?post=63950"}],"version-history":[{"count":0,"href":"https:\/\/www.africa-press.net\/senegal\/wp-json\/wp\/v2\/posts\/63950\/revisions"}],"wp:featuredmedia":[{"embeddable":true,"href":"https:\/\/www.africa-press.net\/senegal\/wp-json\/wp\/v2\/media\/63949"}],"wp:attachment":[{"href":"https:\/\/www.africa-press.net\/senegal\/wp-json\/wp\/v2\/media?parent=63950"}],"wp:term":[{"taxonomy":"category","embeddable":true,"href":"https:\/\/www.africa-press.net\/senegal\/wp-json\/wp\/v2\/categories?post=63950"},{"taxonomy":"post_tag","embeddable":true,"href":"https:\/\/www.africa-press.net\/senegal\/wp-json\/wp\/v2\/tags?post=63950"}],"curies":[{"name":"wp","href":"https:\/\/api.w.org\/{rel}","templated":true}]}}