{"id":63983,"date":"2024-12-21T14:00:00","date_gmt":"2024-12-21T14:00:00","guid":{"rendered":"https:\/\/www.africa-press.net\/senegal\/politique\/retrait-acte-des-pays-de-laes-de-la-cedeao-un-coup-dur-pour-lunite-regionale"},"modified":"2024-12-22T02:35:55","modified_gmt":"2024-12-22T02:35:55","slug":"retrait-acte-des-pays-de-laes-de-la-cedeao-un-coup-dur-pour-lunite-regionale","status":"publish","type":"post","link":"https:\/\/www.africa-press.net\/senegal\/dossiers\/retrait-acte-des-pays-de-laes-de-la-cedeao-un-coup-dur-pour-lunite-regionale","title":{"rendered":"Retrait act\u00e9 des pays de l\u2019AES de la CEDEAO : Un coup dur pour l\u2019unit\u00e9 r\u00e9gionale"},"content":{"rendered":"<p><b>Ousmane Mahamane<\/b><\/p>\n<p><span style=\"color: #ff6600\"><strong>Africa-Press &#8211; Senegal. <\/strong><\/span>Le Mali, le Burkina Faso et le Niger ne seront plus membres de l\u2019organisation ouest-africaine. Les chefs d\u2019Etat de la Ce\u0301de\u0301ao ont pris acte, lors du sommet organise\u0301 ce dimanche a\u0300 Abuja, de l\u2019intention des pays de l\u2019AES de quitter l\u2019organisation ouest-africaine. Une pe\u0301riode de transition de 6 mois va s\u2019ouvrir a\u0300 partir du 29 janvier a\u0300 l\u2019issue de laquelle, fin juillet, la sortie des trois Etats sahe\u0301liens de la Ce\u0301de\u0301ao sera de\u0301finitive.<\/p>\n<p>Nous assistons a\u0300 la de\u0301sinte\u0301gration d\u2019une re\u0301gion autrefois mode\u0300le de l\u2019inte\u0301gration, gardienne des traite\u0301s de Lagos du 28 mai 1975 et d\u2019Abuja du 3 juin 1991, en raison d\u2019une inge\u0301rence malsaine.<\/p>\n<p>Le retrait du Niger, du Burkina Faso et du Mali de la Communaute\u0301 e\u0301conomique des E\u0301tats de l\u2019Afrique de l\u2019Ouest (Ce\u0301de\u0301ao) constitue effectivement un coup dur pour l\u2019unite\u0301 re\u0301gionale et, par extension, pour l\u2019unite\u0301 africaine. Ces e\u0301ve\u0301nements traduisent les profondes tensions ge\u0301opolitiques et socio-e\u0301conomiques qui concernent la re\u0301gion.<\/p>\n<p>Les re\u0301cents coups d\u2019E\u0301tat au Mali, au Burkina Faso et au Niger ont exacerbe\u0301 les divergences entre ces pays et les institutions re\u0301gionales, en particulier face aux sanctions impose\u0301es par la Ce\u0301de\u0301ao. Ces E\u0301tats perc\u0327oivent souvent l\u2019organisation comme aligne\u0301e sur les inte\u0301re\u0302ts occidentaux, notamment ceux de la France.<\/p>\n<p>Ne\u0301anmoins, ce qu\u2019on peut retenir de ce long bras de fer entre la Ce\u0301de\u0301ao et l\u2019AES, est que les dirigeants de la Ce\u0301de\u0301ao ont tout fait pour montrer a\u0300 leurs homologues de l\u2019AES que le divorce n\u2019est pas ine\u0301luctable et que l\u2019Alliance des E\u0301tats du Sahel peut exister au sein de la Ce\u0301de\u0301ao.<\/p>\n<p>Observateurs, commentateurs et diplomates sont formels: il y a peu d\u2019espoir de dialogue pour que le trio revienne sur leur de\u0301cision de retrait de la Ce\u0301de\u0301ao malgre\u0301 la pe\u0301riode de transition qui va s\u2019ouvrir a\u0300 partir du 29 janvier.<\/p>\n<p>Ce retrait divise profonde\u0301ment les populations de trois pays de la confe\u0301de\u0301ration cre\u0301ant ainsi trois blocs a\u0300 savoir: les pro-retraits, anti-retraits et les neutres.<\/p>\n<p>\u201cJe suis un farouche partisan d\u2019un retrait des pays de l\u2019AES de la Ce\u0301de\u0301ao. Pour moi, ce qu\u2019on doit faire, c\u2019est de travailler durement pour assurer notre inde\u0301pendance dans tous les domaines. Le fait qu\u2019on doit quitter la Ce\u0301de\u0301ao le 29 janvier, ne devrait pas e\u0302tre perc\u0327u comme une mauvaise chose. Malgre\u0301 les avantages qu\u2019offre l\u2019Union europe\u0301enne, la Grande Bretagne a de\u0301cide\u0301 en toute souverainete\u0301 de quitter l\u2019Union europe\u0301enne, mais Londres continue toujours de collaborer avec 27 pays de l\u2019Union. Je pense que ces trois pays sont dans la me\u0302me dynamique de collaboration bilate\u0301rale avec les autres pays de la Ce\u0301de\u0301ao\u201d, commente ce partisan qui voit ce retrait comme une ne\u0301cessite\u0301 absolue, car, selon lui, la Ce\u0301de\u0301ao est devenue une institution e\u0301pouvantable.<\/p>\n<p>\u201cJe pense qu\u2019il n\u2019est pas trop tard, les dirigeants de l\u2019AES peuvent revoir leur de\u0301cision pour e\u0301viter que le peuple de l\u2019AES ne souffrent des restrictions de la libre circulation des personnes et des biens au sein de la Ce\u0301de\u0301ao. Une libre circulation qui pourrait e\u0301galement limiter les opportunite\u0301s d\u2019emploi et affecter la mobilite\u0301 des travailleurs, aggravant ainsi les conditions e\u0301conomiques pour la population malienne\u201d, conseille un anti retrait qui pense que ce retrait est une man\u0153uvre politique pour e\u0301viter la tenue d\u2019e\u0301lections libres et transparentes, permettant ainsi aux re\u0301gimes militaires de prolonger leur pouvoir ou transition sans rendre de comptes a\u0300 la communaute\u0301 internationale.<\/p>\n<p>\u201cQu\u2019on quitte la Ce\u0301de\u0301ao ou pas, c\u0327a ne me fait ni chaud ni froid. L\u2019essentiel est que les trois dirigeants de la confe\u0301de\u0301ration construisent une AES forte et prospe\u0300re calque\u0301e sur nos valeurs intrinse\u0300ques tout en s\u2019ouvrant sur les autres\u201d, ajoute un tenant de la ligne de la neutralite\u0301.<\/p>\n<p><b>Source: abamako.com<\/b><\/p>\n<p><strong>Pour plus d&rsquo;informations et d&rsquo;analyses sur la <span style=\"color: #ff6600\">Senegal<\/span>, suivez <span style=\"color: #ff6600\">Africa-Press<\/span><\/strong><\/p>\n","protected":false},"excerpt":{"rendered":"<p>Ousmane Mahamane Africa-Press &#8211; Senegal. Le Mali, le Burkina Faso et le Niger ne seront plus membres de l\u2019organisation ouest-africaine. Les chefs d\u2019Etat de la Ce\u0301de\u0301ao ont pris acte, lors du sommet organise\u0301 ce dimanche a\u0300 Abuja, de l\u2019intention des pays de l\u2019AES de quitter l\u2019organisation ouest-africaine. Une pe\u0301riode de transition de 6 mois va [&hellip;]<\/p>\n","protected":false},"author":82,"featured_media":63982,"comment_status":"open","ping_status":"closed","sticky":false,"template":"","format":"standard","meta":{"footnotes":""},"categories":[7,10],"tags":[44],"class_list":["post-63983","post","type-post","status-publish","format-standard","has-post-thumbnail","hentry","category-dossiers","category-toutes-les-actualites","tag-senegal-2"],"yoast_head":"<!-- This site is optimized with the Yoast SEO Premium plugin v26.1 (Yoast SEO v27.0) - https:\/\/yoast.com\/product\/yoast-seo-premium-wordpress\/ -->\n<title>Retrait act\u00e9 des pays de l\u2019AES de la CEDEAO : Un coup dur pour l\u2019unit\u00e9 r\u00e9gionale - Senegal<\/title>\n<meta name=\"description\" content=\"Le Mali, le Burkina Faso et le Niger ne seront plus membres de l\u2019organisation ouest-africaine. Les chefs d\u2019Etat de la Ce ...\" \/>\n<meta name=\"robots\" content=\"index, follow, max-snippet:-1, max-image-preview:large, max-video-preview:-1\" \/>\n<link rel=\"canonical\" href=\"https:\/\/www.africa-press.net\/senegal\/dossiers\/retrait-acte-des-pays-de-laes-de-la-cedeao-un-coup-dur-pour-lunite-regionale\" \/>\n<meta property=\"og:locale\" content=\"fr_FR\" \/>\n<meta property=\"og:type\" content=\"article\" \/>\n<meta property=\"og:title\" content=\"Retrait act\u00e9 des pays de l\u2019AES de la CEDEAO : Un coup dur pour l\u2019unit\u00e9 r\u00e9gionale\" \/>\n<meta property=\"og:description\" content=\"Le Mali, le Burkina Faso et le Niger ne seront plus membres de l\u2019organisation ouest-africaine. Les chefs d\u2019Etat de la Ce ...\" \/>\n<meta property=\"og:url\" content=\"https:\/\/www.africa-press.net\/senegal\/dossiers\/retrait-acte-des-pays-de-laes-de-la-cedeao-un-coup-dur-pour-lunite-regionale\" \/>\n<meta property=\"og:site_name\" content=\"Senegal\" \/>\n<meta property=\"article:published_time\" content=\"2024-12-21T14:00:00+00:00\" \/>\n<meta property=\"article:modified_time\" content=\"2024-12-22T02:35:55+00:00\" \/>\n<meta property=\"og:image\" content=\"https:\/\/static.africa-press.net\/senegal\/sites\/13\/2024\/12\/sm_1734863673.434285.jpg\" \/>\n\t<meta property=\"og:image:width\" content=\"1044\" \/>\n\t<meta property=\"og:image:height\" content=\"540\" \/>\n\t<meta property=\"og:image:type\" content=\"image\/jpeg\" \/>\n<meta name=\"author\" content=\"cfeditorfr\" \/>\n<meta name=\"twitter:card\" content=\"summary_large_image\" \/>\n<meta name=\"twitter:label1\" content=\"\u00c9crit par\" \/>\n\t<meta name=\"twitter:data1\" content=\"cfeditorfr\" \/>\n\t<meta name=\"twitter:label2\" content=\"Dur\u00e9e de lecture estim\u00e9e\" \/>\n\t<meta name=\"twitter:data2\" content=\"4 minutes\" \/>\n<script type=\"application\/ld+json\" class=\"yoast-schema-graph\">{\"@context\":\"https:\/\/schema.org\",\"@graph\":[{\"@type\":\"Article\",\"@id\":\"https:\/\/www.africa-press.net\/senegal\/dossiers\/retrait-acte-des-pays-de-laes-de-la-cedeao-un-coup-dur-pour-lunite-regionale#article\",\"isPartOf\":{\"@id\":\"https:\/\/www.africa-press.net\/senegal\/dossiers\/retrait-acte-des-pays-de-laes-de-la-cedeao-un-coup-dur-pour-lunite-regionale\"},\"author\":{\"name\":\"cfeditorfr\",\"@id\":\"https:\/\/www.africa-press.net\/senegal\/#\/schema\/person\/2b1cf3cd81a31e3cd26889ca66d677f1\"},\"headline\":\"Retrait act\u00e9 des pays de l\u2019AES de la CEDEAO : Un coup dur pour l\u2019unit\u00e9 r\u00e9gionale\",\"datePublished\":\"2024-12-21T14:00:00+00:00\",\"dateModified\":\"2024-12-22T02:35:55+00:00\",\"mainEntityOfPage\":{\"@id\":\"https:\/\/www.africa-press.net\/senegal\/dossiers\/retrait-acte-des-pays-de-laes-de-la-cedeao-un-coup-dur-pour-lunite-regionale\"},\"wordCount\":752,\"commentCount\":0,\"image\":{\"@id\":\"https:\/\/www.africa-press.net\/senegal\/dossiers\/retrait-acte-des-pays-de-laes-de-la-cedeao-un-coup-dur-pour-lunite-regionale#primaryimage\"},\"thumbnailUrl\":\"https:\/\/static.africa-press.net\/senegal\/sites\/13\/2024\/12\/sm_1734863673.434285.jpg\",\"keywords\":[\"Senegal\"],\"articleSection\":[\"Dossiers\",\"Toutes les actualit\u00e9s\"],\"inLanguage\":\"fr-FR\",\"potentialAction\":[{\"@type\":\"CommentAction\",\"name\":\"Comment\",\"target\":[\"https:\/\/www.africa-press.net\/senegal\/dossiers\/retrait-acte-des-pays-de-laes-de-la-cedeao-un-coup-dur-pour-lunite-regionale#respond\"]}]},{\"@type\":\"WebPage\",\"@id\":\"https:\/\/www.africa-press.net\/senegal\/dossiers\/retrait-acte-des-pays-de-laes-de-la-cedeao-un-coup-dur-pour-lunite-regionale\",\"url\":\"https:\/\/www.africa-press.net\/senegal\/dossiers\/retrait-acte-des-pays-de-laes-de-la-cedeao-un-coup-dur-pour-lunite-regionale\",\"name\":\"Retrait act\u00e9 des pays de l\u2019AES de la CEDEAO : Un coup dur pour l\u2019unit\u00e9 r\u00e9gionale - Senegal\",\"isPartOf\":{\"@id\":\"https:\/\/www.africa-press.net\/senegal\/#website\"},\"primaryImageOfPage\":{\"@id\":\"https:\/\/www.africa-press.net\/senegal\/dossiers\/retrait-acte-des-pays-de-laes-de-la-cedeao-un-coup-dur-pour-lunite-regionale#primaryimage\"},\"image\":{\"@id\":\"https:\/\/www.africa-press.net\/senegal\/dossiers\/retrait-acte-des-pays-de-laes-de-la-cedeao-un-coup-dur-pour-lunite-regionale#primaryimage\"},\"thumbnailUrl\":\"https:\/\/static.africa-press.net\/senegal\/sites\/13\/2024\/12\/sm_1734863673.434285.jpg\",\"datePublished\":\"2024-12-21T14:00:00+00:00\",\"dateModified\":\"2024-12-22T02:35:55+00:00\",\"author\":{\"@id\":\"https:\/\/www.africa-press.net\/senegal\/#\/schema\/person\/2b1cf3cd81a31e3cd26889ca66d677f1\"},\"description\":\"Le Mali, le Burkina Faso et le Niger ne seront plus membres de l\u2019organisation ouest-africaine. Les chefs d\u2019Etat de la Ce ...\",\"breadcrumb\":{\"@id\":\"https:\/\/www.africa-press.net\/senegal\/dossiers\/retrait-acte-des-pays-de-laes-de-la-cedeao-un-coup-dur-pour-lunite-regionale#breadcrumb\"},\"inLanguage\":\"fr-FR\",\"potentialAction\":[{\"@type\":\"ReadAction\",\"target\":[\"https:\/\/www.africa-press.net\/senegal\/dossiers\/retrait-acte-des-pays-de-laes-de-la-cedeao-un-coup-dur-pour-lunite-regionale\"]}]},{\"@type\":\"ImageObject\",\"inLanguage\":\"fr-FR\",\"@id\":\"https:\/\/www.africa-press.net\/senegal\/dossiers\/retrait-acte-des-pays-de-laes-de-la-cedeao-un-coup-dur-pour-lunite-regionale#primaryimage\",\"url\":\"https:\/\/static.africa-press.net\/senegal\/sites\/13\/2024\/12\/sm_1734863673.434285.jpg\",\"contentUrl\":\"https:\/\/static.africa-press.net\/senegal\/sites\/13\/2024\/12\/sm_1734863673.434285.jpg\",\"width\":1044,\"height\":540,\"caption\":\"Retrait act\u00e9 des pays de l\u2019AES de la CEDEAO : Un coup dur pour l\u2019unit\u00e9 r\u00e9gionale\"},{\"@type\":\"BreadcrumbList\",\"@id\":\"https:\/\/www.africa-press.net\/senegal\/dossiers\/retrait-acte-des-pays-de-laes-de-la-cedeao-un-coup-dur-pour-lunite-regionale#breadcrumb\",\"itemListElement\":[{\"@type\":\"ListItem\",\"position\":1,\"name\":\"Accueil\",\"item\":\"https:\/\/www.africa-press.net\/senegal\/\"},{\"@type\":\"ListItem\",\"position\":2,\"name\":\"Retrait act\u00e9 des pays de l\u2019AES de la CEDEAO : Un coup dur pour l\u2019unit\u00e9 r\u00e9gionale\"}]},{\"@type\":\"WebSite\",\"@id\":\"https:\/\/www.africa-press.net\/senegal\/#website\",\"url\":\"https:\/\/www.africa-press.net\/senegal\/\",\"name\":\"Africa Press | Senegal | Homepage\",\"description\":\"Just another Africa News Agency Sites site\",\"potentialAction\":[{\"@type\":\"SearchAction\",\"target\":{\"@type\":\"EntryPoint\",\"urlTemplate\":\"https:\/\/www.africa-press.net\/senegal\/?s={search_term_string}\"},\"query-input\":{\"@type\":\"PropertyValueSpecification\",\"valueRequired\":true,\"valueName\":\"search_term_string\"}}],\"inLanguage\":\"fr-FR\"},{\"@type\":\"Person\",\"@id\":\"https:\/\/www.africa-press.net\/senegal\/#\/schema\/person\/2b1cf3cd81a31e3cd26889ca66d677f1\",\"name\":\"cfeditorfr\",\"url\":\"https:\/\/www.africa-press.net\/senegal\/author\/cfeditorfr\"}]}<\/script>\n<!-- \/ Yoast SEO Premium plugin. -->","yoast_head_json":{"title":"Retrait act\u00e9 des pays de l\u2019AES de la CEDEAO : Un coup dur pour l\u2019unit\u00e9 r\u00e9gionale - Senegal","description":"Le Mali, le Burkina Faso et le Niger ne seront plus membres de l\u2019organisation ouest-africaine. Les chefs d\u2019Etat de la Ce ...","robots":{"index":"index","follow":"follow","max-snippet":"max-snippet:-1","max-image-preview":"max-image-preview:large","max-video-preview":"max-video-preview:-1"},"canonical":"https:\/\/www.africa-press.net\/senegal\/dossiers\/retrait-acte-des-pays-de-laes-de-la-cedeao-un-coup-dur-pour-lunite-regionale","og_locale":"fr_FR","og_type":"article","og_title":"Retrait act\u00e9 des pays de l\u2019AES de la CEDEAO : Un coup dur pour l\u2019unit\u00e9 r\u00e9gionale","og_description":"Le Mali, le Burkina Faso et le Niger ne seront plus membres de l\u2019organisation ouest-africaine. Les chefs d\u2019Etat de la Ce ...","og_url":"https:\/\/www.africa-press.net\/senegal\/dossiers\/retrait-acte-des-pays-de-laes-de-la-cedeao-un-coup-dur-pour-lunite-regionale","og_site_name":"Senegal","article_published_time":"2024-12-21T14:00:00+00:00","article_modified_time":"2024-12-22T02:35:55+00:00","og_image":[{"width":1044,"height":540,"url":"https:\/\/static.africa-press.net\/senegal\/sites\/13\/2024\/12\/sm_1734863673.434285.jpg","type":"image\/jpeg"}],"author":"cfeditorfr","twitter_card":"summary_large_image","twitter_misc":{"\u00c9crit par":"cfeditorfr","Dur\u00e9e de lecture estim\u00e9e":"4 minutes"},"schema":{"@context":"https:\/\/schema.org","@graph":[{"@type":"Article","@id":"https:\/\/www.africa-press.net\/senegal\/dossiers\/retrait-acte-des-pays-de-laes-de-la-cedeao-un-coup-dur-pour-lunite-regionale#article","isPartOf":{"@id":"https:\/\/www.africa-press.net\/senegal\/dossiers\/retrait-acte-des-pays-de-laes-de-la-cedeao-un-coup-dur-pour-lunite-regionale"},"author":{"name":"cfeditorfr","@id":"https:\/\/www.africa-press.net\/senegal\/#\/schema\/person\/2b1cf3cd81a31e3cd26889ca66d677f1"},"headline":"Retrait act\u00e9 des pays de l\u2019AES de la CEDEAO : Un coup dur pour l\u2019unit\u00e9 r\u00e9gionale","datePublished":"2024-12-21T14:00:00+00:00","dateModified":"2024-12-22T02:35:55+00:00","mainEntityOfPage":{"@id":"https:\/\/www.africa-press.net\/senegal\/dossiers\/retrait-acte-des-pays-de-laes-de-la-cedeao-un-coup-dur-pour-lunite-regionale"},"wordCount":752,"commentCount":0,"image":{"@id":"https:\/\/www.africa-press.net\/senegal\/dossiers\/retrait-acte-des-pays-de-laes-de-la-cedeao-un-coup-dur-pour-lunite-regionale#primaryimage"},"thumbnailUrl":"https:\/\/static.africa-press.net\/senegal\/sites\/13\/2024\/12\/sm_1734863673.434285.jpg","keywords":["Senegal"],"articleSection":["Dossiers","Toutes les actualit\u00e9s"],"inLanguage":"fr-FR","potentialAction":[{"@type":"CommentAction","name":"Comment","target":["https:\/\/www.africa-press.net\/senegal\/dossiers\/retrait-acte-des-pays-de-laes-de-la-cedeao-un-coup-dur-pour-lunite-regionale#respond"]}]},{"@type":"WebPage","@id":"https:\/\/www.africa-press.net\/senegal\/dossiers\/retrait-acte-des-pays-de-laes-de-la-cedeao-un-coup-dur-pour-lunite-regionale","url":"https:\/\/www.africa-press.net\/senegal\/dossiers\/retrait-acte-des-pays-de-laes-de-la-cedeao-un-coup-dur-pour-lunite-regionale","name":"Retrait act\u00e9 des pays de l\u2019AES de la CEDEAO : Un coup dur pour l\u2019unit\u00e9 r\u00e9gionale - Senegal","isPartOf":{"@id":"https:\/\/www.africa-press.net\/senegal\/#website"},"primaryImageOfPage":{"@id":"https:\/\/www.africa-press.net\/senegal\/dossiers\/retrait-acte-des-pays-de-laes-de-la-cedeao-un-coup-dur-pour-lunite-regionale#primaryimage"},"image":{"@id":"https:\/\/www.africa-press.net\/senegal\/dossiers\/retrait-acte-des-pays-de-laes-de-la-cedeao-un-coup-dur-pour-lunite-regionale#primaryimage"},"thumbnailUrl":"https:\/\/static.africa-press.net\/senegal\/sites\/13\/2024\/12\/sm_1734863673.434285.jpg","datePublished":"2024-12-21T14:00:00+00:00","dateModified":"2024-12-22T02:35:55+00:00","author":{"@id":"https:\/\/www.africa-press.net\/senegal\/#\/schema\/person\/2b1cf3cd81a31e3cd26889ca66d677f1"},"description":"Le Mali, le Burkina Faso et le Niger ne seront plus membres de l\u2019organisation ouest-africaine. Les chefs d\u2019Etat de la Ce ...","breadcrumb":{"@id":"https:\/\/www.africa-press.net\/senegal\/dossiers\/retrait-acte-des-pays-de-laes-de-la-cedeao-un-coup-dur-pour-lunite-regionale#breadcrumb"},"inLanguage":"fr-FR","potentialAction":[{"@type":"ReadAction","target":["https:\/\/www.africa-press.net\/senegal\/dossiers\/retrait-acte-des-pays-de-laes-de-la-cedeao-un-coup-dur-pour-lunite-regionale"]}]},{"@type":"ImageObject","inLanguage":"fr-FR","@id":"https:\/\/www.africa-press.net\/senegal\/dossiers\/retrait-acte-des-pays-de-laes-de-la-cedeao-un-coup-dur-pour-lunite-regionale#primaryimage","url":"https:\/\/static.africa-press.net\/senegal\/sites\/13\/2024\/12\/sm_1734863673.434285.jpg","contentUrl":"https:\/\/static.africa-press.net\/senegal\/sites\/13\/2024\/12\/sm_1734863673.434285.jpg","width":1044,"height":540,"caption":"Retrait act\u00e9 des pays de l\u2019AES de la CEDEAO : Un coup dur pour l\u2019unit\u00e9 r\u00e9gionale"},{"@type":"BreadcrumbList","@id":"https:\/\/www.africa-press.net\/senegal\/dossiers\/retrait-acte-des-pays-de-laes-de-la-cedeao-un-coup-dur-pour-lunite-regionale#breadcrumb","itemListElement":[{"@type":"ListItem","position":1,"name":"Accueil","item":"https:\/\/www.africa-press.net\/senegal\/"},{"@type":"ListItem","position":2,"name":"Retrait act\u00e9 des pays de l\u2019AES de la CEDEAO : Un coup dur pour l\u2019unit\u00e9 r\u00e9gionale"}]},{"@type":"WebSite","@id":"https:\/\/www.africa-press.net\/senegal\/#website","url":"https:\/\/www.africa-press.net\/senegal\/","name":"Africa Press | Senegal | Homepage","description":"Just another Africa News Agency Sites site","potentialAction":[{"@type":"SearchAction","target":{"@type":"EntryPoint","urlTemplate":"https:\/\/www.africa-press.net\/senegal\/?s={search_term_string}"},"query-input":{"@type":"PropertyValueSpecification","valueRequired":true,"valueName":"search_term_string"}}],"inLanguage":"fr-FR"},{"@type":"Person","@id":"https:\/\/www.africa-press.net\/senegal\/#\/schema\/person\/2b1cf3cd81a31e3cd26889ca66d677f1","name":"cfeditorfr","url":"https:\/\/www.africa-press.net\/senegal\/author\/cfeditorfr"}]}},"_links":{"self":[{"href":"https:\/\/www.africa-press.net\/senegal\/wp-json\/wp\/v2\/posts\/63983","targetHints":{"allow":["GET"]}}],"collection":[{"href":"https:\/\/www.africa-press.net\/senegal\/wp-json\/wp\/v2\/posts"}],"about":[{"href":"https:\/\/www.africa-press.net\/senegal\/wp-json\/wp\/v2\/types\/post"}],"author":[{"embeddable":true,"href":"https:\/\/www.africa-press.net\/senegal\/wp-json\/wp\/v2\/users\/82"}],"replies":[{"embeddable":true,"href":"https:\/\/www.africa-press.net\/senegal\/wp-json\/wp\/v2\/comments?post=63983"}],"version-history":[{"count":0,"href":"https:\/\/www.africa-press.net\/senegal\/wp-json\/wp\/v2\/posts\/63983\/revisions"}],"wp:featuredmedia":[{"embeddable":true,"href":"https:\/\/www.africa-press.net\/senegal\/wp-json\/wp\/v2\/media\/63982"}],"wp:attachment":[{"href":"https:\/\/www.africa-press.net\/senegal\/wp-json\/wp\/v2\/media?parent=63983"}],"wp:term":[{"taxonomy":"category","embeddable":true,"href":"https:\/\/www.africa-press.net\/senegal\/wp-json\/wp\/v2\/categories?post=63983"},{"taxonomy":"post_tag","embeddable":true,"href":"https:\/\/www.africa-press.net\/senegal\/wp-json\/wp\/v2\/tags?post=63983"}],"curies":[{"name":"wp","href":"https:\/\/api.w.org\/{rel}","templated":true}]}}