{"id":63992,"date":"2024-12-21T12:00:00","date_gmt":"2024-12-21T12:00:00","guid":{"rendered":"https:\/\/www.africa-press.net\/senegal\/politique\/asthme-et-allergie-des-especes-de-champignons-differentes-dans-le-nez-des-patients"},"modified":"2024-12-22T03:02:20","modified_gmt":"2024-12-22T03:02:20","slug":"asthme-et-allergie-des-especes-de-champignons-differentes-dans-le-nez-des-patients","status":"publish","type":"post","link":"https:\/\/www.africa-press.net\/senegal\/toutes-les-actualites\/asthme-et-allergie-des-especes-de-champignons-differentes-dans-le-nez-des-patients","title":{"rendered":"Asthme et allergie : des esp\u00e8ces de champignons diff\u00e9rentes dans le nez des patients"},"content":{"rendered":"<p><span style=\"color: #ff6600\"><strong>Africa-Press &#8211; Senegal. <\/strong><\/span>Les multiples travaux de recherche sur le microbiote intestinal l\u2019ont hisse\u0301 au rang de ce\u0301le\u0301brite\u0301. Si vous cherchez a\u0300 briller lors du prochain re\u0301veillon de Noe\u0308l, il vous faudra peut-e\u0302tre une autre piste, et pourquoi pas: le mycobiome nasal. Derrie\u0300re ce terme se cache l\u2019ensemble des espe\u0300ces fongiques pre\u0301sentes sur les parois du nez. Son origine e\u0301tymologique est issue du grec ancien \u03bc\u03c5\u0301\u03ba\u03b7\u03c2 (muke\u0304s), \u201cchampignon\u201d, et \u201cbiome\u201d de\u0301rive\u0301 du grec \u03b2\u03b9\u0301\u03bf\u03c2 (bi\u0301os), qui signifie \u201cvie\u201d. \u201cDe nombreuses e\u0301tudes ont analyse\u0301 le ro\u0302le des populations microbiennes dans le de\u0301veloppement des maladies allergiques, mais on sait peu de choses sur les populations fongiques du nez et sur leur association potentielle avec les maladies inflammatoires allergiques\u201d, de\u0301plore Luis Delgado, chercheur a\u0300 l\u2019universite\u0301 de Porto, lors d\u2019une interview pour Sciences et Avenir. Avec son e\u0301quipe, il a mis en e\u0301vidence les traces de diffe\u0301rentes populations de champignons chez les personnes atteintes d\u2019asthme et de rhinite allergique. Leur mycobiome est bien plus diversifie\u0301 que celui des individus sains. Les re\u0301sultats de ces travaux ont e\u0301te\u0301 publie\u0301s dans la revue Frontiers in Microbiology.<\/p>\n<p><b>Asthme et rhinite allergique sont souvent associe\u0301s<\/b><\/p>\n<p>L\u2019asthme touche entre 2,5 et 3 millions de personnes en France. Dans cette pathologie, les voies respiratoires sont obstrue\u0301es suite a\u0300 une inflammation locale et un e\u0301paississement des parois des bronches. \u201cChez les adultes, dans 1 cas sur 2, l\u2019asthme est d\u2019origine allergique. Ce taux atteint 80 % pour les enfants\u201d, ajoute l\u2019Assurance maladie. Mais pourquoi ? L\u2019inflammation est souvent de\u0301clenche\u0301e par des facteurs allerge\u0300nes tels que les pollens, la fume\u0301e de tabac ou la pollution de l\u2019air. Ce sont des cellules immunitaires, les e\u0301osinophiles, qui lancent le signal d\u2019alarme et induisent une hyperre\u0301activite\u0301 des bronches. \u201cOn assiste a\u0300 une inflammation rapide et prolonge\u0301e des voies respiratoires\u201d, souligne l\u2019auteur de l\u2019e\u0301tude. Les e\u0301osinophiles sont d\u2019ailleurs la cible de traitements a\u0300 anticorps monoclonaux, des mole\u0301cules immunitaires qui engendrent leur mort.<\/p>\n<p>Les chercheurs ont analyse\u0301 les champignons pre\u0301sents sur les parois nasales d\u2019enfants et de jeunes adultes. \u201cNous avons recrute\u0301 de jeunes patients souffrant de rhinite ou d\u2019asthme, ceux que l\u2019on rencontre ge\u0301ne\u0301ralement dans toute clinique ambulatoire spe\u0301cialise\u0301e dans les soins aux allergiques. Il s\u2019agit principalement de patients sensibilise\u0301s aux acariens, aux pollens, aux squames de chat ou de chien par exemple\u201d, raconte Luis Delgado. Les scientifiques ont ainsi pre\u0301leve\u0301 le mycobiome de plus de 300 participants, a\u0300 l\u2019aide d\u2019e\u0301couvillons nasaux. Pre\u0300s de la moitie\u0301 souffraient d\u2019asthme, de rhinite allergique ou, pour la plupart des deux pathologies. L\u2019autre moitie\u0301 constituait le groupe te\u0301moin d\u2019individus sains.<\/p>\n<p><b>Des champignons allerge\u0300nes et opportunistes<\/b><\/p>\n<p>Dans les e\u0301chantillons, les auteurs n\u2019ont pas cherche\u0301 a\u0300 identifier directement les espe\u0300ces fongiques, mais des mole\u0301cules cle\u0301s, re\u0301ve\u0301latrices de l\u2019activite\u0301 des champignons: les purines. \u201cOn a analyse\u0301 leurs empreintes en quelque sorte, illustre le chercheur. Chez les champignons pathoge\u0300nes de l\u2019humain, les purines sont essentielles dans divers processus tels que la re\u0301ception des signaux, le me\u0301tabolisme e\u0301nerge\u0301tique et la synthe\u0300se de l\u2019ADN.\u201d Ils ont alors identifie\u0301 les signatures correspondant a\u0300 diffe\u0301rentes espe\u0300ces de champignons.<\/p>\n<p>Re\u0301sultat: les mycobiomes nasaux sont essentiellement compose\u0301s de deux groupes de champignons (Ascomycota et Basidiomycota) et de 14 genres, dont 71 % ont e\u0301te\u0301 de\u0301tecte\u0301s a\u0300 une fre\u0301quence significativement plus e\u0301leve\u0301e chez les patients atteints de rhinite allergique et d\u2019asthme par rapport aux te\u0301moins sains. Parmi ces genres dominants, les scientifiques identifient des champignons communs, tels que Penicillium, Aspergillus, Candida ou Malassezia, qui sont reconnus chez l\u2019humain comme des champignons allerge\u0300nes ou opportunistes.<\/p>\n<p>\u201cIl existe des diffe\u0301rences significatives dans l\u2019abondance de la plupart des principales espe\u0300ces fongiques identifie\u0301es dans le nez des patients atteints de rhinite allergique, avec ou sans asthme associe\u0301\u201d, re\u0301sume-t-il. Leur mycobiome se distingue tant sur le plan de sa composition que de sa structure. Ses fonctions me\u0301taboliques sont diffe\u0301rentes, tout comme les connexions qu\u2019ils engagent entre les populations.<\/p>\n<p>Mais ces diffe\u0301rences sont-elles la cause ou la conse\u0301quence de la rhinite et de l\u2019asthme ? Pour re\u0301pondre a\u0300 cette question, il reste a\u0300 identifier l\u2019e\u0301volution de ces champignons au fil du temps. Dans leur e\u0301tude, les chercheurs de l\u2019Universite\u0301 de Porto ont re\u0301alise\u0301 les pre\u0301le\u0300vements a\u0300 un instant t, mais une e\u0301tude longitudinale leur permettrait peut-e\u0302tre d\u2019identifier des liens de causalite\u0301 entre les populations fongiques et les pathologies. Une des hypothe\u0300ses consiste a\u0300 penser que ces champignons affectent l\u2019environnement immunitaire du nez. \u201cSi les prochaines e\u0301tudes confirment ce lien et identifient les processus implique\u0301s, il pourrait s\u2019agir d\u2019une future cible the\u0301rapeutique pour le traitement ou le diagnostic,\u201d concluent les auteurs.<\/p>\n<p><strong>Pour plus d&rsquo;informations et d&rsquo;analyses sur la <span style=\"color: #ff6600\">Senegal<\/span>, suivez <span style=\"color: #ff6600\">Africa-Press<\/span><\/strong><\/p>\n","protected":false},"excerpt":{"rendered":"<p>Africa-Press &#8211; Senegal. Les multiples travaux de recherche sur le microbiote intestinal l\u2019ont hisse\u0301 au rang de ce\u0301le\u0301brite\u0301. Si vous cherchez a\u0300 briller lors du prochain re\u0301veillon de Noe\u0308l, il vous faudra peut-e\u0302tre une autre piste, et pourquoi pas: le mycobiome nasal. Derrie\u0300re ce terme se cache l\u2019ensemble des espe\u0300ces fongiques pre\u0301sentes sur les parois [&hellip;]<\/p>\n","protected":false},"author":82,"featured_media":63991,"comment_status":"open","ping_status":"closed","sticky":false,"template":"","format":"standard","meta":{"footnotes":""},"categories":[22,10],"tags":[44],"class_list":["post-63992","post","type-post","status-publish","format-standard","has-post-thumbnail","hentry","category-divers","category-toutes-les-actualites","tag-senegal-2"],"yoast_head":"<!-- This site is optimized with the Yoast SEO Premium plugin v26.1 (Yoast SEO v27.0) - https:\/\/yoast.com\/product\/yoast-seo-premium-wordpress\/ -->\n<title>Asthme et allergie : des esp\u00e8ces de champignons diff\u00e9rentes dans le nez des patients - Senegal<\/title>\n<meta name=\"description\" content=\"Les multiples travaux de recherche sur le microbiote intestinal l\u2019ont hisse\u0301 au rang de ce\u0301le\u0301brite\u0301. Si vous cherchez a ...\" \/>\n<meta name=\"robots\" content=\"index, follow, max-snippet:-1, max-image-preview:large, max-video-preview:-1\" \/>\n<link rel=\"canonical\" href=\"https:\/\/www.africa-press.net\/senegal\/toutes-les-actualites\/asthme-et-allergie-des-especes-de-champignons-differentes-dans-le-nez-des-patients\" \/>\n<meta property=\"og:locale\" content=\"fr_FR\" \/>\n<meta property=\"og:type\" content=\"article\" \/>\n<meta property=\"og:title\" content=\"Asthme et allergie : des esp\u00e8ces de champignons diff\u00e9rentes dans le nez des patients\" \/>\n<meta property=\"og:description\" content=\"Les multiples travaux de recherche sur le microbiote intestinal l\u2019ont hisse\u0301 au rang de ce\u0301le\u0301brite\u0301. Si vous cherchez a ...\" \/>\n<meta property=\"og:url\" content=\"https:\/\/www.africa-press.net\/senegal\/toutes-les-actualites\/asthme-et-allergie-des-especes-de-champignons-differentes-dans-le-nez-des-patients\" \/>\n<meta property=\"og:site_name\" content=\"Senegal\" \/>\n<meta property=\"article:published_time\" content=\"2024-12-21T12:00:00+00:00\" \/>\n<meta property=\"article:modified_time\" content=\"2024-12-22T03:02:20+00:00\" \/>\n<meta property=\"og:image\" content=\"https:\/\/static.africa-press.net\/senegal\/sites\/13\/2024\/12\/sm_1734865316.707374.jpg\" \/>\n\t<meta property=\"og:image:width\" content=\"1280\" \/>\n\t<meta property=\"og:image:height\" content=\"720\" \/>\n\t<meta property=\"og:image:type\" content=\"image\/jpeg\" \/>\n<meta name=\"author\" content=\"cfeditorfr\" \/>\n<meta name=\"twitter:card\" content=\"summary_large_image\" \/>\n<meta name=\"twitter:label1\" content=\"\u00c9crit par\" \/>\n\t<meta name=\"twitter:data1\" content=\"cfeditorfr\" \/>\n\t<meta name=\"twitter:label2\" content=\"Dur\u00e9e de lecture estim\u00e9e\" \/>\n\t<meta name=\"twitter:data2\" content=\"4 minutes\" \/>\n<script type=\"application\/ld+json\" class=\"yoast-schema-graph\">{\"@context\":\"https:\/\/schema.org\",\"@graph\":[{\"@type\":\"Article\",\"@id\":\"https:\/\/www.africa-press.net\/senegal\/toutes-les-actualites\/asthme-et-allergie-des-especes-de-champignons-differentes-dans-le-nez-des-patients#article\",\"isPartOf\":{\"@id\":\"https:\/\/www.africa-press.net\/senegal\/toutes-les-actualites\/asthme-et-allergie-des-especes-de-champignons-differentes-dans-le-nez-des-patients\"},\"author\":{\"name\":\"cfeditorfr\",\"@id\":\"https:\/\/www.africa-press.net\/senegal\/#\/schema\/person\/2b1cf3cd81a31e3cd26889ca66d677f1\"},\"headline\":\"Asthme et allergie : des esp\u00e8ces de champignons diff\u00e9rentes dans le nez des patients\",\"datePublished\":\"2024-12-21T12:00:00+00:00\",\"dateModified\":\"2024-12-22T03:02:20+00:00\",\"mainEntityOfPage\":{\"@id\":\"https:\/\/www.africa-press.net\/senegal\/toutes-les-actualites\/asthme-et-allergie-des-especes-de-champignons-differentes-dans-le-nez-des-patients\"},\"wordCount\":885,\"commentCount\":0,\"image\":{\"@id\":\"https:\/\/www.africa-press.net\/senegal\/toutes-les-actualites\/asthme-et-allergie-des-especes-de-champignons-differentes-dans-le-nez-des-patients#primaryimage\"},\"thumbnailUrl\":\"https:\/\/static.africa-press.net\/senegal\/sites\/13\/2024\/12\/sm_1734865316.707374.jpg\",\"keywords\":[\"Senegal\"],\"articleSection\":[\"Divers\",\"Toutes les actualit\u00e9s\"],\"inLanguage\":\"fr-FR\",\"potentialAction\":[{\"@type\":\"CommentAction\",\"name\":\"Comment\",\"target\":[\"https:\/\/www.africa-press.net\/senegal\/toutes-les-actualites\/asthme-et-allergie-des-especes-de-champignons-differentes-dans-le-nez-des-patients#respond\"]}]},{\"@type\":\"WebPage\",\"@id\":\"https:\/\/www.africa-press.net\/senegal\/toutes-les-actualites\/asthme-et-allergie-des-especes-de-champignons-differentes-dans-le-nez-des-patients\",\"url\":\"https:\/\/www.africa-press.net\/senegal\/toutes-les-actualites\/asthme-et-allergie-des-especes-de-champignons-differentes-dans-le-nez-des-patients\",\"name\":\"Asthme et allergie : des esp\u00e8ces de champignons diff\u00e9rentes dans le nez des patients - Senegal\",\"isPartOf\":{\"@id\":\"https:\/\/www.africa-press.net\/senegal\/#website\"},\"primaryImageOfPage\":{\"@id\":\"https:\/\/www.africa-press.net\/senegal\/toutes-les-actualites\/asthme-et-allergie-des-especes-de-champignons-differentes-dans-le-nez-des-patients#primaryimage\"},\"image\":{\"@id\":\"https:\/\/www.africa-press.net\/senegal\/toutes-les-actualites\/asthme-et-allergie-des-especes-de-champignons-differentes-dans-le-nez-des-patients#primaryimage\"},\"thumbnailUrl\":\"https:\/\/static.africa-press.net\/senegal\/sites\/13\/2024\/12\/sm_1734865316.707374.jpg\",\"datePublished\":\"2024-12-21T12:00:00+00:00\",\"dateModified\":\"2024-12-22T03:02:20+00:00\",\"author\":{\"@id\":\"https:\/\/www.africa-press.net\/senegal\/#\/schema\/person\/2b1cf3cd81a31e3cd26889ca66d677f1\"},\"description\":\"Les multiples travaux de recherche sur le microbiote intestinal l\u2019ont hisse\u0301 au rang de ce\u0301le\u0301brite\u0301. Si vous cherchez a ...\",\"breadcrumb\":{\"@id\":\"https:\/\/www.africa-press.net\/senegal\/toutes-les-actualites\/asthme-et-allergie-des-especes-de-champignons-differentes-dans-le-nez-des-patients#breadcrumb\"},\"inLanguage\":\"fr-FR\",\"potentialAction\":[{\"@type\":\"ReadAction\",\"target\":[\"https:\/\/www.africa-press.net\/senegal\/toutes-les-actualites\/asthme-et-allergie-des-especes-de-champignons-differentes-dans-le-nez-des-patients\"]}]},{\"@type\":\"ImageObject\",\"inLanguage\":\"fr-FR\",\"@id\":\"https:\/\/www.africa-press.net\/senegal\/toutes-les-actualites\/asthme-et-allergie-des-especes-de-champignons-differentes-dans-le-nez-des-patients#primaryimage\",\"url\":\"https:\/\/static.africa-press.net\/senegal\/sites\/13\/2024\/12\/sm_1734865316.707374.jpg\",\"contentUrl\":\"https:\/\/static.africa-press.net\/senegal\/sites\/13\/2024\/12\/sm_1734865316.707374.jpg\",\"width\":1280,\"height\":720,\"caption\":\"Asthme et allergie : des esp\u00e8ces de champignons diff\u00e9rentes dans le nez des patients\"},{\"@type\":\"BreadcrumbList\",\"@id\":\"https:\/\/www.africa-press.net\/senegal\/toutes-les-actualites\/asthme-et-allergie-des-especes-de-champignons-differentes-dans-le-nez-des-patients#breadcrumb\",\"itemListElement\":[{\"@type\":\"ListItem\",\"position\":1,\"name\":\"Accueil\",\"item\":\"https:\/\/www.africa-press.net\/senegal\/\"},{\"@type\":\"ListItem\",\"position\":2,\"name\":\"Asthme et allergie : des esp\u00e8ces de champignons diff\u00e9rentes dans le nez des patients\"}]},{\"@type\":\"WebSite\",\"@id\":\"https:\/\/www.africa-press.net\/senegal\/#website\",\"url\":\"https:\/\/www.africa-press.net\/senegal\/\",\"name\":\"Africa Press | Senegal | Homepage\",\"description\":\"Just another Africa News Agency Sites site\",\"potentialAction\":[{\"@type\":\"SearchAction\",\"target\":{\"@type\":\"EntryPoint\",\"urlTemplate\":\"https:\/\/www.africa-press.net\/senegal\/?s={search_term_string}\"},\"query-input\":{\"@type\":\"PropertyValueSpecification\",\"valueRequired\":true,\"valueName\":\"search_term_string\"}}],\"inLanguage\":\"fr-FR\"},{\"@type\":\"Person\",\"@id\":\"https:\/\/www.africa-press.net\/senegal\/#\/schema\/person\/2b1cf3cd81a31e3cd26889ca66d677f1\",\"name\":\"cfeditorfr\",\"url\":\"https:\/\/www.africa-press.net\/senegal\/author\/cfeditorfr\"}]}<\/script>\n<!-- \/ Yoast SEO Premium plugin. -->","yoast_head_json":{"title":"Asthme et allergie : des esp\u00e8ces de champignons diff\u00e9rentes dans le nez des patients - Senegal","description":"Les multiples travaux de recherche sur le microbiote intestinal l\u2019ont hisse\u0301 au rang de ce\u0301le\u0301brite\u0301. Si vous cherchez a ...","robots":{"index":"index","follow":"follow","max-snippet":"max-snippet:-1","max-image-preview":"max-image-preview:large","max-video-preview":"max-video-preview:-1"},"canonical":"https:\/\/www.africa-press.net\/senegal\/toutes-les-actualites\/asthme-et-allergie-des-especes-de-champignons-differentes-dans-le-nez-des-patients","og_locale":"fr_FR","og_type":"article","og_title":"Asthme et allergie : des esp\u00e8ces de champignons diff\u00e9rentes dans le nez des patients","og_description":"Les multiples travaux de recherche sur le microbiote intestinal l\u2019ont hisse\u0301 au rang de ce\u0301le\u0301brite\u0301. Si vous cherchez a ...","og_url":"https:\/\/www.africa-press.net\/senegal\/toutes-les-actualites\/asthme-et-allergie-des-especes-de-champignons-differentes-dans-le-nez-des-patients","og_site_name":"Senegal","article_published_time":"2024-12-21T12:00:00+00:00","article_modified_time":"2024-12-22T03:02:20+00:00","og_image":[{"width":1280,"height":720,"url":"https:\/\/static.africa-press.net\/senegal\/sites\/13\/2024\/12\/sm_1734865316.707374.jpg","type":"image\/jpeg"}],"author":"cfeditorfr","twitter_card":"summary_large_image","twitter_misc":{"\u00c9crit par":"cfeditorfr","Dur\u00e9e de lecture estim\u00e9e":"4 minutes"},"schema":{"@context":"https:\/\/schema.org","@graph":[{"@type":"Article","@id":"https:\/\/www.africa-press.net\/senegal\/toutes-les-actualites\/asthme-et-allergie-des-especes-de-champignons-differentes-dans-le-nez-des-patients#article","isPartOf":{"@id":"https:\/\/www.africa-press.net\/senegal\/toutes-les-actualites\/asthme-et-allergie-des-especes-de-champignons-differentes-dans-le-nez-des-patients"},"author":{"name":"cfeditorfr","@id":"https:\/\/www.africa-press.net\/senegal\/#\/schema\/person\/2b1cf3cd81a31e3cd26889ca66d677f1"},"headline":"Asthme et allergie : des esp\u00e8ces de champignons diff\u00e9rentes dans le nez des patients","datePublished":"2024-12-21T12:00:00+00:00","dateModified":"2024-12-22T03:02:20+00:00","mainEntityOfPage":{"@id":"https:\/\/www.africa-press.net\/senegal\/toutes-les-actualites\/asthme-et-allergie-des-especes-de-champignons-differentes-dans-le-nez-des-patients"},"wordCount":885,"commentCount":0,"image":{"@id":"https:\/\/www.africa-press.net\/senegal\/toutes-les-actualites\/asthme-et-allergie-des-especes-de-champignons-differentes-dans-le-nez-des-patients#primaryimage"},"thumbnailUrl":"https:\/\/static.africa-press.net\/senegal\/sites\/13\/2024\/12\/sm_1734865316.707374.jpg","keywords":["Senegal"],"articleSection":["Divers","Toutes les actualit\u00e9s"],"inLanguage":"fr-FR","potentialAction":[{"@type":"CommentAction","name":"Comment","target":["https:\/\/www.africa-press.net\/senegal\/toutes-les-actualites\/asthme-et-allergie-des-especes-de-champignons-differentes-dans-le-nez-des-patients#respond"]}]},{"@type":"WebPage","@id":"https:\/\/www.africa-press.net\/senegal\/toutes-les-actualites\/asthme-et-allergie-des-especes-de-champignons-differentes-dans-le-nez-des-patients","url":"https:\/\/www.africa-press.net\/senegal\/toutes-les-actualites\/asthme-et-allergie-des-especes-de-champignons-differentes-dans-le-nez-des-patients","name":"Asthme et allergie : des esp\u00e8ces de champignons diff\u00e9rentes dans le nez des patients - Senegal","isPartOf":{"@id":"https:\/\/www.africa-press.net\/senegal\/#website"},"primaryImageOfPage":{"@id":"https:\/\/www.africa-press.net\/senegal\/toutes-les-actualites\/asthme-et-allergie-des-especes-de-champignons-differentes-dans-le-nez-des-patients#primaryimage"},"image":{"@id":"https:\/\/www.africa-press.net\/senegal\/toutes-les-actualites\/asthme-et-allergie-des-especes-de-champignons-differentes-dans-le-nez-des-patients#primaryimage"},"thumbnailUrl":"https:\/\/static.africa-press.net\/senegal\/sites\/13\/2024\/12\/sm_1734865316.707374.jpg","datePublished":"2024-12-21T12:00:00+00:00","dateModified":"2024-12-22T03:02:20+00:00","author":{"@id":"https:\/\/www.africa-press.net\/senegal\/#\/schema\/person\/2b1cf3cd81a31e3cd26889ca66d677f1"},"description":"Les multiples travaux de recherche sur le microbiote intestinal l\u2019ont hisse\u0301 au rang de ce\u0301le\u0301brite\u0301. Si vous cherchez a ...","breadcrumb":{"@id":"https:\/\/www.africa-press.net\/senegal\/toutes-les-actualites\/asthme-et-allergie-des-especes-de-champignons-differentes-dans-le-nez-des-patients#breadcrumb"},"inLanguage":"fr-FR","potentialAction":[{"@type":"ReadAction","target":["https:\/\/www.africa-press.net\/senegal\/toutes-les-actualites\/asthme-et-allergie-des-especes-de-champignons-differentes-dans-le-nez-des-patients"]}]},{"@type":"ImageObject","inLanguage":"fr-FR","@id":"https:\/\/www.africa-press.net\/senegal\/toutes-les-actualites\/asthme-et-allergie-des-especes-de-champignons-differentes-dans-le-nez-des-patients#primaryimage","url":"https:\/\/static.africa-press.net\/senegal\/sites\/13\/2024\/12\/sm_1734865316.707374.jpg","contentUrl":"https:\/\/static.africa-press.net\/senegal\/sites\/13\/2024\/12\/sm_1734865316.707374.jpg","width":1280,"height":720,"caption":"Asthme et allergie : des esp\u00e8ces de champignons diff\u00e9rentes dans le nez des patients"},{"@type":"BreadcrumbList","@id":"https:\/\/www.africa-press.net\/senegal\/toutes-les-actualites\/asthme-et-allergie-des-especes-de-champignons-differentes-dans-le-nez-des-patients#breadcrumb","itemListElement":[{"@type":"ListItem","position":1,"name":"Accueil","item":"https:\/\/www.africa-press.net\/senegal\/"},{"@type":"ListItem","position":2,"name":"Asthme et allergie : des esp\u00e8ces de champignons diff\u00e9rentes dans le nez des patients"}]},{"@type":"WebSite","@id":"https:\/\/www.africa-press.net\/senegal\/#website","url":"https:\/\/www.africa-press.net\/senegal\/","name":"Africa Press | Senegal | Homepage","description":"Just another Africa News Agency Sites site","potentialAction":[{"@type":"SearchAction","target":{"@type":"EntryPoint","urlTemplate":"https:\/\/www.africa-press.net\/senegal\/?s={search_term_string}"},"query-input":{"@type":"PropertyValueSpecification","valueRequired":true,"valueName":"search_term_string"}}],"inLanguage":"fr-FR"},{"@type":"Person","@id":"https:\/\/www.africa-press.net\/senegal\/#\/schema\/person\/2b1cf3cd81a31e3cd26889ca66d677f1","name":"cfeditorfr","url":"https:\/\/www.africa-press.net\/senegal\/author\/cfeditorfr"}]}},"_links":{"self":[{"href":"https:\/\/www.africa-press.net\/senegal\/wp-json\/wp\/v2\/posts\/63992","targetHints":{"allow":["GET"]}}],"collection":[{"href":"https:\/\/www.africa-press.net\/senegal\/wp-json\/wp\/v2\/posts"}],"about":[{"href":"https:\/\/www.africa-press.net\/senegal\/wp-json\/wp\/v2\/types\/post"}],"author":[{"embeddable":true,"href":"https:\/\/www.africa-press.net\/senegal\/wp-json\/wp\/v2\/users\/82"}],"replies":[{"embeddable":true,"href":"https:\/\/www.africa-press.net\/senegal\/wp-json\/wp\/v2\/comments?post=63992"}],"version-history":[{"count":0,"href":"https:\/\/www.africa-press.net\/senegal\/wp-json\/wp\/v2\/posts\/63992\/revisions"}],"wp:featuredmedia":[{"embeddable":true,"href":"https:\/\/www.africa-press.net\/senegal\/wp-json\/wp\/v2\/media\/63991"}],"wp:attachment":[{"href":"https:\/\/www.africa-press.net\/senegal\/wp-json\/wp\/v2\/media?parent=63992"}],"wp:term":[{"taxonomy":"category","embeddable":true,"href":"https:\/\/www.africa-press.net\/senegal\/wp-json\/wp\/v2\/categories?post=63992"},{"taxonomy":"post_tag","embeddable":true,"href":"https:\/\/www.africa-press.net\/senegal\/wp-json\/wp\/v2\/tags?post=63992"}],"curies":[{"name":"wp","href":"https:\/\/api.w.org\/{rel}","templated":true}]}}