{"id":64065,"date":"2024-12-23T14:10:00","date_gmt":"2024-12-23T14:10:00","guid":{"rendered":"https:\/\/www.africa-press.net\/senegal\/politique\/sortie-des-pays-de-laes-de-la-cedeao-lonu-craint-la-mise-en-peril-du-programme-prodemocratique-de-la-cedeao"},"modified":"2024-12-24T00:01:52","modified_gmt":"2024-12-24T00:01:52","slug":"sortie-des-pays-de-laes-de-la-cedeao-lonu-craint-la-mise-en-peril-du-programme-prodemocratique-de-la-cedeao","status":"publish","type":"post","link":"https:\/\/www.africa-press.net\/senegal\/politique\/sortie-des-pays-de-laes-de-la-cedeao-lonu-craint-la-mise-en-peril-du-programme-prodemocratique-de-la-cedeao","title":{"rendered":"Sortie des pays de L\u2019AES de la CEDEAO: L\u2019ONU craint la mise en pe\u0301ril du programme prode\u0301mocratique de la CEDEAO"},"content":{"rendered":"<p><span style=\"color: #ff6600\"><strong>Africa-Press &#8211; Senegal. <\/strong><\/span>Samedi, devant le Conseil de l\u2019ONU, Mme Addae-Mensah, Directrice exe\u0301cutive du Re\u0301seau d\u2019Afrique de l\u2019Ouest pour la Consolidation de la Paix (WANEP), a exprime\u0301 ses pre\u0301occupations concernant la de\u0301cision prise en janvier 2024 par le Niger, le Mali et le Burkina Faso de quitter la CEDEAO pour former leur propre alliance.<\/p>\n<p>Selon elle, cette de\u0301cision pourrait compromettre la stabilite\u0301 re\u0301gionale et affaiblir les efforts prode\u0301mocratique de la CEDEAO dans la re\u0301gion.<\/p>\n<p>Mme Addae-Mensah a rappele\u0301 que, lors de son dernier sommet, la CEDEAO a approuve\u0301 la de\u0301cision des trois E\u0301tats de quitter le bloc, mais a offert une pe\u0301riode de transition de six mois (29 janvier \u2013 29 juillet 2025) pour e\u0302tre re\u0301admis s\u2019ils le souhaitent. Ne\u0301anmoins, les relations entre la CEDEAO et les trois E\u0301tats restent brouille\u0301es, a-t-elle constate\u0301 en se de\u0301solant que cette situation compromette la coope\u0301ration multilate\u0301rale et bilate\u0301rale en matie\u0300re de se\u0301curite\u0301.<\/p>\n<p>Selon Mme Addae-Mensah, la de\u0301cision prise en janvier 2024 par le Niger, le Mali et le Burkina Faso de quitter la CEDEAO pour former leur propre alliance complique davantage la situation.<\/p>\n<p>Elle a averti que cette initiative \u00ab met en pe\u0301ril la stabilite\u0301 re\u0301gionale et le programme prode\u0301mocratique de la CEDEAO\u00bb. Mme Addae-Mensah a souligne\u0301 que, lors de son dernier sommet, la CEDEAO avait approuve\u0301 la de\u0301cision des trois E\u0301tats de se retirer du bloc, tout en accordant une pe\u0301riode de transition de six mois,du 29 janvier au 29 juillet 2025, pour permettre leur re\u0301admission s\u2019ils en exprimaient le souhait.<\/p>\n<p>Cependant, elle a de\u0301plore\u0301 que les relations entre la CEDEAO et ces trois pays demeurent tendues,compromettant ainsi la coope\u0301ration multilate\u0301rale et bilate\u0301rale, notamment dans le domaine de la se\u0301curite\u0301.<\/p>\n<p><strong>Pour plus d&rsquo;informations et d&rsquo;analyses sur la <span style=\"color: #ff6600\">Senegal<\/span>, suivez <span style=\"color: #ff6600\">Africa-Press<\/span><\/strong><\/p>\n","protected":false},"excerpt":{"rendered":"<p>Africa-Press &#8211; Senegal. Samedi, devant le Conseil de l\u2019ONU, Mme Addae-Mensah, Directrice exe\u0301cutive du Re\u0301seau d\u2019Afrique de l\u2019Ouest pour la Consolidation de la Paix (WANEP), a exprime\u0301 ses pre\u0301occupations concernant la de\u0301cision prise en janvier 2024 par le Niger, le Mali et le Burkina Faso de quitter la CEDEAO pour former leur propre alliance. Selon [&hellip;]<\/p>\n","protected":false},"author":82,"featured_media":64064,"comment_status":"open","ping_status":"closed","sticky":false,"template":"","format":"standard","meta":{"footnotes":""},"categories":[2,10],"tags":[44],"class_list":["post-64065","post","type-post","status-publish","format-standard","has-post-thumbnail","hentry","category-politique","category-toutes-les-actualites","tag-senegal-2"],"yoast_head":"<!-- This site is optimized with the Yoast SEO Premium plugin v26.1 (Yoast SEO v27.0) - https:\/\/yoast.com\/product\/yoast-seo-premium-wordpress\/ -->\n<title>Sortie des pays de L\u2019AES de la CEDEAO: L\u2019ONU craint la mise en pe\u0301ril du programme prode\u0301mocratique de la CEDEAO - Senegal<\/title>\n<meta name=\"description\" content=\"Samedi, devant le Conseil de l\u2019ONU, Mme Addae-Mensah, Directrice exe\u0301cutive du Re\u0301seau d\u2019Afrique de l\u2019Ouest pour la Cons ...\" \/>\n<meta name=\"robots\" content=\"index, follow, max-snippet:-1, max-image-preview:large, max-video-preview:-1\" \/>\n<link rel=\"canonical\" href=\"https:\/\/www.africa-press.net\/senegal\/politique\/sortie-des-pays-de-laes-de-la-cedeao-lonu-craint-la-mise-en-peril-du-programme-prodemocratique-de-la-cedeao\" \/>\n<meta property=\"og:locale\" content=\"fr_FR\" \/>\n<meta property=\"og:type\" content=\"article\" \/>\n<meta property=\"og:title\" content=\"Sortie des pays de L\u2019AES de la CEDEAO: L\u2019ONU craint la mise en pe\u0301ril du programme prode\u0301mocratique de la CEDEAO\" \/>\n<meta property=\"og:description\" content=\"Samedi, devant le Conseil de l\u2019ONU, Mme Addae-Mensah, Directrice exe\u0301cutive du Re\u0301seau d\u2019Afrique de l\u2019Ouest pour la Cons ...\" \/>\n<meta property=\"og:url\" content=\"https:\/\/www.africa-press.net\/senegal\/politique\/sortie-des-pays-de-laes-de-la-cedeao-lonu-craint-la-mise-en-peril-du-programme-prodemocratique-de-la-cedeao\" \/>\n<meta property=\"og:site_name\" content=\"Senegal\" \/>\n<meta property=\"article:published_time\" content=\"2024-12-23T14:10:00+00:00\" \/>\n<meta property=\"article:modified_time\" content=\"2024-12-24T00:01:52+00:00\" \/>\n<meta property=\"og:image\" content=\"https:\/\/static.africa-press.net\/senegal\/sites\/13\/2024\/12\/sm_1735027260.692152.jpg\" \/>\n\t<meta property=\"og:image:width\" content=\"1280\" \/>\n\t<meta property=\"og:image:height\" content=\"720\" \/>\n\t<meta property=\"og:image:type\" content=\"image\/jpeg\" \/>\n<meta name=\"author\" content=\"cfeditorfr\" \/>\n<meta name=\"twitter:card\" content=\"summary_large_image\" \/>\n<meta name=\"twitter:label1\" content=\"\u00c9crit par\" \/>\n\t<meta name=\"twitter:data1\" content=\"cfeditorfr\" \/>\n\t<meta name=\"twitter:label2\" content=\"Dur\u00e9e de lecture estim\u00e9e\" \/>\n\t<meta name=\"twitter:data2\" content=\"2 minutes\" \/>\n<script type=\"application\/ld+json\" class=\"yoast-schema-graph\">{\"@context\":\"https:\/\/schema.org\",\"@graph\":[{\"@type\":\"Article\",\"@id\":\"https:\/\/www.africa-press.net\/senegal\/politique\/sortie-des-pays-de-laes-de-la-cedeao-lonu-craint-la-mise-en-peril-du-programme-prodemocratique-de-la-cedeao#article\",\"isPartOf\":{\"@id\":\"https:\/\/www.africa-press.net\/senegal\/politique\/sortie-des-pays-de-laes-de-la-cedeao-lonu-craint-la-mise-en-peril-du-programme-prodemocratique-de-la-cedeao\"},\"author\":{\"name\":\"cfeditorfr\",\"@id\":\"https:\/\/www.africa-press.net\/senegal\/#\/schema\/person\/2b1cf3cd81a31e3cd26889ca66d677f1\"},\"headline\":\"Sortie des pays de L\u2019AES de la CEDEAO: L\u2019ONU craint la mise en pe\u0301ril du programme prode\u0301mocratique de la CEDEAO\",\"datePublished\":\"2024-12-23T14:10:00+00:00\",\"dateModified\":\"2024-12-24T00:01:52+00:00\",\"mainEntityOfPage\":{\"@id\":\"https:\/\/www.africa-press.net\/senegal\/politique\/sortie-des-pays-de-laes-de-la-cedeao-lonu-craint-la-mise-en-peril-du-programme-prodemocratique-de-la-cedeao\"},\"wordCount\":346,\"commentCount\":0,\"image\":{\"@id\":\"https:\/\/www.africa-press.net\/senegal\/politique\/sortie-des-pays-de-laes-de-la-cedeao-lonu-craint-la-mise-en-peril-du-programme-prodemocratique-de-la-cedeao#primaryimage\"},\"thumbnailUrl\":\"https:\/\/static.africa-press.net\/senegal\/sites\/13\/2024\/12\/sm_1735027260.692152.jpg\",\"keywords\":[\"Senegal\"],\"articleSection\":[\"Politique\",\"Toutes les actualit\u00e9s\"],\"inLanguage\":\"fr-FR\",\"potentialAction\":[{\"@type\":\"CommentAction\",\"name\":\"Comment\",\"target\":[\"https:\/\/www.africa-press.net\/senegal\/politique\/sortie-des-pays-de-laes-de-la-cedeao-lonu-craint-la-mise-en-peril-du-programme-prodemocratique-de-la-cedeao#respond\"]}]},{\"@type\":\"WebPage\",\"@id\":\"https:\/\/www.africa-press.net\/senegal\/politique\/sortie-des-pays-de-laes-de-la-cedeao-lonu-craint-la-mise-en-peril-du-programme-prodemocratique-de-la-cedeao\",\"url\":\"https:\/\/www.africa-press.net\/senegal\/politique\/sortie-des-pays-de-laes-de-la-cedeao-lonu-craint-la-mise-en-peril-du-programme-prodemocratique-de-la-cedeao\",\"name\":\"Sortie des pays de L\u2019AES de la CEDEAO: L\u2019ONU craint la mise en pe\u0301ril du programme prode\u0301mocratique de la CEDEAO - Senegal\",\"isPartOf\":{\"@id\":\"https:\/\/www.africa-press.net\/senegal\/#website\"},\"primaryImageOfPage\":{\"@id\":\"https:\/\/www.africa-press.net\/senegal\/politique\/sortie-des-pays-de-laes-de-la-cedeao-lonu-craint-la-mise-en-peril-du-programme-prodemocratique-de-la-cedeao#primaryimage\"},\"image\":{\"@id\":\"https:\/\/www.africa-press.net\/senegal\/politique\/sortie-des-pays-de-laes-de-la-cedeao-lonu-craint-la-mise-en-peril-du-programme-prodemocratique-de-la-cedeao#primaryimage\"},\"thumbnailUrl\":\"https:\/\/static.africa-press.net\/senegal\/sites\/13\/2024\/12\/sm_1735027260.692152.jpg\",\"datePublished\":\"2024-12-23T14:10:00+00:00\",\"dateModified\":\"2024-12-24T00:01:52+00:00\",\"author\":{\"@id\":\"https:\/\/www.africa-press.net\/senegal\/#\/schema\/person\/2b1cf3cd81a31e3cd26889ca66d677f1\"},\"description\":\"Samedi, devant le Conseil de l\u2019ONU, Mme Addae-Mensah, Directrice exe\u0301cutive du Re\u0301seau d\u2019Afrique de l\u2019Ouest pour la Cons ...\",\"breadcrumb\":{\"@id\":\"https:\/\/www.africa-press.net\/senegal\/politique\/sortie-des-pays-de-laes-de-la-cedeao-lonu-craint-la-mise-en-peril-du-programme-prodemocratique-de-la-cedeao#breadcrumb\"},\"inLanguage\":\"fr-FR\",\"potentialAction\":[{\"@type\":\"ReadAction\",\"target\":[\"https:\/\/www.africa-press.net\/senegal\/politique\/sortie-des-pays-de-laes-de-la-cedeao-lonu-craint-la-mise-en-peril-du-programme-prodemocratique-de-la-cedeao\"]}]},{\"@type\":\"ImageObject\",\"inLanguage\":\"fr-FR\",\"@id\":\"https:\/\/www.africa-press.net\/senegal\/politique\/sortie-des-pays-de-laes-de-la-cedeao-lonu-craint-la-mise-en-peril-du-programme-prodemocratique-de-la-cedeao#primaryimage\",\"url\":\"https:\/\/static.africa-press.net\/senegal\/sites\/13\/2024\/12\/sm_1735027260.692152.jpg\",\"contentUrl\":\"https:\/\/static.africa-press.net\/senegal\/sites\/13\/2024\/12\/sm_1735027260.692152.jpg\",\"width\":1280,\"height\":720,\"caption\":\"Sortie des pays de L\u2019AES de la CEDEAO: L\u2019ONU craint la mise en pe\u0301ril du programme prode\u0301mocratique de la CEDEAO\"},{\"@type\":\"BreadcrumbList\",\"@id\":\"https:\/\/www.africa-press.net\/senegal\/politique\/sortie-des-pays-de-laes-de-la-cedeao-lonu-craint-la-mise-en-peril-du-programme-prodemocratique-de-la-cedeao#breadcrumb\",\"itemListElement\":[{\"@type\":\"ListItem\",\"position\":1,\"name\":\"Accueil\",\"item\":\"https:\/\/www.africa-press.net\/senegal\/\"},{\"@type\":\"ListItem\",\"position\":2,\"name\":\"Sortie des pays de L\u2019AES de la CEDEAO: L\u2019ONU craint la mise en pe\u0301ril du programme prode\u0301mocratique de la CEDEAO\"}]},{\"@type\":\"WebSite\",\"@id\":\"https:\/\/www.africa-press.net\/senegal\/#website\",\"url\":\"https:\/\/www.africa-press.net\/senegal\/\",\"name\":\"Africa Press | Senegal | Homepage\",\"description\":\"Just another Africa News Agency Sites site\",\"potentialAction\":[{\"@type\":\"SearchAction\",\"target\":{\"@type\":\"EntryPoint\",\"urlTemplate\":\"https:\/\/www.africa-press.net\/senegal\/?s={search_term_string}\"},\"query-input\":{\"@type\":\"PropertyValueSpecification\",\"valueRequired\":true,\"valueName\":\"search_term_string\"}}],\"inLanguage\":\"fr-FR\"},{\"@type\":\"Person\",\"@id\":\"https:\/\/www.africa-press.net\/senegal\/#\/schema\/person\/2b1cf3cd81a31e3cd26889ca66d677f1\",\"name\":\"cfeditorfr\",\"url\":\"https:\/\/www.africa-press.net\/senegal\/author\/cfeditorfr\"}]}<\/script>\n<!-- \/ Yoast SEO Premium plugin. -->","yoast_head_json":{"title":"Sortie des pays de L\u2019AES de la CEDEAO: L\u2019ONU craint la mise en pe\u0301ril du programme prode\u0301mocratique de la CEDEAO - Senegal","description":"Samedi, devant le Conseil de l\u2019ONU, Mme Addae-Mensah, Directrice exe\u0301cutive du Re\u0301seau d\u2019Afrique de l\u2019Ouest pour la Cons ...","robots":{"index":"index","follow":"follow","max-snippet":"max-snippet:-1","max-image-preview":"max-image-preview:large","max-video-preview":"max-video-preview:-1"},"canonical":"https:\/\/www.africa-press.net\/senegal\/politique\/sortie-des-pays-de-laes-de-la-cedeao-lonu-craint-la-mise-en-peril-du-programme-prodemocratique-de-la-cedeao","og_locale":"fr_FR","og_type":"article","og_title":"Sortie des pays de L\u2019AES de la CEDEAO: L\u2019ONU craint la mise en pe\u0301ril du programme prode\u0301mocratique de la CEDEAO","og_description":"Samedi, devant le Conseil de l\u2019ONU, Mme Addae-Mensah, Directrice exe\u0301cutive du Re\u0301seau d\u2019Afrique de l\u2019Ouest pour la Cons ...","og_url":"https:\/\/www.africa-press.net\/senegal\/politique\/sortie-des-pays-de-laes-de-la-cedeao-lonu-craint-la-mise-en-peril-du-programme-prodemocratique-de-la-cedeao","og_site_name":"Senegal","article_published_time":"2024-12-23T14:10:00+00:00","article_modified_time":"2024-12-24T00:01:52+00:00","og_image":[{"width":1280,"height":720,"url":"https:\/\/static.africa-press.net\/senegal\/sites\/13\/2024\/12\/sm_1735027260.692152.jpg","type":"image\/jpeg"}],"author":"cfeditorfr","twitter_card":"summary_large_image","twitter_misc":{"\u00c9crit par":"cfeditorfr","Dur\u00e9e de lecture estim\u00e9e":"2 minutes"},"schema":{"@context":"https:\/\/schema.org","@graph":[{"@type":"Article","@id":"https:\/\/www.africa-press.net\/senegal\/politique\/sortie-des-pays-de-laes-de-la-cedeao-lonu-craint-la-mise-en-peril-du-programme-prodemocratique-de-la-cedeao#article","isPartOf":{"@id":"https:\/\/www.africa-press.net\/senegal\/politique\/sortie-des-pays-de-laes-de-la-cedeao-lonu-craint-la-mise-en-peril-du-programme-prodemocratique-de-la-cedeao"},"author":{"name":"cfeditorfr","@id":"https:\/\/www.africa-press.net\/senegal\/#\/schema\/person\/2b1cf3cd81a31e3cd26889ca66d677f1"},"headline":"Sortie des pays de L\u2019AES de la CEDEAO: L\u2019ONU craint la mise en pe\u0301ril du programme prode\u0301mocratique de la CEDEAO","datePublished":"2024-12-23T14:10:00+00:00","dateModified":"2024-12-24T00:01:52+00:00","mainEntityOfPage":{"@id":"https:\/\/www.africa-press.net\/senegal\/politique\/sortie-des-pays-de-laes-de-la-cedeao-lonu-craint-la-mise-en-peril-du-programme-prodemocratique-de-la-cedeao"},"wordCount":346,"commentCount":0,"image":{"@id":"https:\/\/www.africa-press.net\/senegal\/politique\/sortie-des-pays-de-laes-de-la-cedeao-lonu-craint-la-mise-en-peril-du-programme-prodemocratique-de-la-cedeao#primaryimage"},"thumbnailUrl":"https:\/\/static.africa-press.net\/senegal\/sites\/13\/2024\/12\/sm_1735027260.692152.jpg","keywords":["Senegal"],"articleSection":["Politique","Toutes les actualit\u00e9s"],"inLanguage":"fr-FR","potentialAction":[{"@type":"CommentAction","name":"Comment","target":["https:\/\/www.africa-press.net\/senegal\/politique\/sortie-des-pays-de-laes-de-la-cedeao-lonu-craint-la-mise-en-peril-du-programme-prodemocratique-de-la-cedeao#respond"]}]},{"@type":"WebPage","@id":"https:\/\/www.africa-press.net\/senegal\/politique\/sortie-des-pays-de-laes-de-la-cedeao-lonu-craint-la-mise-en-peril-du-programme-prodemocratique-de-la-cedeao","url":"https:\/\/www.africa-press.net\/senegal\/politique\/sortie-des-pays-de-laes-de-la-cedeao-lonu-craint-la-mise-en-peril-du-programme-prodemocratique-de-la-cedeao","name":"Sortie des pays de L\u2019AES de la CEDEAO: L\u2019ONU craint la mise en pe\u0301ril du programme prode\u0301mocratique de la CEDEAO - Senegal","isPartOf":{"@id":"https:\/\/www.africa-press.net\/senegal\/#website"},"primaryImageOfPage":{"@id":"https:\/\/www.africa-press.net\/senegal\/politique\/sortie-des-pays-de-laes-de-la-cedeao-lonu-craint-la-mise-en-peril-du-programme-prodemocratique-de-la-cedeao#primaryimage"},"image":{"@id":"https:\/\/www.africa-press.net\/senegal\/politique\/sortie-des-pays-de-laes-de-la-cedeao-lonu-craint-la-mise-en-peril-du-programme-prodemocratique-de-la-cedeao#primaryimage"},"thumbnailUrl":"https:\/\/static.africa-press.net\/senegal\/sites\/13\/2024\/12\/sm_1735027260.692152.jpg","datePublished":"2024-12-23T14:10:00+00:00","dateModified":"2024-12-24T00:01:52+00:00","author":{"@id":"https:\/\/www.africa-press.net\/senegal\/#\/schema\/person\/2b1cf3cd81a31e3cd26889ca66d677f1"},"description":"Samedi, devant le Conseil de l\u2019ONU, Mme Addae-Mensah, Directrice exe\u0301cutive du Re\u0301seau d\u2019Afrique de l\u2019Ouest pour la Cons ...","breadcrumb":{"@id":"https:\/\/www.africa-press.net\/senegal\/politique\/sortie-des-pays-de-laes-de-la-cedeao-lonu-craint-la-mise-en-peril-du-programme-prodemocratique-de-la-cedeao#breadcrumb"},"inLanguage":"fr-FR","potentialAction":[{"@type":"ReadAction","target":["https:\/\/www.africa-press.net\/senegal\/politique\/sortie-des-pays-de-laes-de-la-cedeao-lonu-craint-la-mise-en-peril-du-programme-prodemocratique-de-la-cedeao"]}]},{"@type":"ImageObject","inLanguage":"fr-FR","@id":"https:\/\/www.africa-press.net\/senegal\/politique\/sortie-des-pays-de-laes-de-la-cedeao-lonu-craint-la-mise-en-peril-du-programme-prodemocratique-de-la-cedeao#primaryimage","url":"https:\/\/static.africa-press.net\/senegal\/sites\/13\/2024\/12\/sm_1735027260.692152.jpg","contentUrl":"https:\/\/static.africa-press.net\/senegal\/sites\/13\/2024\/12\/sm_1735027260.692152.jpg","width":1280,"height":720,"caption":"Sortie des pays de L\u2019AES de la CEDEAO: L\u2019ONU craint la mise en pe\u0301ril du programme prode\u0301mocratique de la CEDEAO"},{"@type":"BreadcrumbList","@id":"https:\/\/www.africa-press.net\/senegal\/politique\/sortie-des-pays-de-laes-de-la-cedeao-lonu-craint-la-mise-en-peril-du-programme-prodemocratique-de-la-cedeao#breadcrumb","itemListElement":[{"@type":"ListItem","position":1,"name":"Accueil","item":"https:\/\/www.africa-press.net\/senegal\/"},{"@type":"ListItem","position":2,"name":"Sortie des pays de L\u2019AES de la CEDEAO: L\u2019ONU craint la mise en pe\u0301ril du programme prode\u0301mocratique de la CEDEAO"}]},{"@type":"WebSite","@id":"https:\/\/www.africa-press.net\/senegal\/#website","url":"https:\/\/www.africa-press.net\/senegal\/","name":"Africa Press | Senegal | Homepage","description":"Just another Africa News Agency Sites site","potentialAction":[{"@type":"SearchAction","target":{"@type":"EntryPoint","urlTemplate":"https:\/\/www.africa-press.net\/senegal\/?s={search_term_string}"},"query-input":{"@type":"PropertyValueSpecification","valueRequired":true,"valueName":"search_term_string"}}],"inLanguage":"fr-FR"},{"@type":"Person","@id":"https:\/\/www.africa-press.net\/senegal\/#\/schema\/person\/2b1cf3cd81a31e3cd26889ca66d677f1","name":"cfeditorfr","url":"https:\/\/www.africa-press.net\/senegal\/author\/cfeditorfr"}]}},"_links":{"self":[{"href":"https:\/\/www.africa-press.net\/senegal\/wp-json\/wp\/v2\/posts\/64065","targetHints":{"allow":["GET"]}}],"collection":[{"href":"https:\/\/www.africa-press.net\/senegal\/wp-json\/wp\/v2\/posts"}],"about":[{"href":"https:\/\/www.africa-press.net\/senegal\/wp-json\/wp\/v2\/types\/post"}],"author":[{"embeddable":true,"href":"https:\/\/www.africa-press.net\/senegal\/wp-json\/wp\/v2\/users\/82"}],"replies":[{"embeddable":true,"href":"https:\/\/www.africa-press.net\/senegal\/wp-json\/wp\/v2\/comments?post=64065"}],"version-history":[{"count":0,"href":"https:\/\/www.africa-press.net\/senegal\/wp-json\/wp\/v2\/posts\/64065\/revisions"}],"wp:featuredmedia":[{"embeddable":true,"href":"https:\/\/www.africa-press.net\/senegal\/wp-json\/wp\/v2\/media\/64064"}],"wp:attachment":[{"href":"https:\/\/www.africa-press.net\/senegal\/wp-json\/wp\/v2\/media?parent=64065"}],"wp:term":[{"taxonomy":"category","embeddable":true,"href":"https:\/\/www.africa-press.net\/senegal\/wp-json\/wp\/v2\/categories?post=64065"},{"taxonomy":"post_tag","embeddable":true,"href":"https:\/\/www.africa-press.net\/senegal\/wp-json\/wp\/v2\/tags?post=64065"}],"curies":[{"name":"wp","href":"https:\/\/api.w.org\/{rel}","templated":true}]}}