{"id":64078,"date":"2024-12-25T15:44:47","date_gmt":"2024-12-25T15:44:47","guid":{"rendered":"https:\/\/www.africa-press.net\/senegal\/politique\/manchester-united-victor-osimhen-la-priorite-de-ruben-amorim"},"modified":"2024-12-25T23:48:02","modified_gmt":"2024-12-25T23:48:02","slug":"manchester-united-victor-osimhen-la-priorite-de-ruben-amorim","status":"publish","type":"post","link":"https:\/\/www.africa-press.net\/senegal\/sports\/manchester-united-victor-osimhen-la-priorite-de-ruben-amorim","title":{"rendered":"Manchester United : Victor Osimhen, la Priorit\u00e9 de Ruben Amorim"},"content":{"rendered":"<p><span style=\"color: #ff6600\"><strong>Africa-Press &#8211; Senegal. <\/strong><\/span>Manchester United a connu des pe\u0301riodes difficiles ces dernie\u0300res saisons, sans parvenir a\u0300 redevenir un pre\u0301tendant se\u0301rieux au titre en Premier League.<\/p>\n<p>Le club, qui a termine\u0301 deuxie\u0300me en 2021, a chute\u0301 a\u0300 la huitie\u0300me place l\u2019anne\u0301e dernie\u0300re, mettant en e\u0301vidence un manque de compe\u0301titivite\u0301.<\/p>\n<p>Cependant, l\u2019arrive\u0301e de Ruben Amorim sur le banc semble marquer un tournant. L\u2019entrai\u0302neur portugais est de\u0301sormais responsable de la reconstruction de l\u2019e\u0301quipe et cherche activement a\u0300 renforcer son attaque.<\/p>\n<p>Une des cibles privile\u0301gie\u0301es de Manchester United pour cet hiver est l\u2019attaquant nige\u0301rian Victor Osimhen. Actuellement pre\u0302te\u0301 par Naples a\u0300 Galatasaray, Osimhen brille en Turquie avec des statistiques impressionnantes: 12 buts et 5 passes de\u0301cisives en 15 matchs toutes compe\u0301titions confondues. L\u2019attaquant de 25 ans re\u0302ve depuis longtemps de jouer en Premier League, et Manchester United pourrait bien e\u0302tre la porte d\u2019entre\u0301e vers ce re\u0302ve. Le club anglais aurait de\u0301ja\u0300 pris contact avec ses repre\u0301sentants pour discuter d\u2019un e\u0301ventuel transfert.<\/p>\n<p>Naples, de son co\u0302te\u0301, reste ferme sur ses exigences financie\u0300res et re\u0301clame environ 75 millions d\u2019euros pour son attaquant. Cependant, avec sa forme actuelle et son de\u0301sir de rejoindre un club d\u2019envergure comme Manchester United, Osimhen pourrait biento\u0302t poser ses valises a\u0300 Old Trafford. Ce transfert pourrait e\u0302tre un ve\u0301ritable atout pour United dans sa que\u0302te de succe\u0300s en Premier League et en compe\u0301titions europe\u0301ennes.<\/p>\n<p><strong>Pour plus d&rsquo;informations et d&rsquo;analyses sur la <span style=\"color: #ff6600\">Senegal<\/span>, suivez <span style=\"color: #ff6600\">Africa-Press<\/span><\/strong><\/p>\n","protected":false},"excerpt":{"rendered":"<p>Africa-Press &#8211; Senegal. Manchester United a connu des pe\u0301riodes difficiles ces dernie\u0300res saisons, sans parvenir a\u0300 redevenir un pre\u0301tendant se\u0301rieux au titre en Premier League. Le club, qui a termine\u0301 deuxie\u0300me en 2021, a chute\u0301 a\u0300 la huitie\u0300me place l\u2019anne\u0301e dernie\u0300re, mettant en e\u0301vidence un manque de compe\u0301titivite\u0301. Cependant, l\u2019arrive\u0301e de Ruben Amorim sur le [&hellip;]<\/p>\n","protected":false},"author":82,"featured_media":64077,"comment_status":"open","ping_status":"closed","sticky":false,"template":"","format":"standard","meta":{"footnotes":""},"categories":[6,10],"tags":[44],"class_list":["post-64078","post","type-post","status-publish","format-standard","has-post-thumbnail","hentry","category-sports","category-toutes-les-actualites","tag-senegal-2"],"yoast_head":"<!-- This site is optimized with the Yoast SEO Premium plugin v26.1 (Yoast SEO v27.0) - https:\/\/yoast.com\/product\/yoast-seo-premium-wordpress\/ -->\n<title>Manchester United : Victor Osimhen, la Priorit\u00e9 de Ruben Amorim - Senegal<\/title>\n<meta name=\"description\" content=\"Manchester United a connu des pe\u0301riodes difficiles ces dernie\u0300res saisons, sans parvenir a\u0300 redevenir un pre\u0301tendant se\u0301 ...\" \/>\n<meta name=\"robots\" content=\"index, follow, max-snippet:-1, max-image-preview:large, max-video-preview:-1\" \/>\n<link rel=\"canonical\" href=\"https:\/\/www.africa-press.net\/senegal\/sports\/manchester-united-victor-osimhen-la-priorite-de-ruben-amorim\" \/>\n<meta property=\"og:locale\" content=\"fr_FR\" \/>\n<meta property=\"og:type\" content=\"article\" \/>\n<meta property=\"og:title\" content=\"Manchester United : Victor Osimhen, la Priorit\u00e9 de Ruben Amorim\" \/>\n<meta property=\"og:description\" content=\"Manchester United a connu des pe\u0301riodes difficiles ces dernie\u0300res saisons, sans parvenir a\u0300 redevenir un pre\u0301tendant se\u0301 ...\" \/>\n<meta property=\"og:url\" content=\"https:\/\/www.africa-press.net\/senegal\/sports\/manchester-united-victor-osimhen-la-priorite-de-ruben-amorim\" \/>\n<meta property=\"og:site_name\" content=\"Senegal\" \/>\n<meta property=\"article:published_time\" content=\"2024-12-25T15:44:47+00:00\" \/>\n<meta property=\"article:modified_time\" content=\"2024-12-25T23:48:02+00:00\" \/>\n<meta property=\"og:image\" content=\"https:\/\/static.africa-press.net\/senegal\/sites\/13\/2024\/12\/sm_1735157725.544919.jpg\" \/>\n\t<meta property=\"og:image:width\" content=\"900\" \/>\n\t<meta property=\"og:image:height\" content=\"600\" \/>\n\t<meta property=\"og:image:type\" content=\"image\/jpeg\" \/>\n<meta name=\"author\" content=\"cfeditorfr\" \/>\n<meta name=\"twitter:card\" content=\"summary_large_image\" \/>\n<meta name=\"twitter:label1\" content=\"\u00c9crit par\" \/>\n\t<meta name=\"twitter:data1\" content=\"cfeditorfr\" \/>\n\t<meta name=\"twitter:label2\" content=\"Dur\u00e9e de lecture estim\u00e9e\" \/>\n\t<meta name=\"twitter:data2\" content=\"2 minutes\" \/>\n<script type=\"application\/ld+json\" class=\"yoast-schema-graph\">{\"@context\":\"https:\/\/schema.org\",\"@graph\":[{\"@type\":\"Article\",\"@id\":\"https:\/\/www.africa-press.net\/senegal\/sports\/manchester-united-victor-osimhen-la-priorite-de-ruben-amorim#article\",\"isPartOf\":{\"@id\":\"https:\/\/www.africa-press.net\/senegal\/sports\/manchester-united-victor-osimhen-la-priorite-de-ruben-amorim\"},\"author\":{\"name\":\"cfeditorfr\",\"@id\":\"https:\/\/www.africa-press.net\/senegal\/#\/schema\/person\/2b1cf3cd81a31e3cd26889ca66d677f1\"},\"headline\":\"Manchester United : Victor Osimhen, la Priorit\u00e9 de Ruben Amorim\",\"datePublished\":\"2024-12-25T15:44:47+00:00\",\"dateModified\":\"2024-12-25T23:48:02+00:00\",\"mainEntityOfPage\":{\"@id\":\"https:\/\/www.africa-press.net\/senegal\/sports\/manchester-united-victor-osimhen-la-priorite-de-ruben-amorim\"},\"wordCount\":285,\"commentCount\":0,\"image\":{\"@id\":\"https:\/\/www.africa-press.net\/senegal\/sports\/manchester-united-victor-osimhen-la-priorite-de-ruben-amorim#primaryimage\"},\"thumbnailUrl\":\"https:\/\/static.africa-press.net\/senegal\/sites\/13\/2024\/12\/sm_1735157725.544919.jpg\",\"keywords\":[\"Senegal\"],\"articleSection\":[\"Sports\",\"Toutes les actualit\u00e9s\"],\"inLanguage\":\"fr-FR\",\"potentialAction\":[{\"@type\":\"CommentAction\",\"name\":\"Comment\",\"target\":[\"https:\/\/www.africa-press.net\/senegal\/sports\/manchester-united-victor-osimhen-la-priorite-de-ruben-amorim#respond\"]}]},{\"@type\":\"WebPage\",\"@id\":\"https:\/\/www.africa-press.net\/senegal\/sports\/manchester-united-victor-osimhen-la-priorite-de-ruben-amorim\",\"url\":\"https:\/\/www.africa-press.net\/senegal\/sports\/manchester-united-victor-osimhen-la-priorite-de-ruben-amorim\",\"name\":\"Manchester United : Victor Osimhen, la Priorit\u00e9 de Ruben Amorim - Senegal\",\"isPartOf\":{\"@id\":\"https:\/\/www.africa-press.net\/senegal\/#website\"},\"primaryImageOfPage\":{\"@id\":\"https:\/\/www.africa-press.net\/senegal\/sports\/manchester-united-victor-osimhen-la-priorite-de-ruben-amorim#primaryimage\"},\"image\":{\"@id\":\"https:\/\/www.africa-press.net\/senegal\/sports\/manchester-united-victor-osimhen-la-priorite-de-ruben-amorim#primaryimage\"},\"thumbnailUrl\":\"https:\/\/static.africa-press.net\/senegal\/sites\/13\/2024\/12\/sm_1735157725.544919.jpg\",\"datePublished\":\"2024-12-25T15:44:47+00:00\",\"dateModified\":\"2024-12-25T23:48:02+00:00\",\"author\":{\"@id\":\"https:\/\/www.africa-press.net\/senegal\/#\/schema\/person\/2b1cf3cd81a31e3cd26889ca66d677f1\"},\"description\":\"Manchester United a connu des pe\u0301riodes difficiles ces dernie\u0300res saisons, sans parvenir a\u0300 redevenir un pre\u0301tendant se\u0301 ...\",\"breadcrumb\":{\"@id\":\"https:\/\/www.africa-press.net\/senegal\/sports\/manchester-united-victor-osimhen-la-priorite-de-ruben-amorim#breadcrumb\"},\"inLanguage\":\"fr-FR\",\"potentialAction\":[{\"@type\":\"ReadAction\",\"target\":[\"https:\/\/www.africa-press.net\/senegal\/sports\/manchester-united-victor-osimhen-la-priorite-de-ruben-amorim\"]}]},{\"@type\":\"ImageObject\",\"inLanguage\":\"fr-FR\",\"@id\":\"https:\/\/www.africa-press.net\/senegal\/sports\/manchester-united-victor-osimhen-la-priorite-de-ruben-amorim#primaryimage\",\"url\":\"https:\/\/static.africa-press.net\/senegal\/sites\/13\/2024\/12\/sm_1735157725.544919.jpg\",\"contentUrl\":\"https:\/\/static.africa-press.net\/senegal\/sites\/13\/2024\/12\/sm_1735157725.544919.jpg\",\"width\":900,\"height\":600,\"caption\":\"Manchester United : Victor Osimhen, la Priorit\u00e9 de Ruben Amorim\"},{\"@type\":\"BreadcrumbList\",\"@id\":\"https:\/\/www.africa-press.net\/senegal\/sports\/manchester-united-victor-osimhen-la-priorite-de-ruben-amorim#breadcrumb\",\"itemListElement\":[{\"@type\":\"ListItem\",\"position\":1,\"name\":\"Accueil\",\"item\":\"https:\/\/www.africa-press.net\/senegal\/\"},{\"@type\":\"ListItem\",\"position\":2,\"name\":\"Manchester United : Victor Osimhen, la Priorit\u00e9 de Ruben Amorim\"}]},{\"@type\":\"WebSite\",\"@id\":\"https:\/\/www.africa-press.net\/senegal\/#website\",\"url\":\"https:\/\/www.africa-press.net\/senegal\/\",\"name\":\"Africa Press | Senegal | Homepage\",\"description\":\"Just another Africa News Agency Sites site\",\"potentialAction\":[{\"@type\":\"SearchAction\",\"target\":{\"@type\":\"EntryPoint\",\"urlTemplate\":\"https:\/\/www.africa-press.net\/senegal\/?s={search_term_string}\"},\"query-input\":{\"@type\":\"PropertyValueSpecification\",\"valueRequired\":true,\"valueName\":\"search_term_string\"}}],\"inLanguage\":\"fr-FR\"},{\"@type\":\"Person\",\"@id\":\"https:\/\/www.africa-press.net\/senegal\/#\/schema\/person\/2b1cf3cd81a31e3cd26889ca66d677f1\",\"name\":\"cfeditorfr\",\"url\":\"https:\/\/www.africa-press.net\/senegal\/author\/cfeditorfr\"}]}<\/script>\n<!-- \/ Yoast SEO Premium plugin. -->","yoast_head_json":{"title":"Manchester United : Victor Osimhen, la Priorit\u00e9 de Ruben Amorim - Senegal","description":"Manchester United a connu des pe\u0301riodes difficiles ces dernie\u0300res saisons, sans parvenir a\u0300 redevenir un pre\u0301tendant se\u0301 ...","robots":{"index":"index","follow":"follow","max-snippet":"max-snippet:-1","max-image-preview":"max-image-preview:large","max-video-preview":"max-video-preview:-1"},"canonical":"https:\/\/www.africa-press.net\/senegal\/sports\/manchester-united-victor-osimhen-la-priorite-de-ruben-amorim","og_locale":"fr_FR","og_type":"article","og_title":"Manchester United : Victor Osimhen, la Priorit\u00e9 de Ruben Amorim","og_description":"Manchester United a connu des pe\u0301riodes difficiles ces dernie\u0300res saisons, sans parvenir a\u0300 redevenir un pre\u0301tendant se\u0301 ...","og_url":"https:\/\/www.africa-press.net\/senegal\/sports\/manchester-united-victor-osimhen-la-priorite-de-ruben-amorim","og_site_name":"Senegal","article_published_time":"2024-12-25T15:44:47+00:00","article_modified_time":"2024-12-25T23:48:02+00:00","og_image":[{"width":900,"height":600,"url":"https:\/\/static.africa-press.net\/senegal\/sites\/13\/2024\/12\/sm_1735157725.544919.jpg","type":"image\/jpeg"}],"author":"cfeditorfr","twitter_card":"summary_large_image","twitter_misc":{"\u00c9crit par":"cfeditorfr","Dur\u00e9e de lecture estim\u00e9e":"2 minutes"},"schema":{"@context":"https:\/\/schema.org","@graph":[{"@type":"Article","@id":"https:\/\/www.africa-press.net\/senegal\/sports\/manchester-united-victor-osimhen-la-priorite-de-ruben-amorim#article","isPartOf":{"@id":"https:\/\/www.africa-press.net\/senegal\/sports\/manchester-united-victor-osimhen-la-priorite-de-ruben-amorim"},"author":{"name":"cfeditorfr","@id":"https:\/\/www.africa-press.net\/senegal\/#\/schema\/person\/2b1cf3cd81a31e3cd26889ca66d677f1"},"headline":"Manchester United : Victor Osimhen, la Priorit\u00e9 de Ruben Amorim","datePublished":"2024-12-25T15:44:47+00:00","dateModified":"2024-12-25T23:48:02+00:00","mainEntityOfPage":{"@id":"https:\/\/www.africa-press.net\/senegal\/sports\/manchester-united-victor-osimhen-la-priorite-de-ruben-amorim"},"wordCount":285,"commentCount":0,"image":{"@id":"https:\/\/www.africa-press.net\/senegal\/sports\/manchester-united-victor-osimhen-la-priorite-de-ruben-amorim#primaryimage"},"thumbnailUrl":"https:\/\/static.africa-press.net\/senegal\/sites\/13\/2024\/12\/sm_1735157725.544919.jpg","keywords":["Senegal"],"articleSection":["Sports","Toutes les actualit\u00e9s"],"inLanguage":"fr-FR","potentialAction":[{"@type":"CommentAction","name":"Comment","target":["https:\/\/www.africa-press.net\/senegal\/sports\/manchester-united-victor-osimhen-la-priorite-de-ruben-amorim#respond"]}]},{"@type":"WebPage","@id":"https:\/\/www.africa-press.net\/senegal\/sports\/manchester-united-victor-osimhen-la-priorite-de-ruben-amorim","url":"https:\/\/www.africa-press.net\/senegal\/sports\/manchester-united-victor-osimhen-la-priorite-de-ruben-amorim","name":"Manchester United : Victor Osimhen, la Priorit\u00e9 de Ruben Amorim - Senegal","isPartOf":{"@id":"https:\/\/www.africa-press.net\/senegal\/#website"},"primaryImageOfPage":{"@id":"https:\/\/www.africa-press.net\/senegal\/sports\/manchester-united-victor-osimhen-la-priorite-de-ruben-amorim#primaryimage"},"image":{"@id":"https:\/\/www.africa-press.net\/senegal\/sports\/manchester-united-victor-osimhen-la-priorite-de-ruben-amorim#primaryimage"},"thumbnailUrl":"https:\/\/static.africa-press.net\/senegal\/sites\/13\/2024\/12\/sm_1735157725.544919.jpg","datePublished":"2024-12-25T15:44:47+00:00","dateModified":"2024-12-25T23:48:02+00:00","author":{"@id":"https:\/\/www.africa-press.net\/senegal\/#\/schema\/person\/2b1cf3cd81a31e3cd26889ca66d677f1"},"description":"Manchester United a connu des pe\u0301riodes difficiles ces dernie\u0300res saisons, sans parvenir a\u0300 redevenir un pre\u0301tendant se\u0301 ...","breadcrumb":{"@id":"https:\/\/www.africa-press.net\/senegal\/sports\/manchester-united-victor-osimhen-la-priorite-de-ruben-amorim#breadcrumb"},"inLanguage":"fr-FR","potentialAction":[{"@type":"ReadAction","target":["https:\/\/www.africa-press.net\/senegal\/sports\/manchester-united-victor-osimhen-la-priorite-de-ruben-amorim"]}]},{"@type":"ImageObject","inLanguage":"fr-FR","@id":"https:\/\/www.africa-press.net\/senegal\/sports\/manchester-united-victor-osimhen-la-priorite-de-ruben-amorim#primaryimage","url":"https:\/\/static.africa-press.net\/senegal\/sites\/13\/2024\/12\/sm_1735157725.544919.jpg","contentUrl":"https:\/\/static.africa-press.net\/senegal\/sites\/13\/2024\/12\/sm_1735157725.544919.jpg","width":900,"height":600,"caption":"Manchester United : Victor Osimhen, la Priorit\u00e9 de Ruben Amorim"},{"@type":"BreadcrumbList","@id":"https:\/\/www.africa-press.net\/senegal\/sports\/manchester-united-victor-osimhen-la-priorite-de-ruben-amorim#breadcrumb","itemListElement":[{"@type":"ListItem","position":1,"name":"Accueil","item":"https:\/\/www.africa-press.net\/senegal\/"},{"@type":"ListItem","position":2,"name":"Manchester United : Victor Osimhen, la Priorit\u00e9 de Ruben Amorim"}]},{"@type":"WebSite","@id":"https:\/\/www.africa-press.net\/senegal\/#website","url":"https:\/\/www.africa-press.net\/senegal\/","name":"Africa Press | Senegal | Homepage","description":"Just another Africa News Agency Sites site","potentialAction":[{"@type":"SearchAction","target":{"@type":"EntryPoint","urlTemplate":"https:\/\/www.africa-press.net\/senegal\/?s={search_term_string}"},"query-input":{"@type":"PropertyValueSpecification","valueRequired":true,"valueName":"search_term_string"}}],"inLanguage":"fr-FR"},{"@type":"Person","@id":"https:\/\/www.africa-press.net\/senegal\/#\/schema\/person\/2b1cf3cd81a31e3cd26889ca66d677f1","name":"cfeditorfr","url":"https:\/\/www.africa-press.net\/senegal\/author\/cfeditorfr"}]}},"_links":{"self":[{"href":"https:\/\/www.africa-press.net\/senegal\/wp-json\/wp\/v2\/posts\/64078","targetHints":{"allow":["GET"]}}],"collection":[{"href":"https:\/\/www.africa-press.net\/senegal\/wp-json\/wp\/v2\/posts"}],"about":[{"href":"https:\/\/www.africa-press.net\/senegal\/wp-json\/wp\/v2\/types\/post"}],"author":[{"embeddable":true,"href":"https:\/\/www.africa-press.net\/senegal\/wp-json\/wp\/v2\/users\/82"}],"replies":[{"embeddable":true,"href":"https:\/\/www.africa-press.net\/senegal\/wp-json\/wp\/v2\/comments?post=64078"}],"version-history":[{"count":0,"href":"https:\/\/www.africa-press.net\/senegal\/wp-json\/wp\/v2\/posts\/64078\/revisions"}],"wp:featuredmedia":[{"embeddable":true,"href":"https:\/\/www.africa-press.net\/senegal\/wp-json\/wp\/v2\/media\/64077"}],"wp:attachment":[{"href":"https:\/\/www.africa-press.net\/senegal\/wp-json\/wp\/v2\/media?parent=64078"}],"wp:term":[{"taxonomy":"category","embeddable":true,"href":"https:\/\/www.africa-press.net\/senegal\/wp-json\/wp\/v2\/categories?post=64078"},{"taxonomy":"post_tag","embeddable":true,"href":"https:\/\/www.africa-press.net\/senegal\/wp-json\/wp\/v2\/tags?post=64078"}],"curies":[{"name":"wp","href":"https:\/\/api.w.org\/{rel}","templated":true}]}}