{"id":64114,"date":"2024-12-25T12:00:00","date_gmt":"2024-12-25T12:00:00","guid":{"rendered":"https:\/\/www.africa-press.net\/senegal\/politique\/isolement-mal-etre-depression-des-solutions-existent"},"modified":"2024-12-26T03:54:17","modified_gmt":"2024-12-26T03:54:17","slug":"isolement-mal-etre-depression-des-solutions-existent","status":"publish","type":"post","link":"https:\/\/www.africa-press.net\/senegal\/toutes-les-actualites\/isolement-mal-etre-depression-des-solutions-existent","title":{"rendered":"Isolement, mal-\u00eatre, d\u00e9pression\u2026 Des solutions existent"},"content":{"rendered":"<p><span style=\"color: #ff6600\"><strong>Africa-Press &#8211; Senegal. <\/strong><\/span>En 2021, 20,8 % des 18-24 ans e\u0301taient concerne\u0301s par la de\u0301pression \u2013 deux fois plus qu\u2019en 2017 -, 7,2 % confiant me\u0302me avoir eu des pense\u0301es suicidaires, selon les enque\u0302tes CoviPrev, institue\u0301es lors de la pande\u0301mie. Et les plus jeunes ne sont pas e\u0301pargne\u0301s. En avril 2024, l\u2019enque\u0302te nationale EnCLASS, qui sonde colle\u0301giens et lyce\u0301ens, a re\u0301ve\u0301le\u0301 qu\u2019un adolescent sur sept pre\u0301sente de graves risques de de\u0301pression, la tendance e\u0301tant beaucoup plus marque\u0301e chez les filles.<\/p>\n<p>Les sources de mal-e\u0302tre sont multiples: harce\u0300lement scolaire, actualite\u0301 anxioge\u0300ne, angoisse de performance, changements du corps mal ve\u0301cus&#8230; Le tout se soldant par de l\u2019anxie\u0301te\u0301 et un profond sentiment de solitude e\u0301prouve\u0301 par plus d\u2019un quart des adolescents interroge\u0301s. Un sentiment qui affecte aussi les jeunes adultes. Ce peut e\u0302tre un ressenti d\u2019ordre physique, caracte\u0301rise\u0301 dans ce cas par l\u2019absence d\u2019interactions sociales re\u0301gulie\u0300res ; ou e\u0301motionnel, la personne ressentant une distance avec son entourage.<\/p>\n<p><b>Un effet notable des re\u0301seaux sociaux<\/b><\/p>\n<p>Mis en exergue durant le confinement, ce ve\u0301ritable \u201cfle\u0301au du 21e sie\u0300cle\u201d s\u2019est amplifie\u0301 depuis lors. D\u2019apre\u0300s une e\u0301tude publie\u0301e en 2023 par la Fondation Jean-Jaure\u0300s, pre\u0300s de la moitie\u0301 des Franc\u0327ais se sentent seuls, un ressenti qui concerne 71 % des 18-24 ans et 79 % des utilisateurs quotidiens des re\u0301seaux sociaux.<\/p>\n<p>Face a\u0300 ce mal-e\u0302tre, l\u2019un des re\u0301flexes des jeunes est de se tourner vers les e\u0301crans, pour plus de deux tiers d\u2019entre eux, selon la me\u0302me e\u0301tude. Or, si les re\u0301seaux sociaux constituent une interface d\u2019e\u0301change sans e\u0301gal, plusieurs travaux montrent qu\u2019ils peuvent amplifier les sensations d\u2019angoisse et de solitude. Depuis le de\u0301but des anne\u0301es 2010, de nombreuses e\u0301tudes ont d\u2019ailleurs mis en e\u0301vidence une corre\u0301lation entre usage intensif des re\u0301seaux sociaux et troubles anxieux et de\u0301pressifs. Comment faire, alors, pour essayer d\u2019aller mieux ?<\/p>\n<p><b>Des aides disponibles<\/b><\/p>\n<p>Le socle d\u2019une bonne sante\u0301 mentale \u2013 en l\u2019absence de proble\u0300mes psychiques se\u0301rieux, qui imposent une consultation me\u0301dicale \u2013 restera toujours une alimentation varie\u0301e, une pratique sportive re\u0301gulie\u0300re et un sommeil de qualite\u0301. Comme le rappelle une e\u0301tude de l\u2019universite\u0301 de Cambridge, parue en 2024, la qualite\u0301 du contenu de notre assiette peut ainsi influencer notre humeur \u2013 une carence en magne\u0301sium pouvant causer de l\u2019anxie\u0301te\u0301, et un manque de zinc ou de fer, des troubles de\u0301pressifs. De me\u0302me, une activite\u0301 physique, me\u0302me mode\u0301re\u0301e, peut contribuer a\u0300 re\u0301duire les troubles de\u0301pressifs le\u0301gers.<\/p>\n<p>Au-dela\u0300 de cette trinite\u0301 d\u2019e\u0301vidences, cependant, d\u2019autres re\u0301flexes peuvent e\u0302tre adopte\u0301s. Le premier pas consiste a\u0300 se re\u0301approprier des liens sociaux forts et ve\u0301ritables, c\u2019est-a\u0300-dire ancre\u0301s dans un contexte physique et non virtuel: pratiquer une activite\u0301 sportive ou culturelle en club, faire du be\u0301ne\u0301volat&#8230;<\/p>\n<p>Si ces approches sont difficiles a\u0300 mettre en \u0153uvre, il est possible de se rapprocher de structures et de professionnels d\u2019e\u0301coute et de soutien. Les centres me\u0301dico-psychologiques (CMP et CMPP) regroupent psychologues, psychiatres, e\u0301ducateurs et assistants sociaux qui peuvent e\u0302tre consulte\u0301s gratuitement et fournir des pistes de solution. Mais les de\u0301lais d\u2019attente pour obtenir un rendez-vous sont souvent longs: parfois pre\u0300s d\u2019un an ! Les e\u0301le\u0300ves peuvent se tourner vers le personnel me\u0301dical de leur e\u0301tablissement ou des structures comme \u201cles maisons des adolescents\u201d, qui rec\u0327oivent gratuitement, anonymement et sans rendez-vous pour orienter enfants et parents vers les professionnels ade\u0301quats.<\/p>\n<p>Pour les 18-25 ans, les PAEJ (Points accueil et e\u0301coute jeunes) jouent un ro\u0302le similaire. Il existe aussi des initiatives communautaires, comme le service d\u2019e\u0301coute nocturne Nightline, par et pour les e\u0301tudiants, ou la structure d\u2019entraide \u201cLa Maison perche\u0301e\u201d, qui vise a\u0300 rapprocher des publics souffrant de troubles psychologiques. Aussi, depuis 2022, le programme \u201cMon soutien psy\u201d prend partiellement en charge jusqu\u2019a\u0300 12 se\u0301ances par an avec un psychologue. Il est cumulable avec le dispositif \u201cSante\u0301 psy e\u0301tudiant\u201d, qui assure 12 se\u0301ances gratuites par an.<\/p>\n<p>Enfin, l\u2019Agence nationale de sante\u0301 publique a mis en place un service de renseignement, Fil Sante\u0301 Jeunes, pour les 12-25 ans, dont le site web publie de pre\u0301cieuses informations.<\/p>\n<p><b>POUR EN SAVOIR PLUS<\/b><\/p>\n<p>\u2013 3114: nume\u0301ro national de pre\u0301vention du suicide Fil sante\u0301 jeunes: 7 j\/7, de 9 h a\u0300 23 h: filsantejeunes.com Te\u0301l.: 0800.235 236<\/p>\n<p><strong>Pour plus d&rsquo;informations et d&rsquo;analyses sur la <span style=\"color: #ff6600\">Senegal<\/span>, suivez <span style=\"color: #ff6600\">Africa-Press<\/span><\/strong><\/p>\n","protected":false},"excerpt":{"rendered":"<p>Africa-Press &#8211; Senegal. En 2021, 20,8 % des 18-24 ans e\u0301taient concerne\u0301s par la de\u0301pression \u2013 deux fois plus qu\u2019en 2017 -, 7,2 % confiant me\u0302me avoir eu des pense\u0301es suicidaires, selon les enque\u0302tes CoviPrev, institue\u0301es lors de la pande\u0301mie. Et les plus jeunes ne sont pas e\u0301pargne\u0301s. En avril 2024, l\u2019enque\u0302te nationale EnCLASS, qui [&hellip;]<\/p>\n","protected":false},"author":82,"featured_media":64113,"comment_status":"open","ping_status":"closed","sticky":false,"template":"","format":"standard","meta":{"footnotes":""},"categories":[22,10],"tags":[44],"class_list":["post-64114","post","type-post","status-publish","format-standard","has-post-thumbnail","hentry","category-divers","category-toutes-les-actualites","tag-senegal-2"],"yoast_head":"<!-- This site is optimized with the Yoast SEO Premium plugin v26.1 (Yoast SEO v27.0) - https:\/\/yoast.com\/product\/yoast-seo-premium-wordpress\/ -->\n<title>Isolement, mal-\u00eatre, d\u00e9pression\u2026 Des solutions existent - Senegal<\/title>\n<meta name=\"description\" content=\"En 2021, 20,8 % des 18-24 ans e\u0301taient concerne\u0301s par la de\u0301pression \u2013 deux fois plus qu\u2019en 2017 -, 7,2 % confiant me\u0302me ...\" \/>\n<meta name=\"robots\" content=\"index, follow, max-snippet:-1, max-image-preview:large, max-video-preview:-1\" \/>\n<link rel=\"canonical\" href=\"https:\/\/www.africa-press.net\/senegal\/toutes-les-actualites\/isolement-mal-etre-depression-des-solutions-existent\" \/>\n<meta property=\"og:locale\" content=\"fr_FR\" \/>\n<meta property=\"og:type\" content=\"article\" \/>\n<meta property=\"og:title\" content=\"Isolement, mal-\u00eatre, d\u00e9pression\u2026 Des solutions existent\" \/>\n<meta property=\"og:description\" content=\"En 2021, 20,8 % des 18-24 ans e\u0301taient concerne\u0301s par la de\u0301pression \u2013 deux fois plus qu\u2019en 2017 -, 7,2 % confiant me\u0302me ...\" \/>\n<meta property=\"og:url\" content=\"https:\/\/www.africa-press.net\/senegal\/toutes-les-actualites\/isolement-mal-etre-depression-des-solutions-existent\" \/>\n<meta property=\"og:site_name\" content=\"Senegal\" \/>\n<meta property=\"article:published_time\" content=\"2024-12-25T12:00:00+00:00\" \/>\n<meta property=\"article:modified_time\" content=\"2024-12-26T03:54:17+00:00\" \/>\n<meta property=\"og:image\" content=\"https:\/\/static.africa-press.net\/senegal\/sites\/13\/2024\/12\/sm_1735214032.915489.jpg\" \/>\n\t<meta property=\"og:image:width\" content=\"1280\" \/>\n\t<meta property=\"og:image:height\" content=\"720\" \/>\n\t<meta property=\"og:image:type\" content=\"image\/jpeg\" \/>\n<meta name=\"author\" content=\"cfeditorfr\" \/>\n<meta name=\"twitter:card\" content=\"summary_large_image\" \/>\n<meta name=\"twitter:label1\" content=\"\u00c9crit par\" \/>\n\t<meta name=\"twitter:data1\" content=\"cfeditorfr\" \/>\n\t<meta name=\"twitter:label2\" content=\"Dur\u00e9e de lecture estim\u00e9e\" \/>\n\t<meta name=\"twitter:data2\" content=\"4 minutes\" \/>\n<script type=\"application\/ld+json\" class=\"yoast-schema-graph\">{\"@context\":\"https:\/\/schema.org\",\"@graph\":[{\"@type\":\"Article\",\"@id\":\"https:\/\/www.africa-press.net\/senegal\/toutes-les-actualites\/isolement-mal-etre-depression-des-solutions-existent#article\",\"isPartOf\":{\"@id\":\"https:\/\/www.africa-press.net\/senegal\/toutes-les-actualites\/isolement-mal-etre-depression-des-solutions-existent\"},\"author\":{\"name\":\"cfeditorfr\",\"@id\":\"https:\/\/www.africa-press.net\/senegal\/#\/schema\/person\/2b1cf3cd81a31e3cd26889ca66d677f1\"},\"headline\":\"Isolement, mal-\u00eatre, d\u00e9pression\u2026 Des solutions existent\",\"datePublished\":\"2024-12-25T12:00:00+00:00\",\"dateModified\":\"2024-12-26T03:54:17+00:00\",\"mainEntityOfPage\":{\"@id\":\"https:\/\/www.africa-press.net\/senegal\/toutes-les-actualites\/isolement-mal-etre-depression-des-solutions-existent\"},\"wordCount\":808,\"commentCount\":0,\"image\":{\"@id\":\"https:\/\/www.africa-press.net\/senegal\/toutes-les-actualites\/isolement-mal-etre-depression-des-solutions-existent#primaryimage\"},\"thumbnailUrl\":\"https:\/\/static.africa-press.net\/senegal\/sites\/13\/2024\/12\/sm_1735214032.915489.jpg\",\"keywords\":[\"Senegal\"],\"articleSection\":[\"Divers\",\"Toutes les actualit\u00e9s\"],\"inLanguage\":\"fr-FR\",\"potentialAction\":[{\"@type\":\"CommentAction\",\"name\":\"Comment\",\"target\":[\"https:\/\/www.africa-press.net\/senegal\/toutes-les-actualites\/isolement-mal-etre-depression-des-solutions-existent#respond\"]}]},{\"@type\":\"WebPage\",\"@id\":\"https:\/\/www.africa-press.net\/senegal\/toutes-les-actualites\/isolement-mal-etre-depression-des-solutions-existent\",\"url\":\"https:\/\/www.africa-press.net\/senegal\/toutes-les-actualites\/isolement-mal-etre-depression-des-solutions-existent\",\"name\":\"Isolement, mal-\u00eatre, d\u00e9pression\u2026 Des solutions existent - Senegal\",\"isPartOf\":{\"@id\":\"https:\/\/www.africa-press.net\/senegal\/#website\"},\"primaryImageOfPage\":{\"@id\":\"https:\/\/www.africa-press.net\/senegal\/toutes-les-actualites\/isolement-mal-etre-depression-des-solutions-existent#primaryimage\"},\"image\":{\"@id\":\"https:\/\/www.africa-press.net\/senegal\/toutes-les-actualites\/isolement-mal-etre-depression-des-solutions-existent#primaryimage\"},\"thumbnailUrl\":\"https:\/\/static.africa-press.net\/senegal\/sites\/13\/2024\/12\/sm_1735214032.915489.jpg\",\"datePublished\":\"2024-12-25T12:00:00+00:00\",\"dateModified\":\"2024-12-26T03:54:17+00:00\",\"author\":{\"@id\":\"https:\/\/www.africa-press.net\/senegal\/#\/schema\/person\/2b1cf3cd81a31e3cd26889ca66d677f1\"},\"description\":\"En 2021, 20,8 % des 18-24 ans e\u0301taient concerne\u0301s par la de\u0301pression \u2013 deux fois plus qu\u2019en 2017 -, 7,2 % confiant me\u0302me ...\",\"breadcrumb\":{\"@id\":\"https:\/\/www.africa-press.net\/senegal\/toutes-les-actualites\/isolement-mal-etre-depression-des-solutions-existent#breadcrumb\"},\"inLanguage\":\"fr-FR\",\"potentialAction\":[{\"@type\":\"ReadAction\",\"target\":[\"https:\/\/www.africa-press.net\/senegal\/toutes-les-actualites\/isolement-mal-etre-depression-des-solutions-existent\"]}]},{\"@type\":\"ImageObject\",\"inLanguage\":\"fr-FR\",\"@id\":\"https:\/\/www.africa-press.net\/senegal\/toutes-les-actualites\/isolement-mal-etre-depression-des-solutions-existent#primaryimage\",\"url\":\"https:\/\/static.africa-press.net\/senegal\/sites\/13\/2024\/12\/sm_1735214032.915489.jpg\",\"contentUrl\":\"https:\/\/static.africa-press.net\/senegal\/sites\/13\/2024\/12\/sm_1735214032.915489.jpg\",\"width\":1280,\"height\":720,\"caption\":\"Isolement, mal-\u00eatre, d\u00e9pression\u2026 Des solutions existent\"},{\"@type\":\"BreadcrumbList\",\"@id\":\"https:\/\/www.africa-press.net\/senegal\/toutes-les-actualites\/isolement-mal-etre-depression-des-solutions-existent#breadcrumb\",\"itemListElement\":[{\"@type\":\"ListItem\",\"position\":1,\"name\":\"Accueil\",\"item\":\"https:\/\/www.africa-press.net\/senegal\/\"},{\"@type\":\"ListItem\",\"position\":2,\"name\":\"Isolement, mal-\u00eatre, d\u00e9pression\u2026 Des solutions existent\"}]},{\"@type\":\"WebSite\",\"@id\":\"https:\/\/www.africa-press.net\/senegal\/#website\",\"url\":\"https:\/\/www.africa-press.net\/senegal\/\",\"name\":\"Africa Press | Senegal | Homepage\",\"description\":\"Just another Africa News Agency Sites site\",\"potentialAction\":[{\"@type\":\"SearchAction\",\"target\":{\"@type\":\"EntryPoint\",\"urlTemplate\":\"https:\/\/www.africa-press.net\/senegal\/?s={search_term_string}\"},\"query-input\":{\"@type\":\"PropertyValueSpecification\",\"valueRequired\":true,\"valueName\":\"search_term_string\"}}],\"inLanguage\":\"fr-FR\"},{\"@type\":\"Person\",\"@id\":\"https:\/\/www.africa-press.net\/senegal\/#\/schema\/person\/2b1cf3cd81a31e3cd26889ca66d677f1\",\"name\":\"cfeditorfr\",\"url\":\"https:\/\/www.africa-press.net\/senegal\/author\/cfeditorfr\"}]}<\/script>\n<!-- \/ Yoast SEO Premium plugin. -->","yoast_head_json":{"title":"Isolement, mal-\u00eatre, d\u00e9pression\u2026 Des solutions existent - Senegal","description":"En 2021, 20,8 % des 18-24 ans e\u0301taient concerne\u0301s par la de\u0301pression \u2013 deux fois plus qu\u2019en 2017 -, 7,2 % confiant me\u0302me ...","robots":{"index":"index","follow":"follow","max-snippet":"max-snippet:-1","max-image-preview":"max-image-preview:large","max-video-preview":"max-video-preview:-1"},"canonical":"https:\/\/www.africa-press.net\/senegal\/toutes-les-actualites\/isolement-mal-etre-depression-des-solutions-existent","og_locale":"fr_FR","og_type":"article","og_title":"Isolement, mal-\u00eatre, d\u00e9pression\u2026 Des solutions existent","og_description":"En 2021, 20,8 % des 18-24 ans e\u0301taient concerne\u0301s par la de\u0301pression \u2013 deux fois plus qu\u2019en 2017 -, 7,2 % confiant me\u0302me ...","og_url":"https:\/\/www.africa-press.net\/senegal\/toutes-les-actualites\/isolement-mal-etre-depression-des-solutions-existent","og_site_name":"Senegal","article_published_time":"2024-12-25T12:00:00+00:00","article_modified_time":"2024-12-26T03:54:17+00:00","og_image":[{"width":1280,"height":720,"url":"https:\/\/static.africa-press.net\/senegal\/sites\/13\/2024\/12\/sm_1735214032.915489.jpg","type":"image\/jpeg"}],"author":"cfeditorfr","twitter_card":"summary_large_image","twitter_misc":{"\u00c9crit par":"cfeditorfr","Dur\u00e9e de lecture estim\u00e9e":"4 minutes"},"schema":{"@context":"https:\/\/schema.org","@graph":[{"@type":"Article","@id":"https:\/\/www.africa-press.net\/senegal\/toutes-les-actualites\/isolement-mal-etre-depression-des-solutions-existent#article","isPartOf":{"@id":"https:\/\/www.africa-press.net\/senegal\/toutes-les-actualites\/isolement-mal-etre-depression-des-solutions-existent"},"author":{"name":"cfeditorfr","@id":"https:\/\/www.africa-press.net\/senegal\/#\/schema\/person\/2b1cf3cd81a31e3cd26889ca66d677f1"},"headline":"Isolement, mal-\u00eatre, d\u00e9pression\u2026 Des solutions existent","datePublished":"2024-12-25T12:00:00+00:00","dateModified":"2024-12-26T03:54:17+00:00","mainEntityOfPage":{"@id":"https:\/\/www.africa-press.net\/senegal\/toutes-les-actualites\/isolement-mal-etre-depression-des-solutions-existent"},"wordCount":808,"commentCount":0,"image":{"@id":"https:\/\/www.africa-press.net\/senegal\/toutes-les-actualites\/isolement-mal-etre-depression-des-solutions-existent#primaryimage"},"thumbnailUrl":"https:\/\/static.africa-press.net\/senegal\/sites\/13\/2024\/12\/sm_1735214032.915489.jpg","keywords":["Senegal"],"articleSection":["Divers","Toutes les actualit\u00e9s"],"inLanguage":"fr-FR","potentialAction":[{"@type":"CommentAction","name":"Comment","target":["https:\/\/www.africa-press.net\/senegal\/toutes-les-actualites\/isolement-mal-etre-depression-des-solutions-existent#respond"]}]},{"@type":"WebPage","@id":"https:\/\/www.africa-press.net\/senegal\/toutes-les-actualites\/isolement-mal-etre-depression-des-solutions-existent","url":"https:\/\/www.africa-press.net\/senegal\/toutes-les-actualites\/isolement-mal-etre-depression-des-solutions-existent","name":"Isolement, mal-\u00eatre, d\u00e9pression\u2026 Des solutions existent - Senegal","isPartOf":{"@id":"https:\/\/www.africa-press.net\/senegal\/#website"},"primaryImageOfPage":{"@id":"https:\/\/www.africa-press.net\/senegal\/toutes-les-actualites\/isolement-mal-etre-depression-des-solutions-existent#primaryimage"},"image":{"@id":"https:\/\/www.africa-press.net\/senegal\/toutes-les-actualites\/isolement-mal-etre-depression-des-solutions-existent#primaryimage"},"thumbnailUrl":"https:\/\/static.africa-press.net\/senegal\/sites\/13\/2024\/12\/sm_1735214032.915489.jpg","datePublished":"2024-12-25T12:00:00+00:00","dateModified":"2024-12-26T03:54:17+00:00","author":{"@id":"https:\/\/www.africa-press.net\/senegal\/#\/schema\/person\/2b1cf3cd81a31e3cd26889ca66d677f1"},"description":"En 2021, 20,8 % des 18-24 ans e\u0301taient concerne\u0301s par la de\u0301pression \u2013 deux fois plus qu\u2019en 2017 -, 7,2 % confiant me\u0302me ...","breadcrumb":{"@id":"https:\/\/www.africa-press.net\/senegal\/toutes-les-actualites\/isolement-mal-etre-depression-des-solutions-existent#breadcrumb"},"inLanguage":"fr-FR","potentialAction":[{"@type":"ReadAction","target":["https:\/\/www.africa-press.net\/senegal\/toutes-les-actualites\/isolement-mal-etre-depression-des-solutions-existent"]}]},{"@type":"ImageObject","inLanguage":"fr-FR","@id":"https:\/\/www.africa-press.net\/senegal\/toutes-les-actualites\/isolement-mal-etre-depression-des-solutions-existent#primaryimage","url":"https:\/\/static.africa-press.net\/senegal\/sites\/13\/2024\/12\/sm_1735214032.915489.jpg","contentUrl":"https:\/\/static.africa-press.net\/senegal\/sites\/13\/2024\/12\/sm_1735214032.915489.jpg","width":1280,"height":720,"caption":"Isolement, mal-\u00eatre, d\u00e9pression\u2026 Des solutions existent"},{"@type":"BreadcrumbList","@id":"https:\/\/www.africa-press.net\/senegal\/toutes-les-actualites\/isolement-mal-etre-depression-des-solutions-existent#breadcrumb","itemListElement":[{"@type":"ListItem","position":1,"name":"Accueil","item":"https:\/\/www.africa-press.net\/senegal\/"},{"@type":"ListItem","position":2,"name":"Isolement, mal-\u00eatre, d\u00e9pression\u2026 Des solutions existent"}]},{"@type":"WebSite","@id":"https:\/\/www.africa-press.net\/senegal\/#website","url":"https:\/\/www.africa-press.net\/senegal\/","name":"Africa Press | Senegal | Homepage","description":"Just another Africa News Agency Sites site","potentialAction":[{"@type":"SearchAction","target":{"@type":"EntryPoint","urlTemplate":"https:\/\/www.africa-press.net\/senegal\/?s={search_term_string}"},"query-input":{"@type":"PropertyValueSpecification","valueRequired":true,"valueName":"search_term_string"}}],"inLanguage":"fr-FR"},{"@type":"Person","@id":"https:\/\/www.africa-press.net\/senegal\/#\/schema\/person\/2b1cf3cd81a31e3cd26889ca66d677f1","name":"cfeditorfr","url":"https:\/\/www.africa-press.net\/senegal\/author\/cfeditorfr"}]}},"_links":{"self":[{"href":"https:\/\/www.africa-press.net\/senegal\/wp-json\/wp\/v2\/posts\/64114","targetHints":{"allow":["GET"]}}],"collection":[{"href":"https:\/\/www.africa-press.net\/senegal\/wp-json\/wp\/v2\/posts"}],"about":[{"href":"https:\/\/www.africa-press.net\/senegal\/wp-json\/wp\/v2\/types\/post"}],"author":[{"embeddable":true,"href":"https:\/\/www.africa-press.net\/senegal\/wp-json\/wp\/v2\/users\/82"}],"replies":[{"embeddable":true,"href":"https:\/\/www.africa-press.net\/senegal\/wp-json\/wp\/v2\/comments?post=64114"}],"version-history":[{"count":0,"href":"https:\/\/www.africa-press.net\/senegal\/wp-json\/wp\/v2\/posts\/64114\/revisions"}],"wp:featuredmedia":[{"embeddable":true,"href":"https:\/\/www.africa-press.net\/senegal\/wp-json\/wp\/v2\/media\/64113"}],"wp:attachment":[{"href":"https:\/\/www.africa-press.net\/senegal\/wp-json\/wp\/v2\/media?parent=64114"}],"wp:term":[{"taxonomy":"category","embeddable":true,"href":"https:\/\/www.africa-press.net\/senegal\/wp-json\/wp\/v2\/categories?post=64114"},{"taxonomy":"post_tag","embeddable":true,"href":"https:\/\/www.africa-press.net\/senegal\/wp-json\/wp\/v2\/tags?post=64114"}],"curies":[{"name":"wp","href":"https:\/\/api.w.org\/{rel}","templated":true}]}}