{"id":64126,"date":"2024-12-25T12:00:00","date_gmt":"2024-12-25T12:00:00","guid":{"rendered":"https:\/\/www.africa-press.net\/senegal\/politique\/on-sait-pourquoi-les-personnes-tres-agees-sont-protegees-du-cancer"},"modified":"2024-12-26T04:11:24","modified_gmt":"2024-12-26T04:11:24","slug":"on-sait-pourquoi-les-personnes-tres-agees-sont-protegees-du-cancer","status":"publish","type":"post","link":"https:\/\/www.africa-press.net\/senegal\/toutes-les-actualites\/on-sait-pourquoi-les-personnes-tres-agees-sont-protegees-du-cancer","title":{"rendered":"On sait pourquoi les personnes tr\u00e8s \u00e2g\u00e9es sont prot\u00e9g\u00e9es du cancer"},"content":{"rendered":"<p><span style=\"color: #ff6600\"><strong>Africa-Press &#8211; Senegal. <\/strong><\/span>Plus on vieillit, plus on a des chances de de\u0301velopper un cancer. Mais cette probabilite\u0301 diminue apre\u0300s les 80 ans, et si on n\u2019a pas eu de cancer avant cet a\u0302ge, c\u2019est probable qu\u2019on n\u2019en ait jamais dans sa vie, me\u0302me si l\u2019on reste encore en vie pendant des de\u0301cennies. Ce paradoxe e\u0301tonnant vient d\u2019e\u0302tre explique\u0301 par des chercheurs du Centre du cancer Memorial Sloan-Kettering a\u0300 New York. Dans un article publie\u0301 dans la revue Nature le 4 de\u0301cembre 2024, ils montrent que cette protection tardive est due a\u0300 un blocage de la croissance cellulaire, cause\u0301 par une mauvaise prise en charge du fer par les cellules.<\/p>\n<p><b>La progression des tumeurs est bloque\u0301e chez les souris tre\u0300s a\u0302ge\u0301es<\/b><\/p>\n<p>Pour e\u0301tudier la vitesse de progression d\u2019un cancer en fonction de l\u2019a\u0302ge, les auteurs ont utilise\u0301 des souris modifie\u0301es ge\u0301ne\u0301tiquement pour qu\u2019elles de\u0301veloppent un cancer du poumon. Pour cela, ils ont induit des mutations spe\u0301cifiquement dans des cellules proge\u0301nitrices (comme des cellules souches mais qui peuvent devenir un seul type cellulaire) qui vont ensuite devenir des cellules alve\u0301olaires (ou pneumocytes, qui recouvrent les alve\u0301oles pulmonaires). Cette manipulation fut re\u0301alise\u0301e chez des souris jeunes (12 a\u0300 16 semaines) et des souris tre\u0300s a\u0302ge\u0301es (104 a\u0300 130 semaines), afin de comparer la vitesse de progression de tumeurs ainsi ge\u0301ne\u0301re\u0301es.<\/p>\n<p>Ces tumeurs apparaissaient et grandissaient beaucoup plus vite chez les jeunes souris que chez les seniors. Alors que chez ces derniers, me\u0302me l\u2019initiation des tumeurs semblait bloque\u0301e. Ce blocage ne concernait pas seulement les cellules cance\u0301reuses, mais aussi les cellules proge\u0301nitrices saines, qui ne parvenaient plus a\u0300 se diviser ni a\u0300 devenir des cellules alve\u0301olaires.<\/p>\n<p><b>Ce blocage est cause\u0301 par un manque de fer<\/b><\/p>\n<p>Pour comprendre l\u2019origine de ces proble\u0300mes de croissance qui affectaient autant les cellules saines que les cellules cance\u0301reuses, les chercheurs ont e\u0301tudie\u0301 l\u2019expression ge\u0301ne\u0301tique dans ces cellules. Un ge\u0300ne e\u0301tait particulie\u0300rement diffe\u0301rent chez les jeunes souris par rapport a\u0300 leurs aine\u0301es: le facteur de transcription Nupr1, qui s\u2019active normalement lorsque la cellule est expose\u0301e a\u0300 un stress, par exemple le manque de nutriments.<\/p>\n<p>L\u2019expression de cette prote\u0301ine e\u0301tait plus e\u0301leve\u0301e chez les cellules des vieilles souris. Et ceci avait comme conse\u0301quence l\u2019activation d\u2019une prote\u0301ine nomme\u0301e lipocaline-2, qui est connue pour son action sur le fer: lors des infections, elle se\u0301questre le fer pour que les bacte\u0301ries ne puissent pas l\u2019utiliser pour grandir, bloquant l\u2019infection. Mais dans ces cellules des poumons a\u0302ge\u0301s, ce blocage affectait directement les cellules proge\u0301nitrices, mute\u0301es ou pas mute\u0301es, les empe\u0302chant de se multiplier. L\u2019ajout de plus de fer dans le milieu de croissance de ces cellules cultive\u0301es in vitro annulait cet effet, permettant aux cellules proge\u0301nitrices de se multiplier&#8230; mais aussi aux cellules cance\u0301reuses, re\u0301activant la progression des tumeurs. De\u0301sactiver l\u2019expression de Nupr1 et lipocaline-2 avait ce me\u0302me effet cance\u0301rige\u0300ne dans ces cellules. C\u2019est-a\u0300-dire que c\u2019est bien a\u0300 cause du manque de fer entraine\u0301 par ces prote\u0301ines que les cellules a\u0302ge\u0301es perdent la capacite\u0301 de se multiplier, essentielle pour la progression du cancer.<\/p>\n<p><b>La plupart des cancers commenceraient to\u0302t dans la vie<\/b><\/p>\n<p>Selon les auteurs, ces re\u0301sultats montrent que le vieillissement peut bloquer l\u2019apparition et la progression des cancers. Et donc confirmeraient que me\u0302me si la plupart de cancers sont diagnostique\u0301s chez les personnes a\u0302ge\u0301es, ils de\u0301butent en re\u0301alite\u0301 bien plus to\u0302t. \u201cNos donne\u0301es sugge\u0300rent que les e\u0301ve\u0300nements cance\u0301rige\u0300nes qui surviennent lorsque l\u2019on est jeune seraient beaucoup plus dangereux que s\u2019ils arrivent plus tard dans la vie, explique dans un communique\u0301 le directeur de l\u2019e\u0301tude, Tuomas Tammela. Cela souligne l\u2019importance de pre\u0301venir chez les jeunes toute exposition cance\u0301rige\u0300ne, telle que fumer ou bronzer.\u201d Cependant, il est encore ne\u0301cessaire de confirmer ces re\u0301sultats pour d\u2019autres cancers, afin de s\u2019assurer que ces diffe\u0301rences lie\u0301es a\u0300 l\u2019a\u0302ge ne sont pas spe\u0301cifiques aux cancers du poumon.<\/p>\n<p><strong>Pour plus d&rsquo;informations et d&rsquo;analyses sur la <span style=\"color: #ff6600\">Senegal<\/span>, suivez <span style=\"color: #ff6600\">Africa-Press<\/span><\/strong><\/p>\n","protected":false},"excerpt":{"rendered":"<p>Africa-Press &#8211; Senegal. Plus on vieillit, plus on a des chances de de\u0301velopper un cancer. Mais cette probabilite\u0301 diminue apre\u0300s les 80 ans, et si on n\u2019a pas eu de cancer avant cet a\u0302ge, c\u2019est probable qu\u2019on n\u2019en ait jamais dans sa vie, me\u0302me si l\u2019on reste encore en vie pendant des de\u0301cennies. Ce paradoxe [&hellip;]<\/p>\n","protected":false},"author":82,"featured_media":64125,"comment_status":"open","ping_status":"closed","sticky":false,"template":"","format":"standard","meta":{"footnotes":""},"categories":[22,10],"tags":[44],"class_list":["post-64126","post","type-post","status-publish","format-standard","has-post-thumbnail","hentry","category-divers","category-toutes-les-actualites","tag-senegal-2"],"yoast_head":"<!-- This site is optimized with the Yoast SEO Premium plugin v26.1 (Yoast SEO v27.0) - https:\/\/yoast.com\/product\/yoast-seo-premium-wordpress\/ -->\n<title>On sait pourquoi les personnes tr\u00e8s \u00e2g\u00e9es sont prot\u00e9g\u00e9es du cancer - Senegal<\/title>\n<meta name=\"description\" content=\"Plus on vieillit, plus on a des chances de de\u0301velopper un cancer. Mais cette probabilite\u0301 diminue apre\u0300s les 80 ans, et ...\" \/>\n<meta name=\"robots\" content=\"index, follow, max-snippet:-1, max-image-preview:large, max-video-preview:-1\" \/>\n<link rel=\"canonical\" href=\"https:\/\/www.africa-press.net\/senegal\/toutes-les-actualites\/on-sait-pourquoi-les-personnes-tres-agees-sont-protegees-du-cancer\" \/>\n<meta property=\"og:locale\" content=\"fr_FR\" \/>\n<meta property=\"og:type\" content=\"article\" \/>\n<meta property=\"og:title\" content=\"On sait pourquoi les personnes tr\u00e8s \u00e2g\u00e9es sont prot\u00e9g\u00e9es du cancer\" \/>\n<meta property=\"og:description\" content=\"Plus on vieillit, plus on a des chances de de\u0301velopper un cancer. Mais cette probabilite\u0301 diminue apre\u0300s les 80 ans, et ...\" \/>\n<meta property=\"og:url\" content=\"https:\/\/www.africa-press.net\/senegal\/toutes-les-actualites\/on-sait-pourquoi-les-personnes-tres-agees-sont-protegees-du-cancer\" \/>\n<meta property=\"og:site_name\" content=\"Senegal\" \/>\n<meta property=\"article:published_time\" content=\"2024-12-25T12:00:00+00:00\" \/>\n<meta property=\"article:modified_time\" content=\"2024-12-26T04:11:24+00:00\" \/>\n<meta property=\"og:image\" content=\"https:\/\/static.africa-press.net\/senegal\/sites\/13\/2024\/12\/sm_1735214898.583129.jpg\" \/>\n\t<meta property=\"og:image:width\" content=\"1280\" \/>\n\t<meta property=\"og:image:height\" content=\"720\" \/>\n\t<meta property=\"og:image:type\" content=\"image\/jpeg\" \/>\n<meta name=\"author\" content=\"cfeditorfr\" \/>\n<meta name=\"twitter:card\" content=\"summary_large_image\" \/>\n<meta name=\"twitter:label1\" content=\"\u00c9crit par\" \/>\n\t<meta name=\"twitter:data1\" content=\"cfeditorfr\" \/>\n\t<meta name=\"twitter:label2\" content=\"Dur\u00e9e de lecture estim\u00e9e\" \/>\n\t<meta name=\"twitter:data2\" content=\"4 minutes\" \/>\n<script type=\"application\/ld+json\" class=\"yoast-schema-graph\">{\"@context\":\"https:\/\/schema.org\",\"@graph\":[{\"@type\":\"Article\",\"@id\":\"https:\/\/www.africa-press.net\/senegal\/toutes-les-actualites\/on-sait-pourquoi-les-personnes-tres-agees-sont-protegees-du-cancer#article\",\"isPartOf\":{\"@id\":\"https:\/\/www.africa-press.net\/senegal\/toutes-les-actualites\/on-sait-pourquoi-les-personnes-tres-agees-sont-protegees-du-cancer\"},\"author\":{\"name\":\"cfeditorfr\",\"@id\":\"https:\/\/www.africa-press.net\/senegal\/#\/schema\/person\/2b1cf3cd81a31e3cd26889ca66d677f1\"},\"headline\":\"On sait pourquoi les personnes tr\u00e8s \u00e2g\u00e9es sont prot\u00e9g\u00e9es du cancer\",\"datePublished\":\"2024-12-25T12:00:00+00:00\",\"dateModified\":\"2024-12-26T04:11:24+00:00\",\"mainEntityOfPage\":{\"@id\":\"https:\/\/www.africa-press.net\/senegal\/toutes-les-actualites\/on-sait-pourquoi-les-personnes-tres-agees-sont-protegees-du-cancer\"},\"wordCount\":776,\"commentCount\":0,\"image\":{\"@id\":\"https:\/\/www.africa-press.net\/senegal\/toutes-les-actualites\/on-sait-pourquoi-les-personnes-tres-agees-sont-protegees-du-cancer#primaryimage\"},\"thumbnailUrl\":\"https:\/\/static.africa-press.net\/senegal\/sites\/13\/2024\/12\/sm_1735214898.583129.jpg\",\"keywords\":[\"Senegal\"],\"articleSection\":[\"Divers\",\"Toutes les actualit\u00e9s\"],\"inLanguage\":\"fr-FR\",\"potentialAction\":[{\"@type\":\"CommentAction\",\"name\":\"Comment\",\"target\":[\"https:\/\/www.africa-press.net\/senegal\/toutes-les-actualites\/on-sait-pourquoi-les-personnes-tres-agees-sont-protegees-du-cancer#respond\"]}]},{\"@type\":\"WebPage\",\"@id\":\"https:\/\/www.africa-press.net\/senegal\/toutes-les-actualites\/on-sait-pourquoi-les-personnes-tres-agees-sont-protegees-du-cancer\",\"url\":\"https:\/\/www.africa-press.net\/senegal\/toutes-les-actualites\/on-sait-pourquoi-les-personnes-tres-agees-sont-protegees-du-cancer\",\"name\":\"On sait pourquoi les personnes tr\u00e8s \u00e2g\u00e9es sont prot\u00e9g\u00e9es du cancer - Senegal\",\"isPartOf\":{\"@id\":\"https:\/\/www.africa-press.net\/senegal\/#website\"},\"primaryImageOfPage\":{\"@id\":\"https:\/\/www.africa-press.net\/senegal\/toutes-les-actualites\/on-sait-pourquoi-les-personnes-tres-agees-sont-protegees-du-cancer#primaryimage\"},\"image\":{\"@id\":\"https:\/\/www.africa-press.net\/senegal\/toutes-les-actualites\/on-sait-pourquoi-les-personnes-tres-agees-sont-protegees-du-cancer#primaryimage\"},\"thumbnailUrl\":\"https:\/\/static.africa-press.net\/senegal\/sites\/13\/2024\/12\/sm_1735214898.583129.jpg\",\"datePublished\":\"2024-12-25T12:00:00+00:00\",\"dateModified\":\"2024-12-26T04:11:24+00:00\",\"author\":{\"@id\":\"https:\/\/www.africa-press.net\/senegal\/#\/schema\/person\/2b1cf3cd81a31e3cd26889ca66d677f1\"},\"description\":\"Plus on vieillit, plus on a des chances de de\u0301velopper un cancer. Mais cette probabilite\u0301 diminue apre\u0300s les 80 ans, et ...\",\"breadcrumb\":{\"@id\":\"https:\/\/www.africa-press.net\/senegal\/toutes-les-actualites\/on-sait-pourquoi-les-personnes-tres-agees-sont-protegees-du-cancer#breadcrumb\"},\"inLanguage\":\"fr-FR\",\"potentialAction\":[{\"@type\":\"ReadAction\",\"target\":[\"https:\/\/www.africa-press.net\/senegal\/toutes-les-actualites\/on-sait-pourquoi-les-personnes-tres-agees-sont-protegees-du-cancer\"]}]},{\"@type\":\"ImageObject\",\"inLanguage\":\"fr-FR\",\"@id\":\"https:\/\/www.africa-press.net\/senegal\/toutes-les-actualites\/on-sait-pourquoi-les-personnes-tres-agees-sont-protegees-du-cancer#primaryimage\",\"url\":\"https:\/\/static.africa-press.net\/senegal\/sites\/13\/2024\/12\/sm_1735214898.583129.jpg\",\"contentUrl\":\"https:\/\/static.africa-press.net\/senegal\/sites\/13\/2024\/12\/sm_1735214898.583129.jpg\",\"width\":1280,\"height\":720,\"caption\":\"On sait pourquoi les personnes tr\u00e8s \u00e2g\u00e9es sont prot\u00e9g\u00e9es du cancer\"},{\"@type\":\"BreadcrumbList\",\"@id\":\"https:\/\/www.africa-press.net\/senegal\/toutes-les-actualites\/on-sait-pourquoi-les-personnes-tres-agees-sont-protegees-du-cancer#breadcrumb\",\"itemListElement\":[{\"@type\":\"ListItem\",\"position\":1,\"name\":\"Accueil\",\"item\":\"https:\/\/www.africa-press.net\/senegal\/\"},{\"@type\":\"ListItem\",\"position\":2,\"name\":\"On sait pourquoi les personnes tr\u00e8s \u00e2g\u00e9es sont prot\u00e9g\u00e9es du cancer\"}]},{\"@type\":\"WebSite\",\"@id\":\"https:\/\/www.africa-press.net\/senegal\/#website\",\"url\":\"https:\/\/www.africa-press.net\/senegal\/\",\"name\":\"Africa Press | Senegal | Homepage\",\"description\":\"Just another Africa News Agency Sites site\",\"potentialAction\":[{\"@type\":\"SearchAction\",\"target\":{\"@type\":\"EntryPoint\",\"urlTemplate\":\"https:\/\/www.africa-press.net\/senegal\/?s={search_term_string}\"},\"query-input\":{\"@type\":\"PropertyValueSpecification\",\"valueRequired\":true,\"valueName\":\"search_term_string\"}}],\"inLanguage\":\"fr-FR\"},{\"@type\":\"Person\",\"@id\":\"https:\/\/www.africa-press.net\/senegal\/#\/schema\/person\/2b1cf3cd81a31e3cd26889ca66d677f1\",\"name\":\"cfeditorfr\",\"url\":\"https:\/\/www.africa-press.net\/senegal\/author\/cfeditorfr\"}]}<\/script>\n<!-- \/ Yoast SEO Premium plugin. -->","yoast_head_json":{"title":"On sait pourquoi les personnes tr\u00e8s \u00e2g\u00e9es sont prot\u00e9g\u00e9es du cancer - Senegal","description":"Plus on vieillit, plus on a des chances de de\u0301velopper un cancer. Mais cette probabilite\u0301 diminue apre\u0300s les 80 ans, et ...","robots":{"index":"index","follow":"follow","max-snippet":"max-snippet:-1","max-image-preview":"max-image-preview:large","max-video-preview":"max-video-preview:-1"},"canonical":"https:\/\/www.africa-press.net\/senegal\/toutes-les-actualites\/on-sait-pourquoi-les-personnes-tres-agees-sont-protegees-du-cancer","og_locale":"fr_FR","og_type":"article","og_title":"On sait pourquoi les personnes tr\u00e8s \u00e2g\u00e9es sont prot\u00e9g\u00e9es du cancer","og_description":"Plus on vieillit, plus on a des chances de de\u0301velopper un cancer. Mais cette probabilite\u0301 diminue apre\u0300s les 80 ans, et ...","og_url":"https:\/\/www.africa-press.net\/senegal\/toutes-les-actualites\/on-sait-pourquoi-les-personnes-tres-agees-sont-protegees-du-cancer","og_site_name":"Senegal","article_published_time":"2024-12-25T12:00:00+00:00","article_modified_time":"2024-12-26T04:11:24+00:00","og_image":[{"width":1280,"height":720,"url":"https:\/\/static.africa-press.net\/senegal\/sites\/13\/2024\/12\/sm_1735214898.583129.jpg","type":"image\/jpeg"}],"author":"cfeditorfr","twitter_card":"summary_large_image","twitter_misc":{"\u00c9crit par":"cfeditorfr","Dur\u00e9e de lecture estim\u00e9e":"4 minutes"},"schema":{"@context":"https:\/\/schema.org","@graph":[{"@type":"Article","@id":"https:\/\/www.africa-press.net\/senegal\/toutes-les-actualites\/on-sait-pourquoi-les-personnes-tres-agees-sont-protegees-du-cancer#article","isPartOf":{"@id":"https:\/\/www.africa-press.net\/senegal\/toutes-les-actualites\/on-sait-pourquoi-les-personnes-tres-agees-sont-protegees-du-cancer"},"author":{"name":"cfeditorfr","@id":"https:\/\/www.africa-press.net\/senegal\/#\/schema\/person\/2b1cf3cd81a31e3cd26889ca66d677f1"},"headline":"On sait pourquoi les personnes tr\u00e8s \u00e2g\u00e9es sont prot\u00e9g\u00e9es du cancer","datePublished":"2024-12-25T12:00:00+00:00","dateModified":"2024-12-26T04:11:24+00:00","mainEntityOfPage":{"@id":"https:\/\/www.africa-press.net\/senegal\/toutes-les-actualites\/on-sait-pourquoi-les-personnes-tres-agees-sont-protegees-du-cancer"},"wordCount":776,"commentCount":0,"image":{"@id":"https:\/\/www.africa-press.net\/senegal\/toutes-les-actualites\/on-sait-pourquoi-les-personnes-tres-agees-sont-protegees-du-cancer#primaryimage"},"thumbnailUrl":"https:\/\/static.africa-press.net\/senegal\/sites\/13\/2024\/12\/sm_1735214898.583129.jpg","keywords":["Senegal"],"articleSection":["Divers","Toutes les actualit\u00e9s"],"inLanguage":"fr-FR","potentialAction":[{"@type":"CommentAction","name":"Comment","target":["https:\/\/www.africa-press.net\/senegal\/toutes-les-actualites\/on-sait-pourquoi-les-personnes-tres-agees-sont-protegees-du-cancer#respond"]}]},{"@type":"WebPage","@id":"https:\/\/www.africa-press.net\/senegal\/toutes-les-actualites\/on-sait-pourquoi-les-personnes-tres-agees-sont-protegees-du-cancer","url":"https:\/\/www.africa-press.net\/senegal\/toutes-les-actualites\/on-sait-pourquoi-les-personnes-tres-agees-sont-protegees-du-cancer","name":"On sait pourquoi les personnes tr\u00e8s \u00e2g\u00e9es sont prot\u00e9g\u00e9es du cancer - Senegal","isPartOf":{"@id":"https:\/\/www.africa-press.net\/senegal\/#website"},"primaryImageOfPage":{"@id":"https:\/\/www.africa-press.net\/senegal\/toutes-les-actualites\/on-sait-pourquoi-les-personnes-tres-agees-sont-protegees-du-cancer#primaryimage"},"image":{"@id":"https:\/\/www.africa-press.net\/senegal\/toutes-les-actualites\/on-sait-pourquoi-les-personnes-tres-agees-sont-protegees-du-cancer#primaryimage"},"thumbnailUrl":"https:\/\/static.africa-press.net\/senegal\/sites\/13\/2024\/12\/sm_1735214898.583129.jpg","datePublished":"2024-12-25T12:00:00+00:00","dateModified":"2024-12-26T04:11:24+00:00","author":{"@id":"https:\/\/www.africa-press.net\/senegal\/#\/schema\/person\/2b1cf3cd81a31e3cd26889ca66d677f1"},"description":"Plus on vieillit, plus on a des chances de de\u0301velopper un cancer. Mais cette probabilite\u0301 diminue apre\u0300s les 80 ans, et ...","breadcrumb":{"@id":"https:\/\/www.africa-press.net\/senegal\/toutes-les-actualites\/on-sait-pourquoi-les-personnes-tres-agees-sont-protegees-du-cancer#breadcrumb"},"inLanguage":"fr-FR","potentialAction":[{"@type":"ReadAction","target":["https:\/\/www.africa-press.net\/senegal\/toutes-les-actualites\/on-sait-pourquoi-les-personnes-tres-agees-sont-protegees-du-cancer"]}]},{"@type":"ImageObject","inLanguage":"fr-FR","@id":"https:\/\/www.africa-press.net\/senegal\/toutes-les-actualites\/on-sait-pourquoi-les-personnes-tres-agees-sont-protegees-du-cancer#primaryimage","url":"https:\/\/static.africa-press.net\/senegal\/sites\/13\/2024\/12\/sm_1735214898.583129.jpg","contentUrl":"https:\/\/static.africa-press.net\/senegal\/sites\/13\/2024\/12\/sm_1735214898.583129.jpg","width":1280,"height":720,"caption":"On sait pourquoi les personnes tr\u00e8s \u00e2g\u00e9es sont prot\u00e9g\u00e9es du cancer"},{"@type":"BreadcrumbList","@id":"https:\/\/www.africa-press.net\/senegal\/toutes-les-actualites\/on-sait-pourquoi-les-personnes-tres-agees-sont-protegees-du-cancer#breadcrumb","itemListElement":[{"@type":"ListItem","position":1,"name":"Accueil","item":"https:\/\/www.africa-press.net\/senegal\/"},{"@type":"ListItem","position":2,"name":"On sait pourquoi les personnes tr\u00e8s \u00e2g\u00e9es sont prot\u00e9g\u00e9es du cancer"}]},{"@type":"WebSite","@id":"https:\/\/www.africa-press.net\/senegal\/#website","url":"https:\/\/www.africa-press.net\/senegal\/","name":"Africa Press | Senegal | Homepage","description":"Just another Africa News Agency Sites site","potentialAction":[{"@type":"SearchAction","target":{"@type":"EntryPoint","urlTemplate":"https:\/\/www.africa-press.net\/senegal\/?s={search_term_string}"},"query-input":{"@type":"PropertyValueSpecification","valueRequired":true,"valueName":"search_term_string"}}],"inLanguage":"fr-FR"},{"@type":"Person","@id":"https:\/\/www.africa-press.net\/senegal\/#\/schema\/person\/2b1cf3cd81a31e3cd26889ca66d677f1","name":"cfeditorfr","url":"https:\/\/www.africa-press.net\/senegal\/author\/cfeditorfr"}]}},"_links":{"self":[{"href":"https:\/\/www.africa-press.net\/senegal\/wp-json\/wp\/v2\/posts\/64126","targetHints":{"allow":["GET"]}}],"collection":[{"href":"https:\/\/www.africa-press.net\/senegal\/wp-json\/wp\/v2\/posts"}],"about":[{"href":"https:\/\/www.africa-press.net\/senegal\/wp-json\/wp\/v2\/types\/post"}],"author":[{"embeddable":true,"href":"https:\/\/www.africa-press.net\/senegal\/wp-json\/wp\/v2\/users\/82"}],"replies":[{"embeddable":true,"href":"https:\/\/www.africa-press.net\/senegal\/wp-json\/wp\/v2\/comments?post=64126"}],"version-history":[{"count":0,"href":"https:\/\/www.africa-press.net\/senegal\/wp-json\/wp\/v2\/posts\/64126\/revisions"}],"wp:featuredmedia":[{"embeddable":true,"href":"https:\/\/www.africa-press.net\/senegal\/wp-json\/wp\/v2\/media\/64125"}],"wp:attachment":[{"href":"https:\/\/www.africa-press.net\/senegal\/wp-json\/wp\/v2\/media?parent=64126"}],"wp:term":[{"taxonomy":"category","embeddable":true,"href":"https:\/\/www.africa-press.net\/senegal\/wp-json\/wp\/v2\/categories?post=64126"},{"taxonomy":"post_tag","embeddable":true,"href":"https:\/\/www.africa-press.net\/senegal\/wp-json\/wp\/v2\/tags?post=64126"}],"curies":[{"name":"wp","href":"https:\/\/api.w.org\/{rel}","templated":true}]}}