{"id":64128,"date":"2024-12-25T12:00:00","date_gmt":"2024-12-25T12:00:00","guid":{"rendered":"https:\/\/www.africa-press.net\/senegal\/politique\/cyclone-chido-le-nouveau-ministre-de-la-sante-promet-daller-a-mayotte"},"modified":"2024-12-26T04:14:41","modified_gmt":"2024-12-26T04:14:41","slug":"cyclone-chido-le-nouveau-ministre-de-la-sante-promet-daller-a-mayotte","status":"publish","type":"post","link":"https:\/\/www.africa-press.net\/senegal\/toutes-les-actualites\/cyclone-chido-le-nouveau-ministre-de-la-sante-promet-daller-a-mayotte","title":{"rendered":"Cyclone Chido : le nouveau ministre de la Sant\u00e9 promet d\u2019aller \u00e0 Mayotte"},"content":{"rendered":"<p><span style=\"color: #ff6600\"><strong>Africa-Press &#8211; Senegal. <\/strong><\/span>Le nouveau ministre de la Sante\u0301 et de l\u2019Acce\u0300s aux Soins, Yannick Neuder, a annonce\u0301 mardi 24 de\u0301cembre 2024 qu\u2019il se rendrait \u201cdans les jours qui viennent\u201d a\u0300 Mayotte, dont le territoire a e\u0301te\u0301 ravage\u0301 par le passage du cyclone Chido. \u201cJe me rendrai dans les jours qui viennent a\u0300 Mayotte, pour la population, pour aussi rencontrer (&#8230;) les e\u0301lus\u201d, a de\u0301clare\u0301 Yannick Neuder lors de la passation de pouvoirs avec Genevie\u0300ve Darrieussecq au ministe\u0300re, au co\u0302te\u0301 de Catherine Vautrin. \u201cC\u2019est vraiment ma priorite\u0301 absolue\u201d, a-t-il ajoute\u0301.<\/p>\n<p><b>\u201cLes soignants a\u0300 Mayotte qui donnent sans rela\u0302che, qui sont fatigue\u0301s, use\u0301s, rince\u0301s et qu\u2019il nous faut relever\u201d<\/b><\/p>\n<p>A 55 ans, ce de\u0301pute\u0301 LR de l\u2019Ise\u0300re, re\u0301pute\u0301 proche de Laurent Wauquiez, est le septie\u0300me ministre de la Sante\u0301 depuis le de\u0301but des quinquennats Macron. A la diffe\u0301rence de Genevie\u0300ve Darrieussecq, qui avait un ministe\u0300re de plein exercice, il a une ministre de tutelle, Catherine Vautrin, charge\u0301e d\u2019un portefeuille e\u0301tendu Travail, Sante\u0301, Solidarite\u0301s et Familles. En ce 24 de\u0301cembre, \u201cnous avons e\u0301te\u0301 plusieurs a\u0300 penser aux Mahorais ce matin, a\u0300 penser a\u0300 nos e\u0301quipes a\u0300 Mayotte\u201d, a dit Catherine Vautrin. \u201cDans un contexte (&#8230;) ou\u0300 l\u2019on concentre les plus grandes difficulte\u0301s, chacun a cherche\u0301 a\u0300 apporter des re\u0301ponses\u201d et \u201cessaye\u0301 d\u2019e\u0302tre a\u0300 la hauteur de l\u2019enjeu\u201d, a-t-elle juge\u0301, saluant \u201cla force de l\u2019Etat\u201d et ajoutant qu&rsquo;\u201dil va falloir que nous puissions continuer\u201d.<\/p>\n<p>Auparavant, la sortante Genevie\u0300ve Darrieussecq a commence\u0301 son discours d\u2019adieu par \u201cune pense\u0301e\u201d pour les habitants de Mayotte, \u201cpour ce drame absolu qu\u2019ils vivent\u201d, \u201cpour notre syste\u0300me de sante\u0301 a\u0300 Mayotte, tre\u0300s impacte\u0301\u201d, \u201cpour tous les soignants qui donnent sans rela\u0302che, qui sont fatigue\u0301s, use\u0301s, rince\u0301s et qu\u2019il nous faut relever\u201d. Depuis le ministe\u0300re de la Sante\u0301, \u201cnous avons veille\u0301 sur Mayotte du mieux que nous pouvions en organisant les choses\u201d, a affirme\u0301 cette me\u0301decin de profession, y voyant la confirmation d&rsquo;\u201dun grand ministe\u0300re qui savait repe\u0301rer et faire face aux crises\u201d.<\/p>\n<p>Mais \u201cle travail n\u2019est pas fini\u201d, \u201cil y a \u201cbeaucoup d\u2019enjeux encore sur Mayotte\u201d, a souligne\u0301 l\u2019e\u0301lue MoDem des Landes, convaincue que \u201cCatherine et Yannick seront a\u0300 l\u2019\u0153uvre pour poursuivre cette vigilance et mettre en \u0153uvre tous les moyens pour venir en soutien des Mahorais\u201d. \u201cParce que les risques e\u0301pide\u0301miques sont importants maintenant et les risques de sante\u0301 publique majeurs dans ce beau de\u0301partement de France, mais e\u0301loigne\u0301\u201d, a-t-elle poursuivi.<\/p>\n<p><strong>Pour plus d&rsquo;informations et d&rsquo;analyses sur la <span style=\"color: #ff6600\">Senegal<\/span>, suivez <span style=\"color: #ff6600\">Africa-Press<\/span><\/strong><\/p>\n","protected":false},"excerpt":{"rendered":"<p>Africa-Press &#8211; Senegal. Le nouveau ministre de la Sante\u0301 et de l\u2019Acce\u0300s aux Soins, Yannick Neuder, a annonce\u0301 mardi 24 de\u0301cembre 2024 qu\u2019il se rendrait \u201cdans les jours qui viennent\u201d a\u0300 Mayotte, dont le territoire a e\u0301te\u0301 ravage\u0301 par le passage du cyclone Chido. \u201cJe me rendrai dans les jours qui viennent a\u0300 Mayotte, pour [&hellip;]<\/p>\n","protected":false},"author":82,"featured_media":64127,"comment_status":"open","ping_status":"closed","sticky":false,"template":"","format":"standard","meta":{"footnotes":""},"categories":[22,10],"tags":[44],"class_list":["post-64128","post","type-post","status-publish","format-standard","has-post-thumbnail","hentry","category-divers","category-toutes-les-actualites","tag-senegal-2"],"yoast_head":"<!-- This site is optimized with the Yoast SEO Premium plugin v26.1 (Yoast SEO v27.0) - https:\/\/yoast.com\/product\/yoast-seo-premium-wordpress\/ -->\n<title>Cyclone Chido : le nouveau ministre de la Sant\u00e9 promet d\u2019aller \u00e0 Mayotte - Senegal<\/title>\n<meta name=\"description\" content=\"Le nouveau ministre de la Sante\u0301 et de l\u2019Acce\u0300s aux Soins, Yannick Neuder, a annonce\u0301 mardi 24 de\u0301cembre 2024 qu\u2019il se r ...\" \/>\n<meta name=\"robots\" content=\"index, follow, max-snippet:-1, max-image-preview:large, max-video-preview:-1\" \/>\n<link rel=\"canonical\" href=\"https:\/\/www.africa-press.net\/senegal\/toutes-les-actualites\/cyclone-chido-le-nouveau-ministre-de-la-sante-promet-daller-a-mayotte\" \/>\n<meta property=\"og:locale\" content=\"fr_FR\" \/>\n<meta property=\"og:type\" content=\"article\" \/>\n<meta property=\"og:title\" content=\"Cyclone Chido : le nouveau ministre de la Sant\u00e9 promet d\u2019aller \u00e0 Mayotte\" \/>\n<meta property=\"og:description\" content=\"Le nouveau ministre de la Sante\u0301 et de l\u2019Acce\u0300s aux Soins, Yannick Neuder, a annonce\u0301 mardi 24 de\u0301cembre 2024 qu\u2019il se r ...\" \/>\n<meta property=\"og:url\" content=\"https:\/\/www.africa-press.net\/senegal\/toutes-les-actualites\/cyclone-chido-le-nouveau-ministre-de-la-sante-promet-daller-a-mayotte\" \/>\n<meta property=\"og:site_name\" content=\"Senegal\" \/>\n<meta property=\"article:published_time\" content=\"2024-12-25T12:00:00+00:00\" \/>\n<meta property=\"article:modified_time\" content=\"2024-12-26T04:14:41+00:00\" \/>\n<meta property=\"og:image\" content=\"https:\/\/static.africa-press.net\/senegal\/sites\/13\/2024\/12\/sm_1735215023.853704.jpg\" \/>\n\t<meta property=\"og:image:width\" content=\"1280\" \/>\n\t<meta property=\"og:image:height\" content=\"720\" \/>\n\t<meta property=\"og:image:type\" content=\"image\/jpeg\" \/>\n<meta name=\"author\" content=\"cfeditorfr\" \/>\n<meta name=\"twitter:card\" content=\"summary_large_image\" \/>\n<meta name=\"twitter:label1\" content=\"\u00c9crit par\" \/>\n\t<meta name=\"twitter:data1\" content=\"cfeditorfr\" \/>\n\t<meta name=\"twitter:label2\" content=\"Dur\u00e9e de lecture estim\u00e9e\" \/>\n\t<meta name=\"twitter:data2\" content=\"2 minutes\" \/>\n<script type=\"application\/ld+json\" class=\"yoast-schema-graph\">{\"@context\":\"https:\/\/schema.org\",\"@graph\":[{\"@type\":\"Article\",\"@id\":\"https:\/\/www.africa-press.net\/senegal\/toutes-les-actualites\/cyclone-chido-le-nouveau-ministre-de-la-sante-promet-daller-a-mayotte#article\",\"isPartOf\":{\"@id\":\"https:\/\/www.africa-press.net\/senegal\/toutes-les-actualites\/cyclone-chido-le-nouveau-ministre-de-la-sante-promet-daller-a-mayotte\"},\"author\":{\"name\":\"cfeditorfr\",\"@id\":\"https:\/\/www.africa-press.net\/senegal\/#\/schema\/person\/2b1cf3cd81a31e3cd26889ca66d677f1\"},\"headline\":\"Cyclone Chido : le nouveau ministre de la Sant\u00e9 promet d\u2019aller \u00e0 Mayotte\",\"datePublished\":\"2024-12-25T12:00:00+00:00\",\"dateModified\":\"2024-12-26T04:14:41+00:00\",\"mainEntityOfPage\":{\"@id\":\"https:\/\/www.africa-press.net\/senegal\/toutes-les-actualites\/cyclone-chido-le-nouveau-ministre-de-la-sante-promet-daller-a-mayotte\"},\"wordCount\":476,\"commentCount\":0,\"image\":{\"@id\":\"https:\/\/www.africa-press.net\/senegal\/toutes-les-actualites\/cyclone-chido-le-nouveau-ministre-de-la-sante-promet-daller-a-mayotte#primaryimage\"},\"thumbnailUrl\":\"https:\/\/static.africa-press.net\/senegal\/sites\/13\/2024\/12\/sm_1735215023.853704.jpg\",\"keywords\":[\"Senegal\"],\"articleSection\":[\"Divers\",\"Toutes les actualit\u00e9s\"],\"inLanguage\":\"fr-FR\",\"potentialAction\":[{\"@type\":\"CommentAction\",\"name\":\"Comment\",\"target\":[\"https:\/\/www.africa-press.net\/senegal\/toutes-les-actualites\/cyclone-chido-le-nouveau-ministre-de-la-sante-promet-daller-a-mayotte#respond\"]}]},{\"@type\":\"WebPage\",\"@id\":\"https:\/\/www.africa-press.net\/senegal\/toutes-les-actualites\/cyclone-chido-le-nouveau-ministre-de-la-sante-promet-daller-a-mayotte\",\"url\":\"https:\/\/www.africa-press.net\/senegal\/toutes-les-actualites\/cyclone-chido-le-nouveau-ministre-de-la-sante-promet-daller-a-mayotte\",\"name\":\"Cyclone Chido : le nouveau ministre de la Sant\u00e9 promet d\u2019aller \u00e0 Mayotte - Senegal\",\"isPartOf\":{\"@id\":\"https:\/\/www.africa-press.net\/senegal\/#website\"},\"primaryImageOfPage\":{\"@id\":\"https:\/\/www.africa-press.net\/senegal\/toutes-les-actualites\/cyclone-chido-le-nouveau-ministre-de-la-sante-promet-daller-a-mayotte#primaryimage\"},\"image\":{\"@id\":\"https:\/\/www.africa-press.net\/senegal\/toutes-les-actualites\/cyclone-chido-le-nouveau-ministre-de-la-sante-promet-daller-a-mayotte#primaryimage\"},\"thumbnailUrl\":\"https:\/\/static.africa-press.net\/senegal\/sites\/13\/2024\/12\/sm_1735215023.853704.jpg\",\"datePublished\":\"2024-12-25T12:00:00+00:00\",\"dateModified\":\"2024-12-26T04:14:41+00:00\",\"author\":{\"@id\":\"https:\/\/www.africa-press.net\/senegal\/#\/schema\/person\/2b1cf3cd81a31e3cd26889ca66d677f1\"},\"description\":\"Le nouveau ministre de la Sante\u0301 et de l\u2019Acce\u0300s aux Soins, Yannick Neuder, a annonce\u0301 mardi 24 de\u0301cembre 2024 qu\u2019il se r ...\",\"breadcrumb\":{\"@id\":\"https:\/\/www.africa-press.net\/senegal\/toutes-les-actualites\/cyclone-chido-le-nouveau-ministre-de-la-sante-promet-daller-a-mayotte#breadcrumb\"},\"inLanguage\":\"fr-FR\",\"potentialAction\":[{\"@type\":\"ReadAction\",\"target\":[\"https:\/\/www.africa-press.net\/senegal\/toutes-les-actualites\/cyclone-chido-le-nouveau-ministre-de-la-sante-promet-daller-a-mayotte\"]}]},{\"@type\":\"ImageObject\",\"inLanguage\":\"fr-FR\",\"@id\":\"https:\/\/www.africa-press.net\/senegal\/toutes-les-actualites\/cyclone-chido-le-nouveau-ministre-de-la-sante-promet-daller-a-mayotte#primaryimage\",\"url\":\"https:\/\/static.africa-press.net\/senegal\/sites\/13\/2024\/12\/sm_1735215023.853704.jpg\",\"contentUrl\":\"https:\/\/static.africa-press.net\/senegal\/sites\/13\/2024\/12\/sm_1735215023.853704.jpg\",\"width\":1280,\"height\":720,\"caption\":\"Cyclone Chido : le nouveau ministre de la Sant\u00e9 promet d\u2019aller \u00e0 Mayotte\"},{\"@type\":\"BreadcrumbList\",\"@id\":\"https:\/\/www.africa-press.net\/senegal\/toutes-les-actualites\/cyclone-chido-le-nouveau-ministre-de-la-sante-promet-daller-a-mayotte#breadcrumb\",\"itemListElement\":[{\"@type\":\"ListItem\",\"position\":1,\"name\":\"Accueil\",\"item\":\"https:\/\/www.africa-press.net\/senegal\/\"},{\"@type\":\"ListItem\",\"position\":2,\"name\":\"Cyclone Chido : le nouveau ministre de la Sant\u00e9 promet d\u2019aller \u00e0 Mayotte\"}]},{\"@type\":\"WebSite\",\"@id\":\"https:\/\/www.africa-press.net\/senegal\/#website\",\"url\":\"https:\/\/www.africa-press.net\/senegal\/\",\"name\":\"Africa Press | Senegal | Homepage\",\"description\":\"Just another Africa News Agency Sites site\",\"potentialAction\":[{\"@type\":\"SearchAction\",\"target\":{\"@type\":\"EntryPoint\",\"urlTemplate\":\"https:\/\/www.africa-press.net\/senegal\/?s={search_term_string}\"},\"query-input\":{\"@type\":\"PropertyValueSpecification\",\"valueRequired\":true,\"valueName\":\"search_term_string\"}}],\"inLanguage\":\"fr-FR\"},{\"@type\":\"Person\",\"@id\":\"https:\/\/www.africa-press.net\/senegal\/#\/schema\/person\/2b1cf3cd81a31e3cd26889ca66d677f1\",\"name\":\"cfeditorfr\",\"url\":\"https:\/\/www.africa-press.net\/senegal\/author\/cfeditorfr\"}]}<\/script>\n<!-- \/ Yoast SEO Premium plugin. -->","yoast_head_json":{"title":"Cyclone Chido : le nouveau ministre de la Sant\u00e9 promet d\u2019aller \u00e0 Mayotte - Senegal","description":"Le nouveau ministre de la Sante\u0301 et de l\u2019Acce\u0300s aux Soins, Yannick Neuder, a annonce\u0301 mardi 24 de\u0301cembre 2024 qu\u2019il se r ...","robots":{"index":"index","follow":"follow","max-snippet":"max-snippet:-1","max-image-preview":"max-image-preview:large","max-video-preview":"max-video-preview:-1"},"canonical":"https:\/\/www.africa-press.net\/senegal\/toutes-les-actualites\/cyclone-chido-le-nouveau-ministre-de-la-sante-promet-daller-a-mayotte","og_locale":"fr_FR","og_type":"article","og_title":"Cyclone Chido : le nouveau ministre de la Sant\u00e9 promet d\u2019aller \u00e0 Mayotte","og_description":"Le nouveau ministre de la Sante\u0301 et de l\u2019Acce\u0300s aux Soins, Yannick Neuder, a annonce\u0301 mardi 24 de\u0301cembre 2024 qu\u2019il se r ...","og_url":"https:\/\/www.africa-press.net\/senegal\/toutes-les-actualites\/cyclone-chido-le-nouveau-ministre-de-la-sante-promet-daller-a-mayotte","og_site_name":"Senegal","article_published_time":"2024-12-25T12:00:00+00:00","article_modified_time":"2024-12-26T04:14:41+00:00","og_image":[{"width":1280,"height":720,"url":"https:\/\/static.africa-press.net\/senegal\/sites\/13\/2024\/12\/sm_1735215023.853704.jpg","type":"image\/jpeg"}],"author":"cfeditorfr","twitter_card":"summary_large_image","twitter_misc":{"\u00c9crit par":"cfeditorfr","Dur\u00e9e de lecture estim\u00e9e":"2 minutes"},"schema":{"@context":"https:\/\/schema.org","@graph":[{"@type":"Article","@id":"https:\/\/www.africa-press.net\/senegal\/toutes-les-actualites\/cyclone-chido-le-nouveau-ministre-de-la-sante-promet-daller-a-mayotte#article","isPartOf":{"@id":"https:\/\/www.africa-press.net\/senegal\/toutes-les-actualites\/cyclone-chido-le-nouveau-ministre-de-la-sante-promet-daller-a-mayotte"},"author":{"name":"cfeditorfr","@id":"https:\/\/www.africa-press.net\/senegal\/#\/schema\/person\/2b1cf3cd81a31e3cd26889ca66d677f1"},"headline":"Cyclone Chido : le nouveau ministre de la Sant\u00e9 promet d\u2019aller \u00e0 Mayotte","datePublished":"2024-12-25T12:00:00+00:00","dateModified":"2024-12-26T04:14:41+00:00","mainEntityOfPage":{"@id":"https:\/\/www.africa-press.net\/senegal\/toutes-les-actualites\/cyclone-chido-le-nouveau-ministre-de-la-sante-promet-daller-a-mayotte"},"wordCount":476,"commentCount":0,"image":{"@id":"https:\/\/www.africa-press.net\/senegal\/toutes-les-actualites\/cyclone-chido-le-nouveau-ministre-de-la-sante-promet-daller-a-mayotte#primaryimage"},"thumbnailUrl":"https:\/\/static.africa-press.net\/senegal\/sites\/13\/2024\/12\/sm_1735215023.853704.jpg","keywords":["Senegal"],"articleSection":["Divers","Toutes les actualit\u00e9s"],"inLanguage":"fr-FR","potentialAction":[{"@type":"CommentAction","name":"Comment","target":["https:\/\/www.africa-press.net\/senegal\/toutes-les-actualites\/cyclone-chido-le-nouveau-ministre-de-la-sante-promet-daller-a-mayotte#respond"]}]},{"@type":"WebPage","@id":"https:\/\/www.africa-press.net\/senegal\/toutes-les-actualites\/cyclone-chido-le-nouveau-ministre-de-la-sante-promet-daller-a-mayotte","url":"https:\/\/www.africa-press.net\/senegal\/toutes-les-actualites\/cyclone-chido-le-nouveau-ministre-de-la-sante-promet-daller-a-mayotte","name":"Cyclone Chido : le nouveau ministre de la Sant\u00e9 promet d\u2019aller \u00e0 Mayotte - Senegal","isPartOf":{"@id":"https:\/\/www.africa-press.net\/senegal\/#website"},"primaryImageOfPage":{"@id":"https:\/\/www.africa-press.net\/senegal\/toutes-les-actualites\/cyclone-chido-le-nouveau-ministre-de-la-sante-promet-daller-a-mayotte#primaryimage"},"image":{"@id":"https:\/\/www.africa-press.net\/senegal\/toutes-les-actualites\/cyclone-chido-le-nouveau-ministre-de-la-sante-promet-daller-a-mayotte#primaryimage"},"thumbnailUrl":"https:\/\/static.africa-press.net\/senegal\/sites\/13\/2024\/12\/sm_1735215023.853704.jpg","datePublished":"2024-12-25T12:00:00+00:00","dateModified":"2024-12-26T04:14:41+00:00","author":{"@id":"https:\/\/www.africa-press.net\/senegal\/#\/schema\/person\/2b1cf3cd81a31e3cd26889ca66d677f1"},"description":"Le nouveau ministre de la Sante\u0301 et de l\u2019Acce\u0300s aux Soins, Yannick Neuder, a annonce\u0301 mardi 24 de\u0301cembre 2024 qu\u2019il se r ...","breadcrumb":{"@id":"https:\/\/www.africa-press.net\/senegal\/toutes-les-actualites\/cyclone-chido-le-nouveau-ministre-de-la-sante-promet-daller-a-mayotte#breadcrumb"},"inLanguage":"fr-FR","potentialAction":[{"@type":"ReadAction","target":["https:\/\/www.africa-press.net\/senegal\/toutes-les-actualites\/cyclone-chido-le-nouveau-ministre-de-la-sante-promet-daller-a-mayotte"]}]},{"@type":"ImageObject","inLanguage":"fr-FR","@id":"https:\/\/www.africa-press.net\/senegal\/toutes-les-actualites\/cyclone-chido-le-nouveau-ministre-de-la-sante-promet-daller-a-mayotte#primaryimage","url":"https:\/\/static.africa-press.net\/senegal\/sites\/13\/2024\/12\/sm_1735215023.853704.jpg","contentUrl":"https:\/\/static.africa-press.net\/senegal\/sites\/13\/2024\/12\/sm_1735215023.853704.jpg","width":1280,"height":720,"caption":"Cyclone Chido : le nouveau ministre de la Sant\u00e9 promet d\u2019aller \u00e0 Mayotte"},{"@type":"BreadcrumbList","@id":"https:\/\/www.africa-press.net\/senegal\/toutes-les-actualites\/cyclone-chido-le-nouveau-ministre-de-la-sante-promet-daller-a-mayotte#breadcrumb","itemListElement":[{"@type":"ListItem","position":1,"name":"Accueil","item":"https:\/\/www.africa-press.net\/senegal\/"},{"@type":"ListItem","position":2,"name":"Cyclone Chido : le nouveau ministre de la Sant\u00e9 promet d\u2019aller \u00e0 Mayotte"}]},{"@type":"WebSite","@id":"https:\/\/www.africa-press.net\/senegal\/#website","url":"https:\/\/www.africa-press.net\/senegal\/","name":"Africa Press | Senegal | Homepage","description":"Just another Africa News Agency Sites site","potentialAction":[{"@type":"SearchAction","target":{"@type":"EntryPoint","urlTemplate":"https:\/\/www.africa-press.net\/senegal\/?s={search_term_string}"},"query-input":{"@type":"PropertyValueSpecification","valueRequired":true,"valueName":"search_term_string"}}],"inLanguage":"fr-FR"},{"@type":"Person","@id":"https:\/\/www.africa-press.net\/senegal\/#\/schema\/person\/2b1cf3cd81a31e3cd26889ca66d677f1","name":"cfeditorfr","url":"https:\/\/www.africa-press.net\/senegal\/author\/cfeditorfr"}]}},"_links":{"self":[{"href":"https:\/\/www.africa-press.net\/senegal\/wp-json\/wp\/v2\/posts\/64128","targetHints":{"allow":["GET"]}}],"collection":[{"href":"https:\/\/www.africa-press.net\/senegal\/wp-json\/wp\/v2\/posts"}],"about":[{"href":"https:\/\/www.africa-press.net\/senegal\/wp-json\/wp\/v2\/types\/post"}],"author":[{"embeddable":true,"href":"https:\/\/www.africa-press.net\/senegal\/wp-json\/wp\/v2\/users\/82"}],"replies":[{"embeddable":true,"href":"https:\/\/www.africa-press.net\/senegal\/wp-json\/wp\/v2\/comments?post=64128"}],"version-history":[{"count":0,"href":"https:\/\/www.africa-press.net\/senegal\/wp-json\/wp\/v2\/posts\/64128\/revisions"}],"wp:featuredmedia":[{"embeddable":true,"href":"https:\/\/www.africa-press.net\/senegal\/wp-json\/wp\/v2\/media\/64127"}],"wp:attachment":[{"href":"https:\/\/www.africa-press.net\/senegal\/wp-json\/wp\/v2\/media?parent=64128"}],"wp:term":[{"taxonomy":"category","embeddable":true,"href":"https:\/\/www.africa-press.net\/senegal\/wp-json\/wp\/v2\/categories?post=64128"},{"taxonomy":"post_tag","embeddable":true,"href":"https:\/\/www.africa-press.net\/senegal\/wp-json\/wp\/v2\/tags?post=64128"}],"curies":[{"name":"wp","href":"https:\/\/api.w.org\/{rel}","templated":true}]}}