{"id":64141,"date":"2024-12-25T23:46:59","date_gmt":"2024-12-25T23:46:59","guid":{"rendered":"https:\/\/www.africa-press.net\/senegal\/politique\/les-hivers-disparaissent-en-europe-cest-prouve"},"modified":"2024-12-26T23:05:22","modified_gmt":"2024-12-26T23:05:22","slug":"les-hivers-disparaissent-en-europe-cest-prouve","status":"publish","type":"post","link":"https:\/\/www.africa-press.net\/senegal\/toutes-les-actualites\/les-hivers-disparaissent-en-europe-cest-prouve","title":{"rendered":"Les Hivers Disparaissent en Europe, C&rsquo;Est Prouv\u00e9 !"},"content":{"rendered":"<p><span style=\"color: #ff6600\"><strong>Africa-Press &#8211; Senegal. <\/strong><\/span>La me\u0301te\u0301o est de moins en moins hivernale dans l\u2019he\u0301misphe\u0300re Nord et en particulier, en Europe ! Le nombre de jours avec des tempe\u0301ratures ne\u0301gatives qui a disparu au cours de la dernie\u0300re de\u0301cennie est affolant, spe\u0301cialement en France, l\u2019un des pays les plus touche\u0301s du monde.<\/p>\n<p>Moins de journe\u0301es hivernales&#8230; C&rsquo;est en effet ce que rapporte une e\u0301tude de l&rsquo;organisme ame\u0301ricain Climate Central qui a e\u0301tudie\u0301 123 pays et plus de 900 villes. Les chercheurs ont e\u0301tudie\u0301 l&rsquo;e\u0301volution des tempe\u0301ratures ne\u0301gatives en de\u0301cembre, janvier et fe\u0301vrier. Les re\u0301sultats ont montre\u0301 que plus d&rsquo;un tiers de ces pays (44) ont perdu au moins une semaine de tempe\u0301ratures ne\u0301gatives au cours de la dernie\u0300re de\u0301cennie (2014-2023). En cause, le re\u0301chauffement climatique lie\u0301 aux e\u0301missions de gaz a\u0300 effet de serre.<\/p>\n<p>C&rsquo;est en Asie et en Europe que la disparition de l&rsquo;hiver est la plus importante, ce qui n&rsquo;est pas surprenant puisque ces deux re\u0301gions du monde se re\u0301chauffent deux fois plus vite que le reste de la Plane\u0300te. En Europe, la majorite\u0301 des pays ont perdu entre une semaine et deux semaines de journe\u0301es hivernales: la France, l&rsquo;Italie, les Pays-Bas, la Norve\u0300ge, l&rsquo;Espagne ou encore le Royaume-Uni. Certains pays ont perdu deux semaines d&rsquo;hiver: l&rsquo;Allemagne, la Pologne, la Belgique et la Re\u0301publique tche\u0300que. D&rsquo;autres ont carre\u0301ment perdu trois semaines d&rsquo;hiver: le Danemark, l&rsquo;Estonie, la Lettonie et la Lituanie.<\/p>\n<p><b>10 jours d\u2019hiver en moins en France<\/b><\/p>\n<p>Au cours de la de\u0301cennie 2014-2023, la France a connu au moins 10 jours supple\u0301mentaires sans tempe\u0301ratures ne\u0301gatives.<\/p>\n<p>Il existe des diffe\u0301rences re\u0301gionales, mais 85 % du pays a perdu plus d&rsquo;une semaine de gel. Comme on peut le voir sur le de\u0301coupage re\u0301gional effectue\u0301 par Climate Central, c&rsquo;est au nord-est du pays que l&rsquo;hiver disparai\u0302t le plus vite (14 jours voire plus): la re\u0301gion Grand-Est est en effet celle qui se re\u0301chauffe le plus vite en France, tout simplement car elle est plus loin des co\u0302tes et ne be\u0301ne\u0301ficie donc pas de l&rsquo;effet re\u0301gulateur de la mer. A\u0300 l&rsquo;inverse, c&rsquo;est la Bretagne qui a perdu le moins de jours d&rsquo;hiver au cours de la dernie\u0300re de\u0301cennie (3 a\u0300 4 jours), suivie du sud-ouest et du centre-ouest (6 a\u0300 7 jours). Les re\u0301gions me\u0301diterrane\u0301ennes ont perdu 8 jours de tempe\u0301ratures ne\u0301gatives, et l&rsquo;Ile-de-France environ 10.<\/p>\n<p><b>Des conse\u0301quences sur la nature et sur notre socie\u0301te\u0301<\/b><\/p>\n<p>Moins de journe\u0301es avec des tempe\u0301ratures ne\u0301gatives signifie force\u0301ment moins de journe\u0301es avec de la neige. Les mode\u0300les climatiques estiment que la couverture de neige de l&rsquo;he\u0301misphe\u0300re Nord va disparai\u0302tre a\u0300 un rythme de 8 % par degre\u0301 de re\u0301chauffement gagne\u0301. Cependant, plus l&rsquo;atmosphe\u0300re se re\u0301chauffe, plus il contient d&rsquo;humidite\u0301 en raison de l&rsquo;e\u0301vaporation des oce\u0301ans: 7 % d&rsquo;humidite\u0301 en plus par degre\u0301 de re\u0301chauffement gagne\u0301. Cela veut dire que l&rsquo;eau retombera davantage sous forme de pluie, et de moins en moins sous forme de neige.<\/p>\n<p>\u00ab La disparition de l&rsquo;hiver affecte les chutes de neige, les sports d\u2019hiver, les re\u0301serves en eau, les risques d&rsquo;allergies au printemps et la production agricole. L&rsquo;hiver joue aussi un ro\u0302le majeur dans le cycle de vie des plantes, des animaux et des insectes, et cela a des conse\u0301quences sur le reste de l&rsquo;anne\u0301e. La re\u0301gression du gel permet e\u0301galement de plus en plus aux tiques et moustiques de re\u0301sister tout l&rsquo;hiver \u00bb, pre\u0301cise Climate Central.<\/p>\n<p><strong>Pour plus d&rsquo;informations et d&rsquo;analyses sur la <span style=\"color: #ff6600\">Senegal<\/span>, suivez <span style=\"color: #ff6600\">Africa-Press<\/span><\/strong><\/p>\n","protected":false},"excerpt":{"rendered":"<p>Africa-Press &#8211; Senegal. La me\u0301te\u0301o est de moins en moins hivernale dans l\u2019he\u0301misphe\u0300re Nord et en particulier, en Europe ! Le nombre de jours avec des tempe\u0301ratures ne\u0301gatives qui a disparu au cours de la dernie\u0300re de\u0301cennie est affolant, spe\u0301cialement en France, l\u2019un des pays les plus touche\u0301s du monde. Moins de journe\u0301es hivernales&#8230; C&rsquo;est [&hellip;]<\/p>\n","protected":false},"author":82,"featured_media":64140,"comment_status":"open","ping_status":"closed","sticky":false,"template":"","format":"standard","meta":{"footnotes":""},"categories":[22,10],"tags":[44],"class_list":["post-64141","post","type-post","status-publish","format-standard","has-post-thumbnail","hentry","category-divers","category-toutes-les-actualites","tag-senegal-2"],"yoast_head":"<!-- This site is optimized with the Yoast SEO Premium plugin v26.1 (Yoast SEO v27.0) - https:\/\/yoast.com\/product\/yoast-seo-premium-wordpress\/ -->\n<title>Les Hivers Disparaissent en Europe, C&#039;Est Prouv\u00e9 ! - Senegal<\/title>\n<meta name=\"description\" content=\"La me\u0301te\u0301o est de moins en moins hivernale dans l\u2019he\u0301misphe\u0300re Nord et en particulier, en Europe ! Le nombre de jours av ...\" \/>\n<meta name=\"robots\" content=\"index, follow, max-snippet:-1, max-image-preview:large, max-video-preview:-1\" \/>\n<link rel=\"canonical\" href=\"https:\/\/www.africa-press.net\/senegal\/toutes-les-actualites\/les-hivers-disparaissent-en-europe-cest-prouve\" \/>\n<meta property=\"og:locale\" content=\"fr_FR\" \/>\n<meta property=\"og:type\" content=\"article\" \/>\n<meta property=\"og:title\" content=\"Les Hivers Disparaissent en Europe, C&#039;Est Prouv\u00e9 !\" \/>\n<meta property=\"og:description\" content=\"La me\u0301te\u0301o est de moins en moins hivernale dans l\u2019he\u0301misphe\u0300re Nord et en particulier, en Europe ! Le nombre de jours av ...\" \/>\n<meta property=\"og:url\" content=\"https:\/\/www.africa-press.net\/senegal\/toutes-les-actualites\/les-hivers-disparaissent-en-europe-cest-prouve\" \/>\n<meta property=\"og:site_name\" content=\"Senegal\" \/>\n<meta property=\"article:published_time\" content=\"2024-12-25T23:46:59+00:00\" \/>\n<meta property=\"article:modified_time\" content=\"2024-12-26T23:05:22+00:00\" \/>\n<meta property=\"og:image\" content=\"https:\/\/static.africa-press.net\/senegal\/sites\/13\/2024\/12\/sm_1735241575.2267.jpg\" \/>\n\t<meta property=\"og:image:width\" content=\"1559\" \/>\n\t<meta property=\"og:image:height\" content=\"816\" \/>\n\t<meta property=\"og:image:type\" content=\"image\/jpeg\" \/>\n<meta name=\"author\" content=\"cfeditorfr\" \/>\n<meta name=\"twitter:card\" content=\"summary_large_image\" \/>\n<meta name=\"twitter:label1\" content=\"\u00c9crit par\" \/>\n\t<meta name=\"twitter:data1\" content=\"cfeditorfr\" \/>\n\t<meta name=\"twitter:label2\" content=\"Dur\u00e9e de lecture estim\u00e9e\" \/>\n\t<meta name=\"twitter:data2\" content=\"4 minutes\" \/>\n<script type=\"application\/ld+json\" class=\"yoast-schema-graph\">{\"@context\":\"https:\/\/schema.org\",\"@graph\":[{\"@type\":\"Article\",\"@id\":\"https:\/\/www.africa-press.net\/senegal\/toutes-les-actualites\/les-hivers-disparaissent-en-europe-cest-prouve#article\",\"isPartOf\":{\"@id\":\"https:\/\/www.africa-press.net\/senegal\/toutes-les-actualites\/les-hivers-disparaissent-en-europe-cest-prouve\"},\"author\":{\"name\":\"cfeditorfr\",\"@id\":\"https:\/\/www.africa-press.net\/senegal\/#\/schema\/person\/2b1cf3cd81a31e3cd26889ca66d677f1\"},\"headline\":\"Les Hivers Disparaissent en Europe, C&rsquo;Est Prouv\u00e9 !\",\"datePublished\":\"2024-12-25T23:46:59+00:00\",\"dateModified\":\"2024-12-26T23:05:22+00:00\",\"mainEntityOfPage\":{\"@id\":\"https:\/\/www.africa-press.net\/senegal\/toutes-les-actualites\/les-hivers-disparaissent-en-europe-cest-prouve\"},\"wordCount\":671,\"commentCount\":0,\"image\":{\"@id\":\"https:\/\/www.africa-press.net\/senegal\/toutes-les-actualites\/les-hivers-disparaissent-en-europe-cest-prouve#primaryimage\"},\"thumbnailUrl\":\"https:\/\/static.africa-press.net\/senegal\/sites\/13\/2024\/12\/sm_1735241575.2267.jpg\",\"keywords\":[\"Senegal\"],\"articleSection\":[\"Divers\",\"Toutes les actualit\u00e9s\"],\"inLanguage\":\"fr-FR\",\"potentialAction\":[{\"@type\":\"CommentAction\",\"name\":\"Comment\",\"target\":[\"https:\/\/www.africa-press.net\/senegal\/toutes-les-actualites\/les-hivers-disparaissent-en-europe-cest-prouve#respond\"]}]},{\"@type\":\"WebPage\",\"@id\":\"https:\/\/www.africa-press.net\/senegal\/toutes-les-actualites\/les-hivers-disparaissent-en-europe-cest-prouve\",\"url\":\"https:\/\/www.africa-press.net\/senegal\/toutes-les-actualites\/les-hivers-disparaissent-en-europe-cest-prouve\",\"name\":\"Les Hivers Disparaissent en Europe, C'Est Prouv\u00e9 ! - Senegal\",\"isPartOf\":{\"@id\":\"https:\/\/www.africa-press.net\/senegal\/#website\"},\"primaryImageOfPage\":{\"@id\":\"https:\/\/www.africa-press.net\/senegal\/toutes-les-actualites\/les-hivers-disparaissent-en-europe-cest-prouve#primaryimage\"},\"image\":{\"@id\":\"https:\/\/www.africa-press.net\/senegal\/toutes-les-actualites\/les-hivers-disparaissent-en-europe-cest-prouve#primaryimage\"},\"thumbnailUrl\":\"https:\/\/static.africa-press.net\/senegal\/sites\/13\/2024\/12\/sm_1735241575.2267.jpg\",\"datePublished\":\"2024-12-25T23:46:59+00:00\",\"dateModified\":\"2024-12-26T23:05:22+00:00\",\"author\":{\"@id\":\"https:\/\/www.africa-press.net\/senegal\/#\/schema\/person\/2b1cf3cd81a31e3cd26889ca66d677f1\"},\"description\":\"La me\u0301te\u0301o est de moins en moins hivernale dans l\u2019he\u0301misphe\u0300re Nord et en particulier, en Europe ! Le nombre de jours av ...\",\"breadcrumb\":{\"@id\":\"https:\/\/www.africa-press.net\/senegal\/toutes-les-actualites\/les-hivers-disparaissent-en-europe-cest-prouve#breadcrumb\"},\"inLanguage\":\"fr-FR\",\"potentialAction\":[{\"@type\":\"ReadAction\",\"target\":[\"https:\/\/www.africa-press.net\/senegal\/toutes-les-actualites\/les-hivers-disparaissent-en-europe-cest-prouve\"]}]},{\"@type\":\"ImageObject\",\"inLanguage\":\"fr-FR\",\"@id\":\"https:\/\/www.africa-press.net\/senegal\/toutes-les-actualites\/les-hivers-disparaissent-en-europe-cest-prouve#primaryimage\",\"url\":\"https:\/\/static.africa-press.net\/senegal\/sites\/13\/2024\/12\/sm_1735241575.2267.jpg\",\"contentUrl\":\"https:\/\/static.africa-press.net\/senegal\/sites\/13\/2024\/12\/sm_1735241575.2267.jpg\",\"width\":1559,\"height\":816,\"caption\":\"Les Hivers Disparaissent en Europe, C'Est Prouv\u00e9 !\"},{\"@type\":\"BreadcrumbList\",\"@id\":\"https:\/\/www.africa-press.net\/senegal\/toutes-les-actualites\/les-hivers-disparaissent-en-europe-cest-prouve#breadcrumb\",\"itemListElement\":[{\"@type\":\"ListItem\",\"position\":1,\"name\":\"Accueil\",\"item\":\"https:\/\/www.africa-press.net\/senegal\/\"},{\"@type\":\"ListItem\",\"position\":2,\"name\":\"Les Hivers Disparaissent en Europe, C&#8217;Est Prouv\u00e9 !\"}]},{\"@type\":\"WebSite\",\"@id\":\"https:\/\/www.africa-press.net\/senegal\/#website\",\"url\":\"https:\/\/www.africa-press.net\/senegal\/\",\"name\":\"Africa Press | Senegal | Homepage\",\"description\":\"Just another Africa News Agency Sites site\",\"potentialAction\":[{\"@type\":\"SearchAction\",\"target\":{\"@type\":\"EntryPoint\",\"urlTemplate\":\"https:\/\/www.africa-press.net\/senegal\/?s={search_term_string}\"},\"query-input\":{\"@type\":\"PropertyValueSpecification\",\"valueRequired\":true,\"valueName\":\"search_term_string\"}}],\"inLanguage\":\"fr-FR\"},{\"@type\":\"Person\",\"@id\":\"https:\/\/www.africa-press.net\/senegal\/#\/schema\/person\/2b1cf3cd81a31e3cd26889ca66d677f1\",\"name\":\"cfeditorfr\",\"url\":\"https:\/\/www.africa-press.net\/senegal\/author\/cfeditorfr\"}]}<\/script>\n<!-- \/ Yoast SEO Premium plugin. -->","yoast_head_json":{"title":"Les Hivers Disparaissent en Europe, C'Est Prouv\u00e9 ! - Senegal","description":"La me\u0301te\u0301o est de moins en moins hivernale dans l\u2019he\u0301misphe\u0300re Nord et en particulier, en Europe ! Le nombre de jours av ...","robots":{"index":"index","follow":"follow","max-snippet":"max-snippet:-1","max-image-preview":"max-image-preview:large","max-video-preview":"max-video-preview:-1"},"canonical":"https:\/\/www.africa-press.net\/senegal\/toutes-les-actualites\/les-hivers-disparaissent-en-europe-cest-prouve","og_locale":"fr_FR","og_type":"article","og_title":"Les Hivers Disparaissent en Europe, C'Est Prouv\u00e9 !","og_description":"La me\u0301te\u0301o est de moins en moins hivernale dans l\u2019he\u0301misphe\u0300re Nord et en particulier, en Europe ! Le nombre de jours av ...","og_url":"https:\/\/www.africa-press.net\/senegal\/toutes-les-actualites\/les-hivers-disparaissent-en-europe-cest-prouve","og_site_name":"Senegal","article_published_time":"2024-12-25T23:46:59+00:00","article_modified_time":"2024-12-26T23:05:22+00:00","og_image":[{"width":1559,"height":816,"url":"https:\/\/static.africa-press.net\/senegal\/sites\/13\/2024\/12\/sm_1735241575.2267.jpg","type":"image\/jpeg"}],"author":"cfeditorfr","twitter_card":"summary_large_image","twitter_misc":{"\u00c9crit par":"cfeditorfr","Dur\u00e9e de lecture estim\u00e9e":"4 minutes"},"schema":{"@context":"https:\/\/schema.org","@graph":[{"@type":"Article","@id":"https:\/\/www.africa-press.net\/senegal\/toutes-les-actualites\/les-hivers-disparaissent-en-europe-cest-prouve#article","isPartOf":{"@id":"https:\/\/www.africa-press.net\/senegal\/toutes-les-actualites\/les-hivers-disparaissent-en-europe-cest-prouve"},"author":{"name":"cfeditorfr","@id":"https:\/\/www.africa-press.net\/senegal\/#\/schema\/person\/2b1cf3cd81a31e3cd26889ca66d677f1"},"headline":"Les Hivers Disparaissent en Europe, C&rsquo;Est Prouv\u00e9 !","datePublished":"2024-12-25T23:46:59+00:00","dateModified":"2024-12-26T23:05:22+00:00","mainEntityOfPage":{"@id":"https:\/\/www.africa-press.net\/senegal\/toutes-les-actualites\/les-hivers-disparaissent-en-europe-cest-prouve"},"wordCount":671,"commentCount":0,"image":{"@id":"https:\/\/www.africa-press.net\/senegal\/toutes-les-actualites\/les-hivers-disparaissent-en-europe-cest-prouve#primaryimage"},"thumbnailUrl":"https:\/\/static.africa-press.net\/senegal\/sites\/13\/2024\/12\/sm_1735241575.2267.jpg","keywords":["Senegal"],"articleSection":["Divers","Toutes les actualit\u00e9s"],"inLanguage":"fr-FR","potentialAction":[{"@type":"CommentAction","name":"Comment","target":["https:\/\/www.africa-press.net\/senegal\/toutes-les-actualites\/les-hivers-disparaissent-en-europe-cest-prouve#respond"]}]},{"@type":"WebPage","@id":"https:\/\/www.africa-press.net\/senegal\/toutes-les-actualites\/les-hivers-disparaissent-en-europe-cest-prouve","url":"https:\/\/www.africa-press.net\/senegal\/toutes-les-actualites\/les-hivers-disparaissent-en-europe-cest-prouve","name":"Les Hivers Disparaissent en Europe, C'Est Prouv\u00e9 ! - Senegal","isPartOf":{"@id":"https:\/\/www.africa-press.net\/senegal\/#website"},"primaryImageOfPage":{"@id":"https:\/\/www.africa-press.net\/senegal\/toutes-les-actualites\/les-hivers-disparaissent-en-europe-cest-prouve#primaryimage"},"image":{"@id":"https:\/\/www.africa-press.net\/senegal\/toutes-les-actualites\/les-hivers-disparaissent-en-europe-cest-prouve#primaryimage"},"thumbnailUrl":"https:\/\/static.africa-press.net\/senegal\/sites\/13\/2024\/12\/sm_1735241575.2267.jpg","datePublished":"2024-12-25T23:46:59+00:00","dateModified":"2024-12-26T23:05:22+00:00","author":{"@id":"https:\/\/www.africa-press.net\/senegal\/#\/schema\/person\/2b1cf3cd81a31e3cd26889ca66d677f1"},"description":"La me\u0301te\u0301o est de moins en moins hivernale dans l\u2019he\u0301misphe\u0300re Nord et en particulier, en Europe ! Le nombre de jours av ...","breadcrumb":{"@id":"https:\/\/www.africa-press.net\/senegal\/toutes-les-actualites\/les-hivers-disparaissent-en-europe-cest-prouve#breadcrumb"},"inLanguage":"fr-FR","potentialAction":[{"@type":"ReadAction","target":["https:\/\/www.africa-press.net\/senegal\/toutes-les-actualites\/les-hivers-disparaissent-en-europe-cest-prouve"]}]},{"@type":"ImageObject","inLanguage":"fr-FR","@id":"https:\/\/www.africa-press.net\/senegal\/toutes-les-actualites\/les-hivers-disparaissent-en-europe-cest-prouve#primaryimage","url":"https:\/\/static.africa-press.net\/senegal\/sites\/13\/2024\/12\/sm_1735241575.2267.jpg","contentUrl":"https:\/\/static.africa-press.net\/senegal\/sites\/13\/2024\/12\/sm_1735241575.2267.jpg","width":1559,"height":816,"caption":"Les Hivers Disparaissent en Europe, C'Est Prouv\u00e9 !"},{"@type":"BreadcrumbList","@id":"https:\/\/www.africa-press.net\/senegal\/toutes-les-actualites\/les-hivers-disparaissent-en-europe-cest-prouve#breadcrumb","itemListElement":[{"@type":"ListItem","position":1,"name":"Accueil","item":"https:\/\/www.africa-press.net\/senegal\/"},{"@type":"ListItem","position":2,"name":"Les Hivers Disparaissent en Europe, C&#8217;Est Prouv\u00e9 !"}]},{"@type":"WebSite","@id":"https:\/\/www.africa-press.net\/senegal\/#website","url":"https:\/\/www.africa-press.net\/senegal\/","name":"Africa Press | Senegal | Homepage","description":"Just another Africa News Agency Sites site","potentialAction":[{"@type":"SearchAction","target":{"@type":"EntryPoint","urlTemplate":"https:\/\/www.africa-press.net\/senegal\/?s={search_term_string}"},"query-input":{"@type":"PropertyValueSpecification","valueRequired":true,"valueName":"search_term_string"}}],"inLanguage":"fr-FR"},{"@type":"Person","@id":"https:\/\/www.africa-press.net\/senegal\/#\/schema\/person\/2b1cf3cd81a31e3cd26889ca66d677f1","name":"cfeditorfr","url":"https:\/\/www.africa-press.net\/senegal\/author\/cfeditorfr"}]}},"_links":{"self":[{"href":"https:\/\/www.africa-press.net\/senegal\/wp-json\/wp\/v2\/posts\/64141","targetHints":{"allow":["GET"]}}],"collection":[{"href":"https:\/\/www.africa-press.net\/senegal\/wp-json\/wp\/v2\/posts"}],"about":[{"href":"https:\/\/www.africa-press.net\/senegal\/wp-json\/wp\/v2\/types\/post"}],"author":[{"embeddable":true,"href":"https:\/\/www.africa-press.net\/senegal\/wp-json\/wp\/v2\/users\/82"}],"replies":[{"embeddable":true,"href":"https:\/\/www.africa-press.net\/senegal\/wp-json\/wp\/v2\/comments?post=64141"}],"version-history":[{"count":0,"href":"https:\/\/www.africa-press.net\/senegal\/wp-json\/wp\/v2\/posts\/64141\/revisions"}],"wp:featuredmedia":[{"embeddable":true,"href":"https:\/\/www.africa-press.net\/senegal\/wp-json\/wp\/v2\/media\/64140"}],"wp:attachment":[{"href":"https:\/\/www.africa-press.net\/senegal\/wp-json\/wp\/v2\/media?parent=64141"}],"wp:term":[{"taxonomy":"category","embeddable":true,"href":"https:\/\/www.africa-press.net\/senegal\/wp-json\/wp\/v2\/categories?post=64141"},{"taxonomy":"post_tag","embeddable":true,"href":"https:\/\/www.africa-press.net\/senegal\/wp-json\/wp\/v2\/tags?post=64141"}],"curies":[{"name":"wp","href":"https:\/\/api.w.org\/{rel}","templated":true}]}}